{"id":1118,"date":"2018-02-11T07:04:01","date_gmt":"2018-02-11T06:04:01","guid":{"rendered":"https:\/\/kestaremesto.grkatke.sk\/?p=1118"},"modified":"2018-02-11T07:04:01","modified_gmt":"2018-02-11T06:04:01","slug":"post-cesta-k-pasche","status":"publish","type":"post","link":"https:\/\/kestaremesto.grkatke.sk\/?p=1118","title":{"rendered":"P\u00f4st cesta k Pasche"},"content":{"rendered":"<p>Dne\u0161nou ve\u013ekop\u00f4stnou ve\u010dier\u0148ou vstupujeme do obdobia Ve\u013ek\u00e9ho p\u00f4stu, in\u00fdm slovom \u0160tyridsiatnice. Je to obdobie, ktor\u00e9 je pre kres\u0165ana ve\u013emi d\u00f4le\u017eit\u00e9. Ide o \u0161tyridsa\u0165d\u0148ov\u00e9 p\u00f4stne obdobie pr\u00edpravy zameran\u00e9 na Ve\u013ek\u00fa noc, ktor\u00e1 sa v Gr\u00e9ckokatol\u00edckej cirkvi naz\u00fdva Pascha.<br \/>\nHist\u00f3ria \u0160tyridsiatnice siaha a\u017e do apo\u0161tolsk\u00fdch \u010dias. U\u017e prv\u00e9 kres\u0165ansk\u00e9 spolo\u010denstv\u00e1 si v de\u0148 \u017eidovskej Paschy pripom\u00ednali Kristovo utrpenie a smr\u0165 a v tento de\u0148 dodr\u017eiavali p\u00f4st. Pod\u013ea historick\u00fdch prame\u0148ov tento tzv. pasch\u00e1lny p\u00f4st dodr\u017eiavali niektor\u00ed jeden de\u0148, in\u00ed dva dni, in\u00ed e\u0161te dlh\u0161ie. V 2. a 3. stor. sa postupne p\u00f4st presunul na obdobie pred Paschou, tzv. predpasch\u00e1lny p\u00f4st. V 3. stor. v niektor\u00fdch cirkv\u00e1ch predpasch\u00e1lny p\u00f4st trval cel\u00fd t\u00fd\u017ede\u0148. Tento t\u00fd\u017ede\u0148 dnes naz\u00fdvame Strastn\u00fd t\u00fd\u017ede\u0148 (alebo Ve\u013ek\u00fd t\u00fd\u017ede\u0148)\u00a0a je to t\u00fd\u017ede\u0148 pred Paschou. Koncom 3. stor. u\u017e ve\u013ek\u00fd p\u00f4st trval do 40 dn\u00ed. Od 4. stor. m\u00e1me prv\u00e9 jasn\u00e9 svedectv\u00e1 o \u0161tyridsa\u0165dennom predpasch\u00e1lnom p\u00f4ste (Nicejsk\u00fd koncil). Hoci v 4. stor. sa u\u017e \u0160tyridsiatnica ust\u00e1lila v Cirkvi na V\u00fdchode i na Z\u00e1pade, nemala e\u0161te presn\u00fd n\u00e1zov a nebola zaveden\u00e1 jednotne. Na Z\u00e1pade sa Ve\u013ekop\u00f4stne obdobie roz\u0161\u00edrilo nesk\u00f4r ako na V\u00fdchode.<br \/>\nLiturgick\u00e9 texty \u0160tyridsiatnice maj\u00fa modlitebn\u00fd a kaj\u00faci charakter. S\u00fa zameran\u00e9 na podstatu telesn\u00e9ho a duchovn\u00e9ho p\u00f4stu, ako vyjadrenia \u013eudskej pokory, ducha modlitby, milosrdenstva a poukazuj\u00fa na v\u00fdznam p\u00f4stu v dejin\u00e1ch sp\u00e1sy. P\u00f4st m\u00e1 zasiahnu\u0165 cel\u00e9ho \u010dloveka. Telesn\u00fd p\u00f4st je do\u010dasn\u00e9 zrieknutie sa m\u00e4sit\u00fdch jed\u00e1l, v niektor\u00fdch pr\u00edpadoch aj mlie\u010dnych a vaje\u010dn\u00fdch v\u00fdrobkov a striedme po\u017e\u00edvanie pokrmov. To v \u010dloveku um\u0155tvuje m\u00e1rnu \u017eiadostivos\u0165 prieber\u010divosti, ob\u017eerstva a uschop\u0148uje ho poci\u0165ova\u0165 a prija\u0165 Bo\u017eiu blahodarn\u00fa silu. Podstata \u010dloveka je duchovno-telesn\u00e1, a preto aj p\u00f4st m\u00e1 dva rozmery: okrem telesn\u00e9ho p\u00f4stu m\u00e1 ka\u017ed\u00fd kres\u0165an kona\u0165 aj duchovn\u00fd p\u00f4st. Duchovn\u00fd p\u00f4st spo\u010d\u00edva v odvr\u00e1ten\u00ed sa od hrie\u0161nych my\u0161lienok, citov a ostatn\u00fdch nerest\u00ed. Ka\u017ed\u00fd kres\u0165an je pozvan\u00fd, aby sa viac pripodobnil Bohu, a to pr\u00e1ve cez modlitbu, skutky pokory a milosrdenstva. Cirkev odpor\u00fa\u010da veriacim, aby sa v p\u00f4stnom \u010dase intenz\u00edvnej\u0161ie venovali modlitbe, p\u00f4stu a d\u00e1vali almu\u017enu n\u00fadznym.<br \/>\nToto zamyslenie o p\u00f4ste zakon\u010d\u00edme my\u0161lienkou od sv. Atan\u00e1za: \u201ePohliadni na to, \u010do sp\u00f4sobuje p\u00f4st! Uzdravuje choroby, vysu\u0161uje prekypuj\u00face telesn\u00e9 \u0161\u0165avy, zah\u00e1\u0148a zl\u00fdch duchov, zah\u00e1\u0148a zvr\u00e1ten\u00e9 my\u0161lienky, dod\u00e1va mysli v\u00e4\u010d\u0161iu jasnos\u0165, o\u010dis\u0165uje srdce, posv\u00e4cuje telo a postupne \u010dloveka priv\u00e1dza pred Bo\u017e\u00ed tr\u00f3n. Ve\u013ekou silou je p\u00f4st a vedie \u010dloveka k ve\u013ek\u00fdm \u00faspechom.&#8220;<br \/>\nPrajem v\u00e1m po\u017eehnan\u00fd \u010das Ve\u013ek\u00e9ho p\u00f4stu.<\/p>\n","protected":false},"excerpt":{"rendered":"<p>Dne\u0161nou ve\u013ekop\u00f4stnou ve\u010dier\u0148ou vstupujeme do obdobia Ve\u013ek\u00e9ho p\u00f4stu, in\u00fdm slovom \u0160tyridsiatnice. Je to obdobie, ktor\u00e9 je pre kres\u0165ana ve\u013emi d\u00f4le\u017eit\u00e9. Ide o \u0161tyridsa\u0165d\u0148ov\u00e9 p\u00f4stne obdobie pr\u00edpravy zameran\u00e9 na Ve\u013ek\u00fa noc, ktor\u00e1 sa v Gr\u00e9ckokatol\u00edckej cirkvi naz\u00fdva Pascha. Hist\u00f3ria \u0160tyridsiatnice siaha a\u017e do apo\u0161tolsk\u00fdch \u010dias. U\u017e prv\u00e9 kres\u0165ansk\u00e9 spolo\u010denstv\u00e1 si v de\u0148 \u017eidovskej Paschy pripom\u00ednali Kristovo [&hellip;]<\/p>\n","protected":false},"author":2,"featured_media":1119,"comment_status":"closed","ping_status":"closed","sticky":false,"template":"","format":"standard","meta":{"_coblocks_attr":"","_coblocks_dimensions":"","_coblocks_responsive_height":"","_coblocks_accordion_ie_support":"","footnotes":""},"categories":[3],"tags":[],"class_list":["post-1118","post","type-post","status-publish","format-standard","has-post-thumbnail","hentry","category-prihovor"],"yoast_head":"<!-- This site is optimized with the Yoast SEO plugin v27.4 - https:\/\/yoast.com\/product\/yoast-seo-wordpress\/ -->\n<title>P\u00f4st cesta k Pasche - GR\u00c9CKOKATOL\u00cdCKA CIRKEV FARNOS\u0164 KO\u0160ICE - STAR\u00c9 MESTO<\/title>\n<meta name=\"robots\" content=\"index, follow, max-snippet:-1, max-image-preview:large, max-video-preview:-1\" \/>\n<link rel=\"canonical\" href=\"https:\/\/kestaremesto.grkatke.sk\/?p=1118\" \/>\n<meta property=\"og:locale\" content=\"sk_SK\" \/>\n<meta property=\"og:type\" content=\"article\" \/>\n<meta property=\"og:title\" content=\"P\u00f4st cesta k Pasche - GR\u00c9CKOKATOL\u00cdCKA CIRKEV FARNOS\u0164 KO\u0160ICE - STAR\u00c9 MESTO\" \/>\n<meta property=\"og:description\" content=\"Dne\u0161nou ve\u013ekop\u00f4stnou ve\u010dier\u0148ou vstupujeme do obdobia Ve\u013ek\u00e9ho p\u00f4stu, in\u00fdm slovom \u0160tyridsiatnice. Je to obdobie, ktor\u00e9 je pre kres\u0165ana ve\u013emi d\u00f4le\u017eit\u00e9. Ide o \u0161tyridsa\u0165d\u0148ov\u00e9 p\u00f4stne obdobie pr\u00edpravy zameran\u00e9 na Ve\u013ek\u00fa noc, ktor\u00e1 sa v Gr\u00e9ckokatol\u00edckej cirkvi naz\u00fdva Pascha. Hist\u00f3ria \u0160tyridsiatnice siaha a\u017e do apo\u0161tolsk\u00fdch \u010dias. U\u017e prv\u00e9 kres\u0165ansk\u00e9 spolo\u010denstv\u00e1 si v de\u0148 \u017eidovskej Paschy pripom\u00ednali Kristovo [&hellip;]\" \/>\n<meta property=\"og:url\" content=\"https:\/\/kestaremesto.grkatke.sk\/?p=1118\" \/>\n<meta property=\"og:site_name\" content=\"GR\u00c9CKOKATOL\u00cdCKA CIRKEV FARNOS\u0164 KO\u0160ICE - STAR\u00c9 MESTO\" \/>\n<meta property=\"article:publisher\" content=\"https:\/\/www.facebook.com\/Na%c5%a1a-Katedr%c3%a1la-231637610336060\/\" \/>\n<meta property=\"article:published_time\" content=\"2018-02-11T06:04:01+00:00\" \/>\n<meta property=\"og:image\" content=\"https:\/\/kestaremesto.grkatke.sk\/wp-content\/uploads\/2018\/02\/jesus-christ-holy-mandylion-andreea-bagiu.jpg\" \/>\n\t<meta property=\"og:image:width\" content=\"788\" \/>\n\t<meta property=\"og:image:height\" content=\"900\" \/>\n\t<meta property=\"og:image:type\" content=\"image\/jpeg\" \/>\n<meta name=\"author\" content=\"administr\u00e1tor\" \/>\n<meta name=\"twitter:card\" content=\"summary_large_image\" \/>\n<meta name=\"twitter:label1\" content=\"Autor\" \/>\n\t<meta name=\"twitter:data1\" content=\"administr\u00e1tor\" \/>\n\t<meta name=\"twitter:label2\" content=\"Predpokladan\u00fd \u010das \u010d\u00edtania\" \/>\n\t<meta name=\"twitter:data2\" content=\"3 min\u00faty\" \/>\n<script type=\"application\/ld+json\" class=\"yoast-schema-graph\">{\"@context\":\"https:\\\/\\\/schema.org\",\"@graph\":[{\"@type\":\"Article\",\"@id\":\"https:\\\/\\\/kestaremesto.grkatke.sk\\\/?p=1118#article\",\"isPartOf\":{\"@id\":\"https:\\\/\\\/kestaremesto.grkatke.sk\\\/?p=1118\"},\"author\":{\"name\":\"administr\u00e1tor\",\"@id\":\"https:\\\/\\\/kestaremesto.grkatke.sk\\\/#\\\/schema\\\/person\\\/86c8e7e5841259082af5c5b227e0d69b\"},\"headline\":\"P\u00f4st cesta k Pasche\",\"datePublished\":\"2018-02-11T06:04:01+00:00\",\"mainEntityOfPage\":{\"@id\":\"https:\\\/\\\/kestaremesto.grkatke.sk\\\/?p=1118\"},\"wordCount\":525,\"image\":{\"@id\":\"https:\\\/\\\/kestaremesto.grkatke.sk\\\/?p=1118#primaryimage\"},\"thumbnailUrl\":\"https:\\\/\\\/kestaremesto.grkatke.sk\\\/wp-content\\\/uploads\\\/2018\\\/02\\\/jesus-christ-holy-mandylion-andreea-bagiu.jpg\",\"articleSection\":[\"Pr\u00edhovor\"],\"inLanguage\":\"sk-SK\"},{\"@type\":\"WebPage\",\"@id\":\"https:\\\/\\\/kestaremesto.grkatke.sk\\\/?p=1118\",\"url\":\"https:\\\/\\\/kestaremesto.grkatke.sk\\\/?p=1118\",\"name\":\"P\u00f4st cesta k Pasche - GR\u00c9CKOKATOL\u00cdCKA CIRKEV FARNOS\u0164 KO\u0160ICE - STAR\u00c9 MESTO\",\"isPartOf\":{\"@id\":\"https:\\\/\\\/kestaremesto.grkatke.sk\\\/#website\"},\"primaryImageOfPage\":{\"@id\":\"https:\\\/\\\/kestaremesto.grkatke.sk\\\/?p=1118#primaryimage\"},\"image\":{\"@id\":\"https:\\\/\\\/kestaremesto.grkatke.sk\\\/?p=1118#primaryimage\"},\"thumbnailUrl\":\"https:\\\/\\\/kestaremesto.grkatke.sk\\\/wp-content\\\/uploads\\\/2018\\\/02\\\/jesus-christ-holy-mandylion-andreea-bagiu.jpg\",\"datePublished\":\"2018-02-11T06:04:01+00:00\",\"author\":{\"@id\":\"https:\\\/\\\/kestaremesto.grkatke.sk\\\/#\\\/schema\\\/person\\\/86c8e7e5841259082af5c5b227e0d69b\"},\"breadcrumb\":{\"@id\":\"https:\\\/\\\/kestaremesto.grkatke.sk\\\/?p=1118#breadcrumb\"},\"inLanguage\":\"sk-SK\",\"potentialAction\":[{\"@type\":\"ReadAction\",\"target\":[\"https:\\\/\\\/kestaremesto.grkatke.sk\\\/?p=1118\"]}]},{\"@type\":\"ImageObject\",\"inLanguage\":\"sk-SK\",\"@id\":\"https:\\\/\\\/kestaremesto.grkatke.sk\\\/?p=1118#primaryimage\",\"url\":\"https:\\\/\\\/kestaremesto.grkatke.sk\\\/wp-content\\\/uploads\\\/2018\\\/02\\\/jesus-christ-holy-mandylion-andreea-bagiu.jpg\",\"contentUrl\":\"https:\\\/\\\/kestaremesto.grkatke.sk\\\/wp-content\\\/uploads\\\/2018\\\/02\\\/jesus-christ-holy-mandylion-andreea-bagiu.jpg\",\"width\":788,\"height\":900},{\"@type\":\"BreadcrumbList\",\"@id\":\"https:\\\/\\\/kestaremesto.grkatke.sk\\\/?p=1118#breadcrumb\",\"itemListElement\":[{\"@type\":\"ListItem\",\"position\":1,\"name\":\"Domovsk\u00e1 str\u00e1nka\",\"item\":\"https:\\\/\\\/kestaremesto.grkatke.sk\\\/\"},{\"@type\":\"ListItem\",\"position\":2,\"name\":\"P\u00f4st cesta k Pasche\"}]},{\"@type\":\"WebSite\",\"@id\":\"https:\\\/\\\/kestaremesto.grkatke.sk\\\/#website\",\"url\":\"https:\\\/\\\/kestaremesto.grkatke.sk\\\/\",\"name\":\"GR\u00c9CKOKATOL\u00cdCKA CIRKEV FARNOS\u0164 KO\u0160ICE - STAR\u00c9 MESTO\",\"description\":\"\",\"potentialAction\":[{\"@type\":\"SearchAction\",\"target\":{\"@type\":\"EntryPoint\",\"urlTemplate\":\"https:\\\/\\\/kestaremesto.grkatke.sk\\\/?s={search_term_string}\"},\"query-input\":{\"@type\":\"PropertyValueSpecification\",\"valueRequired\":true,\"valueName\":\"search_term_string\"}}],\"inLanguage\":\"sk-SK\"},{\"@type\":\"Person\",\"@id\":\"https:\\\/\\\/kestaremesto.grkatke.sk\\\/#\\\/schema\\\/person\\\/86c8e7e5841259082af5c5b227e0d69b\",\"name\":\"administr\u00e1tor\",\"url\":\"https:\\\/\\\/kestaremesto.grkatke.sk\\\/?author=2\"}]}<\/script>\n<!-- \/ Yoast SEO plugin. -->","yoast_head_json":{"title":"P\u00f4st cesta k Pasche - GR\u00c9CKOKATOL\u00cdCKA CIRKEV FARNOS\u0164 KO\u0160ICE - STAR\u00c9 MESTO","robots":{"index":"index","follow":"follow","max-snippet":"max-snippet:-1","max-image-preview":"max-image-preview:large","max-video-preview":"max-video-preview:-1"},"canonical":"https:\/\/kestaremesto.grkatke.sk\/?p=1118","og_locale":"sk_SK","og_type":"article","og_title":"P\u00f4st cesta k Pasche - GR\u00c9CKOKATOL\u00cdCKA CIRKEV FARNOS\u0164 KO\u0160ICE - STAR\u00c9 MESTO","og_description":"Dne\u0161nou ve\u013ekop\u00f4stnou ve\u010dier\u0148ou vstupujeme do obdobia Ve\u013ek\u00e9ho p\u00f4stu, in\u00fdm slovom \u0160tyridsiatnice. Je to obdobie, ktor\u00e9 je pre kres\u0165ana ve\u013emi d\u00f4le\u017eit\u00e9. Ide o \u0161tyridsa\u0165d\u0148ov\u00e9 p\u00f4stne obdobie pr\u00edpravy zameran\u00e9 na Ve\u013ek\u00fa noc, ktor\u00e1 sa v Gr\u00e9ckokatol\u00edckej cirkvi naz\u00fdva Pascha. Hist\u00f3ria \u0160tyridsiatnice siaha a\u017e do apo\u0161tolsk\u00fdch \u010dias. U\u017e prv\u00e9 kres\u0165ansk\u00e9 spolo\u010denstv\u00e1 si v de\u0148 \u017eidovskej Paschy pripom\u00ednali Kristovo [&hellip;]","og_url":"https:\/\/kestaremesto.grkatke.sk\/?p=1118","og_site_name":"GR\u00c9CKOKATOL\u00cdCKA CIRKEV FARNOS\u0164 KO\u0160ICE - STAR\u00c9 MESTO","article_publisher":"https:\/\/www.facebook.com\/Na%c5%a1a-Katedr%c3%a1la-231637610336060\/","article_published_time":"2018-02-11T06:04:01+00:00","og_image":[{"width":788,"height":900,"url":"https:\/\/kestaremesto.grkatke.sk\/wp-content\/uploads\/2018\/02\/jesus-christ-holy-mandylion-andreea-bagiu.jpg","type":"image\/jpeg"}],"author":"administr\u00e1tor","twitter_card":"summary_large_image","twitter_misc":{"Autor":"administr\u00e1tor","Predpokladan\u00fd \u010das \u010d\u00edtania":"3 min\u00faty"},"schema":{"@context":"https:\/\/schema.org","@graph":[{"@type":"Article","@id":"https:\/\/kestaremesto.grkatke.sk\/?p=1118#article","isPartOf":{"@id":"https:\/\/kestaremesto.grkatke.sk\/?p=1118"},"author":{"name":"administr\u00e1tor","@id":"https:\/\/kestaremesto.grkatke.sk\/#\/schema\/person\/86c8e7e5841259082af5c5b227e0d69b"},"headline":"P\u00f4st cesta k Pasche","datePublished":"2018-02-11T06:04:01+00:00","mainEntityOfPage":{"@id":"https:\/\/kestaremesto.grkatke.sk\/?p=1118"},"wordCount":525,"image":{"@id":"https:\/\/kestaremesto.grkatke.sk\/?p=1118#primaryimage"},"thumbnailUrl":"https:\/\/kestaremesto.grkatke.sk\/wp-content\/uploads\/2018\/02\/jesus-christ-holy-mandylion-andreea-bagiu.jpg","articleSection":["Pr\u00edhovor"],"inLanguage":"sk-SK"},{"@type":"WebPage","@id":"https:\/\/kestaremesto.grkatke.sk\/?p=1118","url":"https:\/\/kestaremesto.grkatke.sk\/?p=1118","name":"P\u00f4st cesta k Pasche - GR\u00c9CKOKATOL\u00cdCKA CIRKEV FARNOS\u0164 KO\u0160ICE - STAR\u00c9 MESTO","isPartOf":{"@id":"https:\/\/kestaremesto.grkatke.sk\/#website"},"primaryImageOfPage":{"@id":"https:\/\/kestaremesto.grkatke.sk\/?p=1118#primaryimage"},"image":{"@id":"https:\/\/kestaremesto.grkatke.sk\/?p=1118#primaryimage"},"thumbnailUrl":"https:\/\/kestaremesto.grkatke.sk\/wp-content\/uploads\/2018\/02\/jesus-christ-holy-mandylion-andreea-bagiu.jpg","datePublished":"2018-02-11T06:04:01+00:00","author":{"@id":"https:\/\/kestaremesto.grkatke.sk\/#\/schema\/person\/86c8e7e5841259082af5c5b227e0d69b"},"breadcrumb":{"@id":"https:\/\/kestaremesto.grkatke.sk\/?p=1118#breadcrumb"},"inLanguage":"sk-SK","potentialAction":[{"@type":"ReadAction","target":["https:\/\/kestaremesto.grkatke.sk\/?p=1118"]}]},{"@type":"ImageObject","inLanguage":"sk-SK","@id":"https:\/\/kestaremesto.grkatke.sk\/?p=1118#primaryimage","url":"https:\/\/kestaremesto.grkatke.sk\/wp-content\/uploads\/2018\/02\/jesus-christ-holy-mandylion-andreea-bagiu.jpg","contentUrl":"https:\/\/kestaremesto.grkatke.sk\/wp-content\/uploads\/2018\/02\/jesus-christ-holy-mandylion-andreea-bagiu.jpg","width":788,"height":900},{"@type":"BreadcrumbList","@id":"https:\/\/kestaremesto.grkatke.sk\/?p=1118#breadcrumb","itemListElement":[{"@type":"ListItem","position":1,"name":"Domovsk\u00e1 str\u00e1nka","item":"https:\/\/kestaremesto.grkatke.sk\/"},{"@type":"ListItem","position":2,"name":"P\u00f4st cesta k Pasche"}]},{"@type":"WebSite","@id":"https:\/\/kestaremesto.grkatke.sk\/#website","url":"https:\/\/kestaremesto.grkatke.sk\/","name":"GR\u00c9CKOKATOL\u00cdCKA CIRKEV FARNOS\u0164 KO\u0160ICE - STAR\u00c9 MESTO","description":"","potentialAction":[{"@type":"SearchAction","target":{"@type":"EntryPoint","urlTemplate":"https:\/\/kestaremesto.grkatke.sk\/?s={search_term_string}"},"query-input":{"@type":"PropertyValueSpecification","valueRequired":true,"valueName":"search_term_string"}}],"inLanguage":"sk-SK"},{"@type":"Person","@id":"https:\/\/kestaremesto.grkatke.sk\/#\/schema\/person\/86c8e7e5841259082af5c5b227e0d69b","name":"administr\u00e1tor","url":"https:\/\/kestaremesto.grkatke.sk\/?author=2"}]}},"_links":{"self":[{"href":"https:\/\/kestaremesto.grkatke.sk\/index.php?rest_route=\/wp\/v2\/posts\/1118","targetHints":{"allow":["GET"]}}],"collection":[{"href":"https:\/\/kestaremesto.grkatke.sk\/index.php?rest_route=\/wp\/v2\/posts"}],"about":[{"href":"https:\/\/kestaremesto.grkatke.sk\/index.php?rest_route=\/wp\/v2\/types\/post"}],"author":[{"embeddable":true,"href":"https:\/\/kestaremesto.grkatke.sk\/index.php?rest_route=\/wp\/v2\/users\/2"}],"replies":[{"embeddable":true,"href":"https:\/\/kestaremesto.grkatke.sk\/index.php?rest_route=%2Fwp%2Fv2%2Fcomments&post=1118"}],"version-history":[{"count":1,"href":"https:\/\/kestaremesto.grkatke.sk\/index.php?rest_route=\/wp\/v2\/posts\/1118\/revisions"}],"predecessor-version":[{"id":1120,"href":"https:\/\/kestaremesto.grkatke.sk\/index.php?rest_route=\/wp\/v2\/posts\/1118\/revisions\/1120"}],"wp:featuredmedia":[{"embeddable":true,"href":"https:\/\/kestaremesto.grkatke.sk\/index.php?rest_route=\/wp\/v2\/media\/1119"}],"wp:attachment":[{"href":"https:\/\/kestaremesto.grkatke.sk\/index.php?rest_route=%2Fwp%2Fv2%2Fmedia&parent=1118"}],"wp:term":[{"taxonomy":"category","embeddable":true,"href":"https:\/\/kestaremesto.grkatke.sk\/index.php?rest_route=%2Fwp%2Fv2%2Fcategories&post=1118"},{"taxonomy":"post_tag","embeddable":true,"href":"https:\/\/kestaremesto.grkatke.sk\/index.php?rest_route=%2Fwp%2Fv2%2Ftags&post=1118"}],"curies":[{"name":"wp","href":"https:\/\/api.w.org\/{rel}","templated":true}]}}