{"id":1168,"date":"2018-03-25T06:55:17","date_gmt":"2018-03-25T04:55:17","guid":{"rendered":"https:\/\/kestaremesto.grkatke.sk\/?p=1168"},"modified":"2018-03-25T07:10:18","modified_gmt":"2018-03-25T05:10:18","slug":"pascha-velikden-velka-noc","status":"publish","type":"post","link":"https:\/\/kestaremesto.grkatke.sk\/?p=1168","title":{"rendered":"Pascha \u2013 Velikde\u0148 \u2013 Ve\u013ek\u00e1 noc"},"content":{"rendered":"<p>Ukon\u010dili sme sv\u00e4t\u00fa \u0160tyridsiatnicu. Dne\u0161nou Kvetnou nede\u013eou toti\u017e vstupujeme u\u017e do Strastn\u00e9ho t\u00fd\u017ed\u0148a, ktor\u00fd patr\u00ed u\u017e do Kvetnej tri\u00f3dy. \u010ci sme u\u017e pre\u017eili p\u00f4stny \u010das plodne alebo nie, je tu \u010das, aby sme vst\u00fapili so Ve\u013ek\u00e9ho strastn\u00e9ho t\u00fd\u017ed\u0148a, na konci ktor\u00e9ho je Pascha.<\/p>\n<p>Pascha je Sviatok sviatkov. \u00dapln\u00e9 centrum n\u00e1\u0161ho \u017eivota. Uprostred Cirkvi vstupujeme znova do tajomstva Paschy, na za\u010diatku ktor\u00e9ho je Kristova smr\u0165 na kr\u00ed\u017ei pre na\u0161u sp\u00e1su. Pre\u010do Boh pou\u017eil tak\u00fato formu vykupite\u013esk\u00e9ho diela? Pre\u010do n\u00e1s musel Je\u017ei\u0161 zachr\u00e1ni\u0165 pr\u00e1ve smr\u0165ou na kr\u00ed\u017ei? Katechizmus n\u00e1m d\u00e1va odpove\u010f t\u00fdmito slovami: Kr\u00ed\u017e, na ktorom bol nevinn\u00fd Je\u017ei\u0161 krut\u00fdm sp\u00f4sobom popraven\u00fd, je miestom najv\u00e4\u010d\u0161ieho pon\u00ed\u017eenia a opustenosti. Kristus, n\u00e1\u0161 Spasite\u013e, si vyvolil kr\u00ed\u017e, aby na seba vzal vinu sveta a aby na sebe vytrpel utrpenie sveta. Tak svojou dokonalou l\u00e1skou priviedol svet sp\u00e4\u0165 k Bohu [KKC 613 &#8211; 617, 622 &#8211; 623].<\/p>\n<p>Boh Otec n\u00e1m nemohol prejavi\u0165 svoju l\u00e1sku presved\u010divej\u0161ie, ako ke\u010f sa v osobe Syna nechal za n\u00e1s pribi\u0165 na kr\u00ed\u017e. Kr\u00ed\u017e bol v antike t\u00fdm najpotupnej\u0161\u00edm a\u00a0najukrutnej\u0161\u00edm n\u00e1strojom popravy. R\u00edmski ob\u010dania nesmeli by\u0165 ods\u00faden\u00ed na trest ukri\u017eovan\u00edm, aj keby sa dopustili ak\u00e9hoko\u013evek z\u00e1va\u017en\u00e9ho zlo\u010dinu. Boh tak vst\u00fapil do najbezodnej\u0161ieho \u013eudsk\u00e9ho utrpenia. Od toho okamihu u\u017e nikto nem\u00f4\u017ee poveda\u0165: <em>\u201eBoh nevie, ako trp\u00edm.&#8220;<\/em><\/p>\n<p>Kr\u00ed\u017eom to v\u0161ak neskon\u010dilo. Kr\u00ed\u017e je s\u00fa\u010das\u0165ou Kristovej paschy, ktorou n\u00e1s previedol zo smrti do \u017eivota. To je perspekt\u00edva nielen Kristova, ale aj ka\u017ed\u00e9ho kres\u0165ana, ktor\u00fd krstom prijal Kristov \u017eivot a\u00a0\u017eije v\u00a0Kristovi. Na mieste je teda ot\u00e1zka: Mo\u017eno by\u0165 kres\u0165anom a pritom neveri\u0165 v\u00a0Kristovo z m\u0155tvychvstanie? Odpove\u010f je jednozna\u010dn\u00e1: Nie. \u201eAk nebol Kristus vzkriesen\u00fd, potom je m\u00e1rne na\u0161e hl\u00e1sanie a m\u00e1rna je aj va\u0161a viera&#8220; (1 Kor 15,14). Aj preto budeme na utierni vzkriesenia spieva\u0165 v\u00fdsti\u017en\u00fd k\u00e1non vzkriesenia, ktor\u00fd nap\u00edsal posledn\u00fd z\u00a0cirkevn\u00fdch otcov sv. J\u00e1n Damascensky.<\/p>\n<table style=\"height: 293px;\" width=\"985\">\n<tbody>\n<tr>\n<td width=\"347\"><em>Je vzkriesenia de\u0148, \u0161\u0165ast\u00edm \u013eudia plesajme,<\/em><br \/>\n<em>Sl\u00e1vnos\u0165 P\u00e1nova Pascha.<\/em><br \/>\n<em>Ve\u010f od smrti k \u017eivotu\u00a0a zo zeme do nebies<\/em><br \/>\n<em>priviedol n\u00e1s Boh n\u00e1\u0161, Kristus.<\/em><br \/>\n<em>Spievajme v\u00ed\u0165azn\u00fa piese\u0148.<\/em><\/td>\n<td width=\"349\">Prajem V\u00e1m milostipln\u00e9 sviatky<br \/>\nKristovej paschy.\u0425\u0440\u0438\u0441\u0442\u043e\u0441 \u0432\u043e\u0441\u043a\u0440ece!\u00a0 \u2013 \u0412\u043e\u0456\u0441\u0442\u0438\u043d\u0443 \u0412\u043e\u0441\u043a\u0440\u0435\u0441e!CHRISTOS VOSKRESE! \u2013 VOISTINU VOSKRESE!<\/p>\n<p>\u03a7\u03c1\u03b9\u03c3\u03c4\u03cc\u03c2 \u1f00\u03bd\u03ad\u03c3\u03c4\u03b7!\u00a0 \u2013 \u1f08\u03bb\u03b7\u03b8\u1ff6\u03c2 \u03b1\u03bd\u03ad\u03c3\u03c4\u03b7!<\/p>\n<p>KRISTUS VSTAL Z M\u0154TVYCH!\u00a0 \u2013\u00a0 SKUTO\u010cNE VSTAL!<\/td>\n<\/tr>\n<\/tbody>\n<\/table>\n","protected":false},"excerpt":{"rendered":"<p>Ukon\u010dili sme sv\u00e4t\u00fa \u0160tyridsiatnicu. Dne\u0161nou Kvetnou nede\u013eou toti\u017e vstupujeme u\u017e do Strastn\u00e9ho t\u00fd\u017ed\u0148a, ktor\u00fd patr\u00ed u\u017e do Kvetnej tri\u00f3dy. \u010ci sme u\u017e pre\u017eili p\u00f4stny \u010das plodne alebo nie, je tu \u010das, aby sme vst\u00fapili so Ve\u013ek\u00e9ho strastn\u00e9ho t\u00fd\u017ed\u0148a, na konci ktor\u00e9ho je Pascha. Pascha je Sviatok sviatkov. \u00dapln\u00e9 centrum n\u00e1\u0161ho \u017eivota. Uprostred Cirkvi vstupujeme znova [&hellip;]<\/p>\n","protected":false},"author":2,"featured_media":1169,"comment_status":"closed","ping_status":"closed","sticky":false,"template":"","format":"standard","meta":{"_coblocks_attr":"","_coblocks_dimensions":"","_coblocks_responsive_height":"","_coblocks_accordion_ie_support":"","footnotes":""},"categories":[3],"tags":[],"class_list":["post-1168","post","type-post","status-publish","format-standard","has-post-thumbnail","hentry","category-prihovor"],"yoast_head":"<!-- This site is optimized with the Yoast SEO plugin v27.4 - https:\/\/yoast.com\/product\/yoast-seo-wordpress\/ -->\n<title>Pascha \u2013 Velikde\u0148 \u2013 Ve\u013ek\u00e1 noc - GR\u00c9CKOKATOL\u00cdCKA CIRKEV FARNOS\u0164 KO\u0160ICE - STAR\u00c9 MESTO<\/title>\n<meta name=\"robots\" content=\"index, follow, max-snippet:-1, max-image-preview:large, max-video-preview:-1\" \/>\n<link rel=\"canonical\" href=\"https:\/\/kestaremesto.grkatke.sk\/?p=1168\" \/>\n<meta property=\"og:locale\" content=\"sk_SK\" \/>\n<meta property=\"og:type\" content=\"article\" \/>\n<meta property=\"og:title\" content=\"Pascha \u2013 Velikde\u0148 \u2013 Ve\u013ek\u00e1 noc - GR\u00c9CKOKATOL\u00cdCKA CIRKEV FARNOS\u0164 KO\u0160ICE - STAR\u00c9 MESTO\" \/>\n<meta property=\"og:description\" content=\"Ukon\u010dili sme sv\u00e4t\u00fa \u0160tyridsiatnicu. Dne\u0161nou Kvetnou nede\u013eou toti\u017e vstupujeme u\u017e do Strastn\u00e9ho t\u00fd\u017ed\u0148a, ktor\u00fd patr\u00ed u\u017e do Kvetnej tri\u00f3dy. \u010ci sme u\u017e pre\u017eili p\u00f4stny \u010das plodne alebo nie, je tu \u010das, aby sme vst\u00fapili so Ve\u013ek\u00e9ho strastn\u00e9ho t\u00fd\u017ed\u0148a, na konci ktor\u00e9ho je Pascha. Pascha je Sviatok sviatkov. \u00dapln\u00e9 centrum n\u00e1\u0161ho \u017eivota. Uprostred Cirkvi vstupujeme znova [&hellip;]\" \/>\n<meta property=\"og:url\" content=\"https:\/\/kestaremesto.grkatke.sk\/?p=1168\" \/>\n<meta property=\"og:site_name\" content=\"GR\u00c9CKOKATOL\u00cdCKA CIRKEV FARNOS\u0164 KO\u0160ICE - STAR\u00c9 MESTO\" \/>\n<meta property=\"article:publisher\" content=\"https:\/\/www.facebook.com\/Na%c5%a1a-Katedr%c3%a1la-231637610336060\/\" \/>\n<meta property=\"article:published_time\" content=\"2018-03-25T04:55:17+00:00\" \/>\n<meta property=\"article:modified_time\" content=\"2018-03-25T05:10:18+00:00\" \/>\n<meta property=\"og:image\" content=\"https:\/\/kestaremesto.grkatke.sk\/wp-content\/uploads\/2018\/03\/resurrectioniconemail.jpg\" \/>\n\t<meta property=\"og:image:width\" content=\"448\" \/>\n\t<meta property=\"og:image:height\" content=\"449\" \/>\n\t<meta property=\"og:image:type\" content=\"image\/jpeg\" \/>\n<meta name=\"author\" content=\"administr\u00e1tor\" \/>\n<meta name=\"twitter:card\" content=\"summary_large_image\" \/>\n<meta name=\"twitter:label1\" content=\"Autor\" \/>\n\t<meta name=\"twitter:data1\" content=\"administr\u00e1tor\" \/>\n\t<meta name=\"twitter:label2\" content=\"Predpokladan\u00fd \u010das \u010d\u00edtania\" \/>\n\t<meta name=\"twitter:data2\" content=\"2 min\u00faty\" \/>\n<script type=\"application\/ld+json\" class=\"yoast-schema-graph\">{\"@context\":\"https:\\\/\\\/schema.org\",\"@graph\":[{\"@type\":\"Article\",\"@id\":\"https:\\\/\\\/kestaremesto.grkatke.sk\\\/?p=1168#article\",\"isPartOf\":{\"@id\":\"https:\\\/\\\/kestaremesto.grkatke.sk\\\/?p=1168\"},\"author\":{\"name\":\"administr\u00e1tor\",\"@id\":\"https:\\\/\\\/kestaremesto.grkatke.sk\\\/#\\\/schema\\\/person\\\/86c8e7e5841259082af5c5b227e0d69b\"},\"headline\":\"Pascha \u2013 Velikde\u0148 \u2013 Ve\u013ek\u00e1 noc\",\"datePublished\":\"2018-03-25T04:55:17+00:00\",\"dateModified\":\"2018-03-25T05:10:18+00:00\",\"mainEntityOfPage\":{\"@id\":\"https:\\\/\\\/kestaremesto.grkatke.sk\\\/?p=1168\"},\"wordCount\":479,\"image\":{\"@id\":\"https:\\\/\\\/kestaremesto.grkatke.sk\\\/?p=1168#primaryimage\"},\"thumbnailUrl\":\"https:\\\/\\\/kestaremesto.grkatke.sk\\\/wp-content\\\/uploads\\\/2018\\\/03\\\/resurrectioniconemail.jpg\",\"articleSection\":[\"Pr\u00edhovor\"],\"inLanguage\":\"sk-SK\"},{\"@type\":\"WebPage\",\"@id\":\"https:\\\/\\\/kestaremesto.grkatke.sk\\\/?p=1168\",\"url\":\"https:\\\/\\\/kestaremesto.grkatke.sk\\\/?p=1168\",\"name\":\"Pascha \u2013 Velikde\u0148 \u2013 Ve\u013ek\u00e1 noc - GR\u00c9CKOKATOL\u00cdCKA CIRKEV FARNOS\u0164 KO\u0160ICE - STAR\u00c9 MESTO\",\"isPartOf\":{\"@id\":\"https:\\\/\\\/kestaremesto.grkatke.sk\\\/#website\"},\"primaryImageOfPage\":{\"@id\":\"https:\\\/\\\/kestaremesto.grkatke.sk\\\/?p=1168#primaryimage\"},\"image\":{\"@id\":\"https:\\\/\\\/kestaremesto.grkatke.sk\\\/?p=1168#primaryimage\"},\"thumbnailUrl\":\"https:\\\/\\\/kestaremesto.grkatke.sk\\\/wp-content\\\/uploads\\\/2018\\\/03\\\/resurrectioniconemail.jpg\",\"datePublished\":\"2018-03-25T04:55:17+00:00\",\"dateModified\":\"2018-03-25T05:10:18+00:00\",\"author\":{\"@id\":\"https:\\\/\\\/kestaremesto.grkatke.sk\\\/#\\\/schema\\\/person\\\/86c8e7e5841259082af5c5b227e0d69b\"},\"breadcrumb\":{\"@id\":\"https:\\\/\\\/kestaremesto.grkatke.sk\\\/?p=1168#breadcrumb\"},\"inLanguage\":\"sk-SK\",\"potentialAction\":[{\"@type\":\"ReadAction\",\"target\":[\"https:\\\/\\\/kestaremesto.grkatke.sk\\\/?p=1168\"]}]},{\"@type\":\"ImageObject\",\"inLanguage\":\"sk-SK\",\"@id\":\"https:\\\/\\\/kestaremesto.grkatke.sk\\\/?p=1168#primaryimage\",\"url\":\"https:\\\/\\\/kestaremesto.grkatke.sk\\\/wp-content\\\/uploads\\\/2018\\\/03\\\/resurrectioniconemail.jpg\",\"contentUrl\":\"https:\\\/\\\/kestaremesto.grkatke.sk\\\/wp-content\\\/uploads\\\/2018\\\/03\\\/resurrectioniconemail.jpg\",\"width\":448,\"height\":449},{\"@type\":\"BreadcrumbList\",\"@id\":\"https:\\\/\\\/kestaremesto.grkatke.sk\\\/?p=1168#breadcrumb\",\"itemListElement\":[{\"@type\":\"ListItem\",\"position\":1,\"name\":\"Domovsk\u00e1 str\u00e1nka\",\"item\":\"https:\\\/\\\/kestaremesto.grkatke.sk\\\/\"},{\"@type\":\"ListItem\",\"position\":2,\"name\":\"Pascha \u2013 Velikde\u0148 \u2013 Ve\u013ek\u00e1 noc\"}]},{\"@type\":\"WebSite\",\"@id\":\"https:\\\/\\\/kestaremesto.grkatke.sk\\\/#website\",\"url\":\"https:\\\/\\\/kestaremesto.grkatke.sk\\\/\",\"name\":\"GR\u00c9CKOKATOL\u00cdCKA CIRKEV FARNOS\u0164 KO\u0160ICE - STAR\u00c9 MESTO\",\"description\":\"\",\"potentialAction\":[{\"@type\":\"SearchAction\",\"target\":{\"@type\":\"EntryPoint\",\"urlTemplate\":\"https:\\\/\\\/kestaremesto.grkatke.sk\\\/?s={search_term_string}\"},\"query-input\":{\"@type\":\"PropertyValueSpecification\",\"valueRequired\":true,\"valueName\":\"search_term_string\"}}],\"inLanguage\":\"sk-SK\"},{\"@type\":\"Person\",\"@id\":\"https:\\\/\\\/kestaremesto.grkatke.sk\\\/#\\\/schema\\\/person\\\/86c8e7e5841259082af5c5b227e0d69b\",\"name\":\"administr\u00e1tor\",\"url\":\"https:\\\/\\\/kestaremesto.grkatke.sk\\\/?author=2\"}]}<\/script>\n<!-- \/ Yoast SEO plugin. -->","yoast_head_json":{"title":"Pascha \u2013 Velikde\u0148 \u2013 Ve\u013ek\u00e1 noc - GR\u00c9CKOKATOL\u00cdCKA CIRKEV FARNOS\u0164 KO\u0160ICE - STAR\u00c9 MESTO","robots":{"index":"index","follow":"follow","max-snippet":"max-snippet:-1","max-image-preview":"max-image-preview:large","max-video-preview":"max-video-preview:-1"},"canonical":"https:\/\/kestaremesto.grkatke.sk\/?p=1168","og_locale":"sk_SK","og_type":"article","og_title":"Pascha \u2013 Velikde\u0148 \u2013 Ve\u013ek\u00e1 noc - GR\u00c9CKOKATOL\u00cdCKA CIRKEV FARNOS\u0164 KO\u0160ICE - STAR\u00c9 MESTO","og_description":"Ukon\u010dili sme sv\u00e4t\u00fa \u0160tyridsiatnicu. Dne\u0161nou Kvetnou nede\u013eou toti\u017e vstupujeme u\u017e do Strastn\u00e9ho t\u00fd\u017ed\u0148a, ktor\u00fd patr\u00ed u\u017e do Kvetnej tri\u00f3dy. \u010ci sme u\u017e pre\u017eili p\u00f4stny \u010das plodne alebo nie, je tu \u010das, aby sme vst\u00fapili so Ve\u013ek\u00e9ho strastn\u00e9ho t\u00fd\u017ed\u0148a, na konci ktor\u00e9ho je Pascha. Pascha je Sviatok sviatkov. \u00dapln\u00e9 centrum n\u00e1\u0161ho \u017eivota. Uprostred Cirkvi vstupujeme znova [&hellip;]","og_url":"https:\/\/kestaremesto.grkatke.sk\/?p=1168","og_site_name":"GR\u00c9CKOKATOL\u00cdCKA CIRKEV FARNOS\u0164 KO\u0160ICE - STAR\u00c9 MESTO","article_publisher":"https:\/\/www.facebook.com\/Na%c5%a1a-Katedr%c3%a1la-231637610336060\/","article_published_time":"2018-03-25T04:55:17+00:00","article_modified_time":"2018-03-25T05:10:18+00:00","og_image":[{"width":448,"height":449,"url":"https:\/\/kestaremesto.grkatke.sk\/wp-content\/uploads\/2018\/03\/resurrectioniconemail.jpg","type":"image\/jpeg"}],"author":"administr\u00e1tor","twitter_card":"summary_large_image","twitter_misc":{"Autor":"administr\u00e1tor","Predpokladan\u00fd \u010das \u010d\u00edtania":"2 min\u00faty"},"schema":{"@context":"https:\/\/schema.org","@graph":[{"@type":"Article","@id":"https:\/\/kestaremesto.grkatke.sk\/?p=1168#article","isPartOf":{"@id":"https:\/\/kestaremesto.grkatke.sk\/?p=1168"},"author":{"name":"administr\u00e1tor","@id":"https:\/\/kestaremesto.grkatke.sk\/#\/schema\/person\/86c8e7e5841259082af5c5b227e0d69b"},"headline":"Pascha \u2013 Velikde\u0148 \u2013 Ve\u013ek\u00e1 noc","datePublished":"2018-03-25T04:55:17+00:00","dateModified":"2018-03-25T05:10:18+00:00","mainEntityOfPage":{"@id":"https:\/\/kestaremesto.grkatke.sk\/?p=1168"},"wordCount":479,"image":{"@id":"https:\/\/kestaremesto.grkatke.sk\/?p=1168#primaryimage"},"thumbnailUrl":"https:\/\/kestaremesto.grkatke.sk\/wp-content\/uploads\/2018\/03\/resurrectioniconemail.jpg","articleSection":["Pr\u00edhovor"],"inLanguage":"sk-SK"},{"@type":"WebPage","@id":"https:\/\/kestaremesto.grkatke.sk\/?p=1168","url":"https:\/\/kestaremesto.grkatke.sk\/?p=1168","name":"Pascha \u2013 Velikde\u0148 \u2013 Ve\u013ek\u00e1 noc - GR\u00c9CKOKATOL\u00cdCKA CIRKEV FARNOS\u0164 KO\u0160ICE - STAR\u00c9 MESTO","isPartOf":{"@id":"https:\/\/kestaremesto.grkatke.sk\/#website"},"primaryImageOfPage":{"@id":"https:\/\/kestaremesto.grkatke.sk\/?p=1168#primaryimage"},"image":{"@id":"https:\/\/kestaremesto.grkatke.sk\/?p=1168#primaryimage"},"thumbnailUrl":"https:\/\/kestaremesto.grkatke.sk\/wp-content\/uploads\/2018\/03\/resurrectioniconemail.jpg","datePublished":"2018-03-25T04:55:17+00:00","dateModified":"2018-03-25T05:10:18+00:00","author":{"@id":"https:\/\/kestaremesto.grkatke.sk\/#\/schema\/person\/86c8e7e5841259082af5c5b227e0d69b"},"breadcrumb":{"@id":"https:\/\/kestaremesto.grkatke.sk\/?p=1168#breadcrumb"},"inLanguage":"sk-SK","potentialAction":[{"@type":"ReadAction","target":["https:\/\/kestaremesto.grkatke.sk\/?p=1168"]}]},{"@type":"ImageObject","inLanguage":"sk-SK","@id":"https:\/\/kestaremesto.grkatke.sk\/?p=1168#primaryimage","url":"https:\/\/kestaremesto.grkatke.sk\/wp-content\/uploads\/2018\/03\/resurrectioniconemail.jpg","contentUrl":"https:\/\/kestaremesto.grkatke.sk\/wp-content\/uploads\/2018\/03\/resurrectioniconemail.jpg","width":448,"height":449},{"@type":"BreadcrumbList","@id":"https:\/\/kestaremesto.grkatke.sk\/?p=1168#breadcrumb","itemListElement":[{"@type":"ListItem","position":1,"name":"Domovsk\u00e1 str\u00e1nka","item":"https:\/\/kestaremesto.grkatke.sk\/"},{"@type":"ListItem","position":2,"name":"Pascha \u2013 Velikde\u0148 \u2013 Ve\u013ek\u00e1 noc"}]},{"@type":"WebSite","@id":"https:\/\/kestaremesto.grkatke.sk\/#website","url":"https:\/\/kestaremesto.grkatke.sk\/","name":"GR\u00c9CKOKATOL\u00cdCKA CIRKEV FARNOS\u0164 KO\u0160ICE - STAR\u00c9 MESTO","description":"","potentialAction":[{"@type":"SearchAction","target":{"@type":"EntryPoint","urlTemplate":"https:\/\/kestaremesto.grkatke.sk\/?s={search_term_string}"},"query-input":{"@type":"PropertyValueSpecification","valueRequired":true,"valueName":"search_term_string"}}],"inLanguage":"sk-SK"},{"@type":"Person","@id":"https:\/\/kestaremesto.grkatke.sk\/#\/schema\/person\/86c8e7e5841259082af5c5b227e0d69b","name":"administr\u00e1tor","url":"https:\/\/kestaremesto.grkatke.sk\/?author=2"}]}},"_links":{"self":[{"href":"https:\/\/kestaremesto.grkatke.sk\/index.php?rest_route=\/wp\/v2\/posts\/1168","targetHints":{"allow":["GET"]}}],"collection":[{"href":"https:\/\/kestaremesto.grkatke.sk\/index.php?rest_route=\/wp\/v2\/posts"}],"about":[{"href":"https:\/\/kestaremesto.grkatke.sk\/index.php?rest_route=\/wp\/v2\/types\/post"}],"author":[{"embeddable":true,"href":"https:\/\/kestaremesto.grkatke.sk\/index.php?rest_route=\/wp\/v2\/users\/2"}],"replies":[{"embeddable":true,"href":"https:\/\/kestaremesto.grkatke.sk\/index.php?rest_route=%2Fwp%2Fv2%2Fcomments&post=1168"}],"version-history":[{"count":3,"href":"https:\/\/kestaremesto.grkatke.sk\/index.php?rest_route=\/wp\/v2\/posts\/1168\/revisions"}],"predecessor-version":[{"id":1174,"href":"https:\/\/kestaremesto.grkatke.sk\/index.php?rest_route=\/wp\/v2\/posts\/1168\/revisions\/1174"}],"wp:featuredmedia":[{"embeddable":true,"href":"https:\/\/kestaremesto.grkatke.sk\/index.php?rest_route=\/wp\/v2\/media\/1169"}],"wp:attachment":[{"href":"https:\/\/kestaremesto.grkatke.sk\/index.php?rest_route=%2Fwp%2Fv2%2Fmedia&parent=1168"}],"wp:term":[{"taxonomy":"category","embeddable":true,"href":"https:\/\/kestaremesto.grkatke.sk\/index.php?rest_route=%2Fwp%2Fv2%2Fcategories&post=1168"},{"taxonomy":"post_tag","embeddable":true,"href":"https:\/\/kestaremesto.grkatke.sk\/index.php?rest_route=%2Fwp%2Fv2%2Ftags&post=1168"}],"curies":[{"name":"wp","href":"https:\/\/api.w.org\/{rel}","templated":true}]}}