{"id":1217,"date":"2018-04-29T07:01:28","date_gmt":"2018-04-29T05:01:28","guid":{"rendered":"https:\/\/kestaremesto.grkatke.sk\/?p=1217"},"modified":"2018-04-29T07:01:28","modified_gmt":"2018-04-29T05:01:28","slug":"samaritankina-pokora","status":"publish","type":"post","link":"https:\/\/kestaremesto.grkatke.sk\/?p=1217","title":{"rendered":"Samarit\u00e1nkina pokora"},"content":{"rendered":"<p>Dnes je piata nede\u013ea po Pasche. Nesie n\u00e1zov Nede\u013ea o\u00a0samarit\u00e1nke. V\u00a0evanjeliu po\u010d\u00favame ve\u013emi pozoruhodn\u00fd a\u00a0zauj\u00edmav\u00fd dial\u00f3g medzi Je\u017ei\u0161om a\u00a0samarit\u00e1nkou. Ani jedno slovo nie je daromn\u00e9 alebo zbyto\u010dn\u00e9. V\u00a0istom momente jej Je\u017ei\u0161 povedal: <em>\u201eCho\u010f, zavolaj svojho mu\u017ea a pr\u00ed\u010f sem.\u201c<\/em> (Jn 4, 16) Ona odpovedala, mo\u017eno trochu s\u00a0hanbou, mo\u017eno trochu s boles\u0165ou: <em>\u201eNem\u00e1m mu\u017ea.\u201c<\/em> Pod\u013ea tejto odpovede vid\u00edme jednu d\u00f4le\u017eit\u00fa vec. Samarit\u00e1nkinu pokoru. Prizn\u00e1va svoju nepriazniv\u00fa \u017eivotn\u00fa situ\u00e1ciu. Dnes sa pokora \u201enenos\u00ed\u201c. Zd\u00e1 sa by\u0165 pre\u017eitkom. Dnes mnoh\u00ed \u013eudia povedia, \u017ee \u017eij\u00fa v harmonickom a \u0161\u0165astnom man\u017eelstve \u010di vz\u0165ahu. V\u00f4bec im neprek\u00e1\u017ea, \u017ee \u017eij\u00fa<br \/>\nbez sviatosti man\u017eelstva. Chc\u00fa by\u0165 \u0161\u0165astn\u00ed, ale odl\u00fa\u010den\u00ed od Boha aj Cirkvi. Len\u017ee Je\u017ei\u0161 povedal jasne:<em> \u201eKto v\u00e1s po\u010d\u00fava, m\u0148a po\u010d\u00fava.\u201c <\/em>Boh ustanovil Cirkev na to, aby hovorila v Jeho mene. A toto odmietaj\u00fa aj mnoh\u00ed \u201ekres\u0165ania\u201c. Mnoh\u00fdm n\u00e1m ch\u00fdba pokora samarit\u00e1nky. Aj preto mnoh\u00ed nepre\u017e\u00edvame silu a prejavy Sv\u00e4t\u00e9ho Ducha. Prv\u00fdm ovoc\u00edm zost\u00fapenia Sv\u00e4t\u00e9ho Ducha bola k\u00e1ze\u0148 sv\u00e4t\u00e9ho apo\u0161tola Petra, po ktorej sa posluch\u00e1\u010di pln\u00ed bolesti p\u00fdtali, \u010do maj\u00fa robi\u0165. Peter im d\u00e1va jasn\u00fa odpove\u010f: <em>\u201eRobte pok\u00e1nie a nech sa d\u00e1 ka\u017ed\u00fd z v\u00e1s pokrsti\u0165 v mene Je\u017ei\u0161a Krista na odpustenie svojich hriechov a dostanete dar Sv\u00e4t\u00e9ho Ducha.\u201c<\/em> (Sk 2, 38).<\/p>\n<p>My sme inicia\u010dn\u00fdmi sviatos\u0165ami tento dar prijali. Mali by sme ho v\u0161ak na z\u00e1klade pokory aj\u00a0v\u00a0Kristovi rozv\u00edja\u0165. \u017di\u0165 v\u00a0Kristovi, \u010di\u017ee v\u00a0Cirkvi, kde sa pohybujeme, v\u00a0ovzdu\u0161\u00ed l\u00e1sky a\u00a0pravdy. Neni\u010dme Kristov \u017eivot v\u00a0n\u00e1s p\u00fdchou. Pokora nie je nedosiahnute\u013en\u00e1 m\u00e9ta niektor\u00fdch sv\u00e4tcov. Pokora, jej neust\u00e1le h\u013eadanie, by mala by\u0165 s\u00fa\u010das\u0165ou \u017eivota ka\u017ed\u00e9ho kres\u0165ana. Aby zavl\u00e1dol \u017eivot.<\/p>\n<p>Samarit\u00e1nka prejavila pokoru, ke\u010f Kristovi povedala: <em>\u201eNem\u00e1m mu\u017ea\u201c<\/em>. Preto mohla prija\u0165 dar Sv\u00e4t\u00e9ho Ducha a my preto o nej v trop\u00e1ri spievame: <em>\u201e\u2026a stala sa sl\u00e1vnou naveky.\u201c<\/em> Jej stretnutie sa s\u00a0Kristom bolo tak mocn\u00e9, \u017ee hne\u010f hovorila o Kristovi druh\u00fdm. Hne\u010f \u0161la do dediny poveda\u0165 ostatn\u00fdm, \u017ee stretla Mesi\u00e1\u0161a.<\/p>\n","protected":false},"excerpt":{"rendered":"<p>Dnes je piata nede\u013ea po Pasche. Nesie n\u00e1zov Nede\u013ea o\u00a0samarit\u00e1nke. V\u00a0evanjeliu po\u010d\u00favame ve\u013emi pozoruhodn\u00fd a\u00a0zauj\u00edmav\u00fd dial\u00f3g medzi Je\u017ei\u0161om a\u00a0samarit\u00e1nkou. Ani jedno slovo nie je daromn\u00e9 alebo zbyto\u010dn\u00e9. V\u00a0istom momente jej Je\u017ei\u0161 povedal: \u201eCho\u010f, zavolaj svojho mu\u017ea a pr\u00ed\u010f sem.\u201c (Jn 4, 16) Ona odpovedala, mo\u017eno trochu s\u00a0hanbou, mo\u017eno trochu s boles\u0165ou: \u201eNem\u00e1m mu\u017ea.\u201c Pod\u013ea tejto [&hellip;]<\/p>\n","protected":false},"author":2,"featured_media":1218,"comment_status":"closed","ping_status":"closed","sticky":false,"template":"","format":"standard","meta":{"_coblocks_attr":"","_coblocks_dimensions":"","_coblocks_responsive_height":"","_coblocks_accordion_ie_support":"","footnotes":""},"categories":[3],"tags":[],"class_list":["post-1217","post","type-post","status-publish","format-standard","has-post-thumbnail","hentry","category-prihovor"],"yoast_head":"<!-- This site is optimized with the Yoast SEO plugin v27.4 - https:\/\/yoast.com\/product\/yoast-seo-wordpress\/ -->\n<title>Samarit\u00e1nkina pokora - GR\u00c9CKOKATOL\u00cdCKA CIRKEV FARNOS\u0164 KO\u0160ICE - STAR\u00c9 MESTO<\/title>\n<meta name=\"robots\" content=\"index, follow, max-snippet:-1, max-image-preview:large, max-video-preview:-1\" \/>\n<link rel=\"canonical\" href=\"https:\/\/kestaremesto.grkatke.sk\/?p=1217\" \/>\n<meta property=\"og:locale\" content=\"sk_SK\" \/>\n<meta property=\"og:type\" content=\"article\" \/>\n<meta property=\"og:title\" content=\"Samarit\u00e1nkina pokora - GR\u00c9CKOKATOL\u00cdCKA CIRKEV FARNOS\u0164 KO\u0160ICE - STAR\u00c9 MESTO\" \/>\n<meta property=\"og:description\" content=\"Dnes je piata nede\u013ea po Pasche. Nesie n\u00e1zov Nede\u013ea o\u00a0samarit\u00e1nke. V\u00a0evanjeliu po\u010d\u00favame ve\u013emi pozoruhodn\u00fd a\u00a0zauj\u00edmav\u00fd dial\u00f3g medzi Je\u017ei\u0161om a\u00a0samarit\u00e1nkou. Ani jedno slovo nie je daromn\u00e9 alebo zbyto\u010dn\u00e9. V\u00a0istom momente jej Je\u017ei\u0161 povedal: \u201eCho\u010f, zavolaj svojho mu\u017ea a pr\u00ed\u010f sem.\u201c (Jn 4, 16) Ona odpovedala, mo\u017eno trochu s\u00a0hanbou, mo\u017eno trochu s boles\u0165ou: \u201eNem\u00e1m mu\u017ea.\u201c Pod\u013ea tejto [&hellip;]\" \/>\n<meta property=\"og:url\" content=\"https:\/\/kestaremesto.grkatke.sk\/?p=1217\" \/>\n<meta property=\"og:site_name\" content=\"GR\u00c9CKOKATOL\u00cdCKA CIRKEV FARNOS\u0164 KO\u0160ICE - STAR\u00c9 MESTO\" \/>\n<meta property=\"article:publisher\" content=\"https:\/\/www.facebook.com\/Na%c5%a1a-Katedr%c3%a1la-231637610336060\/\" \/>\n<meta property=\"article:published_time\" content=\"2018-04-29T05:01:28+00:00\" \/>\n<meta property=\"og:image\" content=\"https:\/\/kestaremesto.grkatke.sk\/wp-content\/uploads\/2018\/04\/Gesu-e-la-samaritana.jpg\" \/>\n\t<meta property=\"og:image:width\" content=\"600\" \/>\n\t<meta property=\"og:image:height\" content=\"752\" \/>\n\t<meta property=\"og:image:type\" content=\"image\/jpeg\" \/>\n<meta name=\"author\" content=\"administr\u00e1tor\" \/>\n<meta name=\"twitter:card\" content=\"summary_large_image\" \/>\n<meta name=\"twitter:label1\" content=\"Autor\" \/>\n\t<meta name=\"twitter:data1\" content=\"administr\u00e1tor\" \/>\n\t<meta name=\"twitter:label2\" content=\"Predpokladan\u00fd \u010das \u010d\u00edtania\" \/>\n\t<meta name=\"twitter:data2\" content=\"2 min\u00faty\" \/>\n<script type=\"application\/ld+json\" class=\"yoast-schema-graph\">{\"@context\":\"https:\\\/\\\/schema.org\",\"@graph\":[{\"@type\":\"Article\",\"@id\":\"https:\\\/\\\/kestaremesto.grkatke.sk\\\/?p=1217#article\",\"isPartOf\":{\"@id\":\"https:\\\/\\\/kestaremesto.grkatke.sk\\\/?p=1217\"},\"author\":{\"name\":\"administr\u00e1tor\",\"@id\":\"https:\\\/\\\/kestaremesto.grkatke.sk\\\/#\\\/schema\\\/person\\\/86c8e7e5841259082af5c5b227e0d69b\"},\"headline\":\"Samarit\u00e1nkina pokora\",\"datePublished\":\"2018-04-29T05:01:28+00:00\",\"mainEntityOfPage\":{\"@id\":\"https:\\\/\\\/kestaremesto.grkatke.sk\\\/?p=1217\"},\"wordCount\":409,\"image\":{\"@id\":\"https:\\\/\\\/kestaremesto.grkatke.sk\\\/?p=1217#primaryimage\"},\"thumbnailUrl\":\"https:\\\/\\\/kestaremesto.grkatke.sk\\\/wp-content\\\/uploads\\\/2018\\\/04\\\/Gesu-e-la-samaritana.jpg\",\"articleSection\":[\"Pr\u00edhovor\"],\"inLanguage\":\"sk-SK\"},{\"@type\":\"WebPage\",\"@id\":\"https:\\\/\\\/kestaremesto.grkatke.sk\\\/?p=1217\",\"url\":\"https:\\\/\\\/kestaremesto.grkatke.sk\\\/?p=1217\",\"name\":\"Samarit\u00e1nkina pokora - GR\u00c9CKOKATOL\u00cdCKA CIRKEV FARNOS\u0164 KO\u0160ICE - STAR\u00c9 MESTO\",\"isPartOf\":{\"@id\":\"https:\\\/\\\/kestaremesto.grkatke.sk\\\/#website\"},\"primaryImageOfPage\":{\"@id\":\"https:\\\/\\\/kestaremesto.grkatke.sk\\\/?p=1217#primaryimage\"},\"image\":{\"@id\":\"https:\\\/\\\/kestaremesto.grkatke.sk\\\/?p=1217#primaryimage\"},\"thumbnailUrl\":\"https:\\\/\\\/kestaremesto.grkatke.sk\\\/wp-content\\\/uploads\\\/2018\\\/04\\\/Gesu-e-la-samaritana.jpg\",\"datePublished\":\"2018-04-29T05:01:28+00:00\",\"author\":{\"@id\":\"https:\\\/\\\/kestaremesto.grkatke.sk\\\/#\\\/schema\\\/person\\\/86c8e7e5841259082af5c5b227e0d69b\"},\"breadcrumb\":{\"@id\":\"https:\\\/\\\/kestaremesto.grkatke.sk\\\/?p=1217#breadcrumb\"},\"inLanguage\":\"sk-SK\",\"potentialAction\":[{\"@type\":\"ReadAction\",\"target\":[\"https:\\\/\\\/kestaremesto.grkatke.sk\\\/?p=1217\"]}]},{\"@type\":\"ImageObject\",\"inLanguage\":\"sk-SK\",\"@id\":\"https:\\\/\\\/kestaremesto.grkatke.sk\\\/?p=1217#primaryimage\",\"url\":\"https:\\\/\\\/kestaremesto.grkatke.sk\\\/wp-content\\\/uploads\\\/2018\\\/04\\\/Gesu-e-la-samaritana.jpg\",\"contentUrl\":\"https:\\\/\\\/kestaremesto.grkatke.sk\\\/wp-content\\\/uploads\\\/2018\\\/04\\\/Gesu-e-la-samaritana.jpg\",\"width\":600,\"height\":752},{\"@type\":\"BreadcrumbList\",\"@id\":\"https:\\\/\\\/kestaremesto.grkatke.sk\\\/?p=1217#breadcrumb\",\"itemListElement\":[{\"@type\":\"ListItem\",\"position\":1,\"name\":\"Domovsk\u00e1 str\u00e1nka\",\"item\":\"https:\\\/\\\/kestaremesto.grkatke.sk\\\/\"},{\"@type\":\"ListItem\",\"position\":2,\"name\":\"Samarit\u00e1nkina pokora\"}]},{\"@type\":\"WebSite\",\"@id\":\"https:\\\/\\\/kestaremesto.grkatke.sk\\\/#website\",\"url\":\"https:\\\/\\\/kestaremesto.grkatke.sk\\\/\",\"name\":\"GR\u00c9CKOKATOL\u00cdCKA CIRKEV FARNOS\u0164 KO\u0160ICE - STAR\u00c9 MESTO\",\"description\":\"\",\"potentialAction\":[{\"@type\":\"SearchAction\",\"target\":{\"@type\":\"EntryPoint\",\"urlTemplate\":\"https:\\\/\\\/kestaremesto.grkatke.sk\\\/?s={search_term_string}\"},\"query-input\":{\"@type\":\"PropertyValueSpecification\",\"valueRequired\":true,\"valueName\":\"search_term_string\"}}],\"inLanguage\":\"sk-SK\"},{\"@type\":\"Person\",\"@id\":\"https:\\\/\\\/kestaremesto.grkatke.sk\\\/#\\\/schema\\\/person\\\/86c8e7e5841259082af5c5b227e0d69b\",\"name\":\"administr\u00e1tor\",\"url\":\"https:\\\/\\\/kestaremesto.grkatke.sk\\\/?author=2\"}]}<\/script>\n<!-- \/ Yoast SEO plugin. -->","yoast_head_json":{"title":"Samarit\u00e1nkina pokora - GR\u00c9CKOKATOL\u00cdCKA CIRKEV FARNOS\u0164 KO\u0160ICE - STAR\u00c9 MESTO","robots":{"index":"index","follow":"follow","max-snippet":"max-snippet:-1","max-image-preview":"max-image-preview:large","max-video-preview":"max-video-preview:-1"},"canonical":"https:\/\/kestaremesto.grkatke.sk\/?p=1217","og_locale":"sk_SK","og_type":"article","og_title":"Samarit\u00e1nkina pokora - GR\u00c9CKOKATOL\u00cdCKA CIRKEV FARNOS\u0164 KO\u0160ICE - STAR\u00c9 MESTO","og_description":"Dnes je piata nede\u013ea po Pasche. Nesie n\u00e1zov Nede\u013ea o\u00a0samarit\u00e1nke. V\u00a0evanjeliu po\u010d\u00favame ve\u013emi pozoruhodn\u00fd a\u00a0zauj\u00edmav\u00fd dial\u00f3g medzi Je\u017ei\u0161om a\u00a0samarit\u00e1nkou. Ani jedno slovo nie je daromn\u00e9 alebo zbyto\u010dn\u00e9. V\u00a0istom momente jej Je\u017ei\u0161 povedal: \u201eCho\u010f, zavolaj svojho mu\u017ea a pr\u00ed\u010f sem.\u201c (Jn 4, 16) Ona odpovedala, mo\u017eno trochu s\u00a0hanbou, mo\u017eno trochu s boles\u0165ou: \u201eNem\u00e1m mu\u017ea.\u201c Pod\u013ea tejto [&hellip;]","og_url":"https:\/\/kestaremesto.grkatke.sk\/?p=1217","og_site_name":"GR\u00c9CKOKATOL\u00cdCKA CIRKEV FARNOS\u0164 KO\u0160ICE - STAR\u00c9 MESTO","article_publisher":"https:\/\/www.facebook.com\/Na%c5%a1a-Katedr%c3%a1la-231637610336060\/","article_published_time":"2018-04-29T05:01:28+00:00","og_image":[{"width":600,"height":752,"url":"https:\/\/kestaremesto.grkatke.sk\/wp-content\/uploads\/2018\/04\/Gesu-e-la-samaritana.jpg","type":"image\/jpeg"}],"author":"administr\u00e1tor","twitter_card":"summary_large_image","twitter_misc":{"Autor":"administr\u00e1tor","Predpokladan\u00fd \u010das \u010d\u00edtania":"2 min\u00faty"},"schema":{"@context":"https:\/\/schema.org","@graph":[{"@type":"Article","@id":"https:\/\/kestaremesto.grkatke.sk\/?p=1217#article","isPartOf":{"@id":"https:\/\/kestaremesto.grkatke.sk\/?p=1217"},"author":{"name":"administr\u00e1tor","@id":"https:\/\/kestaremesto.grkatke.sk\/#\/schema\/person\/86c8e7e5841259082af5c5b227e0d69b"},"headline":"Samarit\u00e1nkina pokora","datePublished":"2018-04-29T05:01:28+00:00","mainEntityOfPage":{"@id":"https:\/\/kestaremesto.grkatke.sk\/?p=1217"},"wordCount":409,"image":{"@id":"https:\/\/kestaremesto.grkatke.sk\/?p=1217#primaryimage"},"thumbnailUrl":"https:\/\/kestaremesto.grkatke.sk\/wp-content\/uploads\/2018\/04\/Gesu-e-la-samaritana.jpg","articleSection":["Pr\u00edhovor"],"inLanguage":"sk-SK"},{"@type":"WebPage","@id":"https:\/\/kestaremesto.grkatke.sk\/?p=1217","url":"https:\/\/kestaremesto.grkatke.sk\/?p=1217","name":"Samarit\u00e1nkina pokora - GR\u00c9CKOKATOL\u00cdCKA CIRKEV FARNOS\u0164 KO\u0160ICE - STAR\u00c9 MESTO","isPartOf":{"@id":"https:\/\/kestaremesto.grkatke.sk\/#website"},"primaryImageOfPage":{"@id":"https:\/\/kestaremesto.grkatke.sk\/?p=1217#primaryimage"},"image":{"@id":"https:\/\/kestaremesto.grkatke.sk\/?p=1217#primaryimage"},"thumbnailUrl":"https:\/\/kestaremesto.grkatke.sk\/wp-content\/uploads\/2018\/04\/Gesu-e-la-samaritana.jpg","datePublished":"2018-04-29T05:01:28+00:00","author":{"@id":"https:\/\/kestaremesto.grkatke.sk\/#\/schema\/person\/86c8e7e5841259082af5c5b227e0d69b"},"breadcrumb":{"@id":"https:\/\/kestaremesto.grkatke.sk\/?p=1217#breadcrumb"},"inLanguage":"sk-SK","potentialAction":[{"@type":"ReadAction","target":["https:\/\/kestaremesto.grkatke.sk\/?p=1217"]}]},{"@type":"ImageObject","inLanguage":"sk-SK","@id":"https:\/\/kestaremesto.grkatke.sk\/?p=1217#primaryimage","url":"https:\/\/kestaremesto.grkatke.sk\/wp-content\/uploads\/2018\/04\/Gesu-e-la-samaritana.jpg","contentUrl":"https:\/\/kestaremesto.grkatke.sk\/wp-content\/uploads\/2018\/04\/Gesu-e-la-samaritana.jpg","width":600,"height":752},{"@type":"BreadcrumbList","@id":"https:\/\/kestaremesto.grkatke.sk\/?p=1217#breadcrumb","itemListElement":[{"@type":"ListItem","position":1,"name":"Domovsk\u00e1 str\u00e1nka","item":"https:\/\/kestaremesto.grkatke.sk\/"},{"@type":"ListItem","position":2,"name":"Samarit\u00e1nkina pokora"}]},{"@type":"WebSite","@id":"https:\/\/kestaremesto.grkatke.sk\/#website","url":"https:\/\/kestaremesto.grkatke.sk\/","name":"GR\u00c9CKOKATOL\u00cdCKA CIRKEV FARNOS\u0164 KO\u0160ICE - STAR\u00c9 MESTO","description":"","potentialAction":[{"@type":"SearchAction","target":{"@type":"EntryPoint","urlTemplate":"https:\/\/kestaremesto.grkatke.sk\/?s={search_term_string}"},"query-input":{"@type":"PropertyValueSpecification","valueRequired":true,"valueName":"search_term_string"}}],"inLanguage":"sk-SK"},{"@type":"Person","@id":"https:\/\/kestaremesto.grkatke.sk\/#\/schema\/person\/86c8e7e5841259082af5c5b227e0d69b","name":"administr\u00e1tor","url":"https:\/\/kestaremesto.grkatke.sk\/?author=2"}]}},"_links":{"self":[{"href":"https:\/\/kestaremesto.grkatke.sk\/index.php?rest_route=\/wp\/v2\/posts\/1217","targetHints":{"allow":["GET"]}}],"collection":[{"href":"https:\/\/kestaremesto.grkatke.sk\/index.php?rest_route=\/wp\/v2\/posts"}],"about":[{"href":"https:\/\/kestaremesto.grkatke.sk\/index.php?rest_route=\/wp\/v2\/types\/post"}],"author":[{"embeddable":true,"href":"https:\/\/kestaremesto.grkatke.sk\/index.php?rest_route=\/wp\/v2\/users\/2"}],"replies":[{"embeddable":true,"href":"https:\/\/kestaremesto.grkatke.sk\/index.php?rest_route=%2Fwp%2Fv2%2Fcomments&post=1217"}],"version-history":[{"count":1,"href":"https:\/\/kestaremesto.grkatke.sk\/index.php?rest_route=\/wp\/v2\/posts\/1217\/revisions"}],"predecessor-version":[{"id":1219,"href":"https:\/\/kestaremesto.grkatke.sk\/index.php?rest_route=\/wp\/v2\/posts\/1217\/revisions\/1219"}],"wp:featuredmedia":[{"embeddable":true,"href":"https:\/\/kestaremesto.grkatke.sk\/index.php?rest_route=\/wp\/v2\/media\/1218"}],"wp:attachment":[{"href":"https:\/\/kestaremesto.grkatke.sk\/index.php?rest_route=%2Fwp%2Fv2%2Fmedia&parent=1217"}],"wp:term":[{"taxonomy":"category","embeddable":true,"href":"https:\/\/kestaremesto.grkatke.sk\/index.php?rest_route=%2Fwp%2Fv2%2Fcategories&post=1217"},{"taxonomy":"post_tag","embeddable":true,"href":"https:\/\/kestaremesto.grkatke.sk\/index.php?rest_route=%2Fwp%2Fv2%2Ftags&post=1217"}],"curies":[{"name":"wp","href":"https:\/\/api.w.org\/{rel}","templated":true}]}}