{"id":1252,"date":"2018-05-27T06:46:00","date_gmt":"2018-05-27T04:46:00","guid":{"rendered":"https:\/\/kestaremesto.grkatke.sk\/?p=1252"},"modified":"2018-05-27T06:46:00","modified_gmt":"2018-05-27T04:46:00","slug":"sviatost-eucharistie-je-nenahraditelna","status":"publish","type":"post","link":"https:\/\/kestaremesto.grkatke.sk\/?p=1252","title":{"rendered":"Sviatos\u0165 eucharistie je nenahradite\u013en\u00e1"},"content":{"rendered":"<p>Vo \u0161tvrtok po <em>Nedeli V\u0161etk\u00fdch sv\u00e4t\u00fdch<\/em> sl\u00e1vime Sviatok <em>Sl\u00e1vnostnej poklony pre\u010dist\u00fdm tajomstv\u00e1m tela a krvi n\u00e1\u0161ho P\u00e1na Je\u017ei\u0161a Krista<\/em>, naz\u00fdvan\u00fd tie\u017e <em>Sviatok Najsv\u00e4tej\u0161ej Eucharistie<\/em> (v lat. trad\u00edcii zn\u00e1my ako Bo\u017eie telo). V na\u0161om liturgickom kalend\u00e1ri patr\u00ed medzi tzv. ve\u013ek\u00e9 sviatky, v Z\u00e1padnej cirkvi je prik\u00e1zan\u00fdm sviatkom. Tento sviatok je oslavou daru Eucharistie a \u00facty k Spasite\u013eovi pr\u00edtomn\u00e9mu pod sp\u00f4sobom chleba a v\u00edna vo sv\u00e4t\u00fdch tajomstv\u00e1ch (csl. tajnach).<\/p>\n<p>P\u00e1pe\u017e Franti\u0161ek v\u00a0jednom zo svojich pr\u00edhovorov v\u00fdsti\u017ene poznamenal: <em>\u201eOkrem fyzick\u00e9ho hladu \u010dlovek nesie v sebe e\u0161te in\u00fd hlad, hlad, ktor\u00fd nem\u00f4\u017ee by\u0165 nas\u00fdten\u00fd oby\u010dajn\u00fdm jedlom.\u201c<\/em> A\u00a0\u010falej: Je to hlad po \u017eivote, hlad po l\u00e1ske, hlad po ve\u010dnosti. A znamenie manny \u2013 ako aj cel\u00e1 sk\u00fasenos\u0165 Exodu \u2013 obsahuje v sebe aj t\u00fato dimenziu \u2013 bol to druh pokrmu, ktor\u00fd uspokojuje t\u00fato hlbok\u00fa t\u00fa\u017ebu, ktor\u00e1 je v \u010dloveku. Je\u017ei\u0161 n\u00e1m d\u00e1va toto jedlo, dokonca on s\u00e1m je \u017eiv\u00fd Chlieb, ktor\u00fd d\u00e1va svetu \u017eivot (porov. Jn 6,51). Jeho telo je skuto\u010dn\u00fd pokrm pod sp\u00f4sobom chleba. Jeho krv je skuto\u010dn\u00fd n\u00e1poj pod sp\u00f4sobom v\u00edna. To nie je len jedlo, ktor\u00fdm sa nas\u00fdti na\u0161e telo, ako mannou. Kristovo telo je nov\u00fd Chlieb, ktor\u00fd d\u00e1va \u017eivot, ve\u010dn\u00fd \u017eivot, preto\u017ee podstata tohto Chleba je L\u00e1ska.<\/p>\n<p>V Eucharistii sa komunikuje P\u00e1nova l\u00e1ska k n\u00e1m. L\u00e1ska tak\u00e1 ve\u013ek\u00e1, \u017ee n\u00e1s \u017eiv\u00ed sebou sam\u00fdm. Nesebeck\u00e1 l\u00e1ska, v\u017edy k dispoz\u00edcii pre ka\u017ed\u00e9ho hladn\u00e9ho \u010dloveka v n\u00fadzi,<br \/>\naby regeneroval svoje sily. Za\u017ei\u0165 sk\u00fasenos\u0165 viery znamen\u00e1 necha\u0165 sa \u017eivi\u0165 P\u00e1nom a budova\u0165 svoju vlastn\u00fa existenciu nie na hmotn\u00fdch dobr\u00e1ch, ale na skuto\u010dnosti, ktor\u00e1 sa nepom\u00ed\u0148a: <em>\u201eBo\u017eie dary, jeho Slovo a jeho Telo.\u201c<\/em><\/p>\n<p>Skuto\u010dne, okolo n\u00e1s sa pon\u00faka ve\u013ea \u201epokrmov\u201c, ktor\u00e9 nie s\u00fa od P\u00e1na, a ktor\u00e9 zdanlivo uspokojuj\u00fa viac ako Boh. Niektor\u00ed sa nasycuj\u00fa peniazmi, in\u00ed \u00faspechmi a m\u00e1rnos\u0165ami, in\u00ed mocou a p\u00fdchou. Ale pokrm, ktor\u00fd n\u00e1s naozaj \u017eiv\u00ed a nasycuje, je len ten, ktor\u00fd n\u00e1m d\u00e1va Boh! Pokrm, ktor\u00fd n\u00e1m pon\u00faka P\u00e1n, je in\u00fd, ako tie ostatn\u00e9, a mo\u017eno sa n\u00e1m nezd\u00e1 tak\u00fd chutn\u00fd, ako tie, ktor\u00e9 n\u00e1m pon\u00faka svet.<\/p>\n<p>Sl\u00e1viac tento sviatok sme postaven\u00ed pred jednoduch\u00fa ot\u00e1zku: Kde chcem jes\u0165? Pri P\u00e1novom prestole? V\u00a0kond\u00e1ku budeme spieva\u0165: <em>\u201eH\u013ea, Kristus sa d\u00e1va v\u0161etk\u00fdm za pokrm. Po\u010fte, poklo\u0148me sa mu ako Bohu v\u00a0tejto sviatosti ukryt\u00e9mu, a\u00a0s\u00a0pokornou \u00factou volajme: Nezavrhni n\u00e1s, Vl\u00e1dca, pre ned\u00f4stojn\u00e9 prij\u00edmanie. Sp\u00e1\u013e na\u0161e hriechy a\u00a0spas na\u0161e du\u0161e.\u201c<\/em><\/p>\n","protected":false},"excerpt":{"rendered":"<p>Vo \u0161tvrtok po Nedeli V\u0161etk\u00fdch sv\u00e4t\u00fdch sl\u00e1vime Sviatok Sl\u00e1vnostnej poklony pre\u010dist\u00fdm tajomstv\u00e1m tela a krvi n\u00e1\u0161ho P\u00e1na Je\u017ei\u0161a Krista, naz\u00fdvan\u00fd tie\u017e Sviatok Najsv\u00e4tej\u0161ej Eucharistie (v lat. trad\u00edcii zn\u00e1my ako Bo\u017eie telo). V na\u0161om liturgickom kalend\u00e1ri patr\u00ed medzi tzv. ve\u013ek\u00e9 sviatky, v Z\u00e1padnej cirkvi je prik\u00e1zan\u00fdm sviatkom. Tento sviatok je oslavou daru Eucharistie a \u00facty k [&hellip;]<\/p>\n","protected":false},"author":2,"featured_media":1253,"comment_status":"closed","ping_status":"closed","sticky":false,"template":"","format":"standard","meta":{"_coblocks_attr":"","_coblocks_dimensions":"","_coblocks_responsive_height":"","_coblocks_accordion_ie_support":"","footnotes":""},"categories":[3],"tags":[],"class_list":["post-1252","post","type-post","status-publish","format-standard","has-post-thumbnail","hentry","category-prihovor"],"yoast_head":"<!-- This site is optimized with the Yoast SEO plugin v27.4 - https:\/\/yoast.com\/product\/yoast-seo-wordpress\/ -->\n<title>Sviatos\u0165 eucharistie je nenahradite\u013en\u00e1 - GR\u00c9CKOKATOL\u00cdCKA CIRKEV FARNOS\u0164 KO\u0160ICE - STAR\u00c9 MESTO<\/title>\n<meta name=\"robots\" content=\"index, follow, max-snippet:-1, max-image-preview:large, max-video-preview:-1\" \/>\n<link rel=\"canonical\" href=\"https:\/\/kestaremesto.grkatke.sk\/?p=1252\" \/>\n<meta property=\"og:locale\" content=\"sk_SK\" \/>\n<meta property=\"og:type\" content=\"article\" \/>\n<meta property=\"og:title\" content=\"Sviatos\u0165 eucharistie je nenahradite\u013en\u00e1 - GR\u00c9CKOKATOL\u00cdCKA CIRKEV FARNOS\u0164 KO\u0160ICE - STAR\u00c9 MESTO\" \/>\n<meta property=\"og:description\" content=\"Vo \u0161tvrtok po Nedeli V\u0161etk\u00fdch sv\u00e4t\u00fdch sl\u00e1vime Sviatok Sl\u00e1vnostnej poklony pre\u010dist\u00fdm tajomstv\u00e1m tela a krvi n\u00e1\u0161ho P\u00e1na Je\u017ei\u0161a Krista, naz\u00fdvan\u00fd tie\u017e Sviatok Najsv\u00e4tej\u0161ej Eucharistie (v lat. trad\u00edcii zn\u00e1my ako Bo\u017eie telo). V na\u0161om liturgickom kalend\u00e1ri patr\u00ed medzi tzv. ve\u013ek\u00e9 sviatky, v Z\u00e1padnej cirkvi je prik\u00e1zan\u00fdm sviatkom. Tento sviatok je oslavou daru Eucharistie a \u00facty k [&hellip;]\" \/>\n<meta property=\"og:url\" content=\"https:\/\/kestaremesto.grkatke.sk\/?p=1252\" \/>\n<meta property=\"og:site_name\" content=\"GR\u00c9CKOKATOL\u00cdCKA CIRKEV FARNOS\u0164 KO\u0160ICE - STAR\u00c9 MESTO\" \/>\n<meta property=\"article:publisher\" content=\"https:\/\/www.facebook.com\/Na%c5%a1a-Katedr%c3%a1la-231637610336060\/\" \/>\n<meta property=\"article:published_time\" content=\"2018-05-27T04:46:00+00:00\" \/>\n<meta property=\"og:image\" content=\"https:\/\/kestaremesto.grkatke.sk\/wp-content\/uploads\/2018\/05\/Greek_orthodox_icon_of_the_Mystical_Supper_3_large.jpg\" \/>\n\t<meta property=\"og:image:width\" content=\"352\" \/>\n\t<meta property=\"og:image:height\" content=\"480\" \/>\n\t<meta property=\"og:image:type\" content=\"image\/jpeg\" \/>\n<meta name=\"author\" content=\"administr\u00e1tor\" \/>\n<meta name=\"twitter:card\" content=\"summary_large_image\" \/>\n<meta name=\"twitter:label1\" content=\"Autor\" \/>\n\t<meta name=\"twitter:data1\" content=\"administr\u00e1tor\" \/>\n\t<meta name=\"twitter:label2\" content=\"Predpokladan\u00fd \u010das \u010d\u00edtania\" \/>\n\t<meta name=\"twitter:data2\" content=\"3 min\u00faty\" \/>\n<script type=\"application\/ld+json\" class=\"yoast-schema-graph\">{\"@context\":\"https:\\\/\\\/schema.org\",\"@graph\":[{\"@type\":\"Article\",\"@id\":\"https:\\\/\\\/kestaremesto.grkatke.sk\\\/?p=1252#article\",\"isPartOf\":{\"@id\":\"https:\\\/\\\/kestaremesto.grkatke.sk\\\/?p=1252\"},\"author\":{\"name\":\"administr\u00e1tor\",\"@id\":\"https:\\\/\\\/kestaremesto.grkatke.sk\\\/#\\\/schema\\\/person\\\/86c8e7e5841259082af5c5b227e0d69b\"},\"headline\":\"Sviatos\u0165 eucharistie je nenahradite\u013en\u00e1\",\"datePublished\":\"2018-05-27T04:46:00+00:00\",\"mainEntityOfPage\":{\"@id\":\"https:\\\/\\\/kestaremesto.grkatke.sk\\\/?p=1252\"},\"wordCount\":508,\"image\":{\"@id\":\"https:\\\/\\\/kestaremesto.grkatke.sk\\\/?p=1252#primaryimage\"},\"thumbnailUrl\":\"https:\\\/\\\/kestaremesto.grkatke.sk\\\/wp-content\\\/uploads\\\/2018\\\/05\\\/Greek_orthodox_icon_of_the_Mystical_Supper_3_large.jpg\",\"articleSection\":[\"Pr\u00edhovor\"],\"inLanguage\":\"sk-SK\"},{\"@type\":\"WebPage\",\"@id\":\"https:\\\/\\\/kestaremesto.grkatke.sk\\\/?p=1252\",\"url\":\"https:\\\/\\\/kestaremesto.grkatke.sk\\\/?p=1252\",\"name\":\"Sviatos\u0165 eucharistie je nenahradite\u013en\u00e1 - GR\u00c9CKOKATOL\u00cdCKA CIRKEV FARNOS\u0164 KO\u0160ICE - STAR\u00c9 MESTO\",\"isPartOf\":{\"@id\":\"https:\\\/\\\/kestaremesto.grkatke.sk\\\/#website\"},\"primaryImageOfPage\":{\"@id\":\"https:\\\/\\\/kestaremesto.grkatke.sk\\\/?p=1252#primaryimage\"},\"image\":{\"@id\":\"https:\\\/\\\/kestaremesto.grkatke.sk\\\/?p=1252#primaryimage\"},\"thumbnailUrl\":\"https:\\\/\\\/kestaremesto.grkatke.sk\\\/wp-content\\\/uploads\\\/2018\\\/05\\\/Greek_orthodox_icon_of_the_Mystical_Supper_3_large.jpg\",\"datePublished\":\"2018-05-27T04:46:00+00:00\",\"author\":{\"@id\":\"https:\\\/\\\/kestaremesto.grkatke.sk\\\/#\\\/schema\\\/person\\\/86c8e7e5841259082af5c5b227e0d69b\"},\"breadcrumb\":{\"@id\":\"https:\\\/\\\/kestaremesto.grkatke.sk\\\/?p=1252#breadcrumb\"},\"inLanguage\":\"sk-SK\",\"potentialAction\":[{\"@type\":\"ReadAction\",\"target\":[\"https:\\\/\\\/kestaremesto.grkatke.sk\\\/?p=1252\"]}]},{\"@type\":\"ImageObject\",\"inLanguage\":\"sk-SK\",\"@id\":\"https:\\\/\\\/kestaremesto.grkatke.sk\\\/?p=1252#primaryimage\",\"url\":\"https:\\\/\\\/kestaremesto.grkatke.sk\\\/wp-content\\\/uploads\\\/2018\\\/05\\\/Greek_orthodox_icon_of_the_Mystical_Supper_3_large.jpg\",\"contentUrl\":\"https:\\\/\\\/kestaremesto.grkatke.sk\\\/wp-content\\\/uploads\\\/2018\\\/05\\\/Greek_orthodox_icon_of_the_Mystical_Supper_3_large.jpg\",\"width\":352,\"height\":480},{\"@type\":\"BreadcrumbList\",\"@id\":\"https:\\\/\\\/kestaremesto.grkatke.sk\\\/?p=1252#breadcrumb\",\"itemListElement\":[{\"@type\":\"ListItem\",\"position\":1,\"name\":\"Domovsk\u00e1 str\u00e1nka\",\"item\":\"https:\\\/\\\/kestaremesto.grkatke.sk\\\/\"},{\"@type\":\"ListItem\",\"position\":2,\"name\":\"Sviatos\u0165 eucharistie je nenahradite\u013en\u00e1\"}]},{\"@type\":\"WebSite\",\"@id\":\"https:\\\/\\\/kestaremesto.grkatke.sk\\\/#website\",\"url\":\"https:\\\/\\\/kestaremesto.grkatke.sk\\\/\",\"name\":\"GR\u00c9CKOKATOL\u00cdCKA CIRKEV FARNOS\u0164 KO\u0160ICE - STAR\u00c9 MESTO\",\"description\":\"\",\"potentialAction\":[{\"@type\":\"SearchAction\",\"target\":{\"@type\":\"EntryPoint\",\"urlTemplate\":\"https:\\\/\\\/kestaremesto.grkatke.sk\\\/?s={search_term_string}\"},\"query-input\":{\"@type\":\"PropertyValueSpecification\",\"valueRequired\":true,\"valueName\":\"search_term_string\"}}],\"inLanguage\":\"sk-SK\"},{\"@type\":\"Person\",\"@id\":\"https:\\\/\\\/kestaremesto.grkatke.sk\\\/#\\\/schema\\\/person\\\/86c8e7e5841259082af5c5b227e0d69b\",\"name\":\"administr\u00e1tor\",\"url\":\"https:\\\/\\\/kestaremesto.grkatke.sk\\\/?author=2\"}]}<\/script>\n<!-- \/ Yoast SEO plugin. -->","yoast_head_json":{"title":"Sviatos\u0165 eucharistie je nenahradite\u013en\u00e1 - GR\u00c9CKOKATOL\u00cdCKA CIRKEV FARNOS\u0164 KO\u0160ICE - STAR\u00c9 MESTO","robots":{"index":"index","follow":"follow","max-snippet":"max-snippet:-1","max-image-preview":"max-image-preview:large","max-video-preview":"max-video-preview:-1"},"canonical":"https:\/\/kestaremesto.grkatke.sk\/?p=1252","og_locale":"sk_SK","og_type":"article","og_title":"Sviatos\u0165 eucharistie je nenahradite\u013en\u00e1 - GR\u00c9CKOKATOL\u00cdCKA CIRKEV FARNOS\u0164 KO\u0160ICE - STAR\u00c9 MESTO","og_description":"Vo \u0161tvrtok po Nedeli V\u0161etk\u00fdch sv\u00e4t\u00fdch sl\u00e1vime Sviatok Sl\u00e1vnostnej poklony pre\u010dist\u00fdm tajomstv\u00e1m tela a krvi n\u00e1\u0161ho P\u00e1na Je\u017ei\u0161a Krista, naz\u00fdvan\u00fd tie\u017e Sviatok Najsv\u00e4tej\u0161ej Eucharistie (v lat. trad\u00edcii zn\u00e1my ako Bo\u017eie telo). V na\u0161om liturgickom kalend\u00e1ri patr\u00ed medzi tzv. ve\u013ek\u00e9 sviatky, v Z\u00e1padnej cirkvi je prik\u00e1zan\u00fdm sviatkom. Tento sviatok je oslavou daru Eucharistie a \u00facty k [&hellip;]","og_url":"https:\/\/kestaremesto.grkatke.sk\/?p=1252","og_site_name":"GR\u00c9CKOKATOL\u00cdCKA CIRKEV FARNOS\u0164 KO\u0160ICE - STAR\u00c9 MESTO","article_publisher":"https:\/\/www.facebook.com\/Na%c5%a1a-Katedr%c3%a1la-231637610336060\/","article_published_time":"2018-05-27T04:46:00+00:00","og_image":[{"width":352,"height":480,"url":"https:\/\/kestaremesto.grkatke.sk\/wp-content\/uploads\/2018\/05\/Greek_orthodox_icon_of_the_Mystical_Supper_3_large.jpg","type":"image\/jpeg"}],"author":"administr\u00e1tor","twitter_card":"summary_large_image","twitter_misc":{"Autor":"administr\u00e1tor","Predpokladan\u00fd \u010das \u010d\u00edtania":"3 min\u00faty"},"schema":{"@context":"https:\/\/schema.org","@graph":[{"@type":"Article","@id":"https:\/\/kestaremesto.grkatke.sk\/?p=1252#article","isPartOf":{"@id":"https:\/\/kestaremesto.grkatke.sk\/?p=1252"},"author":{"name":"administr\u00e1tor","@id":"https:\/\/kestaremesto.grkatke.sk\/#\/schema\/person\/86c8e7e5841259082af5c5b227e0d69b"},"headline":"Sviatos\u0165 eucharistie je nenahradite\u013en\u00e1","datePublished":"2018-05-27T04:46:00+00:00","mainEntityOfPage":{"@id":"https:\/\/kestaremesto.grkatke.sk\/?p=1252"},"wordCount":508,"image":{"@id":"https:\/\/kestaremesto.grkatke.sk\/?p=1252#primaryimage"},"thumbnailUrl":"https:\/\/kestaremesto.grkatke.sk\/wp-content\/uploads\/2018\/05\/Greek_orthodox_icon_of_the_Mystical_Supper_3_large.jpg","articleSection":["Pr\u00edhovor"],"inLanguage":"sk-SK"},{"@type":"WebPage","@id":"https:\/\/kestaremesto.grkatke.sk\/?p=1252","url":"https:\/\/kestaremesto.grkatke.sk\/?p=1252","name":"Sviatos\u0165 eucharistie je nenahradite\u013en\u00e1 - GR\u00c9CKOKATOL\u00cdCKA CIRKEV FARNOS\u0164 KO\u0160ICE - STAR\u00c9 MESTO","isPartOf":{"@id":"https:\/\/kestaremesto.grkatke.sk\/#website"},"primaryImageOfPage":{"@id":"https:\/\/kestaremesto.grkatke.sk\/?p=1252#primaryimage"},"image":{"@id":"https:\/\/kestaremesto.grkatke.sk\/?p=1252#primaryimage"},"thumbnailUrl":"https:\/\/kestaremesto.grkatke.sk\/wp-content\/uploads\/2018\/05\/Greek_orthodox_icon_of_the_Mystical_Supper_3_large.jpg","datePublished":"2018-05-27T04:46:00+00:00","author":{"@id":"https:\/\/kestaremesto.grkatke.sk\/#\/schema\/person\/86c8e7e5841259082af5c5b227e0d69b"},"breadcrumb":{"@id":"https:\/\/kestaremesto.grkatke.sk\/?p=1252#breadcrumb"},"inLanguage":"sk-SK","potentialAction":[{"@type":"ReadAction","target":["https:\/\/kestaremesto.grkatke.sk\/?p=1252"]}]},{"@type":"ImageObject","inLanguage":"sk-SK","@id":"https:\/\/kestaremesto.grkatke.sk\/?p=1252#primaryimage","url":"https:\/\/kestaremesto.grkatke.sk\/wp-content\/uploads\/2018\/05\/Greek_orthodox_icon_of_the_Mystical_Supper_3_large.jpg","contentUrl":"https:\/\/kestaremesto.grkatke.sk\/wp-content\/uploads\/2018\/05\/Greek_orthodox_icon_of_the_Mystical_Supper_3_large.jpg","width":352,"height":480},{"@type":"BreadcrumbList","@id":"https:\/\/kestaremesto.grkatke.sk\/?p=1252#breadcrumb","itemListElement":[{"@type":"ListItem","position":1,"name":"Domovsk\u00e1 str\u00e1nka","item":"https:\/\/kestaremesto.grkatke.sk\/"},{"@type":"ListItem","position":2,"name":"Sviatos\u0165 eucharistie je nenahradite\u013en\u00e1"}]},{"@type":"WebSite","@id":"https:\/\/kestaremesto.grkatke.sk\/#website","url":"https:\/\/kestaremesto.grkatke.sk\/","name":"GR\u00c9CKOKATOL\u00cdCKA CIRKEV FARNOS\u0164 KO\u0160ICE - STAR\u00c9 MESTO","description":"","potentialAction":[{"@type":"SearchAction","target":{"@type":"EntryPoint","urlTemplate":"https:\/\/kestaremesto.grkatke.sk\/?s={search_term_string}"},"query-input":{"@type":"PropertyValueSpecification","valueRequired":true,"valueName":"search_term_string"}}],"inLanguage":"sk-SK"},{"@type":"Person","@id":"https:\/\/kestaremesto.grkatke.sk\/#\/schema\/person\/86c8e7e5841259082af5c5b227e0d69b","name":"administr\u00e1tor","url":"https:\/\/kestaremesto.grkatke.sk\/?author=2"}]}},"_links":{"self":[{"href":"https:\/\/kestaremesto.grkatke.sk\/index.php?rest_route=\/wp\/v2\/posts\/1252","targetHints":{"allow":["GET"]}}],"collection":[{"href":"https:\/\/kestaremesto.grkatke.sk\/index.php?rest_route=\/wp\/v2\/posts"}],"about":[{"href":"https:\/\/kestaremesto.grkatke.sk\/index.php?rest_route=\/wp\/v2\/types\/post"}],"author":[{"embeddable":true,"href":"https:\/\/kestaremesto.grkatke.sk\/index.php?rest_route=\/wp\/v2\/users\/2"}],"replies":[{"embeddable":true,"href":"https:\/\/kestaremesto.grkatke.sk\/index.php?rest_route=%2Fwp%2Fv2%2Fcomments&post=1252"}],"version-history":[{"count":1,"href":"https:\/\/kestaremesto.grkatke.sk\/index.php?rest_route=\/wp\/v2\/posts\/1252\/revisions"}],"predecessor-version":[{"id":1254,"href":"https:\/\/kestaremesto.grkatke.sk\/index.php?rest_route=\/wp\/v2\/posts\/1252\/revisions\/1254"}],"wp:featuredmedia":[{"embeddable":true,"href":"https:\/\/kestaremesto.grkatke.sk\/index.php?rest_route=\/wp\/v2\/media\/1253"}],"wp:attachment":[{"href":"https:\/\/kestaremesto.grkatke.sk\/index.php?rest_route=%2Fwp%2Fv2%2Fmedia&parent=1252"}],"wp:term":[{"taxonomy":"category","embeddable":true,"href":"https:\/\/kestaremesto.grkatke.sk\/index.php?rest_route=%2Fwp%2Fv2%2Fcategories&post=1252"},{"taxonomy":"post_tag","embeddable":true,"href":"https:\/\/kestaremesto.grkatke.sk\/index.php?rest_route=%2Fwp%2Fv2%2Ftags&post=1252"}],"curies":[{"name":"wp","href":"https:\/\/api.w.org\/{rel}","templated":true}]}}