{"id":1273,"date":"2018-06-17T07:03:04","date_gmt":"2018-06-17T05:03:04","guid":{"rendered":"https:\/\/kestaremesto.grkatke.sk\/?p=1273"},"modified":"2018-06-17T07:03:04","modified_gmt":"2018-06-17T05:03:04","slug":"narodenie-sv-jana-krstitela","status":"publish","type":"post","link":"https:\/\/kestaremesto.grkatke.sk\/?p=1273","title":{"rendered":"Narodenie sv. J\u00e1na Krstite\u013ea"},"content":{"rendered":"<p>Sviatok <em>Narodenie sv. J\u00e1na Krstite\u013ea<\/em>\u00a0je najv\u00e4\u010d\u0161\u00edm sviatkom tohto sv\u00e4tca. Podobne ako sviatok jeho po\u010datia, aj tento sviatok sa sl\u00e1vil u\u017e v 4. storo\u010d\u00ed.<\/p>\n<p>Pou\u010dn\u00e9 slovo na tento sviatok nach\u00e1dzame u sv. J\u00e1na Zlato\u00fasteho, sv. Ambr\u00f3za i sv. August\u00edna. Sv. August\u00edn vo svojej hom\u00edlii na tento de\u0148 hovor\u00ed: <em>\u201eCirkev sl\u00e1vi J\u00e1novo narodenie ako nie\u010do sv\u00e4t\u00e9. K\u00fdm medzi sv\u00e4t\u00fdmi Otcami niet ani jedn\u00e9ho, ktor\u00e9ho narodenie by sme oslavovali, J\u00e1novo narodenie sl\u00e1vime a sl\u00e1vime aj narodenie Kristovo.\u201c <\/em><\/p>\n<p>\u201eV\u00fdnimo\u010dnos\u0165 sv. J\u00e1na Krstite\u013ea vyjadruje \u010falej sv. August\u00edn slovami: \u201eZd\u00e1 sa, \u017ee J\u00e1n tvor\u00ed ak\u00e9si rozhranie medzi dvoma z\u00e1konmi, Star\u00fdm a Nov\u00fdm. Ve\u010f s\u00e1m P\u00e1n sved\u010d\u00ed, \u017ee je ist\u00fdm medzn\u00edkom: \u201eZ\u00e1kon a Proroci s\u00fa a\u017e po J\u00e1na Krstite\u013ea.\u201c Vo svojej osobe teda predstavuje Star\u00fd a ohlasuje Nov\u00fd. Preto\u017ee predstavuje Star\u00fd, rod\u00ed sa z dvoch starcov, a preto\u017ee ohlasuje Nov\u00fd, je u\u017e v \u017eivote matky vyhl\u00e1sen\u00fd za proroka. E\u0161te sa nenarodil a u\u017e sa rados\u0165ou\u00a0zachvel v matkinom lone pri pr\u00edchode sv\u00e4tej M\u00e1rie. U\u017e tam mal poslanie, poslanie sk\u00f4r, ako sa narodil. Ukazuje sa, \u010d\u00ed bude predchodca, sk\u00f4r, ako by ho on videl. S\u00fa to bo\u017esk\u00e9 veci a presahuj\u00fa mieru \u013eudskej krehkosti. Napokon sa narod\u00ed, dost\u00e1va meno a rozv\u00e4zuje sa otcov jazyk. Uv\u00e1\u017e, \u010do sa tu stalo, lebo ide o obraz plnej skuto\u010dnosti.<\/p>\n<p>Otvorenie Zachari\u00e1\u0161ovho hlasu pri J\u00e1novom naroden\u00ed je to ist\u00e9, \u010do roztrhnutie opony pri Kristovej smrti na kr\u00ed\u017ei. Keby bol J\u00e1n zvestoval seba sam\u00e9ho, Zachari\u00e1\u0161ove \u00fasta by sa neboli otvorili. Jazyk sa rozv\u00e4zuje, lebo sa rod\u00ed hlas. Lebo ke\u010f u\u017e J\u00e1n zvestoval P\u00e1na, op\u00fdtali sa ho: \u201eKto si ty?\u201c, odpovedal: \u201eJa som hlas volaj\u00faceho na p\u00fa\u0161ti.\u201c J\u00e1n bol hlas. Ale P\u00e1n bol \u201ena po\u010diatku Slovo\u201c. J\u00e1n bol hlasom za ist\u00fd \u010das, Kristus je ve\u010dn\u00fdm Slovom od po\u010diatku!\u201c<\/p>\n<p>Aj preto je sv. J\u00e1n Kristite\u013e na ikonostase slovansk\u00e9ho typu v\u00a0p\u00e1se Deisis hne\u010f pri Kristovi. V\u00a0r\u00e1mci t\u00fd\u017ed\u0148a, ak nie je in\u00fd predpis, je pravideln\u00e1 spomienka na sv. J\u00e1na Krista v\u00a0utorok.<\/p>\n<p><em>\u201eSv\u00e4t\u00fd J\u00e1n Krstite\u013e, pros Boha za n\u00e1s hrie\u0161nych.\u201c<\/em><\/p>\n","protected":false},"excerpt":{"rendered":"<p>Sviatok Narodenie sv. J\u00e1na Krstite\u013ea\u00a0je najv\u00e4\u010d\u0161\u00edm sviatkom tohto sv\u00e4tca. Podobne ako sviatok jeho po\u010datia, aj tento sviatok sa sl\u00e1vil u\u017e v 4. storo\u010d\u00ed. Pou\u010dn\u00e9 slovo na tento sviatok nach\u00e1dzame u sv. J\u00e1na Zlato\u00fasteho, sv. Ambr\u00f3za i sv. August\u00edna. Sv. August\u00edn vo svojej hom\u00edlii na tento de\u0148 hovor\u00ed: \u201eCirkev sl\u00e1vi J\u00e1novo narodenie ako nie\u010do sv\u00e4t\u00e9. K\u00fdm [&hellip;]<\/p>\n","protected":false},"author":2,"featured_media":1274,"comment_status":"closed","ping_status":"closed","sticky":false,"template":"","format":"standard","meta":{"_coblocks_attr":"","_coblocks_dimensions":"","_coblocks_responsive_height":"","_coblocks_accordion_ie_support":"","footnotes":""},"categories":[3],"tags":[],"class_list":["post-1273","post","type-post","status-publish","format-standard","has-post-thumbnail","hentry","category-prihovor"],"yoast_head":"<!-- This site is optimized with the Yoast SEO plugin v27.4 - https:\/\/yoast.com\/product\/yoast-seo-wordpress\/ -->\n<title>Narodenie sv. J\u00e1na Krstite\u013ea - GR\u00c9CKOKATOL\u00cdCKA CIRKEV FARNOS\u0164 KO\u0160ICE - STAR\u00c9 MESTO<\/title>\n<meta name=\"robots\" content=\"index, follow, max-snippet:-1, max-image-preview:large, max-video-preview:-1\" \/>\n<link rel=\"canonical\" href=\"https:\/\/kestaremesto.grkatke.sk\/?p=1273\" \/>\n<meta property=\"og:locale\" content=\"sk_SK\" \/>\n<meta property=\"og:type\" content=\"article\" \/>\n<meta property=\"og:title\" content=\"Narodenie sv. J\u00e1na Krstite\u013ea - GR\u00c9CKOKATOL\u00cdCKA CIRKEV FARNOS\u0164 KO\u0160ICE - STAR\u00c9 MESTO\" \/>\n<meta property=\"og:description\" content=\"Sviatok Narodenie sv. J\u00e1na Krstite\u013ea\u00a0je najv\u00e4\u010d\u0161\u00edm sviatkom tohto sv\u00e4tca. Podobne ako sviatok jeho po\u010datia, aj tento sviatok sa sl\u00e1vil u\u017e v 4. storo\u010d\u00ed. Pou\u010dn\u00e9 slovo na tento sviatok nach\u00e1dzame u sv. J\u00e1na Zlato\u00fasteho, sv. Ambr\u00f3za i sv. August\u00edna. Sv. August\u00edn vo svojej hom\u00edlii na tento de\u0148 hovor\u00ed: \u201eCirkev sl\u00e1vi J\u00e1novo narodenie ako nie\u010do sv\u00e4t\u00e9. K\u00fdm [&hellip;]\" \/>\n<meta property=\"og:url\" content=\"https:\/\/kestaremesto.grkatke.sk\/?p=1273\" \/>\n<meta property=\"og:site_name\" content=\"GR\u00c9CKOKATOL\u00cdCKA CIRKEV FARNOS\u0164 KO\u0160ICE - STAR\u00c9 MESTO\" \/>\n<meta property=\"article:publisher\" content=\"https:\/\/www.facebook.com\/Na%c5%a1a-Katedr%c3%a1la-231637610336060\/\" \/>\n<meta property=\"article:published_time\" content=\"2018-06-17T05:03:04+00:00\" \/>\n<meta property=\"og:image\" content=\"https:\/\/kestaremesto.grkatke.sk\/wp-content\/uploads\/2018\/06\/052IMG_1853-copy-e1529211768737.jpeg\" \/>\n\t<meta property=\"og:image:width\" content=\"910\" \/>\n\t<meta property=\"og:image:height\" content=\"910\" \/>\n\t<meta property=\"og:image:type\" content=\"image\/jpeg\" \/>\n<meta name=\"author\" content=\"administr\u00e1tor\" \/>\n<meta name=\"twitter:card\" content=\"summary_large_image\" \/>\n<meta name=\"twitter:label1\" content=\"Autor\" \/>\n\t<meta name=\"twitter:data1\" content=\"administr\u00e1tor\" \/>\n\t<meta name=\"twitter:label2\" content=\"Predpokladan\u00fd \u010das \u010d\u00edtania\" \/>\n\t<meta name=\"twitter:data2\" content=\"2 min\u00faty\" \/>\n<script type=\"application\/ld+json\" class=\"yoast-schema-graph\">{\"@context\":\"https:\\\/\\\/schema.org\",\"@graph\":[{\"@type\":\"Article\",\"@id\":\"https:\\\/\\\/kestaremesto.grkatke.sk\\\/?p=1273#article\",\"isPartOf\":{\"@id\":\"https:\\\/\\\/kestaremesto.grkatke.sk\\\/?p=1273\"},\"author\":{\"name\":\"administr\u00e1tor\",\"@id\":\"https:\\\/\\\/kestaremesto.grkatke.sk\\\/#\\\/schema\\\/person\\\/86c8e7e5841259082af5c5b227e0d69b\"},\"headline\":\"Narodenie sv. J\u00e1na Krstite\u013ea\",\"datePublished\":\"2018-06-17T05:03:04+00:00\",\"mainEntityOfPage\":{\"@id\":\"https:\\\/\\\/kestaremesto.grkatke.sk\\\/?p=1273\"},\"wordCount\":415,\"image\":{\"@id\":\"https:\\\/\\\/kestaremesto.grkatke.sk\\\/?p=1273#primaryimage\"},\"thumbnailUrl\":\"https:\\\/\\\/kestaremesto.grkatke.sk\\\/wp-content\\\/uploads\\\/2018\\\/06\\\/052IMG_1853-copy-e1529211768737.jpeg\",\"articleSection\":[\"Pr\u00edhovor\"],\"inLanguage\":\"sk-SK\"},{\"@type\":\"WebPage\",\"@id\":\"https:\\\/\\\/kestaremesto.grkatke.sk\\\/?p=1273\",\"url\":\"https:\\\/\\\/kestaremesto.grkatke.sk\\\/?p=1273\",\"name\":\"Narodenie sv. J\u00e1na Krstite\u013ea - GR\u00c9CKOKATOL\u00cdCKA CIRKEV FARNOS\u0164 KO\u0160ICE - STAR\u00c9 MESTO\",\"isPartOf\":{\"@id\":\"https:\\\/\\\/kestaremesto.grkatke.sk\\\/#website\"},\"primaryImageOfPage\":{\"@id\":\"https:\\\/\\\/kestaremesto.grkatke.sk\\\/?p=1273#primaryimage\"},\"image\":{\"@id\":\"https:\\\/\\\/kestaremesto.grkatke.sk\\\/?p=1273#primaryimage\"},\"thumbnailUrl\":\"https:\\\/\\\/kestaremesto.grkatke.sk\\\/wp-content\\\/uploads\\\/2018\\\/06\\\/052IMG_1853-copy-e1529211768737.jpeg\",\"datePublished\":\"2018-06-17T05:03:04+00:00\",\"author\":{\"@id\":\"https:\\\/\\\/kestaremesto.grkatke.sk\\\/#\\\/schema\\\/person\\\/86c8e7e5841259082af5c5b227e0d69b\"},\"breadcrumb\":{\"@id\":\"https:\\\/\\\/kestaremesto.grkatke.sk\\\/?p=1273#breadcrumb\"},\"inLanguage\":\"sk-SK\",\"potentialAction\":[{\"@type\":\"ReadAction\",\"target\":[\"https:\\\/\\\/kestaremesto.grkatke.sk\\\/?p=1273\"]}]},{\"@type\":\"ImageObject\",\"inLanguage\":\"sk-SK\",\"@id\":\"https:\\\/\\\/kestaremesto.grkatke.sk\\\/?p=1273#primaryimage\",\"url\":\"https:\\\/\\\/kestaremesto.grkatke.sk\\\/wp-content\\\/uploads\\\/2018\\\/06\\\/052IMG_1853-copy-e1529211768737.jpeg\",\"contentUrl\":\"https:\\\/\\\/kestaremesto.grkatke.sk\\\/wp-content\\\/uploads\\\/2018\\\/06\\\/052IMG_1853-copy-e1529211768737.jpeg\",\"width\":910,\"height\":910},{\"@type\":\"BreadcrumbList\",\"@id\":\"https:\\\/\\\/kestaremesto.grkatke.sk\\\/?p=1273#breadcrumb\",\"itemListElement\":[{\"@type\":\"ListItem\",\"position\":1,\"name\":\"Domovsk\u00e1 str\u00e1nka\",\"item\":\"https:\\\/\\\/kestaremesto.grkatke.sk\\\/\"},{\"@type\":\"ListItem\",\"position\":2,\"name\":\"Narodenie sv. J\u00e1na Krstite\u013ea\"}]},{\"@type\":\"WebSite\",\"@id\":\"https:\\\/\\\/kestaremesto.grkatke.sk\\\/#website\",\"url\":\"https:\\\/\\\/kestaremesto.grkatke.sk\\\/\",\"name\":\"GR\u00c9CKOKATOL\u00cdCKA CIRKEV FARNOS\u0164 KO\u0160ICE - STAR\u00c9 MESTO\",\"description\":\"\",\"potentialAction\":[{\"@type\":\"SearchAction\",\"target\":{\"@type\":\"EntryPoint\",\"urlTemplate\":\"https:\\\/\\\/kestaremesto.grkatke.sk\\\/?s={search_term_string}\"},\"query-input\":{\"@type\":\"PropertyValueSpecification\",\"valueRequired\":true,\"valueName\":\"search_term_string\"}}],\"inLanguage\":\"sk-SK\"},{\"@type\":\"Person\",\"@id\":\"https:\\\/\\\/kestaremesto.grkatke.sk\\\/#\\\/schema\\\/person\\\/86c8e7e5841259082af5c5b227e0d69b\",\"name\":\"administr\u00e1tor\",\"url\":\"https:\\\/\\\/kestaremesto.grkatke.sk\\\/?author=2\"}]}<\/script>\n<!-- \/ Yoast SEO plugin. -->","yoast_head_json":{"title":"Narodenie sv. J\u00e1na Krstite\u013ea - GR\u00c9CKOKATOL\u00cdCKA CIRKEV FARNOS\u0164 KO\u0160ICE - STAR\u00c9 MESTO","robots":{"index":"index","follow":"follow","max-snippet":"max-snippet:-1","max-image-preview":"max-image-preview:large","max-video-preview":"max-video-preview:-1"},"canonical":"https:\/\/kestaremesto.grkatke.sk\/?p=1273","og_locale":"sk_SK","og_type":"article","og_title":"Narodenie sv. J\u00e1na Krstite\u013ea - GR\u00c9CKOKATOL\u00cdCKA CIRKEV FARNOS\u0164 KO\u0160ICE - STAR\u00c9 MESTO","og_description":"Sviatok Narodenie sv. J\u00e1na Krstite\u013ea\u00a0je najv\u00e4\u010d\u0161\u00edm sviatkom tohto sv\u00e4tca. Podobne ako sviatok jeho po\u010datia, aj tento sviatok sa sl\u00e1vil u\u017e v 4. storo\u010d\u00ed. Pou\u010dn\u00e9 slovo na tento sviatok nach\u00e1dzame u sv. J\u00e1na Zlato\u00fasteho, sv. Ambr\u00f3za i sv. August\u00edna. Sv. August\u00edn vo svojej hom\u00edlii na tento de\u0148 hovor\u00ed: \u201eCirkev sl\u00e1vi J\u00e1novo narodenie ako nie\u010do sv\u00e4t\u00e9. K\u00fdm [&hellip;]","og_url":"https:\/\/kestaremesto.grkatke.sk\/?p=1273","og_site_name":"GR\u00c9CKOKATOL\u00cdCKA CIRKEV FARNOS\u0164 KO\u0160ICE - STAR\u00c9 MESTO","article_publisher":"https:\/\/www.facebook.com\/Na%c5%a1a-Katedr%c3%a1la-231637610336060\/","article_published_time":"2018-06-17T05:03:04+00:00","og_image":[{"width":910,"height":910,"url":"https:\/\/kestaremesto.grkatke.sk\/wp-content\/uploads\/2018\/06\/052IMG_1853-copy-e1529211768737.jpeg","type":"image\/jpeg"}],"author":"administr\u00e1tor","twitter_card":"summary_large_image","twitter_misc":{"Autor":"administr\u00e1tor","Predpokladan\u00fd \u010das \u010d\u00edtania":"2 min\u00faty"},"schema":{"@context":"https:\/\/schema.org","@graph":[{"@type":"Article","@id":"https:\/\/kestaremesto.grkatke.sk\/?p=1273#article","isPartOf":{"@id":"https:\/\/kestaremesto.grkatke.sk\/?p=1273"},"author":{"name":"administr\u00e1tor","@id":"https:\/\/kestaremesto.grkatke.sk\/#\/schema\/person\/86c8e7e5841259082af5c5b227e0d69b"},"headline":"Narodenie sv. J\u00e1na Krstite\u013ea","datePublished":"2018-06-17T05:03:04+00:00","mainEntityOfPage":{"@id":"https:\/\/kestaremesto.grkatke.sk\/?p=1273"},"wordCount":415,"image":{"@id":"https:\/\/kestaremesto.grkatke.sk\/?p=1273#primaryimage"},"thumbnailUrl":"https:\/\/kestaremesto.grkatke.sk\/wp-content\/uploads\/2018\/06\/052IMG_1853-copy-e1529211768737.jpeg","articleSection":["Pr\u00edhovor"],"inLanguage":"sk-SK"},{"@type":"WebPage","@id":"https:\/\/kestaremesto.grkatke.sk\/?p=1273","url":"https:\/\/kestaremesto.grkatke.sk\/?p=1273","name":"Narodenie sv. J\u00e1na Krstite\u013ea - GR\u00c9CKOKATOL\u00cdCKA CIRKEV FARNOS\u0164 KO\u0160ICE - STAR\u00c9 MESTO","isPartOf":{"@id":"https:\/\/kestaremesto.grkatke.sk\/#website"},"primaryImageOfPage":{"@id":"https:\/\/kestaremesto.grkatke.sk\/?p=1273#primaryimage"},"image":{"@id":"https:\/\/kestaremesto.grkatke.sk\/?p=1273#primaryimage"},"thumbnailUrl":"https:\/\/kestaremesto.grkatke.sk\/wp-content\/uploads\/2018\/06\/052IMG_1853-copy-e1529211768737.jpeg","datePublished":"2018-06-17T05:03:04+00:00","author":{"@id":"https:\/\/kestaremesto.grkatke.sk\/#\/schema\/person\/86c8e7e5841259082af5c5b227e0d69b"},"breadcrumb":{"@id":"https:\/\/kestaremesto.grkatke.sk\/?p=1273#breadcrumb"},"inLanguage":"sk-SK","potentialAction":[{"@type":"ReadAction","target":["https:\/\/kestaremesto.grkatke.sk\/?p=1273"]}]},{"@type":"ImageObject","inLanguage":"sk-SK","@id":"https:\/\/kestaremesto.grkatke.sk\/?p=1273#primaryimage","url":"https:\/\/kestaremesto.grkatke.sk\/wp-content\/uploads\/2018\/06\/052IMG_1853-copy-e1529211768737.jpeg","contentUrl":"https:\/\/kestaremesto.grkatke.sk\/wp-content\/uploads\/2018\/06\/052IMG_1853-copy-e1529211768737.jpeg","width":910,"height":910},{"@type":"BreadcrumbList","@id":"https:\/\/kestaremesto.grkatke.sk\/?p=1273#breadcrumb","itemListElement":[{"@type":"ListItem","position":1,"name":"Domovsk\u00e1 str\u00e1nka","item":"https:\/\/kestaremesto.grkatke.sk\/"},{"@type":"ListItem","position":2,"name":"Narodenie sv. J\u00e1na Krstite\u013ea"}]},{"@type":"WebSite","@id":"https:\/\/kestaremesto.grkatke.sk\/#website","url":"https:\/\/kestaremesto.grkatke.sk\/","name":"GR\u00c9CKOKATOL\u00cdCKA CIRKEV FARNOS\u0164 KO\u0160ICE - STAR\u00c9 MESTO","description":"","potentialAction":[{"@type":"SearchAction","target":{"@type":"EntryPoint","urlTemplate":"https:\/\/kestaremesto.grkatke.sk\/?s={search_term_string}"},"query-input":{"@type":"PropertyValueSpecification","valueRequired":true,"valueName":"search_term_string"}}],"inLanguage":"sk-SK"},{"@type":"Person","@id":"https:\/\/kestaremesto.grkatke.sk\/#\/schema\/person\/86c8e7e5841259082af5c5b227e0d69b","name":"administr\u00e1tor","url":"https:\/\/kestaremesto.grkatke.sk\/?author=2"}]}},"_links":{"self":[{"href":"https:\/\/kestaremesto.grkatke.sk\/index.php?rest_route=\/wp\/v2\/posts\/1273","targetHints":{"allow":["GET"]}}],"collection":[{"href":"https:\/\/kestaremesto.grkatke.sk\/index.php?rest_route=\/wp\/v2\/posts"}],"about":[{"href":"https:\/\/kestaremesto.grkatke.sk\/index.php?rest_route=\/wp\/v2\/types\/post"}],"author":[{"embeddable":true,"href":"https:\/\/kestaremesto.grkatke.sk\/index.php?rest_route=\/wp\/v2\/users\/2"}],"replies":[{"embeddable":true,"href":"https:\/\/kestaremesto.grkatke.sk\/index.php?rest_route=%2Fwp%2Fv2%2Fcomments&post=1273"}],"version-history":[{"count":1,"href":"https:\/\/kestaremesto.grkatke.sk\/index.php?rest_route=\/wp\/v2\/posts\/1273\/revisions"}],"predecessor-version":[{"id":1275,"href":"https:\/\/kestaremesto.grkatke.sk\/index.php?rest_route=\/wp\/v2\/posts\/1273\/revisions\/1275"}],"wp:featuredmedia":[{"embeddable":true,"href":"https:\/\/kestaremesto.grkatke.sk\/index.php?rest_route=\/wp\/v2\/media\/1274"}],"wp:attachment":[{"href":"https:\/\/kestaremesto.grkatke.sk\/index.php?rest_route=%2Fwp%2Fv2%2Fmedia&parent=1273"}],"wp:term":[{"taxonomy":"category","embeddable":true,"href":"https:\/\/kestaremesto.grkatke.sk\/index.php?rest_route=%2Fwp%2Fv2%2Fcategories&post=1273"},{"taxonomy":"post_tag","embeddable":true,"href":"https:\/\/kestaremesto.grkatke.sk\/index.php?rest_route=%2Fwp%2Fv2%2Ftags&post=1273"}],"curies":[{"name":"wp","href":"https:\/\/api.w.org\/{rel}","templated":true}]}}