{"id":1311,"date":"2018-08-26T07:00:55","date_gmt":"2018-08-26T05:00:55","guid":{"rendered":"https:\/\/kestaremesto.grkatke.sk\/?p=1311"},"modified":"2018-08-26T07:01:10","modified_gmt":"2018-08-26T05:01:10","slug":"oslavme-narodeniny-najlepsej-matky","status":"publish","type":"post","link":"https:\/\/kestaremesto.grkatke.sk\/?p=1311","title":{"rendered":"Osl\u00e1vme narodeniny najlep\u0161ej Matky"},"content":{"rendered":"<p>Oslava naroden\u00edn je pr\u00edle\u017eitos\u0165ou k\u00a0stretnutiu v\u00a0rodinnom kruhu. Je pr\u00edle\u017eitos\u0165ou k\u00a0upevneniu dobr\u00fdch vz\u0165ahov, preto\u017ee zo vz\u0165ahov \u010dlovek \u017eije.<\/p>\n<p>Za\u010diatkom septembra je u\u017e tradi\u010dne v\u00a0ko\u0161ickej katedr\u00e1le eparchi\u00e1lna odpustov\u00e1 sl\u00e1vnos\u0165 <em>Narodenia Presv\u00e4tej Bohorodi\u010dky<\/em>. Je to pr\u00edle\u017eitos\u0165 prija\u0165 pozvanie Matky, ktor\u00e1 je aj na\u0161ou matkou, nie len Bo\u017eou matkou (porov. Jn 19,26-27). Sv. Alfonz hovor\u00ed: <em>\u201eM\u00e1ria je najne\u017enej\u0161ou Matkou \u013eudsk\u00e9ho pokolenia, je \u00fato\u010diskom hrie\u0161nikov\u201c<\/em>.<\/p>\n<p>Ale aj od det\u00ed mnoho z\u00e1le\u017e\u00ed. \u010ci pr\u00eddu, \u010di maj\u00fa \u00fa\u010das\u0165 na teple materinskej l\u00e1sky. Preto prijmite pozvanie na duchovn\u00fa obnovu a\u00a0odpustov\u00fa sl\u00e1vnos\u0165 v\u00a0katedr\u00e1le. Je to pozvanie na\u0161ej nebeskej Matky, ktor\u00e1 n\u00e1s vedie k\u00a0Synovi, ktor\u00fd jej ni\u010d neodoprie.<\/p>\n<p>Prijmite pozvanie zapo\u010d\u00fava\u0165 sa v\u00a0prostred\u00ed Cirkvi do duchovnej m\u00fadrosti o\u00a0rodine, o\u00a0\u017eivote, o\u00a0rie\u0161eniach, ktor\u00e9 pon\u00faka Boh. A\u00a0vrcholom v\u0161etk\u00e9ho nech je eucharistia, sv. liturgia, kde pred Bo\u017eiu tv\u00e1r prin\u00e1\u0161ame\u00a0svoje ka\u017edodenn\u00e9 n\u00e1mahy a\u00a0pr\u00e1cu, z\u00a0ktorej je chlieb a\u00a0v\u00edno, ktor\u00e9 sa v\u00a0Cirkvi st\u00e1vaj\u00fa Kristom. Tak\u00e9to smerovanie kres\u0165ana je zvl\u00e1\u0161\u0165 dnes nevyhnutn\u00e9. Aby sa nestratil, aby nestratil \u017eivotn\u00fa rados\u0165 a\u00a0smer do plnosti Bo\u017eieho kr\u00e1\u013eovstva.<\/p>\n","protected":false},"excerpt":{"rendered":"<p>Oslava naroden\u00edn je pr\u00edle\u017eitos\u0165ou k\u00a0stretnutiu v\u00a0rodinnom kruhu. Je pr\u00edle\u017eitos\u0165ou k\u00a0upevneniu dobr\u00fdch vz\u0165ahov, preto\u017ee zo vz\u0165ahov \u010dlovek \u017eije. Za\u010diatkom septembra je u\u017e tradi\u010dne v\u00a0ko\u0161ickej katedr\u00e1le eparchi\u00e1lna odpustov\u00e1 sl\u00e1vnos\u0165 Narodenia Presv\u00e4tej Bohorodi\u010dky. Je to pr\u00edle\u017eitos\u0165 prija\u0165 pozvanie Matky, ktor\u00e1 je aj na\u0161ou matkou, nie len Bo\u017eou matkou (porov. Jn 19,26-27). Sv. Alfonz hovor\u00ed: \u201eM\u00e1ria je najne\u017enej\u0161ou Matkou [&hellip;]<\/p>\n","protected":false},"author":2,"featured_media":1312,"comment_status":"closed","ping_status":"closed","sticky":false,"template":"","format":"standard","meta":{"_coblocks_attr":"","_coblocks_dimensions":"","_coblocks_responsive_height":"","_coblocks_accordion_ie_support":"","footnotes":""},"categories":[3],"tags":[],"class_list":["post-1311","post","type-post","status-publish","format-standard","has-post-thumbnail","hentry","category-prihovor"],"yoast_head":"<!-- This site is optimized with the Yoast SEO plugin v27.4 - https:\/\/yoast.com\/product\/yoast-seo-wordpress\/ -->\n<title>Osl\u00e1vme narodeniny najlep\u0161ej Matky - GR\u00c9CKOKATOL\u00cdCKA CIRKEV FARNOS\u0164 KO\u0160ICE - STAR\u00c9 MESTO<\/title>\n<meta name=\"robots\" content=\"index, follow, max-snippet:-1, max-image-preview:large, max-video-preview:-1\" \/>\n<link rel=\"canonical\" href=\"https:\/\/kestaremesto.grkatke.sk\/?p=1311\" \/>\n<meta property=\"og:locale\" content=\"sk_SK\" \/>\n<meta property=\"og:type\" content=\"article\" \/>\n<meta property=\"og:title\" content=\"Osl\u00e1vme narodeniny najlep\u0161ej Matky - GR\u00c9CKOKATOL\u00cdCKA CIRKEV FARNOS\u0164 KO\u0160ICE - STAR\u00c9 MESTO\" \/>\n<meta property=\"og:description\" content=\"Oslava naroden\u00edn je pr\u00edle\u017eitos\u0165ou k\u00a0stretnutiu v\u00a0rodinnom kruhu. Je pr\u00edle\u017eitos\u0165ou k\u00a0upevneniu dobr\u00fdch vz\u0165ahov, preto\u017ee zo vz\u0165ahov \u010dlovek \u017eije. Za\u010diatkom septembra je u\u017e tradi\u010dne v\u00a0ko\u0161ickej katedr\u00e1le eparchi\u00e1lna odpustov\u00e1 sl\u00e1vnos\u0165 Narodenia Presv\u00e4tej Bohorodi\u010dky. Je to pr\u00edle\u017eitos\u0165 prija\u0165 pozvanie Matky, ktor\u00e1 je aj na\u0161ou matkou, nie len Bo\u017eou matkou (porov. Jn 19,26-27). Sv. Alfonz hovor\u00ed: \u201eM\u00e1ria je najne\u017enej\u0161ou Matkou [&hellip;]\" \/>\n<meta property=\"og:url\" content=\"https:\/\/kestaremesto.grkatke.sk\/?p=1311\" \/>\n<meta property=\"og:site_name\" content=\"GR\u00c9CKOKATOL\u00cdCKA CIRKEV FARNOS\u0164 KO\u0160ICE - STAR\u00c9 MESTO\" \/>\n<meta property=\"article:publisher\" content=\"https:\/\/www.facebook.com\/Na%c5%a1a-Katedr%c3%a1la-231637610336060\/\" \/>\n<meta property=\"article:published_time\" content=\"2018-08-26T05:00:55+00:00\" \/>\n<meta property=\"article:modified_time\" content=\"2018-08-26T05:01:10+00:00\" \/>\n<meta property=\"og:image\" content=\"https:\/\/kestaremesto.grkatke.sk\/wp-content\/uploads\/2018\/08\/bohorodicka1.jpg\" \/>\n\t<meta property=\"og:image:width\" content=\"768\" \/>\n\t<meta property=\"og:image:height\" content=\"1004\" \/>\n\t<meta property=\"og:image:type\" content=\"image\/jpeg\" \/>\n<meta name=\"author\" content=\"administr\u00e1tor\" \/>\n<meta name=\"twitter:card\" content=\"summary_large_image\" \/>\n<meta name=\"twitter:label1\" content=\"Autor\" \/>\n\t<meta name=\"twitter:data1\" content=\"administr\u00e1tor\" \/>\n\t<meta name=\"twitter:label2\" content=\"Predpokladan\u00fd \u010das \u010d\u00edtania\" \/>\n\t<meta name=\"twitter:data2\" content=\"1 min\u00fata\" \/>\n<script type=\"application\/ld+json\" class=\"yoast-schema-graph\">{\"@context\":\"https:\\\/\\\/schema.org\",\"@graph\":[{\"@type\":\"Article\",\"@id\":\"https:\\\/\\\/kestaremesto.grkatke.sk\\\/?p=1311#article\",\"isPartOf\":{\"@id\":\"https:\\\/\\\/kestaremesto.grkatke.sk\\\/?p=1311\"},\"author\":{\"name\":\"administr\u00e1tor\",\"@id\":\"https:\\\/\\\/kestaremesto.grkatke.sk\\\/#\\\/schema\\\/person\\\/86c8e7e5841259082af5c5b227e0d69b\"},\"headline\":\"Osl\u00e1vme narodeniny najlep\u0161ej Matky\",\"datePublished\":\"2018-08-26T05:00:55+00:00\",\"dateModified\":\"2018-08-26T05:01:10+00:00\",\"mainEntityOfPage\":{\"@id\":\"https:\\\/\\\/kestaremesto.grkatke.sk\\\/?p=1311\"},\"wordCount\":234,\"image\":{\"@id\":\"https:\\\/\\\/kestaremesto.grkatke.sk\\\/?p=1311#primaryimage\"},\"thumbnailUrl\":\"https:\\\/\\\/kestaremesto.grkatke.sk\\\/wp-content\\\/uploads\\\/2018\\\/08\\\/bohorodicka1.jpg\",\"articleSection\":[\"Pr\u00edhovor\"],\"inLanguage\":\"sk-SK\"},{\"@type\":\"WebPage\",\"@id\":\"https:\\\/\\\/kestaremesto.grkatke.sk\\\/?p=1311\",\"url\":\"https:\\\/\\\/kestaremesto.grkatke.sk\\\/?p=1311\",\"name\":\"Osl\u00e1vme narodeniny najlep\u0161ej Matky - GR\u00c9CKOKATOL\u00cdCKA CIRKEV FARNOS\u0164 KO\u0160ICE - STAR\u00c9 MESTO\",\"isPartOf\":{\"@id\":\"https:\\\/\\\/kestaremesto.grkatke.sk\\\/#website\"},\"primaryImageOfPage\":{\"@id\":\"https:\\\/\\\/kestaremesto.grkatke.sk\\\/?p=1311#primaryimage\"},\"image\":{\"@id\":\"https:\\\/\\\/kestaremesto.grkatke.sk\\\/?p=1311#primaryimage\"},\"thumbnailUrl\":\"https:\\\/\\\/kestaremesto.grkatke.sk\\\/wp-content\\\/uploads\\\/2018\\\/08\\\/bohorodicka1.jpg\",\"datePublished\":\"2018-08-26T05:00:55+00:00\",\"dateModified\":\"2018-08-26T05:01:10+00:00\",\"author\":{\"@id\":\"https:\\\/\\\/kestaremesto.grkatke.sk\\\/#\\\/schema\\\/person\\\/86c8e7e5841259082af5c5b227e0d69b\"},\"breadcrumb\":{\"@id\":\"https:\\\/\\\/kestaremesto.grkatke.sk\\\/?p=1311#breadcrumb\"},\"inLanguage\":\"sk-SK\",\"potentialAction\":[{\"@type\":\"ReadAction\",\"target\":[\"https:\\\/\\\/kestaremesto.grkatke.sk\\\/?p=1311\"]}]},{\"@type\":\"ImageObject\",\"inLanguage\":\"sk-SK\",\"@id\":\"https:\\\/\\\/kestaremesto.grkatke.sk\\\/?p=1311#primaryimage\",\"url\":\"https:\\\/\\\/kestaremesto.grkatke.sk\\\/wp-content\\\/uploads\\\/2018\\\/08\\\/bohorodicka1.jpg\",\"contentUrl\":\"https:\\\/\\\/kestaremesto.grkatke.sk\\\/wp-content\\\/uploads\\\/2018\\\/08\\\/bohorodicka1.jpg\",\"width\":768,\"height\":1004},{\"@type\":\"BreadcrumbList\",\"@id\":\"https:\\\/\\\/kestaremesto.grkatke.sk\\\/?p=1311#breadcrumb\",\"itemListElement\":[{\"@type\":\"ListItem\",\"position\":1,\"name\":\"Domovsk\u00e1 str\u00e1nka\",\"item\":\"https:\\\/\\\/kestaremesto.grkatke.sk\\\/\"},{\"@type\":\"ListItem\",\"position\":2,\"name\":\"Osl\u00e1vme narodeniny najlep\u0161ej Matky\"}]},{\"@type\":\"WebSite\",\"@id\":\"https:\\\/\\\/kestaremesto.grkatke.sk\\\/#website\",\"url\":\"https:\\\/\\\/kestaremesto.grkatke.sk\\\/\",\"name\":\"GR\u00c9CKOKATOL\u00cdCKA CIRKEV FARNOS\u0164 KO\u0160ICE - STAR\u00c9 MESTO\",\"description\":\"\",\"potentialAction\":[{\"@type\":\"SearchAction\",\"target\":{\"@type\":\"EntryPoint\",\"urlTemplate\":\"https:\\\/\\\/kestaremesto.grkatke.sk\\\/?s={search_term_string}\"},\"query-input\":{\"@type\":\"PropertyValueSpecification\",\"valueRequired\":true,\"valueName\":\"search_term_string\"}}],\"inLanguage\":\"sk-SK\"},{\"@type\":\"Person\",\"@id\":\"https:\\\/\\\/kestaremesto.grkatke.sk\\\/#\\\/schema\\\/person\\\/86c8e7e5841259082af5c5b227e0d69b\",\"name\":\"administr\u00e1tor\",\"url\":\"https:\\\/\\\/kestaremesto.grkatke.sk\\\/?author=2\"}]}<\/script>\n<!-- \/ Yoast SEO plugin. -->","yoast_head_json":{"title":"Osl\u00e1vme narodeniny najlep\u0161ej Matky - GR\u00c9CKOKATOL\u00cdCKA CIRKEV FARNOS\u0164 KO\u0160ICE - STAR\u00c9 MESTO","robots":{"index":"index","follow":"follow","max-snippet":"max-snippet:-1","max-image-preview":"max-image-preview:large","max-video-preview":"max-video-preview:-1"},"canonical":"https:\/\/kestaremesto.grkatke.sk\/?p=1311","og_locale":"sk_SK","og_type":"article","og_title":"Osl\u00e1vme narodeniny najlep\u0161ej Matky - GR\u00c9CKOKATOL\u00cdCKA CIRKEV FARNOS\u0164 KO\u0160ICE - STAR\u00c9 MESTO","og_description":"Oslava naroden\u00edn je pr\u00edle\u017eitos\u0165ou k\u00a0stretnutiu v\u00a0rodinnom kruhu. Je pr\u00edle\u017eitos\u0165ou k\u00a0upevneniu dobr\u00fdch vz\u0165ahov, preto\u017ee zo vz\u0165ahov \u010dlovek \u017eije. Za\u010diatkom septembra je u\u017e tradi\u010dne v\u00a0ko\u0161ickej katedr\u00e1le eparchi\u00e1lna odpustov\u00e1 sl\u00e1vnos\u0165 Narodenia Presv\u00e4tej Bohorodi\u010dky. Je to pr\u00edle\u017eitos\u0165 prija\u0165 pozvanie Matky, ktor\u00e1 je aj na\u0161ou matkou, nie len Bo\u017eou matkou (porov. Jn 19,26-27). Sv. Alfonz hovor\u00ed: \u201eM\u00e1ria je najne\u017enej\u0161ou Matkou [&hellip;]","og_url":"https:\/\/kestaremesto.grkatke.sk\/?p=1311","og_site_name":"GR\u00c9CKOKATOL\u00cdCKA CIRKEV FARNOS\u0164 KO\u0160ICE - STAR\u00c9 MESTO","article_publisher":"https:\/\/www.facebook.com\/Na%c5%a1a-Katedr%c3%a1la-231637610336060\/","article_published_time":"2018-08-26T05:00:55+00:00","article_modified_time":"2018-08-26T05:01:10+00:00","og_image":[{"width":768,"height":1004,"url":"https:\/\/kestaremesto.grkatke.sk\/wp-content\/uploads\/2018\/08\/bohorodicka1.jpg","type":"image\/jpeg"}],"author":"administr\u00e1tor","twitter_card":"summary_large_image","twitter_misc":{"Autor":"administr\u00e1tor","Predpokladan\u00fd \u010das \u010d\u00edtania":"1 min\u00fata"},"schema":{"@context":"https:\/\/schema.org","@graph":[{"@type":"Article","@id":"https:\/\/kestaremesto.grkatke.sk\/?p=1311#article","isPartOf":{"@id":"https:\/\/kestaremesto.grkatke.sk\/?p=1311"},"author":{"name":"administr\u00e1tor","@id":"https:\/\/kestaremesto.grkatke.sk\/#\/schema\/person\/86c8e7e5841259082af5c5b227e0d69b"},"headline":"Osl\u00e1vme narodeniny najlep\u0161ej Matky","datePublished":"2018-08-26T05:00:55+00:00","dateModified":"2018-08-26T05:01:10+00:00","mainEntityOfPage":{"@id":"https:\/\/kestaremesto.grkatke.sk\/?p=1311"},"wordCount":234,"image":{"@id":"https:\/\/kestaremesto.grkatke.sk\/?p=1311#primaryimage"},"thumbnailUrl":"https:\/\/kestaremesto.grkatke.sk\/wp-content\/uploads\/2018\/08\/bohorodicka1.jpg","articleSection":["Pr\u00edhovor"],"inLanguage":"sk-SK"},{"@type":"WebPage","@id":"https:\/\/kestaremesto.grkatke.sk\/?p=1311","url":"https:\/\/kestaremesto.grkatke.sk\/?p=1311","name":"Osl\u00e1vme narodeniny najlep\u0161ej Matky - GR\u00c9CKOKATOL\u00cdCKA CIRKEV FARNOS\u0164 KO\u0160ICE - STAR\u00c9 MESTO","isPartOf":{"@id":"https:\/\/kestaremesto.grkatke.sk\/#website"},"primaryImageOfPage":{"@id":"https:\/\/kestaremesto.grkatke.sk\/?p=1311#primaryimage"},"image":{"@id":"https:\/\/kestaremesto.grkatke.sk\/?p=1311#primaryimage"},"thumbnailUrl":"https:\/\/kestaremesto.grkatke.sk\/wp-content\/uploads\/2018\/08\/bohorodicka1.jpg","datePublished":"2018-08-26T05:00:55+00:00","dateModified":"2018-08-26T05:01:10+00:00","author":{"@id":"https:\/\/kestaremesto.grkatke.sk\/#\/schema\/person\/86c8e7e5841259082af5c5b227e0d69b"},"breadcrumb":{"@id":"https:\/\/kestaremesto.grkatke.sk\/?p=1311#breadcrumb"},"inLanguage":"sk-SK","potentialAction":[{"@type":"ReadAction","target":["https:\/\/kestaremesto.grkatke.sk\/?p=1311"]}]},{"@type":"ImageObject","inLanguage":"sk-SK","@id":"https:\/\/kestaremesto.grkatke.sk\/?p=1311#primaryimage","url":"https:\/\/kestaremesto.grkatke.sk\/wp-content\/uploads\/2018\/08\/bohorodicka1.jpg","contentUrl":"https:\/\/kestaremesto.grkatke.sk\/wp-content\/uploads\/2018\/08\/bohorodicka1.jpg","width":768,"height":1004},{"@type":"BreadcrumbList","@id":"https:\/\/kestaremesto.grkatke.sk\/?p=1311#breadcrumb","itemListElement":[{"@type":"ListItem","position":1,"name":"Domovsk\u00e1 str\u00e1nka","item":"https:\/\/kestaremesto.grkatke.sk\/"},{"@type":"ListItem","position":2,"name":"Osl\u00e1vme narodeniny najlep\u0161ej Matky"}]},{"@type":"WebSite","@id":"https:\/\/kestaremesto.grkatke.sk\/#website","url":"https:\/\/kestaremesto.grkatke.sk\/","name":"GR\u00c9CKOKATOL\u00cdCKA CIRKEV FARNOS\u0164 KO\u0160ICE - STAR\u00c9 MESTO","description":"","potentialAction":[{"@type":"SearchAction","target":{"@type":"EntryPoint","urlTemplate":"https:\/\/kestaremesto.grkatke.sk\/?s={search_term_string}"},"query-input":{"@type":"PropertyValueSpecification","valueRequired":true,"valueName":"search_term_string"}}],"inLanguage":"sk-SK"},{"@type":"Person","@id":"https:\/\/kestaremesto.grkatke.sk\/#\/schema\/person\/86c8e7e5841259082af5c5b227e0d69b","name":"administr\u00e1tor","url":"https:\/\/kestaremesto.grkatke.sk\/?author=2"}]}},"_links":{"self":[{"href":"https:\/\/kestaremesto.grkatke.sk\/index.php?rest_route=\/wp\/v2\/posts\/1311","targetHints":{"allow":["GET"]}}],"collection":[{"href":"https:\/\/kestaremesto.grkatke.sk\/index.php?rest_route=\/wp\/v2\/posts"}],"about":[{"href":"https:\/\/kestaremesto.grkatke.sk\/index.php?rest_route=\/wp\/v2\/types\/post"}],"author":[{"embeddable":true,"href":"https:\/\/kestaremesto.grkatke.sk\/index.php?rest_route=\/wp\/v2\/users\/2"}],"replies":[{"embeddable":true,"href":"https:\/\/kestaremesto.grkatke.sk\/index.php?rest_route=%2Fwp%2Fv2%2Fcomments&post=1311"}],"version-history":[{"count":1,"href":"https:\/\/kestaremesto.grkatke.sk\/index.php?rest_route=\/wp\/v2\/posts\/1311\/revisions"}],"predecessor-version":[{"id":1313,"href":"https:\/\/kestaremesto.grkatke.sk\/index.php?rest_route=\/wp\/v2\/posts\/1311\/revisions\/1313"}],"wp:featuredmedia":[{"embeddable":true,"href":"https:\/\/kestaremesto.grkatke.sk\/index.php?rest_route=\/wp\/v2\/media\/1312"}],"wp:attachment":[{"href":"https:\/\/kestaremesto.grkatke.sk\/index.php?rest_route=%2Fwp%2Fv2%2Fmedia&parent=1311"}],"wp:term":[{"taxonomy":"category","embeddable":true,"href":"https:\/\/kestaremesto.grkatke.sk\/index.php?rest_route=%2Fwp%2Fv2%2Fcategories&post=1311"},{"taxonomy":"post_tag","embeddable":true,"href":"https:\/\/kestaremesto.grkatke.sk\/index.php?rest_route=%2Fwp%2Fv2%2Ftags&post=1311"}],"curies":[{"name":"wp","href":"https:\/\/api.w.org\/{rel}","templated":true}]}}