{"id":1559,"date":"2019-01-27T06:44:11","date_gmt":"2019-01-27T05:44:11","guid":{"rendered":"https:\/\/kestaremesto.grkatke.sk\/?p=1559"},"modified":"2019-01-27T06:45:26","modified_gmt":"2019-01-27T05:45:26","slug":"stretnutie-pana","status":"publish","type":"post","link":"https:\/\/kestaremesto.grkatke.sk\/?p=1559","title":{"rendered":"Stretnutie P\u00e1na"},"content":{"rendered":"<p>Na bud\u00facu sobotu budeme sl\u00e1vi\u0165 sviatok <em>Stretnutie n\u00e1\u0161ho P\u00e1na Boha a\u00a0Spasite\u013ea Je\u017ei\u0161a Krista<\/em>. Tento sviatok n\u00e1s uv\u00e1dza do udalosti, ktor\u00e1 je op\u00edsan\u00e1 v\u00a0sv\u00e4tom evanjeliu pod\u013ea Luk\u00e1\u0161a (Lk 2, 22-39). O\u00a0tom, \u017ee je to starobyl\u00fd sviatok, pod\u00e1vaj\u00fa svedectvo aj tieto slov\u00e1: \u201e\u0160tyridsiaty de\u0148 po Bohozjaven\u00ed sa tu sl\u00e1vi ozaj ve\u013ek\u00fdmi a sl\u00e1vnostn\u00fdmi obradmi.\u201c Takto n\u00e1m v druhej polovici 4. storo\u010dia p\u00fatni\u010dka Egeria pod\u00e1va svedectvo o sl\u00e1ven\u00ed sviatku <em>Stretnutia P\u00e1na<\/em> v Bazilike Vzkriesenia v\u00a0Jeruzaleme. O\u00a0\u010dosi nesk\u00f4r, teda v 5. a 6. storo\u010d\u00ed, sa sl\u00e1vil u\u017e aj v Alexandrii, Antiochii a Kon\u0161tant\u00ednopole. Na konci 7. storo\u010dia ho v R\u00edme zaviedol p\u00e1pe\u017e Sergej I., ktor\u00fd poch\u00e1dzal z\u00a0oblasti kres\u0165ansk\u00e9ho v\u00fdchodu.<\/p>\n<p>N\u00e1zvom \u201estretnutie\u201c (\u1f51\u03c0\u03b1\u03c0\u03b1\u03bd\u03c4\u1f74) chce byzantsk\u00e1 cirkev v tomto sviatku zd\u00f4razni\u0165 predov\u0161etk\u00fdm stretnutie Je\u017ei\u0161a so starcom Simeonom, toti\u017e stretnutie nov\u00e9ho \u010dloveka so star\u00fdm \u010dlovekom, a naplnenie o\u010dak\u00e1vania cel\u00e9ho \u013eudu Izraela, ktor\u00fd tu reprezentuj\u00fa Simeon a Anna. Sviatok m\u00e1 jeden de\u0148 predsviatku a sedem dn\u00ed posviatku. Ofici\u00e1lne cirkevn\u00e9 modlitby d\u0148a s\u00fa z kristologick\u00e9ho h\u013eadiska ve\u013emi bohat\u00e9 a zd\u00f4raz\u0148uj\u00fa tajomstvo stretnutia vtelen\u00e9ho Bo\u017eieho Slova s \u010dlovekom. \u201eNov\u00e9 die\u0165a\u201c, \u201epredve\u010dn\u00fd Boh\u201c \u2013 ako sme spievali na Narodenie \u2013 ide v \u00fastrety \u010dloveku. Jedna zo stich\u00edr ve\u010dierne sa stala aj spevom obetovania r\u00edmskej liturgie: \u201eOzdob svoj st\u00e1nok, Sion, a prijmi Kr\u00e1\u013ea Krista; bozkom pozdrav M\u00e1riu, nebesk\u00fa br\u00e1nu, preto\u017ee sa stala tr\u00f3nom cherub\u00ednov a nos\u00ed Kr\u00e1\u013ea sl\u00e1vy. Panna je oblakom svetla, preto\u017ee nesie na ruk\u00e1ch syna, ktor\u00fd je pred rannou zorou\u2026\u201c<\/p>\n<p>V\u00a0s\u00favislosti s\u00a0t\u00fdmto sviatkom si polo\u017eme ot\u00e1zku: \u201eStretol som sa s\u00a0Kristom tak, ako spravodliv\u00fd starec Simeon?\u201c Cirkev je privilegovan\u00fdm miestom stretnutia sa s\u00a0Bohom, preto\u017ee Cirkev je jeho mystick\u00e9 telo. Je v\u0161ak aj miesto stretnutia s\u00a0bratmi a\u00a0sestrami vo viere, tak\u017ee \u010dlovek nie je s\u00e1m.<\/p>\n","protected":false},"excerpt":{"rendered":"<p>Na bud\u00facu sobotu budeme sl\u00e1vi\u0165 sviatok Stretnutie n\u00e1\u0161ho P\u00e1na Boha a\u00a0Spasite\u013ea Je\u017ei\u0161a Krista. Tento sviatok n\u00e1s uv\u00e1dza do udalosti, ktor\u00e1 je op\u00edsan\u00e1 v\u00a0sv\u00e4tom evanjeliu pod\u013ea Luk\u00e1\u0161a (Lk 2, 22-39). O\u00a0tom, \u017ee je to starobyl\u00fd sviatok, pod\u00e1vaj\u00fa svedectvo aj tieto slov\u00e1: \u201e\u0160tyridsiaty de\u0148 po Bohozjaven\u00ed sa tu sl\u00e1vi ozaj ve\u013ek\u00fdmi a sl\u00e1vnostn\u00fdmi obradmi.\u201c Takto n\u00e1m v [&hellip;]<\/p>\n","protected":false},"author":2,"featured_media":1561,"comment_status":"closed","ping_status":"closed","sticky":false,"template":"","format":"standard","meta":{"_coblocks_attr":"","_coblocks_dimensions":"","_coblocks_responsive_height":"","_coblocks_accordion_ie_support":"","footnotes":""},"categories":[3],"tags":[],"class_list":["post-1559","post","type-post","status-publish","format-standard","has-post-thumbnail","hentry","category-prihovor"],"yoast_head":"<!-- This site is optimized with the Yoast SEO plugin v27.4 - https:\/\/yoast.com\/product\/yoast-seo-wordpress\/ -->\n<title>Stretnutie P\u00e1na - GR\u00c9CKOKATOL\u00cdCKA CIRKEV FARNOS\u0164 KO\u0160ICE - STAR\u00c9 MESTO<\/title>\n<meta name=\"robots\" content=\"index, follow, max-snippet:-1, max-image-preview:large, max-video-preview:-1\" \/>\n<link rel=\"canonical\" href=\"https:\/\/kestaremesto.grkatke.sk\/?p=1559\" \/>\n<meta property=\"og:locale\" content=\"sk_SK\" \/>\n<meta property=\"og:type\" content=\"article\" \/>\n<meta property=\"og:title\" content=\"Stretnutie P\u00e1na - GR\u00c9CKOKATOL\u00cdCKA CIRKEV FARNOS\u0164 KO\u0160ICE - STAR\u00c9 MESTO\" \/>\n<meta property=\"og:description\" content=\"Na bud\u00facu sobotu budeme sl\u00e1vi\u0165 sviatok Stretnutie n\u00e1\u0161ho P\u00e1na Boha a\u00a0Spasite\u013ea Je\u017ei\u0161a Krista. Tento sviatok n\u00e1s uv\u00e1dza do udalosti, ktor\u00e1 je op\u00edsan\u00e1 v\u00a0sv\u00e4tom evanjeliu pod\u013ea Luk\u00e1\u0161a (Lk 2, 22-39). O\u00a0tom, \u017ee je to starobyl\u00fd sviatok, pod\u00e1vaj\u00fa svedectvo aj tieto slov\u00e1: \u201e\u0160tyridsiaty de\u0148 po Bohozjaven\u00ed sa tu sl\u00e1vi ozaj ve\u013ek\u00fdmi a sl\u00e1vnostn\u00fdmi obradmi.\u201c Takto n\u00e1m v [&hellip;]\" \/>\n<meta property=\"og:url\" content=\"https:\/\/kestaremesto.grkatke.sk\/?p=1559\" \/>\n<meta property=\"og:site_name\" content=\"GR\u00c9CKOKATOL\u00cdCKA CIRKEV FARNOS\u0164 KO\u0160ICE - STAR\u00c9 MESTO\" \/>\n<meta property=\"article:publisher\" content=\"https:\/\/www.facebook.com\/Na%c5%a1a-Katedr%c3%a1la-231637610336060\/\" \/>\n<meta property=\"article:published_time\" content=\"2019-01-27T05:44:11+00:00\" \/>\n<meta property=\"article:modified_time\" content=\"2019-01-27T05:45:26+00:00\" \/>\n<meta property=\"og:image\" content=\"https:\/\/kestaremesto.grkatke.sk\/wp-content\/uploads\/2019\/01\/presentation.jpg\" \/>\n\t<meta property=\"og:image:width\" content=\"720\" \/>\n\t<meta property=\"og:image:height\" content=\"488\" \/>\n\t<meta property=\"og:image:type\" content=\"image\/jpeg\" \/>\n<meta name=\"author\" content=\"administr\u00e1tor\" \/>\n<meta name=\"twitter:card\" content=\"summary_large_image\" \/>\n<meta name=\"twitter:label1\" content=\"Autor\" \/>\n\t<meta name=\"twitter:data1\" content=\"administr\u00e1tor\" \/>\n\t<meta name=\"twitter:label2\" content=\"Predpokladan\u00fd \u010das \u010d\u00edtania\" \/>\n\t<meta name=\"twitter:data2\" content=\"2 min\u00faty\" \/>\n<script type=\"application\/ld+json\" class=\"yoast-schema-graph\">{\"@context\":\"https:\\\/\\\/schema.org\",\"@graph\":[{\"@type\":\"Article\",\"@id\":\"https:\\\/\\\/kestaremesto.grkatke.sk\\\/?p=1559#article\",\"isPartOf\":{\"@id\":\"https:\\\/\\\/kestaremesto.grkatke.sk\\\/?p=1559\"},\"author\":{\"name\":\"administr\u00e1tor\",\"@id\":\"https:\\\/\\\/kestaremesto.grkatke.sk\\\/#\\\/schema\\\/person\\\/86c8e7e5841259082af5c5b227e0d69b\"},\"headline\":\"Stretnutie P\u00e1na\",\"datePublished\":\"2019-01-27T05:44:11+00:00\",\"dateModified\":\"2019-01-27T05:45:26+00:00\",\"mainEntityOfPage\":{\"@id\":\"https:\\\/\\\/kestaremesto.grkatke.sk\\\/?p=1559\"},\"wordCount\":361,\"image\":{\"@id\":\"https:\\\/\\\/kestaremesto.grkatke.sk\\\/?p=1559#primaryimage\"},\"thumbnailUrl\":\"https:\\\/\\\/kestaremesto.grkatke.sk\\\/wp-content\\\/uploads\\\/2019\\\/01\\\/presentation.jpg\",\"articleSection\":[\"Pr\u00edhovor\"],\"inLanguage\":\"sk-SK\"},{\"@type\":\"WebPage\",\"@id\":\"https:\\\/\\\/kestaremesto.grkatke.sk\\\/?p=1559\",\"url\":\"https:\\\/\\\/kestaremesto.grkatke.sk\\\/?p=1559\",\"name\":\"Stretnutie P\u00e1na - GR\u00c9CKOKATOL\u00cdCKA CIRKEV FARNOS\u0164 KO\u0160ICE - STAR\u00c9 MESTO\",\"isPartOf\":{\"@id\":\"https:\\\/\\\/kestaremesto.grkatke.sk\\\/#website\"},\"primaryImageOfPage\":{\"@id\":\"https:\\\/\\\/kestaremesto.grkatke.sk\\\/?p=1559#primaryimage\"},\"image\":{\"@id\":\"https:\\\/\\\/kestaremesto.grkatke.sk\\\/?p=1559#primaryimage\"},\"thumbnailUrl\":\"https:\\\/\\\/kestaremesto.grkatke.sk\\\/wp-content\\\/uploads\\\/2019\\\/01\\\/presentation.jpg\",\"datePublished\":\"2019-01-27T05:44:11+00:00\",\"dateModified\":\"2019-01-27T05:45:26+00:00\",\"author\":{\"@id\":\"https:\\\/\\\/kestaremesto.grkatke.sk\\\/#\\\/schema\\\/person\\\/86c8e7e5841259082af5c5b227e0d69b\"},\"breadcrumb\":{\"@id\":\"https:\\\/\\\/kestaremesto.grkatke.sk\\\/?p=1559#breadcrumb\"},\"inLanguage\":\"sk-SK\",\"potentialAction\":[{\"@type\":\"ReadAction\",\"target\":[\"https:\\\/\\\/kestaremesto.grkatke.sk\\\/?p=1559\"]}]},{\"@type\":\"ImageObject\",\"inLanguage\":\"sk-SK\",\"@id\":\"https:\\\/\\\/kestaremesto.grkatke.sk\\\/?p=1559#primaryimage\",\"url\":\"https:\\\/\\\/kestaremesto.grkatke.sk\\\/wp-content\\\/uploads\\\/2019\\\/01\\\/presentation.jpg\",\"contentUrl\":\"https:\\\/\\\/kestaremesto.grkatke.sk\\\/wp-content\\\/uploads\\\/2019\\\/01\\\/presentation.jpg\",\"width\":720,\"height\":488},{\"@type\":\"BreadcrumbList\",\"@id\":\"https:\\\/\\\/kestaremesto.grkatke.sk\\\/?p=1559#breadcrumb\",\"itemListElement\":[{\"@type\":\"ListItem\",\"position\":1,\"name\":\"Domovsk\u00e1 str\u00e1nka\",\"item\":\"https:\\\/\\\/kestaremesto.grkatke.sk\\\/\"},{\"@type\":\"ListItem\",\"position\":2,\"name\":\"Stretnutie P\u00e1na\"}]},{\"@type\":\"WebSite\",\"@id\":\"https:\\\/\\\/kestaremesto.grkatke.sk\\\/#website\",\"url\":\"https:\\\/\\\/kestaremesto.grkatke.sk\\\/\",\"name\":\"GR\u00c9CKOKATOL\u00cdCKA CIRKEV FARNOS\u0164 KO\u0160ICE - STAR\u00c9 MESTO\",\"description\":\"\",\"potentialAction\":[{\"@type\":\"SearchAction\",\"target\":{\"@type\":\"EntryPoint\",\"urlTemplate\":\"https:\\\/\\\/kestaremesto.grkatke.sk\\\/?s={search_term_string}\"},\"query-input\":{\"@type\":\"PropertyValueSpecification\",\"valueRequired\":true,\"valueName\":\"search_term_string\"}}],\"inLanguage\":\"sk-SK\"},{\"@type\":\"Person\",\"@id\":\"https:\\\/\\\/kestaremesto.grkatke.sk\\\/#\\\/schema\\\/person\\\/86c8e7e5841259082af5c5b227e0d69b\",\"name\":\"administr\u00e1tor\",\"url\":\"https:\\\/\\\/kestaremesto.grkatke.sk\\\/?author=2\"}]}<\/script>\n<!-- \/ Yoast SEO plugin. -->","yoast_head_json":{"title":"Stretnutie P\u00e1na - GR\u00c9CKOKATOL\u00cdCKA CIRKEV FARNOS\u0164 KO\u0160ICE - STAR\u00c9 MESTO","robots":{"index":"index","follow":"follow","max-snippet":"max-snippet:-1","max-image-preview":"max-image-preview:large","max-video-preview":"max-video-preview:-1"},"canonical":"https:\/\/kestaremesto.grkatke.sk\/?p=1559","og_locale":"sk_SK","og_type":"article","og_title":"Stretnutie P\u00e1na - GR\u00c9CKOKATOL\u00cdCKA CIRKEV FARNOS\u0164 KO\u0160ICE - STAR\u00c9 MESTO","og_description":"Na bud\u00facu sobotu budeme sl\u00e1vi\u0165 sviatok Stretnutie n\u00e1\u0161ho P\u00e1na Boha a\u00a0Spasite\u013ea Je\u017ei\u0161a Krista. Tento sviatok n\u00e1s uv\u00e1dza do udalosti, ktor\u00e1 je op\u00edsan\u00e1 v\u00a0sv\u00e4tom evanjeliu pod\u013ea Luk\u00e1\u0161a (Lk 2, 22-39). O\u00a0tom, \u017ee je to starobyl\u00fd sviatok, pod\u00e1vaj\u00fa svedectvo aj tieto slov\u00e1: \u201e\u0160tyridsiaty de\u0148 po Bohozjaven\u00ed sa tu sl\u00e1vi ozaj ve\u013ek\u00fdmi a sl\u00e1vnostn\u00fdmi obradmi.\u201c Takto n\u00e1m v [&hellip;]","og_url":"https:\/\/kestaremesto.grkatke.sk\/?p=1559","og_site_name":"GR\u00c9CKOKATOL\u00cdCKA CIRKEV FARNOS\u0164 KO\u0160ICE - STAR\u00c9 MESTO","article_publisher":"https:\/\/www.facebook.com\/Na%c5%a1a-Katedr%c3%a1la-231637610336060\/","article_published_time":"2019-01-27T05:44:11+00:00","article_modified_time":"2019-01-27T05:45:26+00:00","og_image":[{"width":720,"height":488,"url":"https:\/\/kestaremesto.grkatke.sk\/wp-content\/uploads\/2019\/01\/presentation.jpg","type":"image\/jpeg"}],"author":"administr\u00e1tor","twitter_card":"summary_large_image","twitter_misc":{"Autor":"administr\u00e1tor","Predpokladan\u00fd \u010das \u010d\u00edtania":"2 min\u00faty"},"schema":{"@context":"https:\/\/schema.org","@graph":[{"@type":"Article","@id":"https:\/\/kestaremesto.grkatke.sk\/?p=1559#article","isPartOf":{"@id":"https:\/\/kestaremesto.grkatke.sk\/?p=1559"},"author":{"name":"administr\u00e1tor","@id":"https:\/\/kestaremesto.grkatke.sk\/#\/schema\/person\/86c8e7e5841259082af5c5b227e0d69b"},"headline":"Stretnutie P\u00e1na","datePublished":"2019-01-27T05:44:11+00:00","dateModified":"2019-01-27T05:45:26+00:00","mainEntityOfPage":{"@id":"https:\/\/kestaremesto.grkatke.sk\/?p=1559"},"wordCount":361,"image":{"@id":"https:\/\/kestaremesto.grkatke.sk\/?p=1559#primaryimage"},"thumbnailUrl":"https:\/\/kestaremesto.grkatke.sk\/wp-content\/uploads\/2019\/01\/presentation.jpg","articleSection":["Pr\u00edhovor"],"inLanguage":"sk-SK"},{"@type":"WebPage","@id":"https:\/\/kestaremesto.grkatke.sk\/?p=1559","url":"https:\/\/kestaremesto.grkatke.sk\/?p=1559","name":"Stretnutie P\u00e1na - GR\u00c9CKOKATOL\u00cdCKA CIRKEV FARNOS\u0164 KO\u0160ICE - STAR\u00c9 MESTO","isPartOf":{"@id":"https:\/\/kestaremesto.grkatke.sk\/#website"},"primaryImageOfPage":{"@id":"https:\/\/kestaremesto.grkatke.sk\/?p=1559#primaryimage"},"image":{"@id":"https:\/\/kestaremesto.grkatke.sk\/?p=1559#primaryimage"},"thumbnailUrl":"https:\/\/kestaremesto.grkatke.sk\/wp-content\/uploads\/2019\/01\/presentation.jpg","datePublished":"2019-01-27T05:44:11+00:00","dateModified":"2019-01-27T05:45:26+00:00","author":{"@id":"https:\/\/kestaremesto.grkatke.sk\/#\/schema\/person\/86c8e7e5841259082af5c5b227e0d69b"},"breadcrumb":{"@id":"https:\/\/kestaremesto.grkatke.sk\/?p=1559#breadcrumb"},"inLanguage":"sk-SK","potentialAction":[{"@type":"ReadAction","target":["https:\/\/kestaremesto.grkatke.sk\/?p=1559"]}]},{"@type":"ImageObject","inLanguage":"sk-SK","@id":"https:\/\/kestaremesto.grkatke.sk\/?p=1559#primaryimage","url":"https:\/\/kestaremesto.grkatke.sk\/wp-content\/uploads\/2019\/01\/presentation.jpg","contentUrl":"https:\/\/kestaremesto.grkatke.sk\/wp-content\/uploads\/2019\/01\/presentation.jpg","width":720,"height":488},{"@type":"BreadcrumbList","@id":"https:\/\/kestaremesto.grkatke.sk\/?p=1559#breadcrumb","itemListElement":[{"@type":"ListItem","position":1,"name":"Domovsk\u00e1 str\u00e1nka","item":"https:\/\/kestaremesto.grkatke.sk\/"},{"@type":"ListItem","position":2,"name":"Stretnutie P\u00e1na"}]},{"@type":"WebSite","@id":"https:\/\/kestaremesto.grkatke.sk\/#website","url":"https:\/\/kestaremesto.grkatke.sk\/","name":"GR\u00c9CKOKATOL\u00cdCKA CIRKEV FARNOS\u0164 KO\u0160ICE - STAR\u00c9 MESTO","description":"","potentialAction":[{"@type":"SearchAction","target":{"@type":"EntryPoint","urlTemplate":"https:\/\/kestaremesto.grkatke.sk\/?s={search_term_string}"},"query-input":{"@type":"PropertyValueSpecification","valueRequired":true,"valueName":"search_term_string"}}],"inLanguage":"sk-SK"},{"@type":"Person","@id":"https:\/\/kestaremesto.grkatke.sk\/#\/schema\/person\/86c8e7e5841259082af5c5b227e0d69b","name":"administr\u00e1tor","url":"https:\/\/kestaremesto.grkatke.sk\/?author=2"}]}},"_links":{"self":[{"href":"https:\/\/kestaremesto.grkatke.sk\/index.php?rest_route=\/wp\/v2\/posts\/1559","targetHints":{"allow":["GET"]}}],"collection":[{"href":"https:\/\/kestaremesto.grkatke.sk\/index.php?rest_route=\/wp\/v2\/posts"}],"about":[{"href":"https:\/\/kestaremesto.grkatke.sk\/index.php?rest_route=\/wp\/v2\/types\/post"}],"author":[{"embeddable":true,"href":"https:\/\/kestaremesto.grkatke.sk\/index.php?rest_route=\/wp\/v2\/users\/2"}],"replies":[{"embeddable":true,"href":"https:\/\/kestaremesto.grkatke.sk\/index.php?rest_route=%2Fwp%2Fv2%2Fcomments&post=1559"}],"version-history":[{"count":1,"href":"https:\/\/kestaremesto.grkatke.sk\/index.php?rest_route=\/wp\/v2\/posts\/1559\/revisions"}],"predecessor-version":[{"id":1560,"href":"https:\/\/kestaremesto.grkatke.sk\/index.php?rest_route=\/wp\/v2\/posts\/1559\/revisions\/1560"}],"wp:featuredmedia":[{"embeddable":true,"href":"https:\/\/kestaremesto.grkatke.sk\/index.php?rest_route=\/wp\/v2\/media\/1561"}],"wp:attachment":[{"href":"https:\/\/kestaremesto.grkatke.sk\/index.php?rest_route=%2Fwp%2Fv2%2Fmedia&parent=1559"}],"wp:term":[{"taxonomy":"category","embeddable":true,"href":"https:\/\/kestaremesto.grkatke.sk\/index.php?rest_route=%2Fwp%2Fv2%2Fcategories&post=1559"},{"taxonomy":"post_tag","embeddable":true,"href":"https:\/\/kestaremesto.grkatke.sk\/index.php?rest_route=%2Fwp%2Fv2%2Ftags&post=1559"}],"curies":[{"name":"wp","href":"https:\/\/api.w.org\/{rel}","templated":true}]}}