{"id":1588,"date":"2019-02-10T06:59:41","date_gmt":"2019-02-10T05:59:41","guid":{"rendered":"https:\/\/kestaremesto.grkatke.sk\/?p=1588"},"modified":"2019-02-10T06:59:43","modified_gmt":"2019-02-10T05:59:43","slug":"pycha-je-velmi-skodliva","status":"publish","type":"post","link":"https:\/\/kestaremesto.grkatke.sk\/?p=1588","title":{"rendered":"P\u00fdcha je ve\u013emi \u0161kodliv\u00e1"},"content":{"rendered":"\n<p>Dne\u0161n\u00e1 nede\u013ea je prv\u00e1 nede\u013ea P\u00f4stnej tri\u00f3dy a\u00a0za\u010d\u00edna \u0148ou predp\u00f4stne obdobie. Predp\u00f4stne obdobie n\u00e1s m\u00e1 spr\u00e1vne pripravi\u0165 na p\u00f4stne obdobie, na \u010das Ve\u013ek\u00e9ho p\u00f4stu. M\u00e1 to svoj ve\u013ek\u00fd v\u00fdznam, preto\u017ee je potrebn\u00e9 pripravi\u0165 svoje srdce, mo\u017eno tie\u017e poveda\u0165 aj myse\u013e, aby sme videli d\u00f4vody pre p\u00f4st. Pre p\u00f4st, ako ho vid\u00ed Cirkev, ktor\u00e1 ako starostliv\u00e1 matka vie, \u010do je pre jej deti najlep\u0161ie. Hojne n\u00e1m v\u00a0tom pom\u00e1haj\u00fa \u010dasti zo Sv. p\u00edsma, ktor\u00e9 n\u00e1m cirkev po tieto dni predklad\u00e1. Maj\u00fa n\u00e1s povzbudi\u0165 k pravej modlitbe, kaj\u00facnosti a hlbokej \u013e\u00fatosti nad hriechmi. <\/p>\n\n\n\n<p>Dne\u0161n\u00e9 podobenstvo o&nbsp;m\u00fdtnikovi a farizejovi n\u00e1m hovor\u00ed\no&nbsp;p\u00fdche a pokore. Je\u017ei\u0161 Kristus vo svojom u\u010den\u00ed \u010dasto pou\u017e\u00edval\npodobenstv\u00e1, teda rozpr\u00e1vania, ktor\u00e9 jasn\u00fdm a zrozumite\u013en\u00fdm sp\u00f4sobom\nvysvet\u013eovali pravdy viery a&nbsp;pravdy o \u010dloveku. Podobenstvo sa \u013eahko po\u010d\u00fava\na \u013eahko si zapam\u00e4t\u00e1me jeho obsah. V&nbsp;pr\u00edpade tohto podobenstva n\u00e1m Je\u017ei\u0161\npredklad\u00e1 pred zrak dva kontrasty: py\u0161n\u00e9ho farizeja a pokorn\u00e9ho m\u00fdtnika. A na\nt\u00fdchto dvoch typoch \u013eud\u00ed n\u00e1m ukazuje zlo p\u00fdchy a v\u00fdznam pokory.<\/p>\n\n\n\n<p>Farizeji za \u010dias Je\u017ei\u0161a Krista boli n\u00e1bo\u017eenskou skupinou, ktor\u00e1 kl\u00e1dla d\u00f4raz na pr\u00edsne  a legalistick\u00e9 dodr\u017eiavanie Moj\u017ei\u0161ovho z\u00e1kona a trad\u00edci\u00ed. Pre farizejov mala v\u00e4\u010d\u0161\u00ed v\u00fdznam litera Z\u00e1kona, ne\u017e samotn\u00fd duch Z\u00e1kona. Ich spravodlivos\u0165 spo\u010d\u00edvala sk\u00f4r vo vonkaj\u0161om zachov\u00e1van\u00ed Z\u00e1kona a r\u00f4znych predpisov, ne\u017e na praktizovan\u00ed cnost\u00ed, ktor\u00e9 predpisoval Z\u00e1kon. Farizeji sa pova\u017eovali za t\u00fdch, ktor\u00ed dodr\u017euj\u00fa Z\u00e1kon, p\u00fd\u0161ili sa svojou n\u00e1bo\u017enos\u0165ou a pov\u00fd\u0161enecky sa pozerali na t\u00fdch, ktor\u00ed to nerobili.<\/p>\n\n\n\n<p>Podobenstvo\no&nbsp;m\u00fdtnikovi a&nbsp;farizejovi n\u00e1m jasne ukazuje, \u017ee Boh sa nepozer\u00e1 na\nspolo\u010densk\u00e9 postavenie \u010dloveka, ale h\u013ead\u00ed do srdca a&nbsp;do du\u0161e. Tu ch\u00e1peme\npravdivos\u0165 slov Sv\u00e4t\u00e9ho p\u00edsma, ktor\u00e9 hovor\u00ed: <em>\u201eBoh py\u0161n\u00fdm odporuje, ale pokorn\u00fdm d\u00e1va milos\u0165\u201c<\/em> (1 Pt 5, 5).\n\nJe jasn\u00e9, \u017ee Boh neprijal\nmodlitbu vystatova\u010dn\u00e9ho a&nbsp;py\u0161n\u00e9ho farizeja, namiesto toho v\u0161ak vypo\u010dul\nmodlitbu pokorn\u00e9ho m\u00fdtnika. P\u00fdcha patr\u00ed k&nbsp;hlavn\u00fdm hriechom a&nbsp;je\nnajv\u00e4\u010d\u0161ou prek\u00e1\u017ekou pre obr\u00e1tenie a pok\u00e1nie, zatia\u013e \u010do pokora je po\u010diatkom\nopravdiv\u00e9ho obr\u00e1tenia a&nbsp;z\u00e1kladom pravdiv\u00e9ho pok\u00e1nia a&nbsp;p\u00f4stu.\n\n\n\n<\/p>\n","protected":false},"excerpt":{"rendered":"<p>Dne\u0161n\u00e1 nede\u013ea je prv\u00e1 nede\u013ea P\u00f4stnej tri\u00f3dy a\u00a0za\u010d\u00edna \u0148ou predp\u00f4stne obdobie. Predp\u00f4stne obdobie n\u00e1s m\u00e1 spr\u00e1vne pripravi\u0165 na p\u00f4stne obdobie, na \u010das Ve\u013ek\u00e9ho p\u00f4stu. M\u00e1 to svoj ve\u013ek\u00fd v\u00fdznam, preto\u017ee je potrebn\u00e9 pripravi\u0165 svoje srdce, mo\u017eno tie\u017e poveda\u0165 aj myse\u013e, aby sme videli d\u00f4vody pre p\u00f4st. Pre p\u00f4st, ako ho vid\u00ed Cirkev, ktor\u00e1 ako starostliv\u00e1 [&hellip;]<\/p>\n","protected":false},"author":2,"featured_media":1589,"comment_status":"closed","ping_status":"closed","sticky":false,"template":"","format":"standard","meta":{"_coblocks_attr":"","_coblocks_dimensions":"","_coblocks_responsive_height":"","_coblocks_accordion_ie_support":"","footnotes":""},"categories":[3],"tags":[],"class_list":["post-1588","post","type-post","status-publish","format-standard","has-post-thumbnail","hentry","category-prihovor"],"yoast_head":"<!-- This site is optimized with the Yoast SEO plugin v27.4 - https:\/\/yoast.com\/product\/yoast-seo-wordpress\/ -->\n<title>P\u00fdcha je ve\u013emi \u0161kodliv\u00e1 - GR\u00c9CKOKATOL\u00cdCKA CIRKEV FARNOS\u0164 KO\u0160ICE - STAR\u00c9 MESTO<\/title>\n<meta name=\"robots\" content=\"index, follow, max-snippet:-1, max-image-preview:large, max-video-preview:-1\" \/>\n<link rel=\"canonical\" href=\"https:\/\/kestaremesto.grkatke.sk\/?p=1588\" \/>\n<meta property=\"og:locale\" content=\"sk_SK\" \/>\n<meta property=\"og:type\" content=\"article\" \/>\n<meta property=\"og:title\" content=\"P\u00fdcha je ve\u013emi \u0161kodliv\u00e1 - GR\u00c9CKOKATOL\u00cdCKA CIRKEV FARNOS\u0164 KO\u0160ICE - STAR\u00c9 MESTO\" \/>\n<meta property=\"og:description\" content=\"Dne\u0161n\u00e1 nede\u013ea je prv\u00e1 nede\u013ea P\u00f4stnej tri\u00f3dy a\u00a0za\u010d\u00edna \u0148ou predp\u00f4stne obdobie. Predp\u00f4stne obdobie n\u00e1s m\u00e1 spr\u00e1vne pripravi\u0165 na p\u00f4stne obdobie, na \u010das Ve\u013ek\u00e9ho p\u00f4stu. M\u00e1 to svoj ve\u013ek\u00fd v\u00fdznam, preto\u017ee je potrebn\u00e9 pripravi\u0165 svoje srdce, mo\u017eno tie\u017e poveda\u0165 aj myse\u013e, aby sme videli d\u00f4vody pre p\u00f4st. Pre p\u00f4st, ako ho vid\u00ed Cirkev, ktor\u00e1 ako starostliv\u00e1 [&hellip;]\" \/>\n<meta property=\"og:url\" content=\"https:\/\/kestaremesto.grkatke.sk\/?p=1588\" \/>\n<meta property=\"og:site_name\" content=\"GR\u00c9CKOKATOL\u00cdCKA CIRKEV FARNOS\u0164 KO\u0160ICE - STAR\u00c9 MESTO\" \/>\n<meta property=\"article:publisher\" content=\"https:\/\/www.facebook.com\/Na%c5%a1a-Katedr%c3%a1la-231637610336060\/\" \/>\n<meta property=\"article:published_time\" content=\"2019-02-10T05:59:41+00:00\" \/>\n<meta property=\"article:modified_time\" content=\"2019-02-10T05:59:43+00:00\" \/>\n<meta property=\"og:image\" content=\"https:\/\/kestaremesto.grkatke.sk\/wp-content\/uploads\/2019\/02\/publican-and-pharisee.jpg\" \/>\n\t<meta property=\"og:image:width\" content=\"500\" \/>\n\t<meta property=\"og:image:height\" content=\"624\" \/>\n\t<meta property=\"og:image:type\" content=\"image\/jpeg\" \/>\n<meta name=\"author\" content=\"administr\u00e1tor\" \/>\n<meta name=\"twitter:card\" content=\"summary_large_image\" \/>\n<meta name=\"twitter:label1\" content=\"Autor\" \/>\n\t<meta name=\"twitter:data1\" content=\"administr\u00e1tor\" \/>\n\t<meta name=\"twitter:label2\" content=\"Predpokladan\u00fd \u010das \u010d\u00edtania\" \/>\n\t<meta name=\"twitter:data2\" content=\"2 min\u00faty\" \/>\n<script type=\"application\/ld+json\" class=\"yoast-schema-graph\">{\"@context\":\"https:\\\/\\\/schema.org\",\"@graph\":[{\"@type\":\"Article\",\"@id\":\"https:\\\/\\\/kestaremesto.grkatke.sk\\\/?p=1588#article\",\"isPartOf\":{\"@id\":\"https:\\\/\\\/kestaremesto.grkatke.sk\\\/?p=1588\"},\"author\":{\"name\":\"administr\u00e1tor\",\"@id\":\"https:\\\/\\\/kestaremesto.grkatke.sk\\\/#\\\/schema\\\/person\\\/86c8e7e5841259082af5c5b227e0d69b\"},\"headline\":\"P\u00fdcha je ve\u013emi \u0161kodliv\u00e1\",\"datePublished\":\"2019-02-10T05:59:41+00:00\",\"dateModified\":\"2019-02-10T05:59:43+00:00\",\"mainEntityOfPage\":{\"@id\":\"https:\\\/\\\/kestaremesto.grkatke.sk\\\/?p=1588\"},\"wordCount\":456,\"image\":{\"@id\":\"https:\\\/\\\/kestaremesto.grkatke.sk\\\/?p=1588#primaryimage\"},\"thumbnailUrl\":\"https:\\\/\\\/kestaremesto.grkatke.sk\\\/wp-content\\\/uploads\\\/2019\\\/02\\\/publican-and-pharisee.jpg\",\"articleSection\":[\"Pr\u00edhovor\"],\"inLanguage\":\"sk-SK\"},{\"@type\":\"WebPage\",\"@id\":\"https:\\\/\\\/kestaremesto.grkatke.sk\\\/?p=1588\",\"url\":\"https:\\\/\\\/kestaremesto.grkatke.sk\\\/?p=1588\",\"name\":\"P\u00fdcha je ve\u013emi \u0161kodliv\u00e1 - GR\u00c9CKOKATOL\u00cdCKA CIRKEV FARNOS\u0164 KO\u0160ICE - STAR\u00c9 MESTO\",\"isPartOf\":{\"@id\":\"https:\\\/\\\/kestaremesto.grkatke.sk\\\/#website\"},\"primaryImageOfPage\":{\"@id\":\"https:\\\/\\\/kestaremesto.grkatke.sk\\\/?p=1588#primaryimage\"},\"image\":{\"@id\":\"https:\\\/\\\/kestaremesto.grkatke.sk\\\/?p=1588#primaryimage\"},\"thumbnailUrl\":\"https:\\\/\\\/kestaremesto.grkatke.sk\\\/wp-content\\\/uploads\\\/2019\\\/02\\\/publican-and-pharisee.jpg\",\"datePublished\":\"2019-02-10T05:59:41+00:00\",\"dateModified\":\"2019-02-10T05:59:43+00:00\",\"author\":{\"@id\":\"https:\\\/\\\/kestaremesto.grkatke.sk\\\/#\\\/schema\\\/person\\\/86c8e7e5841259082af5c5b227e0d69b\"},\"breadcrumb\":{\"@id\":\"https:\\\/\\\/kestaremesto.grkatke.sk\\\/?p=1588#breadcrumb\"},\"inLanguage\":\"sk-SK\",\"potentialAction\":[{\"@type\":\"ReadAction\",\"target\":[\"https:\\\/\\\/kestaremesto.grkatke.sk\\\/?p=1588\"]}]},{\"@type\":\"ImageObject\",\"inLanguage\":\"sk-SK\",\"@id\":\"https:\\\/\\\/kestaremesto.grkatke.sk\\\/?p=1588#primaryimage\",\"url\":\"https:\\\/\\\/kestaremesto.grkatke.sk\\\/wp-content\\\/uploads\\\/2019\\\/02\\\/publican-and-pharisee.jpg\",\"contentUrl\":\"https:\\\/\\\/kestaremesto.grkatke.sk\\\/wp-content\\\/uploads\\\/2019\\\/02\\\/publican-and-pharisee.jpg\",\"width\":500,\"height\":624},{\"@type\":\"BreadcrumbList\",\"@id\":\"https:\\\/\\\/kestaremesto.grkatke.sk\\\/?p=1588#breadcrumb\",\"itemListElement\":[{\"@type\":\"ListItem\",\"position\":1,\"name\":\"Domovsk\u00e1 str\u00e1nka\",\"item\":\"https:\\\/\\\/kestaremesto.grkatke.sk\\\/\"},{\"@type\":\"ListItem\",\"position\":2,\"name\":\"P\u00fdcha je ve\u013emi \u0161kodliv\u00e1\"}]},{\"@type\":\"WebSite\",\"@id\":\"https:\\\/\\\/kestaremesto.grkatke.sk\\\/#website\",\"url\":\"https:\\\/\\\/kestaremesto.grkatke.sk\\\/\",\"name\":\"GR\u00c9CKOKATOL\u00cdCKA CIRKEV FARNOS\u0164 KO\u0160ICE - STAR\u00c9 MESTO\",\"description\":\"\",\"potentialAction\":[{\"@type\":\"SearchAction\",\"target\":{\"@type\":\"EntryPoint\",\"urlTemplate\":\"https:\\\/\\\/kestaremesto.grkatke.sk\\\/?s={search_term_string}\"},\"query-input\":{\"@type\":\"PropertyValueSpecification\",\"valueRequired\":true,\"valueName\":\"search_term_string\"}}],\"inLanguage\":\"sk-SK\"},{\"@type\":\"Person\",\"@id\":\"https:\\\/\\\/kestaremesto.grkatke.sk\\\/#\\\/schema\\\/person\\\/86c8e7e5841259082af5c5b227e0d69b\",\"name\":\"administr\u00e1tor\",\"url\":\"https:\\\/\\\/kestaremesto.grkatke.sk\\\/?author=2\"}]}<\/script>\n<!-- \/ Yoast SEO plugin. -->","yoast_head_json":{"title":"P\u00fdcha je ve\u013emi \u0161kodliv\u00e1 - GR\u00c9CKOKATOL\u00cdCKA CIRKEV FARNOS\u0164 KO\u0160ICE - STAR\u00c9 MESTO","robots":{"index":"index","follow":"follow","max-snippet":"max-snippet:-1","max-image-preview":"max-image-preview:large","max-video-preview":"max-video-preview:-1"},"canonical":"https:\/\/kestaremesto.grkatke.sk\/?p=1588","og_locale":"sk_SK","og_type":"article","og_title":"P\u00fdcha je ve\u013emi \u0161kodliv\u00e1 - GR\u00c9CKOKATOL\u00cdCKA CIRKEV FARNOS\u0164 KO\u0160ICE - STAR\u00c9 MESTO","og_description":"Dne\u0161n\u00e1 nede\u013ea je prv\u00e1 nede\u013ea P\u00f4stnej tri\u00f3dy a\u00a0za\u010d\u00edna \u0148ou predp\u00f4stne obdobie. Predp\u00f4stne obdobie n\u00e1s m\u00e1 spr\u00e1vne pripravi\u0165 na p\u00f4stne obdobie, na \u010das Ve\u013ek\u00e9ho p\u00f4stu. M\u00e1 to svoj ve\u013ek\u00fd v\u00fdznam, preto\u017ee je potrebn\u00e9 pripravi\u0165 svoje srdce, mo\u017eno tie\u017e poveda\u0165 aj myse\u013e, aby sme videli d\u00f4vody pre p\u00f4st. Pre p\u00f4st, ako ho vid\u00ed Cirkev, ktor\u00e1 ako starostliv\u00e1 [&hellip;]","og_url":"https:\/\/kestaremesto.grkatke.sk\/?p=1588","og_site_name":"GR\u00c9CKOKATOL\u00cdCKA CIRKEV FARNOS\u0164 KO\u0160ICE - STAR\u00c9 MESTO","article_publisher":"https:\/\/www.facebook.com\/Na%c5%a1a-Katedr%c3%a1la-231637610336060\/","article_published_time":"2019-02-10T05:59:41+00:00","article_modified_time":"2019-02-10T05:59:43+00:00","og_image":[{"width":500,"height":624,"url":"https:\/\/kestaremesto.grkatke.sk\/wp-content\/uploads\/2019\/02\/publican-and-pharisee.jpg","type":"image\/jpeg"}],"author":"administr\u00e1tor","twitter_card":"summary_large_image","twitter_misc":{"Autor":"administr\u00e1tor","Predpokladan\u00fd \u010das \u010d\u00edtania":"2 min\u00faty"},"schema":{"@context":"https:\/\/schema.org","@graph":[{"@type":"Article","@id":"https:\/\/kestaremesto.grkatke.sk\/?p=1588#article","isPartOf":{"@id":"https:\/\/kestaremesto.grkatke.sk\/?p=1588"},"author":{"name":"administr\u00e1tor","@id":"https:\/\/kestaremesto.grkatke.sk\/#\/schema\/person\/86c8e7e5841259082af5c5b227e0d69b"},"headline":"P\u00fdcha je ve\u013emi \u0161kodliv\u00e1","datePublished":"2019-02-10T05:59:41+00:00","dateModified":"2019-02-10T05:59:43+00:00","mainEntityOfPage":{"@id":"https:\/\/kestaremesto.grkatke.sk\/?p=1588"},"wordCount":456,"image":{"@id":"https:\/\/kestaremesto.grkatke.sk\/?p=1588#primaryimage"},"thumbnailUrl":"https:\/\/kestaremesto.grkatke.sk\/wp-content\/uploads\/2019\/02\/publican-and-pharisee.jpg","articleSection":["Pr\u00edhovor"],"inLanguage":"sk-SK"},{"@type":"WebPage","@id":"https:\/\/kestaremesto.grkatke.sk\/?p=1588","url":"https:\/\/kestaremesto.grkatke.sk\/?p=1588","name":"P\u00fdcha je ve\u013emi \u0161kodliv\u00e1 - GR\u00c9CKOKATOL\u00cdCKA CIRKEV FARNOS\u0164 KO\u0160ICE - STAR\u00c9 MESTO","isPartOf":{"@id":"https:\/\/kestaremesto.grkatke.sk\/#website"},"primaryImageOfPage":{"@id":"https:\/\/kestaremesto.grkatke.sk\/?p=1588#primaryimage"},"image":{"@id":"https:\/\/kestaremesto.grkatke.sk\/?p=1588#primaryimage"},"thumbnailUrl":"https:\/\/kestaremesto.grkatke.sk\/wp-content\/uploads\/2019\/02\/publican-and-pharisee.jpg","datePublished":"2019-02-10T05:59:41+00:00","dateModified":"2019-02-10T05:59:43+00:00","author":{"@id":"https:\/\/kestaremesto.grkatke.sk\/#\/schema\/person\/86c8e7e5841259082af5c5b227e0d69b"},"breadcrumb":{"@id":"https:\/\/kestaremesto.grkatke.sk\/?p=1588#breadcrumb"},"inLanguage":"sk-SK","potentialAction":[{"@type":"ReadAction","target":["https:\/\/kestaremesto.grkatke.sk\/?p=1588"]}]},{"@type":"ImageObject","inLanguage":"sk-SK","@id":"https:\/\/kestaremesto.grkatke.sk\/?p=1588#primaryimage","url":"https:\/\/kestaremesto.grkatke.sk\/wp-content\/uploads\/2019\/02\/publican-and-pharisee.jpg","contentUrl":"https:\/\/kestaremesto.grkatke.sk\/wp-content\/uploads\/2019\/02\/publican-and-pharisee.jpg","width":500,"height":624},{"@type":"BreadcrumbList","@id":"https:\/\/kestaremesto.grkatke.sk\/?p=1588#breadcrumb","itemListElement":[{"@type":"ListItem","position":1,"name":"Domovsk\u00e1 str\u00e1nka","item":"https:\/\/kestaremesto.grkatke.sk\/"},{"@type":"ListItem","position":2,"name":"P\u00fdcha je ve\u013emi \u0161kodliv\u00e1"}]},{"@type":"WebSite","@id":"https:\/\/kestaremesto.grkatke.sk\/#website","url":"https:\/\/kestaremesto.grkatke.sk\/","name":"GR\u00c9CKOKATOL\u00cdCKA CIRKEV FARNOS\u0164 KO\u0160ICE - STAR\u00c9 MESTO","description":"","potentialAction":[{"@type":"SearchAction","target":{"@type":"EntryPoint","urlTemplate":"https:\/\/kestaremesto.grkatke.sk\/?s={search_term_string}"},"query-input":{"@type":"PropertyValueSpecification","valueRequired":true,"valueName":"search_term_string"}}],"inLanguage":"sk-SK"},{"@type":"Person","@id":"https:\/\/kestaremesto.grkatke.sk\/#\/schema\/person\/86c8e7e5841259082af5c5b227e0d69b","name":"administr\u00e1tor","url":"https:\/\/kestaremesto.grkatke.sk\/?author=2"}]}},"_links":{"self":[{"href":"https:\/\/kestaremesto.grkatke.sk\/index.php?rest_route=\/wp\/v2\/posts\/1588","targetHints":{"allow":["GET"]}}],"collection":[{"href":"https:\/\/kestaremesto.grkatke.sk\/index.php?rest_route=\/wp\/v2\/posts"}],"about":[{"href":"https:\/\/kestaremesto.grkatke.sk\/index.php?rest_route=\/wp\/v2\/types\/post"}],"author":[{"embeddable":true,"href":"https:\/\/kestaremesto.grkatke.sk\/index.php?rest_route=\/wp\/v2\/users\/2"}],"replies":[{"embeddable":true,"href":"https:\/\/kestaremesto.grkatke.sk\/index.php?rest_route=%2Fwp%2Fv2%2Fcomments&post=1588"}],"version-history":[{"count":1,"href":"https:\/\/kestaremesto.grkatke.sk\/index.php?rest_route=\/wp\/v2\/posts\/1588\/revisions"}],"predecessor-version":[{"id":1590,"href":"https:\/\/kestaremesto.grkatke.sk\/index.php?rest_route=\/wp\/v2\/posts\/1588\/revisions\/1590"}],"wp:featuredmedia":[{"embeddable":true,"href":"https:\/\/kestaremesto.grkatke.sk\/index.php?rest_route=\/wp\/v2\/media\/1589"}],"wp:attachment":[{"href":"https:\/\/kestaremesto.grkatke.sk\/index.php?rest_route=%2Fwp%2Fv2%2Fmedia&parent=1588"}],"wp:term":[{"taxonomy":"category","embeddable":true,"href":"https:\/\/kestaremesto.grkatke.sk\/index.php?rest_route=%2Fwp%2Fv2%2Fcategories&post=1588"},{"taxonomy":"post_tag","embeddable":true,"href":"https:\/\/kestaremesto.grkatke.sk\/index.php?rest_route=%2Fwp%2Fv2%2Ftags&post=1588"}],"curies":[{"name":"wp","href":"https:\/\/api.w.org\/{rel}","templated":true}]}}