{"id":1654,"date":"2019-03-03T07:12:16","date_gmt":"2019-03-03T06:12:16","guid":{"rendered":"https:\/\/kestaremesto.grkatke.sk\/?p=1654"},"modified":"2019-03-03T07:13:42","modified_gmt":"2019-03-03T06:13:42","slug":"nasa-katedrala-3-2019","status":"publish","type":"post","link":"https:\/\/kestaremesto.grkatke.sk\/?p=1654","title":{"rendered":"Na\u0161a Katedr\u00e1la 3\/2019"},"content":{"rendered":"<style type=\"text\/css\">\n#foogallery-gallery-1648 .fg-image { width: 150px; }\n#foogallery-gallery-1648 { --fg-gutter: 10px; }<\/style>\n\t\t\t<div class=\"foogallery foogallery-container foogallery-default foogallery-lightbox-foobox fg-center fg-default fg-ready fg-light fg-border-thin fg-shadow-outline fg-loading-default fg-loaded-fade-in fg-caption-hover fg-hover-fade fg-hover-zoom\" id=\"foogallery-gallery-1648\" data-foogallery=\"{&quot;item&quot;:{&quot;showCaptionTitle&quot;:true,&quot;showCaptionDescription&quot;:true},&quot;lazy&quot;:true}\" style=\"--fg-title-line-clamp: 0; --fg-description-line-clamp: 0;\" >\n\t<div class=\"fg-item fg-type-image fg-idle\"><figure class=\"fg-item-inner\"><a href=\"https:\/\/kestaremesto.grkatke.sk\/wp-content\/uploads\/2019\/03\/2019-03-page-001.jpg\" data-attachment-id=\"1649\" data-type=\"image\" class=\"fg-thumb\"><span class=\"fg-image-wrap\"><img decoding=\"async\" width=\"150\" height=\"150\" class=\"skip-lazy fg-image\" data-src-fg=\"https:\/\/kestaremesto.grkatke.sk\/wp-content\/uploads\/cache\/2019\/03\/2019-03-page-001\/1978063284.jpg\" src=\"data:image\/svg+xml,%3Csvg%20xmlns%3D%22http%3A%2F%2Fwww.w3.org%2F2000%2Fsvg%22%20width%3D%22150%22%20height%3D%22150%22%20viewBox%3D%220%200%20150%20150%22%3E%3C%2Fsvg%3E\" loading=\"eager\"><\/span><span class=\"fg-image-overlay\"><\/span><\/a><\/figure><div class=\"fg-loader\"><\/div><\/div><div class=\"fg-item fg-type-image fg-idle\"><figure class=\"fg-item-inner\"><a href=\"https:\/\/kestaremesto.grkatke.sk\/wp-content\/uploads\/2019\/03\/2019-03-page-002.jpg\" data-attachment-id=\"1650\" data-type=\"image\" class=\"fg-thumb\"><span class=\"fg-image-wrap\"><img decoding=\"async\" width=\"150\" height=\"150\" class=\"skip-lazy fg-image\" data-src-fg=\"https:\/\/kestaremesto.grkatke.sk\/wp-content\/uploads\/cache\/2019\/03\/2019-03-page-002\/1800381091.jpg\" src=\"data:image\/svg+xml,%3Csvg%20xmlns%3D%22http%3A%2F%2Fwww.w3.org%2F2000%2Fsvg%22%20width%3D%22150%22%20height%3D%22150%22%20viewBox%3D%220%200%20150%20150%22%3E%3C%2Fsvg%3E\" loading=\"eager\"><\/span><span class=\"fg-image-overlay\"><\/span><\/a><\/figure><div class=\"fg-loader\"><\/div><\/div><div class=\"fg-item fg-type-image fg-idle\"><figure class=\"fg-item-inner\"><a href=\"https:\/\/kestaremesto.grkatke.sk\/wp-content\/uploads\/2019\/03\/2019-03-page-003.jpg\" data-attachment-id=\"1651\" data-type=\"image\" class=\"fg-thumb\"><span class=\"fg-image-wrap\"><img decoding=\"async\" width=\"150\" height=\"150\" class=\"skip-lazy fg-image\" data-src-fg=\"https:\/\/kestaremesto.grkatke.sk\/wp-content\/uploads\/cache\/2019\/03\/2019-03-page-003\/1215994538.jpg\" src=\"data:image\/svg+xml,%3Csvg%20xmlns%3D%22http%3A%2F%2Fwww.w3.org%2F2000%2Fsvg%22%20width%3D%22150%22%20height%3D%22150%22%20viewBox%3D%220%200%20150%20150%22%3E%3C%2Fsvg%3E\" loading=\"eager\"><\/span><span class=\"fg-image-overlay\"><\/span><\/a><\/figure><div class=\"fg-loader\"><\/div><\/div><div class=\"fg-item fg-type-image fg-idle\"><figure class=\"fg-item-inner\"><a href=\"https:\/\/kestaremesto.grkatke.sk\/wp-content\/uploads\/2019\/03\/2019-03-page-004.jpg\" data-attachment-id=\"1652\" data-type=\"image\" class=\"fg-thumb\"><span class=\"fg-image-wrap\"><img decoding=\"async\" width=\"150\" height=\"150\" class=\"skip-lazy fg-image\" data-src-fg=\"https:\/\/kestaremesto.grkatke.sk\/wp-content\/uploads\/cache\/2019\/03\/2019-03-page-004\/2842680395.jpg\" src=\"data:image\/svg+xml,%3Csvg%20xmlns%3D%22http%3A%2F%2Fwww.w3.org%2F2000%2Fsvg%22%20width%3D%22150%22%20height%3D%22150%22%20viewBox%3D%220%200%20150%20150%22%3E%3C%2Fsvg%3E\" loading=\"eager\"><\/span><span class=\"fg-image-overlay\"><\/span><\/a><\/figure><div class=\"fg-loader\"><\/div><\/div><\/div>\n\n","protected":false},"excerpt":{"rendered":"","protected":false},"author":2,"featured_media":226,"comment_status":"closed","ping_status":"closed","sticky":false,"template":"","format":"standard","meta":{"_coblocks_attr":"","_coblocks_dimensions":"","_coblocks_responsive_height":"","_coblocks_accordion_ie_support":"","footnotes":""},"categories":[6],"tags":[],"class_list":["post-1654","post","type-post","status-publish","format-standard","has-post-thumbnail","hentry","category-nasa-katedrala"],"yoast_head":"<!-- This site is optimized with the Yoast SEO plugin v27.4 - https:\/\/yoast.com\/product\/yoast-seo-wordpress\/ -->\n<title>Na\u0161a Katedr\u00e1la 3\/2019 - GR\u00c9CKOKATOL\u00cdCKA CIRKEV FARNOS\u0164 KO\u0160ICE - STAR\u00c9 MESTO<\/title>\n<meta name=\"robots\" content=\"index, follow, max-snippet:-1, max-image-preview:large, max-video-preview:-1\" \/>\n<link rel=\"canonical\" href=\"https:\/\/kestaremesto.grkatke.sk\/?p=1654\" \/>\n<meta property=\"og:locale\" content=\"sk_SK\" \/>\n<meta property=\"og:type\" content=\"article\" \/>\n<meta property=\"og:title\" content=\"Na\u0161a Katedr\u00e1la 3\/2019 - GR\u00c9CKOKATOL\u00cdCKA CIRKEV FARNOS\u0164 KO\u0160ICE - STAR\u00c9 MESTO\" \/>\n<meta property=\"og:url\" content=\"https:\/\/kestaremesto.grkatke.sk\/?p=1654\" \/>\n<meta property=\"og:site_name\" content=\"GR\u00c9CKOKATOL\u00cdCKA CIRKEV FARNOS\u0164 KO\u0160ICE - STAR\u00c9 MESTO\" \/>\n<meta property=\"article:publisher\" content=\"https:\/\/www.facebook.com\/Na%c5%a1a-Katedr%c3%a1la-231637610336060\/\" \/>\n<meta property=\"article:published_time\" content=\"2019-03-03T06:12:16+00:00\" \/>\n<meta property=\"article:modified_time\" content=\"2019-03-03T06:13:42+00:00\" \/>\n<meta property=\"og:image\" content=\"https:\/\/kestaremesto.grkatke.sk\/wp-content\/uploads\/2016\/09\/Na\u0161a-katedr\u00e1la-hlavi\u010dka.jpg\" \/>\n\t<meta property=\"og:image:width\" content=\"1192\" \/>\n\t<meta property=\"og:image:height\" content=\"358\" \/>\n\t<meta property=\"og:image:type\" content=\"image\/jpeg\" \/>\n<meta name=\"author\" content=\"administr\u00e1tor\" \/>\n<meta name=\"twitter:card\" content=\"summary_large_image\" \/>\n<meta name=\"twitter:label1\" content=\"Autor\" \/>\n\t<meta name=\"twitter:data1\" content=\"administr\u00e1tor\" \/>\n<script type=\"application\/ld+json\" class=\"yoast-schema-graph\">{\"@context\":\"https:\\\/\\\/schema.org\",\"@graph\":[{\"@type\":\"Article\",\"@id\":\"https:\\\/\\\/kestaremesto.grkatke.sk\\\/?p=1654#article\",\"isPartOf\":{\"@id\":\"https:\\\/\\\/kestaremesto.grkatke.sk\\\/?p=1654\"},\"author\":{\"name\":\"administr\u00e1tor\",\"@id\":\"https:\\\/\\\/kestaremesto.grkatke.sk\\\/#\\\/schema\\\/person\\\/86c8e7e5841259082af5c5b227e0d69b\"},\"headline\":\"Na\u0161a Katedr\u00e1la 3\\\/2019\",\"datePublished\":\"2019-03-03T06:12:16+00:00\",\"dateModified\":\"2019-03-03T06:13:42+00:00\",\"mainEntityOfPage\":{\"@id\":\"https:\\\/\\\/kestaremesto.grkatke.sk\\\/?p=1654\"},\"wordCount\":6,\"image\":{\"@id\":\"https:\\\/\\\/kestaremesto.grkatke.sk\\\/?p=1654#primaryimage\"},\"thumbnailUrl\":\"https:\\\/\\\/kestaremesto.grkatke.sk\\\/wp-content\\\/uploads\\\/2016\\\/09\\\/Na\u0161a-katedr\u00e1la-hlavi\u010dka.jpg\",\"articleSection\":[\"Na\u0161a katedr\u00e1la\"],\"inLanguage\":\"sk-SK\"},{\"@type\":\"WebPage\",\"@id\":\"https:\\\/\\\/kestaremesto.grkatke.sk\\\/?p=1654\",\"url\":\"https:\\\/\\\/kestaremesto.grkatke.sk\\\/?p=1654\",\"name\":\"Na\u0161a Katedr\u00e1la 3\\\/2019 - GR\u00c9CKOKATOL\u00cdCKA CIRKEV FARNOS\u0164 KO\u0160ICE - STAR\u00c9 MESTO\",\"isPartOf\":{\"@id\":\"https:\\\/\\\/kestaremesto.grkatke.sk\\\/#website\"},\"primaryImageOfPage\":{\"@id\":\"https:\\\/\\\/kestaremesto.grkatke.sk\\\/?p=1654#primaryimage\"},\"image\":{\"@id\":\"https:\\\/\\\/kestaremesto.grkatke.sk\\\/?p=1654#primaryimage\"},\"thumbnailUrl\":\"https:\\\/\\\/kestaremesto.grkatke.sk\\\/wp-content\\\/uploads\\\/2016\\\/09\\\/Na\u0161a-katedr\u00e1la-hlavi\u010dka.jpg\",\"datePublished\":\"2019-03-03T06:12:16+00:00\",\"dateModified\":\"2019-03-03T06:13:42+00:00\",\"author\":{\"@id\":\"https:\\\/\\\/kestaremesto.grkatke.sk\\\/#\\\/schema\\\/person\\\/86c8e7e5841259082af5c5b227e0d69b\"},\"breadcrumb\":{\"@id\":\"https:\\\/\\\/kestaremesto.grkatke.sk\\\/?p=1654#breadcrumb\"},\"inLanguage\":\"sk-SK\",\"potentialAction\":[{\"@type\":\"ReadAction\",\"target\":[\"https:\\\/\\\/kestaremesto.grkatke.sk\\\/?p=1654\"]}]},{\"@type\":\"ImageObject\",\"inLanguage\":\"sk-SK\",\"@id\":\"https:\\\/\\\/kestaremesto.grkatke.sk\\\/?p=1654#primaryimage\",\"url\":\"https:\\\/\\\/kestaremesto.grkatke.sk\\\/wp-content\\\/uploads\\\/2016\\\/09\\\/Na\u0161a-katedr\u00e1la-hlavi\u010dka.jpg\",\"contentUrl\":\"https:\\\/\\\/kestaremesto.grkatke.sk\\\/wp-content\\\/uploads\\\/2016\\\/09\\\/Na\u0161a-katedr\u00e1la-hlavi\u010dka.jpg\",\"width\":1192,\"height\":358},{\"@type\":\"BreadcrumbList\",\"@id\":\"https:\\\/\\\/kestaremesto.grkatke.sk\\\/?p=1654#breadcrumb\",\"itemListElement\":[{\"@type\":\"ListItem\",\"position\":1,\"name\":\"Domovsk\u00e1 str\u00e1nka\",\"item\":\"https:\\\/\\\/kestaremesto.grkatke.sk\\\/\"},{\"@type\":\"ListItem\",\"position\":2,\"name\":\"Na\u0161a Katedr\u00e1la 3\\\/2019\"}]},{\"@type\":\"WebSite\",\"@id\":\"https:\\\/\\\/kestaremesto.grkatke.sk\\\/#website\",\"url\":\"https:\\\/\\\/kestaremesto.grkatke.sk\\\/\",\"name\":\"GR\u00c9CKOKATOL\u00cdCKA CIRKEV FARNOS\u0164 KO\u0160ICE - STAR\u00c9 MESTO\",\"description\":\"\",\"potentialAction\":[{\"@type\":\"SearchAction\",\"target\":{\"@type\":\"EntryPoint\",\"urlTemplate\":\"https:\\\/\\\/kestaremesto.grkatke.sk\\\/?s={search_term_string}\"},\"query-input\":{\"@type\":\"PropertyValueSpecification\",\"valueRequired\":true,\"valueName\":\"search_term_string\"}}],\"inLanguage\":\"sk-SK\"},{\"@type\":\"Person\",\"@id\":\"https:\\\/\\\/kestaremesto.grkatke.sk\\\/#\\\/schema\\\/person\\\/86c8e7e5841259082af5c5b227e0d69b\",\"name\":\"administr\u00e1tor\",\"url\":\"https:\\\/\\\/kestaremesto.grkatke.sk\\\/?author=2\"}]}<\/script>\n<!-- \/ Yoast SEO plugin. -->","yoast_head_json":{"title":"Na\u0161a Katedr\u00e1la 3\/2019 - GR\u00c9CKOKATOL\u00cdCKA CIRKEV FARNOS\u0164 KO\u0160ICE - STAR\u00c9 MESTO","robots":{"index":"index","follow":"follow","max-snippet":"max-snippet:-1","max-image-preview":"max-image-preview:large","max-video-preview":"max-video-preview:-1"},"canonical":"https:\/\/kestaremesto.grkatke.sk\/?p=1654","og_locale":"sk_SK","og_type":"article","og_title":"Na\u0161a Katedr\u00e1la 3\/2019 - GR\u00c9CKOKATOL\u00cdCKA CIRKEV FARNOS\u0164 KO\u0160ICE - STAR\u00c9 MESTO","og_url":"https:\/\/kestaremesto.grkatke.sk\/?p=1654","og_site_name":"GR\u00c9CKOKATOL\u00cdCKA CIRKEV FARNOS\u0164 KO\u0160ICE - STAR\u00c9 MESTO","article_publisher":"https:\/\/www.facebook.com\/Na%c5%a1a-Katedr%c3%a1la-231637610336060\/","article_published_time":"2019-03-03T06:12:16+00:00","article_modified_time":"2019-03-03T06:13:42+00:00","og_image":[{"width":1192,"height":358,"url":"https:\/\/kestaremesto.grkatke.sk\/wp-content\/uploads\/2016\/09\/Na\u0161a-katedr\u00e1la-hlavi\u010dka.jpg","type":"image\/jpeg"}],"author":"administr\u00e1tor","twitter_card":"summary_large_image","twitter_misc":{"Autor":"administr\u00e1tor"},"schema":{"@context":"https:\/\/schema.org","@graph":[{"@type":"Article","@id":"https:\/\/kestaremesto.grkatke.sk\/?p=1654#article","isPartOf":{"@id":"https:\/\/kestaremesto.grkatke.sk\/?p=1654"},"author":{"name":"administr\u00e1tor","@id":"https:\/\/kestaremesto.grkatke.sk\/#\/schema\/person\/86c8e7e5841259082af5c5b227e0d69b"},"headline":"Na\u0161a Katedr\u00e1la 3\/2019","datePublished":"2019-03-03T06:12:16+00:00","dateModified":"2019-03-03T06:13:42+00:00","mainEntityOfPage":{"@id":"https:\/\/kestaremesto.grkatke.sk\/?p=1654"},"wordCount":6,"image":{"@id":"https:\/\/kestaremesto.grkatke.sk\/?p=1654#primaryimage"},"thumbnailUrl":"https:\/\/kestaremesto.grkatke.sk\/wp-content\/uploads\/2016\/09\/Na\u0161a-katedr\u00e1la-hlavi\u010dka.jpg","articleSection":["Na\u0161a katedr\u00e1la"],"inLanguage":"sk-SK"},{"@type":"WebPage","@id":"https:\/\/kestaremesto.grkatke.sk\/?p=1654","url":"https:\/\/kestaremesto.grkatke.sk\/?p=1654","name":"Na\u0161a Katedr\u00e1la 3\/2019 - GR\u00c9CKOKATOL\u00cdCKA CIRKEV FARNOS\u0164 KO\u0160ICE - STAR\u00c9 MESTO","isPartOf":{"@id":"https:\/\/kestaremesto.grkatke.sk\/#website"},"primaryImageOfPage":{"@id":"https:\/\/kestaremesto.grkatke.sk\/?p=1654#primaryimage"},"image":{"@id":"https:\/\/kestaremesto.grkatke.sk\/?p=1654#primaryimage"},"thumbnailUrl":"https:\/\/kestaremesto.grkatke.sk\/wp-content\/uploads\/2016\/09\/Na\u0161a-katedr\u00e1la-hlavi\u010dka.jpg","datePublished":"2019-03-03T06:12:16+00:00","dateModified":"2019-03-03T06:13:42+00:00","author":{"@id":"https:\/\/kestaremesto.grkatke.sk\/#\/schema\/person\/86c8e7e5841259082af5c5b227e0d69b"},"breadcrumb":{"@id":"https:\/\/kestaremesto.grkatke.sk\/?p=1654#breadcrumb"},"inLanguage":"sk-SK","potentialAction":[{"@type":"ReadAction","target":["https:\/\/kestaremesto.grkatke.sk\/?p=1654"]}]},{"@type":"ImageObject","inLanguage":"sk-SK","@id":"https:\/\/kestaremesto.grkatke.sk\/?p=1654#primaryimage","url":"https:\/\/kestaremesto.grkatke.sk\/wp-content\/uploads\/2016\/09\/Na\u0161a-katedr\u00e1la-hlavi\u010dka.jpg","contentUrl":"https:\/\/kestaremesto.grkatke.sk\/wp-content\/uploads\/2016\/09\/Na\u0161a-katedr\u00e1la-hlavi\u010dka.jpg","width":1192,"height":358},{"@type":"BreadcrumbList","@id":"https:\/\/kestaremesto.grkatke.sk\/?p=1654#breadcrumb","itemListElement":[{"@type":"ListItem","position":1,"name":"Domovsk\u00e1 str\u00e1nka","item":"https:\/\/kestaremesto.grkatke.sk\/"},{"@type":"ListItem","position":2,"name":"Na\u0161a Katedr\u00e1la 3\/2019"}]},{"@type":"WebSite","@id":"https:\/\/kestaremesto.grkatke.sk\/#website","url":"https:\/\/kestaremesto.grkatke.sk\/","name":"GR\u00c9CKOKATOL\u00cdCKA CIRKEV FARNOS\u0164 KO\u0160ICE - STAR\u00c9 MESTO","description":"","potentialAction":[{"@type":"SearchAction","target":{"@type":"EntryPoint","urlTemplate":"https:\/\/kestaremesto.grkatke.sk\/?s={search_term_string}"},"query-input":{"@type":"PropertyValueSpecification","valueRequired":true,"valueName":"search_term_string"}}],"inLanguage":"sk-SK"},{"@type":"Person","@id":"https:\/\/kestaremesto.grkatke.sk\/#\/schema\/person\/86c8e7e5841259082af5c5b227e0d69b","name":"administr\u00e1tor","url":"https:\/\/kestaremesto.grkatke.sk\/?author=2"}]}},"_links":{"self":[{"href":"https:\/\/kestaremesto.grkatke.sk\/index.php?rest_route=\/wp\/v2\/posts\/1654","targetHints":{"allow":["GET"]}}],"collection":[{"href":"https:\/\/kestaremesto.grkatke.sk\/index.php?rest_route=\/wp\/v2\/posts"}],"about":[{"href":"https:\/\/kestaremesto.grkatke.sk\/index.php?rest_route=\/wp\/v2\/types\/post"}],"author":[{"embeddable":true,"href":"https:\/\/kestaremesto.grkatke.sk\/index.php?rest_route=\/wp\/v2\/users\/2"}],"replies":[{"embeddable":true,"href":"https:\/\/kestaremesto.grkatke.sk\/index.php?rest_route=%2Fwp%2Fv2%2Fcomments&post=1654"}],"version-history":[{"count":1,"href":"https:\/\/kestaremesto.grkatke.sk\/index.php?rest_route=\/wp\/v2\/posts\/1654\/revisions"}],"predecessor-version":[{"id":1655,"href":"https:\/\/kestaremesto.grkatke.sk\/index.php?rest_route=\/wp\/v2\/posts\/1654\/revisions\/1655"}],"wp:featuredmedia":[{"embeddable":true,"href":"https:\/\/kestaremesto.grkatke.sk\/index.php?rest_route=\/wp\/v2\/media\/226"}],"wp:attachment":[{"href":"https:\/\/kestaremesto.grkatke.sk\/index.php?rest_route=%2Fwp%2Fv2%2Fmedia&parent=1654"}],"wp:term":[{"taxonomy":"category","embeddable":true,"href":"https:\/\/kestaremesto.grkatke.sk\/index.php?rest_route=%2Fwp%2Fv2%2Fcategories&post=1654"},{"taxonomy":"post_tag","embeddable":true,"href":"https:\/\/kestaremesto.grkatke.sk\/index.php?rest_route=%2Fwp%2Fv2%2Ftags&post=1654"}],"curies":[{"name":"wp","href":"https:\/\/api.w.org\/{rel}","templated":true}]}}