{"id":1741,"date":"2019-04-14T06:43:30","date_gmt":"2019-04-14T04:43:30","guid":{"rendered":"https:\/\/kestaremesto.grkatke.sk\/?p=1741"},"modified":"2019-04-14T06:44:45","modified_gmt":"2019-04-14T04:44:45","slug":"sviatok-sviatkov","status":"publish","type":"post","link":"https:\/\/kestaremesto.grkatke.sk\/?p=1741","title":{"rendered":"Sviatok sviatkov"},"content":{"rendered":"<p>Pred nami je n\u00e1\u0161 najv\u00e4\u010d\u0161\u00ed kres\u0165ansk\u00fd sviatok. Je to Kristova Pascha, alebo in\u00fdmi slovami Ve\u013ek\u00e1 noc.<\/p>\n<p>Apo\u0161toli mali po\u010das Kristovej Paschy sk\u00fasenos\u0165 s mnoh\u00fdmi d\u00f4le\u017eit\u00fdmi situ\u00e1ciami. D\u00e1 sa poveda\u0165, \u017ee v\u0161etky udalosti ich zasahovali v jadre ich bytia. Mali za sebou nieko\u013eko prebden\u00fdch noc\u00ed, v ktor\u00fdch sa p\u00fdtali seba sam\u00fdch, ale aj Boha, \u010do bude \u010falej. Najhor\u0161ie sa c\u00edtili vo Ve\u013ek\u00fd piatok a Ve\u013ek\u00fa sobotu, ke\u010f bol Kristus v hrobe. No pri\u0161la Ve\u013ekono\u010dn\u00e1 nede\u013ea, Kristovo vzkriesenie a\u00a0v\u0161etko sa zmenilo.<\/p>\n<p>V prvom rade pri\u0161li ku Kristovmu hrobu \u017eeny. Potom aj apo\u0161toli. Najprv sv. Peter a J\u00e1n, a aj ke\u010f to nie je nap\u00edsan\u00e9 v evanjeli\u00e1ch, m\u00f4\u017eeme predpoklada\u0165, \u017ee sa tam nesk\u00f4r i\u0161li pozrie\u0165 v\u0161etci. Neexistuje toti\u017e v\u00e4\u010d\u0161ia rados\u0165, ako vidie\u0165 pr\u00e1zdny hrob vo vedom\u00ed, \u017ee ten, ktor\u00fd v\u00a0\u0148om le\u017eal, vstal z\u00a0m\u0155tvych.<\/p>\n<p>My v na\u0161ej \u017eivotnej situ\u00e1cii sa mnohokr\u00e1t podob\u00e1me t\u00fdm, ktor\u00ed stoja nad hrobom svojich n\u00e1dej\u00ed, ktor\u00e9 pre n\u00e1s nejavia \u017eiadne zn\u00e1mky \u017eivota.<\/p>\n<p>Jednoducho never\u00edme, \u017ee by sa mohlo nie\u010do zmeni\u0165 k\u00a0lep\u0161iemu. Na tomto mieste je v\u0161ak potrebn\u00e9 poznamena\u0165, \u017ee vzkriesen\u00fd Kristus je naplnen\u00edm v\u0161etk\u00fdch na\u0161ich n\u00e1dej\u00ed, preto\u017ee Jeho hrob ostal pr\u00e1zdny. V\u00a0\u0147om sme v\u00a0pravom slova zmysle optimisti, v\u00a0\u0147om je mo\u017en\u00e9 v\u0161etko. Niet v\u00e4\u010d\u0161ej radosti, ako st\u00e1\u0165 nad pr\u00e1zdnym hrobom, v\u00a0ktorom bola pochovan\u00e1 na\u0161a n\u00e1dej. Treb\u00e1rs n\u00e1dej na svoje obr\u00e1tenie, na mo\u017enos\u0165 pribl\u00ed\u017ei\u0165 sa k\u00a0Bohu, n\u00e1dej zlep\u0161i\u0165 svoje vz\u0165ahy so svojimi bl\u00ed\u017enymi, v\u00a0prvom rade so svojou najbli\u017e\u0161ou rodinou. V\u00a0Kristovi je v\u0161ak v\u0161etko mo\u017en\u00e9. Draho sme boli k\u00fapen\u00ed, ako hovor\u00ed sv. apo\u0161tol Pavol, a\u00a0Kristov hrob ostal pr\u00e1zdny.<\/p>\n<p>Vstupujeme do Ve\u013ek\u00e9ho t\u00fd\u017ed\u0148a a\u00a0Kristovej Paschy. Ponorme sa do liturgick\u00fdch modlitieb, ktor\u00e9 n\u00e1m pon\u00faka Cirkev, aby sme si uvedomili a\u00a0prijali to, \u017ee Kristus n\u00e1s vyk\u00fapil spod kliatby z\u00e1kona a\u00a0hriechu svojou drahocennou krvou a\u00a0smr\u0165ou na kr\u00ed\u017ei. Ale samozrejme aj to, \u017ee Kristus neust\u00e1le vst\u00e1va z\u00a0m\u0155tvych, aby dv\u00edhal aj n\u00e1s z\u00a0na\u0161ej bezn\u00e1deje.<\/p>\n<p>Prajem V\u00e1m po\u017eehnan\u00e9 sviatky Kristovej Paschy a\u00a0radostn\u00e9 pre\u017e\u00edvanie skuto\u010dnosti, ktor\u00e9 stopercentne vyjadruje n\u00e1\u0161 pozdrav \u201eChrist\u00f3s voskr\u00e9se\u201c.<\/p>\n","protected":false},"excerpt":{"rendered":"<p>Pred nami je n\u00e1\u0161 najv\u00e4\u010d\u0161\u00ed kres\u0165ansk\u00fd sviatok. Je to Kristova Pascha, alebo in\u00fdmi slovami Ve\u013ek\u00e1 noc. Apo\u0161toli mali po\u010das Kristovej Paschy sk\u00fasenos\u0165 s mnoh\u00fdmi d\u00f4le\u017eit\u00fdmi situ\u00e1ciami. D\u00e1 sa poveda\u0165, \u017ee v\u0161etky udalosti ich zasahovali v jadre ich bytia. Mali za sebou nieko\u013eko prebden\u00fdch noc\u00ed, v ktor\u00fdch sa p\u00fdtali seba sam\u00fdch, ale aj Boha, \u010do bude [&hellip;]<\/p>\n","protected":false},"author":2,"featured_media":1742,"comment_status":"closed","ping_status":"closed","sticky":false,"template":"","format":"standard","meta":{"_coblocks_attr":"","_coblocks_dimensions":"","_coblocks_responsive_height":"","_coblocks_accordion_ie_support":"","footnotes":""},"categories":[1],"tags":[],"class_list":["post-1741","post","type-post","status-publish","format-standard","has-post-thumbnail","hentry","category-nezaradene"],"yoast_head":"<!-- This site is optimized with the Yoast SEO plugin v27.4 - https:\/\/yoast.com\/product\/yoast-seo-wordpress\/ -->\n<title>Sviatok sviatkov - GR\u00c9CKOKATOL\u00cdCKA CIRKEV FARNOS\u0164 KO\u0160ICE - STAR\u00c9 MESTO<\/title>\n<meta name=\"robots\" content=\"index, follow, max-snippet:-1, max-image-preview:large, max-video-preview:-1\" \/>\n<link rel=\"canonical\" href=\"https:\/\/kestaremesto.grkatke.sk\/?p=1741\" \/>\n<meta property=\"og:locale\" content=\"sk_SK\" \/>\n<meta property=\"og:type\" content=\"article\" \/>\n<meta property=\"og:title\" content=\"Sviatok sviatkov - GR\u00c9CKOKATOL\u00cdCKA CIRKEV FARNOS\u0164 KO\u0160ICE - STAR\u00c9 MESTO\" \/>\n<meta property=\"og:description\" content=\"Pred nami je n\u00e1\u0161 najv\u00e4\u010d\u0161\u00ed kres\u0165ansk\u00fd sviatok. Je to Kristova Pascha, alebo in\u00fdmi slovami Ve\u013ek\u00e1 noc. Apo\u0161toli mali po\u010das Kristovej Paschy sk\u00fasenos\u0165 s mnoh\u00fdmi d\u00f4le\u017eit\u00fdmi situ\u00e1ciami. D\u00e1 sa poveda\u0165, \u017ee v\u0161etky udalosti ich zasahovali v jadre ich bytia. Mali za sebou nieko\u013eko prebden\u00fdch noc\u00ed, v ktor\u00fdch sa p\u00fdtali seba sam\u00fdch, ale aj Boha, \u010do bude [&hellip;]\" \/>\n<meta property=\"og:url\" content=\"https:\/\/kestaremesto.grkatke.sk\/?p=1741\" \/>\n<meta property=\"og:site_name\" content=\"GR\u00c9CKOKATOL\u00cdCKA CIRKEV FARNOS\u0164 KO\u0160ICE - STAR\u00c9 MESTO\" \/>\n<meta property=\"article:publisher\" content=\"https:\/\/www.facebook.com\/Na%c5%a1a-Katedr%c3%a1la-231637610336060\/\" \/>\n<meta property=\"article:published_time\" content=\"2019-04-14T04:43:30+00:00\" \/>\n<meta property=\"article:modified_time\" content=\"2019-04-14T04:44:45+00:00\" \/>\n<meta property=\"og:image\" content=\"https:\/\/kestaremesto.grkatke.sk\/wp-content\/uploads\/2019\/04\/1accec7d3de988ec48fca99c5286748b-e1555216997781.jpg\" \/>\n\t<meta property=\"og:image:width\" content=\"1279\" \/>\n\t<meta property=\"og:image:height\" content=\"1031\" \/>\n\t<meta property=\"og:image:type\" content=\"image\/jpeg\" \/>\n<meta name=\"author\" content=\"administr\u00e1tor\" \/>\n<meta name=\"twitter:card\" content=\"summary_large_image\" \/>\n<meta name=\"twitter:label1\" content=\"Autor\" \/>\n\t<meta name=\"twitter:data1\" content=\"administr\u00e1tor\" \/>\n\t<meta name=\"twitter:label2\" content=\"Predpokladan\u00fd \u010das \u010d\u00edtania\" \/>\n\t<meta name=\"twitter:data2\" content=\"2 min\u00faty\" \/>\n<script type=\"application\/ld+json\" class=\"yoast-schema-graph\">{\"@context\":\"https:\\\/\\\/schema.org\",\"@graph\":[{\"@type\":\"Article\",\"@id\":\"https:\\\/\\\/kestaremesto.grkatke.sk\\\/?p=1741#article\",\"isPartOf\":{\"@id\":\"https:\\\/\\\/kestaremesto.grkatke.sk\\\/?p=1741\"},\"author\":{\"name\":\"administr\u00e1tor\",\"@id\":\"https:\\\/\\\/kestaremesto.grkatke.sk\\\/#\\\/schema\\\/person\\\/86c8e7e5841259082af5c5b227e0d69b\"},\"headline\":\"Sviatok sviatkov\",\"datePublished\":\"2019-04-14T04:43:30+00:00\",\"dateModified\":\"2019-04-14T04:44:45+00:00\",\"mainEntityOfPage\":{\"@id\":\"https:\\\/\\\/kestaremesto.grkatke.sk\\\/?p=1741\"},\"wordCount\":437,\"image\":{\"@id\":\"https:\\\/\\\/kestaremesto.grkatke.sk\\\/?p=1741#primaryimage\"},\"thumbnailUrl\":\"https:\\\/\\\/kestaremesto.grkatke.sk\\\/wp-content\\\/uploads\\\/2019\\\/04\\\/1accec7d3de988ec48fca99c5286748b-e1555216997781.jpg\",\"inLanguage\":\"sk-SK\"},{\"@type\":\"WebPage\",\"@id\":\"https:\\\/\\\/kestaremesto.grkatke.sk\\\/?p=1741\",\"url\":\"https:\\\/\\\/kestaremesto.grkatke.sk\\\/?p=1741\",\"name\":\"Sviatok sviatkov - GR\u00c9CKOKATOL\u00cdCKA CIRKEV FARNOS\u0164 KO\u0160ICE - STAR\u00c9 MESTO\",\"isPartOf\":{\"@id\":\"https:\\\/\\\/kestaremesto.grkatke.sk\\\/#website\"},\"primaryImageOfPage\":{\"@id\":\"https:\\\/\\\/kestaremesto.grkatke.sk\\\/?p=1741#primaryimage\"},\"image\":{\"@id\":\"https:\\\/\\\/kestaremesto.grkatke.sk\\\/?p=1741#primaryimage\"},\"thumbnailUrl\":\"https:\\\/\\\/kestaremesto.grkatke.sk\\\/wp-content\\\/uploads\\\/2019\\\/04\\\/1accec7d3de988ec48fca99c5286748b-e1555216997781.jpg\",\"datePublished\":\"2019-04-14T04:43:30+00:00\",\"dateModified\":\"2019-04-14T04:44:45+00:00\",\"author\":{\"@id\":\"https:\\\/\\\/kestaremesto.grkatke.sk\\\/#\\\/schema\\\/person\\\/86c8e7e5841259082af5c5b227e0d69b\"},\"breadcrumb\":{\"@id\":\"https:\\\/\\\/kestaremesto.grkatke.sk\\\/?p=1741#breadcrumb\"},\"inLanguage\":\"sk-SK\",\"potentialAction\":[{\"@type\":\"ReadAction\",\"target\":[\"https:\\\/\\\/kestaremesto.grkatke.sk\\\/?p=1741\"]}]},{\"@type\":\"ImageObject\",\"inLanguage\":\"sk-SK\",\"@id\":\"https:\\\/\\\/kestaremesto.grkatke.sk\\\/?p=1741#primaryimage\",\"url\":\"https:\\\/\\\/kestaremesto.grkatke.sk\\\/wp-content\\\/uploads\\\/2019\\\/04\\\/1accec7d3de988ec48fca99c5286748b-e1555216997781.jpg\",\"contentUrl\":\"https:\\\/\\\/kestaremesto.grkatke.sk\\\/wp-content\\\/uploads\\\/2019\\\/04\\\/1accec7d3de988ec48fca99c5286748b-e1555216997781.jpg\",\"width\":1279,\"height\":1031},{\"@type\":\"BreadcrumbList\",\"@id\":\"https:\\\/\\\/kestaremesto.grkatke.sk\\\/?p=1741#breadcrumb\",\"itemListElement\":[{\"@type\":\"ListItem\",\"position\":1,\"name\":\"Domovsk\u00e1 str\u00e1nka\",\"item\":\"https:\\\/\\\/kestaremesto.grkatke.sk\\\/\"},{\"@type\":\"ListItem\",\"position\":2,\"name\":\"Sviatok sviatkov\"}]},{\"@type\":\"WebSite\",\"@id\":\"https:\\\/\\\/kestaremesto.grkatke.sk\\\/#website\",\"url\":\"https:\\\/\\\/kestaremesto.grkatke.sk\\\/\",\"name\":\"GR\u00c9CKOKATOL\u00cdCKA CIRKEV FARNOS\u0164 KO\u0160ICE - STAR\u00c9 MESTO\",\"description\":\"\",\"potentialAction\":[{\"@type\":\"SearchAction\",\"target\":{\"@type\":\"EntryPoint\",\"urlTemplate\":\"https:\\\/\\\/kestaremesto.grkatke.sk\\\/?s={search_term_string}\"},\"query-input\":{\"@type\":\"PropertyValueSpecification\",\"valueRequired\":true,\"valueName\":\"search_term_string\"}}],\"inLanguage\":\"sk-SK\"},{\"@type\":\"Person\",\"@id\":\"https:\\\/\\\/kestaremesto.grkatke.sk\\\/#\\\/schema\\\/person\\\/86c8e7e5841259082af5c5b227e0d69b\",\"name\":\"administr\u00e1tor\",\"url\":\"https:\\\/\\\/kestaremesto.grkatke.sk\\\/?author=2\"}]}<\/script>\n<!-- \/ Yoast SEO plugin. -->","yoast_head_json":{"title":"Sviatok sviatkov - GR\u00c9CKOKATOL\u00cdCKA CIRKEV FARNOS\u0164 KO\u0160ICE - STAR\u00c9 MESTO","robots":{"index":"index","follow":"follow","max-snippet":"max-snippet:-1","max-image-preview":"max-image-preview:large","max-video-preview":"max-video-preview:-1"},"canonical":"https:\/\/kestaremesto.grkatke.sk\/?p=1741","og_locale":"sk_SK","og_type":"article","og_title":"Sviatok sviatkov - GR\u00c9CKOKATOL\u00cdCKA CIRKEV FARNOS\u0164 KO\u0160ICE - STAR\u00c9 MESTO","og_description":"Pred nami je n\u00e1\u0161 najv\u00e4\u010d\u0161\u00ed kres\u0165ansk\u00fd sviatok. Je to Kristova Pascha, alebo in\u00fdmi slovami Ve\u013ek\u00e1 noc. Apo\u0161toli mali po\u010das Kristovej Paschy sk\u00fasenos\u0165 s mnoh\u00fdmi d\u00f4le\u017eit\u00fdmi situ\u00e1ciami. D\u00e1 sa poveda\u0165, \u017ee v\u0161etky udalosti ich zasahovali v jadre ich bytia. Mali za sebou nieko\u013eko prebden\u00fdch noc\u00ed, v ktor\u00fdch sa p\u00fdtali seba sam\u00fdch, ale aj Boha, \u010do bude [&hellip;]","og_url":"https:\/\/kestaremesto.grkatke.sk\/?p=1741","og_site_name":"GR\u00c9CKOKATOL\u00cdCKA CIRKEV FARNOS\u0164 KO\u0160ICE - STAR\u00c9 MESTO","article_publisher":"https:\/\/www.facebook.com\/Na%c5%a1a-Katedr%c3%a1la-231637610336060\/","article_published_time":"2019-04-14T04:43:30+00:00","article_modified_time":"2019-04-14T04:44:45+00:00","og_image":[{"width":1279,"height":1031,"url":"https:\/\/kestaremesto.grkatke.sk\/wp-content\/uploads\/2019\/04\/1accec7d3de988ec48fca99c5286748b-e1555216997781.jpg","type":"image\/jpeg"}],"author":"administr\u00e1tor","twitter_card":"summary_large_image","twitter_misc":{"Autor":"administr\u00e1tor","Predpokladan\u00fd \u010das \u010d\u00edtania":"2 min\u00faty"},"schema":{"@context":"https:\/\/schema.org","@graph":[{"@type":"Article","@id":"https:\/\/kestaremesto.grkatke.sk\/?p=1741#article","isPartOf":{"@id":"https:\/\/kestaremesto.grkatke.sk\/?p=1741"},"author":{"name":"administr\u00e1tor","@id":"https:\/\/kestaremesto.grkatke.sk\/#\/schema\/person\/86c8e7e5841259082af5c5b227e0d69b"},"headline":"Sviatok sviatkov","datePublished":"2019-04-14T04:43:30+00:00","dateModified":"2019-04-14T04:44:45+00:00","mainEntityOfPage":{"@id":"https:\/\/kestaremesto.grkatke.sk\/?p=1741"},"wordCount":437,"image":{"@id":"https:\/\/kestaremesto.grkatke.sk\/?p=1741#primaryimage"},"thumbnailUrl":"https:\/\/kestaremesto.grkatke.sk\/wp-content\/uploads\/2019\/04\/1accec7d3de988ec48fca99c5286748b-e1555216997781.jpg","inLanguage":"sk-SK"},{"@type":"WebPage","@id":"https:\/\/kestaremesto.grkatke.sk\/?p=1741","url":"https:\/\/kestaremesto.grkatke.sk\/?p=1741","name":"Sviatok sviatkov - GR\u00c9CKOKATOL\u00cdCKA CIRKEV FARNOS\u0164 KO\u0160ICE - STAR\u00c9 MESTO","isPartOf":{"@id":"https:\/\/kestaremesto.grkatke.sk\/#website"},"primaryImageOfPage":{"@id":"https:\/\/kestaremesto.grkatke.sk\/?p=1741#primaryimage"},"image":{"@id":"https:\/\/kestaremesto.grkatke.sk\/?p=1741#primaryimage"},"thumbnailUrl":"https:\/\/kestaremesto.grkatke.sk\/wp-content\/uploads\/2019\/04\/1accec7d3de988ec48fca99c5286748b-e1555216997781.jpg","datePublished":"2019-04-14T04:43:30+00:00","dateModified":"2019-04-14T04:44:45+00:00","author":{"@id":"https:\/\/kestaremesto.grkatke.sk\/#\/schema\/person\/86c8e7e5841259082af5c5b227e0d69b"},"breadcrumb":{"@id":"https:\/\/kestaremesto.grkatke.sk\/?p=1741#breadcrumb"},"inLanguage":"sk-SK","potentialAction":[{"@type":"ReadAction","target":["https:\/\/kestaremesto.grkatke.sk\/?p=1741"]}]},{"@type":"ImageObject","inLanguage":"sk-SK","@id":"https:\/\/kestaremesto.grkatke.sk\/?p=1741#primaryimage","url":"https:\/\/kestaremesto.grkatke.sk\/wp-content\/uploads\/2019\/04\/1accec7d3de988ec48fca99c5286748b-e1555216997781.jpg","contentUrl":"https:\/\/kestaremesto.grkatke.sk\/wp-content\/uploads\/2019\/04\/1accec7d3de988ec48fca99c5286748b-e1555216997781.jpg","width":1279,"height":1031},{"@type":"BreadcrumbList","@id":"https:\/\/kestaremesto.grkatke.sk\/?p=1741#breadcrumb","itemListElement":[{"@type":"ListItem","position":1,"name":"Domovsk\u00e1 str\u00e1nka","item":"https:\/\/kestaremesto.grkatke.sk\/"},{"@type":"ListItem","position":2,"name":"Sviatok sviatkov"}]},{"@type":"WebSite","@id":"https:\/\/kestaremesto.grkatke.sk\/#website","url":"https:\/\/kestaremesto.grkatke.sk\/","name":"GR\u00c9CKOKATOL\u00cdCKA CIRKEV FARNOS\u0164 KO\u0160ICE - STAR\u00c9 MESTO","description":"","potentialAction":[{"@type":"SearchAction","target":{"@type":"EntryPoint","urlTemplate":"https:\/\/kestaremesto.grkatke.sk\/?s={search_term_string}"},"query-input":{"@type":"PropertyValueSpecification","valueRequired":true,"valueName":"search_term_string"}}],"inLanguage":"sk-SK"},{"@type":"Person","@id":"https:\/\/kestaremesto.grkatke.sk\/#\/schema\/person\/86c8e7e5841259082af5c5b227e0d69b","name":"administr\u00e1tor","url":"https:\/\/kestaremesto.grkatke.sk\/?author=2"}]}},"_links":{"self":[{"href":"https:\/\/kestaremesto.grkatke.sk\/index.php?rest_route=\/wp\/v2\/posts\/1741","targetHints":{"allow":["GET"]}}],"collection":[{"href":"https:\/\/kestaremesto.grkatke.sk\/index.php?rest_route=\/wp\/v2\/posts"}],"about":[{"href":"https:\/\/kestaremesto.grkatke.sk\/index.php?rest_route=\/wp\/v2\/types\/post"}],"author":[{"embeddable":true,"href":"https:\/\/kestaremesto.grkatke.sk\/index.php?rest_route=\/wp\/v2\/users\/2"}],"replies":[{"embeddable":true,"href":"https:\/\/kestaremesto.grkatke.sk\/index.php?rest_route=%2Fwp%2Fv2%2Fcomments&post=1741"}],"version-history":[{"count":1,"href":"https:\/\/kestaremesto.grkatke.sk\/index.php?rest_route=\/wp\/v2\/posts\/1741\/revisions"}],"predecessor-version":[{"id":1743,"href":"https:\/\/kestaremesto.grkatke.sk\/index.php?rest_route=\/wp\/v2\/posts\/1741\/revisions\/1743"}],"wp:featuredmedia":[{"embeddable":true,"href":"https:\/\/kestaremesto.grkatke.sk\/index.php?rest_route=\/wp\/v2\/media\/1742"}],"wp:attachment":[{"href":"https:\/\/kestaremesto.grkatke.sk\/index.php?rest_route=%2Fwp%2Fv2%2Fmedia&parent=1741"}],"wp:term":[{"taxonomy":"category","embeddable":true,"href":"https:\/\/kestaremesto.grkatke.sk\/index.php?rest_route=%2Fwp%2Fv2%2Fcategories&post=1741"},{"taxonomy":"post_tag","embeddable":true,"href":"https:\/\/kestaremesto.grkatke.sk\/index.php?rest_route=%2Fwp%2Fv2%2Ftags&post=1741"}],"curies":[{"name":"wp","href":"https:\/\/api.w.org\/{rel}","templated":true}]}}