{"id":1806,"date":"2019-05-26T07:12:09","date_gmt":"2019-05-26T05:12:09","guid":{"rendered":"https:\/\/kestaremesto.grkatke.sk\/?p=1806"},"modified":"2019-05-26T07:12:09","modified_gmt":"2019-05-26T05:12:09","slug":"nas-vecny-domov","status":"publish","type":"post","link":"https:\/\/kestaremesto.grkatke.sk\/?p=1806","title":{"rendered":"N\u00e1\u0161 ve\u010dn\u00fd domov"},"content":{"rendered":"<p>V\u00a0nasleduj\u00faci \u0161tvrtok sl\u00e1vime prik\u00e1zan\u00fd sviatok <em>Nanebovst\u00fapenie n\u00e1\u0161ho P\u00e1na Je\u017ei\u0161a Krista<\/em>. Dobre vieme, \u017ee t\u00e1to udalos\u0165 sa stala na 40-ty de\u0148 od Kristovho vzkriesenia.<\/p>\n<p>O\u00a0nebi po\u010dujeme \u010dasto aj v\u00a0m\u00e9di\u00e1ch. Mnohokr\u00e1t je n\u00e1m v\u0161ak pon\u00fakan\u00fd a\u017e pr\u00edli\u0161 skreslen\u00fd poh\u013ead na nebo. Preto je oso\u017en\u00e9 pripomen\u00fa\u0165 si, ako vn\u00edmame nebo my kres\u0165ania. V\u00a0Katechizme o\u00a0tom, \u010do je nebo, nach\u00e1dzame tieto slov\u00e1: <em>\u201eNebo je Bo\u017eie prostredie, pr\u00edbytok anjelov a\u00a0sv\u00e4t\u00fdch a\u00a0cie\u013e stvorenia. Slovami \u201enebo a\u00a0zem\u201c ozna\u010dujeme v\u0161etko stvorenie\u201c<\/em> (KKC 325-327). Emeritn\u00fd p\u00e1pe\u017e Benedikt XVI. tieto slov\u00e1 vysvet\u013euje v\u00a0tom zmysle, \u017ee nebo:<\/p>\n<ul>\n<li>nie je miesto kdesi vo vesm\u00edre<\/li>\n<li>je to stav ve\u010dnosti<\/li>\n<li>je tam, kde sa uskuto\u010d\u0148uje Bo\u017eia v\u00f4\u013ea bez najmen\u0161ieho odporu<\/li>\n<li>je aj vtedy, ke\u010f \u017eivot dosiahne najvy\u0161\u0161iu intenzitu a\u00a0bla\u017eenos\u0165 \u2013 tak\u00fd \u017eivot v\u0161ak nedosiahneme na zemi<\/li>\n<li>ak sa raz s\u00a0Bo\u017eou pomocou dostaneme do neba, \u010dak\u00e1 na n\u00e1s to, o\u00a0\u010dom hovor\u00ed P\u00edsmo slovami: <em>\u201eAni oko nevidelo, ani ucho nepo\u010dulo, ani do \u013eudsk\u00e9ho srdca nevyst\u00fapilo, \u010do Boh pripravil t\u00fdm, ktor\u00ed ho miluj\u00fa\u201c<\/em> (1 Kor 2,9).<\/li>\n<\/ul>\n<p>Po nebi v prvom rade mus\u00edme t\u00fa\u017ei\u0165. Na\u0161e mysle a srdcia s\u00fa pln\u00e9 mnohorak\u00fdch t\u00fa\u017eob. Niektor\u00e9 s\u00fa d\u00f4le\u017eit\u00e9, niektor\u00e9 menej d\u00f4le\u017eit\u00e9, niektor\u00e9 s\u00fa ned\u00f4le\u017eit\u00e9. Nemali by sme zab\u00fada\u0165 na nebo. Nemali by sme zab\u00fada\u0165, \u017ee je cie\u013eom n\u00e1\u0161ho \u017eivota. Nemali by sme zab\u00fada\u0165, \u017ee nebo nie je bez Boha a ned\u00e1 sa dosiahnu\u0165 bez Boha.<\/p>\n","protected":false},"excerpt":{"rendered":"<p>V\u00a0nasleduj\u00faci \u0161tvrtok sl\u00e1vime prik\u00e1zan\u00fd sviatok Nanebovst\u00fapenie n\u00e1\u0161ho P\u00e1na Je\u017ei\u0161a Krista. Dobre vieme, \u017ee t\u00e1to udalos\u0165 sa stala na 40-ty de\u0148 od Kristovho vzkriesenia. O\u00a0nebi po\u010dujeme \u010dasto aj v\u00a0m\u00e9di\u00e1ch. Mnohokr\u00e1t je n\u00e1m v\u0161ak pon\u00fakan\u00fd a\u017e pr\u00edli\u0161 skreslen\u00fd poh\u013ead na nebo. Preto je oso\u017en\u00e9 pripomen\u00fa\u0165 si, ako vn\u00edmame nebo my kres\u0165ania. V\u00a0Katechizme o\u00a0tom, \u010do je nebo, nach\u00e1dzame [&hellip;]<\/p>\n","protected":false},"author":2,"featured_media":1807,"comment_status":"closed","ping_status":"closed","sticky":false,"template":"","format":"standard","meta":{"_coblocks_attr":"","_coblocks_dimensions":"","_coblocks_responsive_height":"","_coblocks_accordion_ie_support":"","footnotes":""},"categories":[1],"tags":[],"class_list":["post-1806","post","type-post","status-publish","format-standard","has-post-thumbnail","hentry","category-nezaradene"],"yoast_head":"<!-- This site is optimized with the Yoast SEO plugin v27.4 - https:\/\/yoast.com\/product\/yoast-seo-wordpress\/ -->\n<title>N\u00e1\u0161 ve\u010dn\u00fd domov - GR\u00c9CKOKATOL\u00cdCKA CIRKEV FARNOS\u0164 KO\u0160ICE - STAR\u00c9 MESTO<\/title>\n<meta name=\"robots\" content=\"index, follow, max-snippet:-1, max-image-preview:large, max-video-preview:-1\" \/>\n<link rel=\"canonical\" href=\"https:\/\/kestaremesto.grkatke.sk\/?p=1806\" \/>\n<meta property=\"og:locale\" content=\"sk_SK\" \/>\n<meta property=\"og:type\" content=\"article\" \/>\n<meta property=\"og:title\" content=\"N\u00e1\u0161 ve\u010dn\u00fd domov - GR\u00c9CKOKATOL\u00cdCKA CIRKEV FARNOS\u0164 KO\u0160ICE - STAR\u00c9 MESTO\" \/>\n<meta property=\"og:description\" content=\"V\u00a0nasleduj\u00faci \u0161tvrtok sl\u00e1vime prik\u00e1zan\u00fd sviatok Nanebovst\u00fapenie n\u00e1\u0161ho P\u00e1na Je\u017ei\u0161a Krista. Dobre vieme, \u017ee t\u00e1to udalos\u0165 sa stala na 40-ty de\u0148 od Kristovho vzkriesenia. O\u00a0nebi po\u010dujeme \u010dasto aj v\u00a0m\u00e9di\u00e1ch. Mnohokr\u00e1t je n\u00e1m v\u0161ak pon\u00fakan\u00fd a\u017e pr\u00edli\u0161 skreslen\u00fd poh\u013ead na nebo. Preto je oso\u017en\u00e9 pripomen\u00fa\u0165 si, ako vn\u00edmame nebo my kres\u0165ania. V\u00a0Katechizme o\u00a0tom, \u010do je nebo, nach\u00e1dzame [&hellip;]\" \/>\n<meta property=\"og:url\" content=\"https:\/\/kestaremesto.grkatke.sk\/?p=1806\" \/>\n<meta property=\"og:site_name\" content=\"GR\u00c9CKOKATOL\u00cdCKA CIRKEV FARNOS\u0164 KO\u0160ICE - STAR\u00c9 MESTO\" \/>\n<meta property=\"article:publisher\" content=\"https:\/\/www.facebook.com\/Na%c5%a1a-Katedr%c3%a1la-231637610336060\/\" \/>\n<meta property=\"article:published_time\" content=\"2019-05-26T05:12:09+00:00\" \/>\n<meta property=\"og:image\" content=\"https:\/\/kestaremesto.grkatke.sk\/wp-content\/uploads\/2019\/05\/119780.p.jpg\" \/>\n\t<meta property=\"og:image:width\" content=\"309\" \/>\n\t<meta property=\"og:image:height\" content=\"389\" \/>\n\t<meta property=\"og:image:type\" content=\"image\/jpeg\" \/>\n<meta name=\"author\" content=\"administr\u00e1tor\" \/>\n<meta name=\"twitter:card\" content=\"summary_large_image\" \/>\n<meta name=\"twitter:label1\" content=\"Autor\" \/>\n\t<meta name=\"twitter:data1\" content=\"administr\u00e1tor\" \/>\n\t<meta name=\"twitter:label2\" content=\"Predpokladan\u00fd \u010das \u010d\u00edtania\" \/>\n\t<meta name=\"twitter:data2\" content=\"1 min\u00fata\" \/>\n<script type=\"application\/ld+json\" class=\"yoast-schema-graph\">{\"@context\":\"https:\\\/\\\/schema.org\",\"@graph\":[{\"@type\":\"Article\",\"@id\":\"https:\\\/\\\/kestaremesto.grkatke.sk\\\/?p=1806#article\",\"isPartOf\":{\"@id\":\"https:\\\/\\\/kestaremesto.grkatke.sk\\\/?p=1806\"},\"author\":{\"name\":\"administr\u00e1tor\",\"@id\":\"https:\\\/\\\/kestaremesto.grkatke.sk\\\/#\\\/schema\\\/person\\\/86c8e7e5841259082af5c5b227e0d69b\"},\"headline\":\"N\u00e1\u0161 ve\u010dn\u00fd domov\",\"datePublished\":\"2019-05-26T05:12:09+00:00\",\"mainEntityOfPage\":{\"@id\":\"https:\\\/\\\/kestaremesto.grkatke.sk\\\/?p=1806\"},\"wordCount\":288,\"image\":{\"@id\":\"https:\\\/\\\/kestaremesto.grkatke.sk\\\/?p=1806#primaryimage\"},\"thumbnailUrl\":\"https:\\\/\\\/kestaremesto.grkatke.sk\\\/wp-content\\\/uploads\\\/2019\\\/05\\\/119780.p.jpg\",\"inLanguage\":\"sk-SK\"},{\"@type\":\"WebPage\",\"@id\":\"https:\\\/\\\/kestaremesto.grkatke.sk\\\/?p=1806\",\"url\":\"https:\\\/\\\/kestaremesto.grkatke.sk\\\/?p=1806\",\"name\":\"N\u00e1\u0161 ve\u010dn\u00fd domov - GR\u00c9CKOKATOL\u00cdCKA CIRKEV FARNOS\u0164 KO\u0160ICE - STAR\u00c9 MESTO\",\"isPartOf\":{\"@id\":\"https:\\\/\\\/kestaremesto.grkatke.sk\\\/#website\"},\"primaryImageOfPage\":{\"@id\":\"https:\\\/\\\/kestaremesto.grkatke.sk\\\/?p=1806#primaryimage\"},\"image\":{\"@id\":\"https:\\\/\\\/kestaremesto.grkatke.sk\\\/?p=1806#primaryimage\"},\"thumbnailUrl\":\"https:\\\/\\\/kestaremesto.grkatke.sk\\\/wp-content\\\/uploads\\\/2019\\\/05\\\/119780.p.jpg\",\"datePublished\":\"2019-05-26T05:12:09+00:00\",\"author\":{\"@id\":\"https:\\\/\\\/kestaremesto.grkatke.sk\\\/#\\\/schema\\\/person\\\/86c8e7e5841259082af5c5b227e0d69b\"},\"breadcrumb\":{\"@id\":\"https:\\\/\\\/kestaremesto.grkatke.sk\\\/?p=1806#breadcrumb\"},\"inLanguage\":\"sk-SK\",\"potentialAction\":[{\"@type\":\"ReadAction\",\"target\":[\"https:\\\/\\\/kestaremesto.grkatke.sk\\\/?p=1806\"]}]},{\"@type\":\"ImageObject\",\"inLanguage\":\"sk-SK\",\"@id\":\"https:\\\/\\\/kestaremesto.grkatke.sk\\\/?p=1806#primaryimage\",\"url\":\"https:\\\/\\\/kestaremesto.grkatke.sk\\\/wp-content\\\/uploads\\\/2019\\\/05\\\/119780.p.jpg\",\"contentUrl\":\"https:\\\/\\\/kestaremesto.grkatke.sk\\\/wp-content\\\/uploads\\\/2019\\\/05\\\/119780.p.jpg\",\"width\":309,\"height\":389},{\"@type\":\"BreadcrumbList\",\"@id\":\"https:\\\/\\\/kestaremesto.grkatke.sk\\\/?p=1806#breadcrumb\",\"itemListElement\":[{\"@type\":\"ListItem\",\"position\":1,\"name\":\"Domovsk\u00e1 str\u00e1nka\",\"item\":\"https:\\\/\\\/kestaremesto.grkatke.sk\\\/\"},{\"@type\":\"ListItem\",\"position\":2,\"name\":\"N\u00e1\u0161 ve\u010dn\u00fd domov\"}]},{\"@type\":\"WebSite\",\"@id\":\"https:\\\/\\\/kestaremesto.grkatke.sk\\\/#website\",\"url\":\"https:\\\/\\\/kestaremesto.grkatke.sk\\\/\",\"name\":\"GR\u00c9CKOKATOL\u00cdCKA CIRKEV FARNOS\u0164 KO\u0160ICE - STAR\u00c9 MESTO\",\"description\":\"\",\"potentialAction\":[{\"@type\":\"SearchAction\",\"target\":{\"@type\":\"EntryPoint\",\"urlTemplate\":\"https:\\\/\\\/kestaremesto.grkatke.sk\\\/?s={search_term_string}\"},\"query-input\":{\"@type\":\"PropertyValueSpecification\",\"valueRequired\":true,\"valueName\":\"search_term_string\"}}],\"inLanguage\":\"sk-SK\"},{\"@type\":\"Person\",\"@id\":\"https:\\\/\\\/kestaremesto.grkatke.sk\\\/#\\\/schema\\\/person\\\/86c8e7e5841259082af5c5b227e0d69b\",\"name\":\"administr\u00e1tor\",\"url\":\"https:\\\/\\\/kestaremesto.grkatke.sk\\\/?author=2\"}]}<\/script>\n<!-- \/ Yoast SEO plugin. -->","yoast_head_json":{"title":"N\u00e1\u0161 ve\u010dn\u00fd domov - GR\u00c9CKOKATOL\u00cdCKA CIRKEV FARNOS\u0164 KO\u0160ICE - STAR\u00c9 MESTO","robots":{"index":"index","follow":"follow","max-snippet":"max-snippet:-1","max-image-preview":"max-image-preview:large","max-video-preview":"max-video-preview:-1"},"canonical":"https:\/\/kestaremesto.grkatke.sk\/?p=1806","og_locale":"sk_SK","og_type":"article","og_title":"N\u00e1\u0161 ve\u010dn\u00fd domov - GR\u00c9CKOKATOL\u00cdCKA CIRKEV FARNOS\u0164 KO\u0160ICE - STAR\u00c9 MESTO","og_description":"V\u00a0nasleduj\u00faci \u0161tvrtok sl\u00e1vime prik\u00e1zan\u00fd sviatok Nanebovst\u00fapenie n\u00e1\u0161ho P\u00e1na Je\u017ei\u0161a Krista. Dobre vieme, \u017ee t\u00e1to udalos\u0165 sa stala na 40-ty de\u0148 od Kristovho vzkriesenia. O\u00a0nebi po\u010dujeme \u010dasto aj v\u00a0m\u00e9di\u00e1ch. Mnohokr\u00e1t je n\u00e1m v\u0161ak pon\u00fakan\u00fd a\u017e pr\u00edli\u0161 skreslen\u00fd poh\u013ead na nebo. Preto je oso\u017en\u00e9 pripomen\u00fa\u0165 si, ako vn\u00edmame nebo my kres\u0165ania. V\u00a0Katechizme o\u00a0tom, \u010do je nebo, nach\u00e1dzame [&hellip;]","og_url":"https:\/\/kestaremesto.grkatke.sk\/?p=1806","og_site_name":"GR\u00c9CKOKATOL\u00cdCKA CIRKEV FARNOS\u0164 KO\u0160ICE - STAR\u00c9 MESTO","article_publisher":"https:\/\/www.facebook.com\/Na%c5%a1a-Katedr%c3%a1la-231637610336060\/","article_published_time":"2019-05-26T05:12:09+00:00","og_image":[{"width":309,"height":389,"url":"https:\/\/kestaremesto.grkatke.sk\/wp-content\/uploads\/2019\/05\/119780.p.jpg","type":"image\/jpeg"}],"author":"administr\u00e1tor","twitter_card":"summary_large_image","twitter_misc":{"Autor":"administr\u00e1tor","Predpokladan\u00fd \u010das \u010d\u00edtania":"1 min\u00fata"},"schema":{"@context":"https:\/\/schema.org","@graph":[{"@type":"Article","@id":"https:\/\/kestaremesto.grkatke.sk\/?p=1806#article","isPartOf":{"@id":"https:\/\/kestaremesto.grkatke.sk\/?p=1806"},"author":{"name":"administr\u00e1tor","@id":"https:\/\/kestaremesto.grkatke.sk\/#\/schema\/person\/86c8e7e5841259082af5c5b227e0d69b"},"headline":"N\u00e1\u0161 ve\u010dn\u00fd domov","datePublished":"2019-05-26T05:12:09+00:00","mainEntityOfPage":{"@id":"https:\/\/kestaremesto.grkatke.sk\/?p=1806"},"wordCount":288,"image":{"@id":"https:\/\/kestaremesto.grkatke.sk\/?p=1806#primaryimage"},"thumbnailUrl":"https:\/\/kestaremesto.grkatke.sk\/wp-content\/uploads\/2019\/05\/119780.p.jpg","inLanguage":"sk-SK"},{"@type":"WebPage","@id":"https:\/\/kestaremesto.grkatke.sk\/?p=1806","url":"https:\/\/kestaremesto.grkatke.sk\/?p=1806","name":"N\u00e1\u0161 ve\u010dn\u00fd domov - GR\u00c9CKOKATOL\u00cdCKA CIRKEV FARNOS\u0164 KO\u0160ICE - STAR\u00c9 MESTO","isPartOf":{"@id":"https:\/\/kestaremesto.grkatke.sk\/#website"},"primaryImageOfPage":{"@id":"https:\/\/kestaremesto.grkatke.sk\/?p=1806#primaryimage"},"image":{"@id":"https:\/\/kestaremesto.grkatke.sk\/?p=1806#primaryimage"},"thumbnailUrl":"https:\/\/kestaremesto.grkatke.sk\/wp-content\/uploads\/2019\/05\/119780.p.jpg","datePublished":"2019-05-26T05:12:09+00:00","author":{"@id":"https:\/\/kestaremesto.grkatke.sk\/#\/schema\/person\/86c8e7e5841259082af5c5b227e0d69b"},"breadcrumb":{"@id":"https:\/\/kestaremesto.grkatke.sk\/?p=1806#breadcrumb"},"inLanguage":"sk-SK","potentialAction":[{"@type":"ReadAction","target":["https:\/\/kestaremesto.grkatke.sk\/?p=1806"]}]},{"@type":"ImageObject","inLanguage":"sk-SK","@id":"https:\/\/kestaremesto.grkatke.sk\/?p=1806#primaryimage","url":"https:\/\/kestaremesto.grkatke.sk\/wp-content\/uploads\/2019\/05\/119780.p.jpg","contentUrl":"https:\/\/kestaremesto.grkatke.sk\/wp-content\/uploads\/2019\/05\/119780.p.jpg","width":309,"height":389},{"@type":"BreadcrumbList","@id":"https:\/\/kestaremesto.grkatke.sk\/?p=1806#breadcrumb","itemListElement":[{"@type":"ListItem","position":1,"name":"Domovsk\u00e1 str\u00e1nka","item":"https:\/\/kestaremesto.grkatke.sk\/"},{"@type":"ListItem","position":2,"name":"N\u00e1\u0161 ve\u010dn\u00fd domov"}]},{"@type":"WebSite","@id":"https:\/\/kestaremesto.grkatke.sk\/#website","url":"https:\/\/kestaremesto.grkatke.sk\/","name":"GR\u00c9CKOKATOL\u00cdCKA CIRKEV FARNOS\u0164 KO\u0160ICE - STAR\u00c9 MESTO","description":"","potentialAction":[{"@type":"SearchAction","target":{"@type":"EntryPoint","urlTemplate":"https:\/\/kestaremesto.grkatke.sk\/?s={search_term_string}"},"query-input":{"@type":"PropertyValueSpecification","valueRequired":true,"valueName":"search_term_string"}}],"inLanguage":"sk-SK"},{"@type":"Person","@id":"https:\/\/kestaremesto.grkatke.sk\/#\/schema\/person\/86c8e7e5841259082af5c5b227e0d69b","name":"administr\u00e1tor","url":"https:\/\/kestaremesto.grkatke.sk\/?author=2"}]}},"_links":{"self":[{"href":"https:\/\/kestaremesto.grkatke.sk\/index.php?rest_route=\/wp\/v2\/posts\/1806","targetHints":{"allow":["GET"]}}],"collection":[{"href":"https:\/\/kestaremesto.grkatke.sk\/index.php?rest_route=\/wp\/v2\/posts"}],"about":[{"href":"https:\/\/kestaremesto.grkatke.sk\/index.php?rest_route=\/wp\/v2\/types\/post"}],"author":[{"embeddable":true,"href":"https:\/\/kestaremesto.grkatke.sk\/index.php?rest_route=\/wp\/v2\/users\/2"}],"replies":[{"embeddable":true,"href":"https:\/\/kestaremesto.grkatke.sk\/index.php?rest_route=%2Fwp%2Fv2%2Fcomments&post=1806"}],"version-history":[{"count":1,"href":"https:\/\/kestaremesto.grkatke.sk\/index.php?rest_route=\/wp\/v2\/posts\/1806\/revisions"}],"predecessor-version":[{"id":1808,"href":"https:\/\/kestaremesto.grkatke.sk\/index.php?rest_route=\/wp\/v2\/posts\/1806\/revisions\/1808"}],"wp:featuredmedia":[{"embeddable":true,"href":"https:\/\/kestaremesto.grkatke.sk\/index.php?rest_route=\/wp\/v2\/media\/1807"}],"wp:attachment":[{"href":"https:\/\/kestaremesto.grkatke.sk\/index.php?rest_route=%2Fwp%2Fv2%2Fmedia&parent=1806"}],"wp:term":[{"taxonomy":"category","embeddable":true,"href":"https:\/\/kestaremesto.grkatke.sk\/index.php?rest_route=%2Fwp%2Fv2%2Fcategories&post=1806"},{"taxonomy":"post_tag","embeddable":true,"href":"https:\/\/kestaremesto.grkatke.sk\/index.php?rest_route=%2Fwp%2Fv2%2Ftags&post=1806"}],"curies":[{"name":"wp","href":"https:\/\/api.w.org\/{rel}","templated":true}]}}