{"id":1927,"date":"2019-09-02T07:10:03","date_gmt":"2019-09-02T05:10:03","guid":{"rendered":"https:\/\/kestaremesto.grkatke.sk\/?p=1927"},"modified":"2020-09-01T09:45:45","modified_gmt":"2020-09-01T07:45:45","slug":"program-eparchialnej-odpustovej-slavnosti-farnosti-kosice-stare-mesto","status":"publish","type":"post","link":"https:\/\/kestaremesto.grkatke.sk\/?p=1927","title":{"rendered":"Program eparchi\u00e1lnej odpustovej sl\u00e1vnosti farnosti Ko\u0161ice-Star\u00e9 Mesto a duchovnej obnovy"},"content":{"rendered":"<p style=\"text-align: center;\"><strong>Eparchi\u00e1lna odpustov\u00e1 sl\u00e1vnos\u0165 <\/strong><strong>Narodenia Presv\u00e4tej Bohorodi\u010dky<br \/>\n<\/strong><strong>FARNOS\u0164 <\/strong><strong>KO\u0160ICE &#8211; STAR\u00c9 MESTO<\/strong><\/p>\n<ol start=\"7\">\n<li><strong> september 2019<br \/>\n<\/strong><strong>Sobota<\/strong><strong>\u00a0<\/strong><\/li>\n<\/ol>\n<p><strong>15,00\u00a0 Deviata hodinka<br \/>\n<\/strong><strong>15,15\u00a0 Mal\u00e9 sv\u00e4tenie vody<br \/>\n<\/strong><strong>16,00\u00a0 Modlitba posv\u00e4tn\u00e9ho ru\u017eenca<br \/>\n<\/strong><strong>16,30\u00a0 Ve\u013ek\u00e1 ve\u010diere\u0148 s\u00a0l\u00edtijou<br \/>\n<\/strong><strong>18,00\u00a0 <\/strong><strong>Archijerejsk\u00e1 sv\u00e4t\u00e1 liturgia<br \/>\n<\/strong><strong><em>19,15\u00a0 Mozaika z\u00a0hist\u00f3rie spolo\u010denstva gr\u00e9ckokatol\u00edkov v\u00a0Ko\u0161iciach (doprev\u00e1dza sl\u00e1\u010dikov\u00e9 kvarteto Kombozet)<br \/>\n<\/em><\/strong><strong><em>20,00\u00a0 Agap\u00e9 na farskom dvore<br \/>\n<\/em><\/strong><strong><em>20,45\u00a0 Po\u010fakovanie za 35. rokov slu\u017eby Katedr\u00e1lneho zboru sv. Cyrila a\u00a0Metoda v Ko\u0161iciach<br \/>\n<\/em><\/strong><strong>21,45 Akatist k Presv\u00e4tej Bohorodi\u010dky<br \/>\n<\/strong><strong>22,30\u00a0 Mal\u00e9 pove\u010derie<br \/>\n<\/strong><strong>23,15\u00a0 Eucharistick\u00e1 ador\u00e1cia<\/strong><\/p>\n<p>&nbsp;<\/p>\n<p><strong>\u00a0 \u00a0 \u00a0 8. september 2019<br \/>\n<\/strong><strong>\u00a0 \u00a0 \u00a0 Nede\u013ea<\/strong><\/p>\n<p><strong>6<\/strong><strong>,<\/strong><strong>30 \u00a0Moleben k\u00a0Presv\u00e4tej Bohorodi\u010dke<br \/>\n<\/strong><strong>7,00\u00a0 Utiere\u0148<br \/>\n<\/strong><strong>8,00\u00a0 Sv\u00e4t\u00e1 liturgia (CS)<br \/>\n<\/strong><strong>9,30\u00a0 Tretia hodinka<br \/>\n<\/strong><strong>10,00\u00a0 <\/strong><strong>Sl\u00e1vnostn\u00e1 archijerejsk\u00e1 sv\u00e4t\u00e1 <\/strong><strong>liturgia<br \/>\n<\/strong>\u00a0 \u00a0 \u00a0 \u00a0 \u00a0 \u00a0 \u00a0 hom\u00edlia: Jaroslav Laj\u010diak, protosynkel ko\u0161ickej eparchie<strong><em>\u00a0 \u00a0 \u00a0 \u00a0 \u00a0 \u00a0 \u00a0 \u00a0 \u00a0 \u00a0 \u00a0 \u00a0 \u00a0 \u00a0 \u00a0 \u00a0 \u00a0 \u00a0 \u00a0\u00a0<\/em><\/strong><\/p>\n<p>&nbsp;<\/p>\n<p>&nbsp;<\/p>\n<p style=\"text-align: center;\"><strong>Duchovn\u00e1 obnova eparchi\u00e1lneho odpustu\u00a0v ko\u0161ickej katedr\u00e1le<\/strong><\/p>\n<p style=\"text-align: center;\">2.9.2019 &#8211; 6.9.2019<\/p>\n<p style=\"text-align: center;\"><strong><em>T\u00e9ma:<\/em><\/strong><strong> \u201e<em>M\u00e1ria v\u00a0slu\u017ebe spolo\u010denstvu Cirkvi\u201c<\/em><\/strong><\/p>\n<p>&nbsp;<\/p>\n<table width=\"716\">\n<tbody>\n<tr>\n<td width=\"234\"><strong>PONDELOK, 2.9.2019<\/strong><\/p>\n<p>16,30 \u2013 Moleben k\u00a0Presv\u00e4tej<br \/>\nBohorodi\u010dke<br \/>\n17,00 \u2013 sv. liturgia<\/td>\n<td width=\"274\"><strong>T\u00e9ma:<br \/>\n<\/strong><strong style=\"font-family: inherit; font-size: inherit;\"><em>M\u00e1ria a slu\u017eba dom\u00e1cej cirkvi &#8211; v rodine<\/em><\/strong><\/td>\n<td width=\"208\">kazate\u013e:<br \/>\no. prot. Miroslav Poh\u00e1r<br \/>\nfar\u00e1r farnosti Se\u010dovce<\/td>\n<\/tr>\n<tr>\n<td width=\"234\"><strong>\u00a0<\/strong><strong>UTOROK, 3.9.2019<\/strong><\/p>\n<p>16,30 \u2013 modlitba posv\u00e4tn\u00e9ho<br \/>\nru\u017eenca<br \/>\n17,00 \u2013 sv. liturgia (CS)<\/td>\n<td width=\"274\"><strong>\u00a0<\/strong><strong>T\u00e9ma:<br \/>\n<\/strong><strong><em>M\u00e1ria a slu\u017eba \u0161ir\u0161iemu spolo\u010denstvu v Nazarete &#8211; vo farnosti<\/em><\/strong><\/td>\n<td width=\"208\">kazate\u013e:<br \/>\no. Tom\u00e1\u0161 Mikunda,<br \/>\nfar\u00e1r farnosti Slovinky<\/td>\n<\/tr>\n<tr>\n<td width=\"234\"><strong>STREDA, 4.9.2019<\/strong><\/p>\n<p>16,30 \u2013 Akatist\u00a0k\u00a0Presv\u00e4tej<br \/>\nBohorodi\u010dke<br \/>\n17,00 \u2013 sv. liturgia<\/td>\n<td width=\"274\"><strong>T\u00e9ma:<br \/>\n<\/strong><strong><em>M\u00e1ria a slu\u017eba spolo\u010denstvu cel\u00e9ho \u013eudstva<\/em><\/strong><\/td>\n<td width=\"208\">kazate\u013e:<br \/>\no. Peter \u010cintala<br \/>\nfar\u00e1r farnosti Koloko\u010dov<\/td>\n<\/tr>\n<tr>\n<td width=\"234\"><strong>\u00a0<\/strong><strong>\u0160tvrtok, <\/strong><strong>5.9.2019<\/strong><\/p>\n<p><strong>\u00a0<\/strong>16,15 \u2013 Parastas za<br \/>\nzosnul\u00fdch<br \/>\n17,00 \u2013 sv. liturgia<\/td>\n<td width=\"274\"><strong>\u00a0<\/strong><strong>T\u00e9ma:<br \/>\n<\/strong><strong><em>M\u00e1ria v slu\u017ebe spolo\u010denstvu v konkr\u00e9tnych situ\u00e1ci\u00e1ch \u017eivota<\/em><\/strong><\/td>\n<td width=\"208\">kazate\u013e:<br \/>\no. Barnab\u00e1s Ivan,<br \/>\nfar\u00e1r Ve\u013ek\u00e9 Kapu\u0161any<\/td>\n<\/tr>\n<tr>\n<td width=\"234\"><strong>\u00a0<\/strong><strong>Piatok, <\/strong><strong>6.9.2019<\/strong><\/p>\n<p>16,15 \u2013 Akatist po\u017eehnania<br \/>\nrod\u00edn<br \/>\n17,00 \u2013 sv. liturgia<\/td>\n<td width=\"274\"><strong>\u00a0<\/strong><\/p>\n<p><strong>T\u00e9ma:<br \/>\n<\/strong><strong><em>M\u00e1ria a obeta pre spolo\u010denstvo Cirkvi \u2013 Panna a Matka<\/em><\/strong><\/td>\n<td width=\"208\">&nbsp;<\/p>\n<p>kazate\u013e:<br \/>\no. Metod Luka\u010dik, CSsR,<br \/>\nprotoihumen redemptoristov<\/p>\n<p>&nbsp;<\/td>\n<\/tr>\n<\/tbody>\n<\/table>\n<p>&nbsp;<\/p>\n<p>&nbsp;<\/p>\n","protected":false},"excerpt":{"rendered":"<p>Eparchi\u00e1lna odpustov\u00e1 sl\u00e1vnos\u0165 Narodenia Presv\u00e4tej Bohorodi\u010dky FARNOS\u0164 KO\u0160ICE &#8211; STAR\u00c9 MESTO september 2019 Sobota\u00a0 15,00\u00a0 Deviata hodinka 15,15\u00a0 Mal\u00e9 sv\u00e4tenie vody 16,00\u00a0 Modlitba posv\u00e4tn\u00e9ho ru\u017eenca 16,30\u00a0 Ve\u013ek\u00e1 ve\u010diere\u0148 s\u00a0l\u00edtijou 18,00\u00a0 Archijerejsk\u00e1 sv\u00e4t\u00e1 liturgia 19,15\u00a0 Mozaika z\u00a0hist\u00f3rie spolo\u010denstva gr\u00e9ckokatol\u00edkov v\u00a0Ko\u0161iciach (doprev\u00e1dza sl\u00e1\u010dikov\u00e9 kvarteto Kombozet) 20,00\u00a0 Agap\u00e9 na farskom dvore 20,45\u00a0 Po\u010fakovanie za 35. rokov slu\u017eby Katedr\u00e1lneho [&hellip;]<\/p>\n","protected":false},"author":2,"featured_media":0,"comment_status":"closed","ping_status":"closed","sticky":false,"template":"","format":"standard","meta":{"_coblocks_attr":"","_coblocks_dimensions":"","_coblocks_responsive_height":"","_coblocks_accordion_ie_support":"","footnotes":""},"categories":[9,1],"tags":[],"class_list":["post-1927","post","type-post","status-publish","format-standard","hentry","category-aktuality","category-nezaradene"],"yoast_head":"<!-- This site is optimized with the Yoast SEO plugin v27.4 - https:\/\/yoast.com\/product\/yoast-seo-wordpress\/ -->\n<title>Program eparchi\u00e1lnej odpustovej sl\u00e1vnosti farnosti Ko\u0161ice-Star\u00e9 Mesto a duchovnej obnovy - GR\u00c9CKOKATOL\u00cdCKA CIRKEV FARNOS\u0164 KO\u0160ICE - STAR\u00c9 MESTO<\/title>\n<meta name=\"robots\" content=\"index, follow, max-snippet:-1, max-image-preview:large, max-video-preview:-1\" \/>\n<link rel=\"canonical\" href=\"https:\/\/kestaremesto.grkatke.sk\/?p=1927\" \/>\n<meta property=\"og:locale\" content=\"sk_SK\" \/>\n<meta property=\"og:type\" content=\"article\" \/>\n<meta property=\"og:title\" content=\"Program eparchi\u00e1lnej odpustovej sl\u00e1vnosti farnosti Ko\u0161ice-Star\u00e9 Mesto a duchovnej obnovy - GR\u00c9CKOKATOL\u00cdCKA CIRKEV FARNOS\u0164 KO\u0160ICE - STAR\u00c9 MESTO\" \/>\n<meta property=\"og:description\" content=\"Eparchi\u00e1lna odpustov\u00e1 sl\u00e1vnos\u0165 Narodenia Presv\u00e4tej Bohorodi\u010dky FARNOS\u0164 KO\u0160ICE &#8211; STAR\u00c9 MESTO september 2019 Sobota\u00a0 15,00\u00a0 Deviata hodinka 15,15\u00a0 Mal\u00e9 sv\u00e4tenie vody 16,00\u00a0 Modlitba posv\u00e4tn\u00e9ho ru\u017eenca 16,30\u00a0 Ve\u013ek\u00e1 ve\u010diere\u0148 s\u00a0l\u00edtijou 18,00\u00a0 Archijerejsk\u00e1 sv\u00e4t\u00e1 liturgia 19,15\u00a0 Mozaika z\u00a0hist\u00f3rie spolo\u010denstva gr\u00e9ckokatol\u00edkov v\u00a0Ko\u0161iciach (doprev\u00e1dza sl\u00e1\u010dikov\u00e9 kvarteto Kombozet) 20,00\u00a0 Agap\u00e9 na farskom dvore 20,45\u00a0 Po\u010fakovanie za 35. rokov slu\u017eby Katedr\u00e1lneho [&hellip;]\" \/>\n<meta property=\"og:url\" content=\"https:\/\/kestaremesto.grkatke.sk\/?p=1927\" \/>\n<meta property=\"og:site_name\" content=\"GR\u00c9CKOKATOL\u00cdCKA CIRKEV FARNOS\u0164 KO\u0160ICE - STAR\u00c9 MESTO\" \/>\n<meta property=\"article:publisher\" content=\"https:\/\/www.facebook.com\/Na%c5%a1a-Katedr%c3%a1la-231637610336060\/\" \/>\n<meta property=\"article:published_time\" content=\"2019-09-02T05:10:03+00:00\" \/>\n<meta property=\"article:modified_time\" content=\"2020-09-01T07:45:45+00:00\" \/>\n<meta name=\"author\" content=\"administr\u00e1tor\" \/>\n<meta name=\"twitter:card\" content=\"summary_large_image\" \/>\n<meta name=\"twitter:label1\" content=\"Autor\" \/>\n\t<meta name=\"twitter:data1\" content=\"administr\u00e1tor\" \/>\n\t<meta name=\"twitter:label2\" content=\"Predpokladan\u00fd \u010das \u010d\u00edtania\" \/>\n\t<meta name=\"twitter:data2\" content=\"2 min\u00faty\" \/>\n<script type=\"application\/ld+json\" class=\"yoast-schema-graph\">{\"@context\":\"https:\\\/\\\/schema.org\",\"@graph\":[{\"@type\":\"Article\",\"@id\":\"https:\\\/\\\/kestaremesto.grkatke.sk\\\/?p=1927#article\",\"isPartOf\":{\"@id\":\"https:\\\/\\\/kestaremesto.grkatke.sk\\\/?p=1927\"},\"author\":{\"name\":\"administr\u00e1tor\",\"@id\":\"https:\\\/\\\/kestaremesto.grkatke.sk\\\/#\\\/schema\\\/person\\\/86c8e7e5841259082af5c5b227e0d69b\"},\"headline\":\"Program eparchi\u00e1lnej odpustovej sl\u00e1vnosti farnosti Ko\u0161ice-Star\u00e9 Mesto a duchovnej obnovy\",\"datePublished\":\"2019-09-02T05:10:03+00:00\",\"dateModified\":\"2020-09-01T07:45:45+00:00\",\"mainEntityOfPage\":{\"@id\":\"https:\\\/\\\/kestaremesto.grkatke.sk\\\/?p=1927\"},\"wordCount\":324,\"articleSection\":[\"Aktuality\"],\"inLanguage\":\"sk-SK\"},{\"@type\":\"WebPage\",\"@id\":\"https:\\\/\\\/kestaremesto.grkatke.sk\\\/?p=1927\",\"url\":\"https:\\\/\\\/kestaremesto.grkatke.sk\\\/?p=1927\",\"name\":\"Program eparchi\u00e1lnej odpustovej sl\u00e1vnosti farnosti Ko\u0161ice-Star\u00e9 Mesto a duchovnej obnovy - GR\u00c9CKOKATOL\u00cdCKA CIRKEV FARNOS\u0164 KO\u0160ICE - STAR\u00c9 MESTO\",\"isPartOf\":{\"@id\":\"https:\\\/\\\/kestaremesto.grkatke.sk\\\/#website\"},\"datePublished\":\"2019-09-02T05:10:03+00:00\",\"dateModified\":\"2020-09-01T07:45:45+00:00\",\"author\":{\"@id\":\"https:\\\/\\\/kestaremesto.grkatke.sk\\\/#\\\/schema\\\/person\\\/86c8e7e5841259082af5c5b227e0d69b\"},\"breadcrumb\":{\"@id\":\"https:\\\/\\\/kestaremesto.grkatke.sk\\\/?p=1927#breadcrumb\"},\"inLanguage\":\"sk-SK\",\"potentialAction\":[{\"@type\":\"ReadAction\",\"target\":[\"https:\\\/\\\/kestaremesto.grkatke.sk\\\/?p=1927\"]}]},{\"@type\":\"BreadcrumbList\",\"@id\":\"https:\\\/\\\/kestaremesto.grkatke.sk\\\/?p=1927#breadcrumb\",\"itemListElement\":[{\"@type\":\"ListItem\",\"position\":1,\"name\":\"Domovsk\u00e1 str\u00e1nka\",\"item\":\"https:\\\/\\\/kestaremesto.grkatke.sk\\\/\"},{\"@type\":\"ListItem\",\"position\":2,\"name\":\"Program eparchi\u00e1lnej odpustovej sl\u00e1vnosti farnosti Ko\u0161ice-Star\u00e9 Mesto a duchovnej obnovy\"}]},{\"@type\":\"WebSite\",\"@id\":\"https:\\\/\\\/kestaremesto.grkatke.sk\\\/#website\",\"url\":\"https:\\\/\\\/kestaremesto.grkatke.sk\\\/\",\"name\":\"GR\u00c9CKOKATOL\u00cdCKA CIRKEV FARNOS\u0164 KO\u0160ICE - STAR\u00c9 MESTO\",\"description\":\"\",\"potentialAction\":[{\"@type\":\"SearchAction\",\"target\":{\"@type\":\"EntryPoint\",\"urlTemplate\":\"https:\\\/\\\/kestaremesto.grkatke.sk\\\/?s={search_term_string}\"},\"query-input\":{\"@type\":\"PropertyValueSpecification\",\"valueRequired\":true,\"valueName\":\"search_term_string\"}}],\"inLanguage\":\"sk-SK\"},{\"@type\":\"Person\",\"@id\":\"https:\\\/\\\/kestaremesto.grkatke.sk\\\/#\\\/schema\\\/person\\\/86c8e7e5841259082af5c5b227e0d69b\",\"name\":\"administr\u00e1tor\",\"url\":\"https:\\\/\\\/kestaremesto.grkatke.sk\\\/?author=2\"}]}<\/script>\n<!-- \/ Yoast SEO plugin. -->","yoast_head_json":{"title":"Program eparchi\u00e1lnej odpustovej sl\u00e1vnosti farnosti Ko\u0161ice-Star\u00e9 Mesto a duchovnej obnovy - GR\u00c9CKOKATOL\u00cdCKA CIRKEV FARNOS\u0164 KO\u0160ICE - STAR\u00c9 MESTO","robots":{"index":"index","follow":"follow","max-snippet":"max-snippet:-1","max-image-preview":"max-image-preview:large","max-video-preview":"max-video-preview:-1"},"canonical":"https:\/\/kestaremesto.grkatke.sk\/?p=1927","og_locale":"sk_SK","og_type":"article","og_title":"Program eparchi\u00e1lnej odpustovej sl\u00e1vnosti farnosti Ko\u0161ice-Star\u00e9 Mesto a duchovnej obnovy - GR\u00c9CKOKATOL\u00cdCKA CIRKEV FARNOS\u0164 KO\u0160ICE - STAR\u00c9 MESTO","og_description":"Eparchi\u00e1lna odpustov\u00e1 sl\u00e1vnos\u0165 Narodenia Presv\u00e4tej Bohorodi\u010dky FARNOS\u0164 KO\u0160ICE &#8211; STAR\u00c9 MESTO september 2019 Sobota\u00a0 15,00\u00a0 Deviata hodinka 15,15\u00a0 Mal\u00e9 sv\u00e4tenie vody 16,00\u00a0 Modlitba posv\u00e4tn\u00e9ho ru\u017eenca 16,30\u00a0 Ve\u013ek\u00e1 ve\u010diere\u0148 s\u00a0l\u00edtijou 18,00\u00a0 Archijerejsk\u00e1 sv\u00e4t\u00e1 liturgia 19,15\u00a0 Mozaika z\u00a0hist\u00f3rie spolo\u010denstva gr\u00e9ckokatol\u00edkov v\u00a0Ko\u0161iciach (doprev\u00e1dza sl\u00e1\u010dikov\u00e9 kvarteto Kombozet) 20,00\u00a0 Agap\u00e9 na farskom dvore 20,45\u00a0 Po\u010fakovanie za 35. rokov slu\u017eby Katedr\u00e1lneho [&hellip;]","og_url":"https:\/\/kestaremesto.grkatke.sk\/?p=1927","og_site_name":"GR\u00c9CKOKATOL\u00cdCKA CIRKEV FARNOS\u0164 KO\u0160ICE - STAR\u00c9 MESTO","article_publisher":"https:\/\/www.facebook.com\/Na%c5%a1a-Katedr%c3%a1la-231637610336060\/","article_published_time":"2019-09-02T05:10:03+00:00","article_modified_time":"2020-09-01T07:45:45+00:00","author":"administr\u00e1tor","twitter_card":"summary_large_image","twitter_misc":{"Autor":"administr\u00e1tor","Predpokladan\u00fd \u010das \u010d\u00edtania":"2 min\u00faty"},"schema":{"@context":"https:\/\/schema.org","@graph":[{"@type":"Article","@id":"https:\/\/kestaremesto.grkatke.sk\/?p=1927#article","isPartOf":{"@id":"https:\/\/kestaremesto.grkatke.sk\/?p=1927"},"author":{"name":"administr\u00e1tor","@id":"https:\/\/kestaremesto.grkatke.sk\/#\/schema\/person\/86c8e7e5841259082af5c5b227e0d69b"},"headline":"Program eparchi\u00e1lnej odpustovej sl\u00e1vnosti farnosti Ko\u0161ice-Star\u00e9 Mesto a duchovnej obnovy","datePublished":"2019-09-02T05:10:03+00:00","dateModified":"2020-09-01T07:45:45+00:00","mainEntityOfPage":{"@id":"https:\/\/kestaremesto.grkatke.sk\/?p=1927"},"wordCount":324,"articleSection":["Aktuality"],"inLanguage":"sk-SK"},{"@type":"WebPage","@id":"https:\/\/kestaremesto.grkatke.sk\/?p=1927","url":"https:\/\/kestaremesto.grkatke.sk\/?p=1927","name":"Program eparchi\u00e1lnej odpustovej sl\u00e1vnosti farnosti Ko\u0161ice-Star\u00e9 Mesto a duchovnej obnovy - GR\u00c9CKOKATOL\u00cdCKA CIRKEV FARNOS\u0164 KO\u0160ICE - STAR\u00c9 MESTO","isPartOf":{"@id":"https:\/\/kestaremesto.grkatke.sk\/#website"},"datePublished":"2019-09-02T05:10:03+00:00","dateModified":"2020-09-01T07:45:45+00:00","author":{"@id":"https:\/\/kestaremesto.grkatke.sk\/#\/schema\/person\/86c8e7e5841259082af5c5b227e0d69b"},"breadcrumb":{"@id":"https:\/\/kestaremesto.grkatke.sk\/?p=1927#breadcrumb"},"inLanguage":"sk-SK","potentialAction":[{"@type":"ReadAction","target":["https:\/\/kestaremesto.grkatke.sk\/?p=1927"]}]},{"@type":"BreadcrumbList","@id":"https:\/\/kestaremesto.grkatke.sk\/?p=1927#breadcrumb","itemListElement":[{"@type":"ListItem","position":1,"name":"Domovsk\u00e1 str\u00e1nka","item":"https:\/\/kestaremesto.grkatke.sk\/"},{"@type":"ListItem","position":2,"name":"Program eparchi\u00e1lnej odpustovej sl\u00e1vnosti farnosti Ko\u0161ice-Star\u00e9 Mesto a duchovnej obnovy"}]},{"@type":"WebSite","@id":"https:\/\/kestaremesto.grkatke.sk\/#website","url":"https:\/\/kestaremesto.grkatke.sk\/","name":"GR\u00c9CKOKATOL\u00cdCKA CIRKEV FARNOS\u0164 KO\u0160ICE - STAR\u00c9 MESTO","description":"","potentialAction":[{"@type":"SearchAction","target":{"@type":"EntryPoint","urlTemplate":"https:\/\/kestaremesto.grkatke.sk\/?s={search_term_string}"},"query-input":{"@type":"PropertyValueSpecification","valueRequired":true,"valueName":"search_term_string"}}],"inLanguage":"sk-SK"},{"@type":"Person","@id":"https:\/\/kestaremesto.grkatke.sk\/#\/schema\/person\/86c8e7e5841259082af5c5b227e0d69b","name":"administr\u00e1tor","url":"https:\/\/kestaremesto.grkatke.sk\/?author=2"}]}},"_links":{"self":[{"href":"https:\/\/kestaremesto.grkatke.sk\/index.php?rest_route=\/wp\/v2\/posts\/1927","targetHints":{"allow":["GET"]}}],"collection":[{"href":"https:\/\/kestaremesto.grkatke.sk\/index.php?rest_route=\/wp\/v2\/posts"}],"about":[{"href":"https:\/\/kestaremesto.grkatke.sk\/index.php?rest_route=\/wp\/v2\/types\/post"}],"author":[{"embeddable":true,"href":"https:\/\/kestaremesto.grkatke.sk\/index.php?rest_route=\/wp\/v2\/users\/2"}],"replies":[{"embeddable":true,"href":"https:\/\/kestaremesto.grkatke.sk\/index.php?rest_route=%2Fwp%2Fv2%2Fcomments&post=1927"}],"version-history":[{"count":4,"href":"https:\/\/kestaremesto.grkatke.sk\/index.php?rest_route=\/wp\/v2\/posts\/1927\/revisions"}],"predecessor-version":[{"id":1931,"href":"https:\/\/kestaremesto.grkatke.sk\/index.php?rest_route=\/wp\/v2\/posts\/1927\/revisions\/1931"}],"wp:attachment":[{"href":"https:\/\/kestaremesto.grkatke.sk\/index.php?rest_route=%2Fwp%2Fv2%2Fmedia&parent=1927"}],"wp:term":[{"taxonomy":"category","embeddable":true,"href":"https:\/\/kestaremesto.grkatke.sk\/index.php?rest_route=%2Fwp%2Fv2%2Fcategories&post=1927"},{"taxonomy":"post_tag","embeddable":true,"href":"https:\/\/kestaremesto.grkatke.sk\/index.php?rest_route=%2Fwp%2Fv2%2Ftags&post=1927"}],"curies":[{"name":"wp","href":"https:\/\/api.w.org\/{rel}","templated":true}]}}