{"id":2012,"date":"2019-12-22T06:49:33","date_gmt":"2019-12-22T05:49:33","guid":{"rendered":"https:\/\/kestaremesto.grkatke.sk\/?p=2012"},"modified":"2020-09-01T09:45:23","modified_gmt":"2020-09-01T07:45:23","slug":"sviatky-narodenia-pana-2019-a-bohozjavenia-2020-v-kosiciach","status":"publish","type":"post","link":"https:\/\/kestaremesto.grkatke.sk\/?p=2012","title":{"rendered":"Sviatky Narodenia P\u00e1na 2019 a Bohozjavenia 2020 v Ko\u0161iciach"},"content":{"rendered":"<p>&nbsp;<\/p>\n<table width=\"720\">\n<tbody>\n<tr>\n<td width=\"222\">\n<h1>utorok<\/h1>\n<\/td>\n<td colspan=\"4\" rowspan=\"2\" width=\"498\"><strong>Predve\u010der Narodenia P\u00e1na<\/strong><\/p>\n<p>zdr\u017eanlivos\u0165 od m\u00e4sa, p\u00f4st<\/td>\n<\/tr>\n<tr>\n<td width=\"222\"><strong>24.12.2019<\/strong><\/td>\n<\/tr>\n<tr>\n<td colspan=\"5\" width=\"720\"><strong>Katedr\u00e1la Narodenia Presv\u00e4tej Bohorodi\u010dky, Moyzesova ul.<\/strong><\/td>\n<\/tr>\n<tr>\n<td colspan=\"2\" width=\"354\">\u00a0 6,30 sv. liturgia (CS)<\/p>\n<p>7,30 kr\u00e1\u013eovsk\u00e9 hodinky<\/p>\n<p><strong>15,00 archijerejsk\u00e1 sv. liturgia Bazila <\/strong><\/p>\n<p><strong>\u00a0\u00a0\u00a0\u00a0\u00a0\u00a0\u00a0\u00a0\u00a0 Ve\u013ek\u00e9ho s\u00a0ve\u010dier\u0148ou<\/strong><\/td>\n<td colspan=\"3\" width=\"365\"><strong>20,45 p\u00e1smo viano\u010dn\u00fdch kolied (zbor)<\/strong><\/p>\n<p><strong>21,00 ve\u013ek\u00e9 pove\u010derie Narodenia P\u00e1na <\/strong><\/p>\n<p><strong>\u00a0\u00a0\u00a0\u00a0\u00a0\u00a0\u00a0\u00a0\u00a0 s\u00a0archijerejom a po\u017eehnan\u00edm Betlehema <\/strong><\/p>\n<p><strong>\u00a0\u00a0\u00a0\u00a0\u00a0\u00a0\u00a0\u00a0\u00a0 (zbor)<\/strong><\/p>\n<p><strong>\u00a0<\/strong><\/td>\n<\/tr>\n<tr>\n<td colspan=\"2\" width=\"354\"><strong>Chr\u00e1m sv. Petra a\u00a0Pavla, s\u00eddlisko Terasa<\/strong><\/td>\n<td colspan=\"3\" width=\"365\"><strong>Chr\u00e1m Bo\u017eej M\u00fadrosti, s\u00eddlisko Fur\u010da<\/strong><\/td>\n<\/tr>\n<tr>\n<td colspan=\"2\" width=\"354\">\u00a0 6,45 sv. liturgia<\/p>\n<p>7,40 kr\u00e1\u013eovsk\u00e9 hodinky<\/p>\n<p>15,00 sv. liturgia Bazila Ve\u013ek\u00e9ho s\u00a0ve\u010dier\u0148ou<\/p>\n<p>21,30 Ve\u013ek\u00e9 pove\u010derie s\u00a0l\u00edtiou<\/p>\n<p>&nbsp;<\/td>\n<td colspan=\"3\" width=\"365\">\u00a0 8,00 kr\u00e1\u013eovsk\u00e9 hodinky<\/p>\n<p>15,00 sv. liturgia Bazila Ve\u013ek\u00e9ho s ve\u010dier\u0148ou<\/p>\n<p>22,30 Ve\u013ek\u00e9 pove\u010derie s l\u00edtiou<\/td>\n<\/tr>\n<tr>\n<td colspan=\"2\" width=\"354\"><strong>Chr\u00e1m Presv. Bohorodi\u010dky Ochrankyne,<br \/>\n<\/strong><strong>s\u00eddlisko Nad jazerom<\/strong><\/td>\n<td colspan=\"3\" width=\"365\"><strong>Kaplnka bl. P.P. Gojdi\u010da,<br \/>\n<\/strong><strong>s\u00eddlisko \u0164ahanovce<\/strong><\/td>\n<\/tr>\n<tr>\n<td colspan=\"2\" width=\"354\">\u00a08,00 kr\u00e1\u013eovsk\u00e9 hodinky<br \/>\n14,00 sv. liturgia Bazila Ve\u013ek\u00e9ho s ve\u010dier\u0148ou<br \/>\n21,00 Ve\u013ek\u00e9 pove\u010derie s l\u00edtiou<\/p>\n<p>&nbsp;<\/td>\n<td colspan=\"3\" width=\"365\">8,00 kr\u00e1\u013eovsk\u00e9 hodinky<br \/>\n15,00 sv. liturgia Bazila Ve\u013ek\u00e9ho s ve\u010dier\u0148ou<br \/>\n22,30 Ve\u013ek\u00e9 pove\u010derie s\u00a0l\u00edtiou<\/p>\n<p>&nbsp;<\/td>\n<\/tr>\n<tr>\n<td width=\"222\">\n<h1>streda<\/h1>\n<\/td>\n<td colspan=\"4\" rowspan=\"2\" width=\"498\"><strong>NARODENIE POD\u013dA TELA N\u00c1\u0160HO P\u00c1NA, <\/strong><\/p>\n<p><strong>BOHA A SPASITE\u013dA JE\u017dI\u0160A KRISTA<\/strong><\/p>\n<p>prik\u00e1zan\u00fd sviatok<\/td>\n<\/tr>\n<tr>\n<td width=\"222\"><strong>25.12.2019<\/strong><\/td>\n<\/tr>\n<tr>\n<td colspan=\"5\" width=\"720\"><strong>Katedr\u00e1la Narodenia Presv\u00e4tej Bohorodi\u010dky, Moyzesova ul.<\/strong><\/td>\n<\/tr>\n<tr>\n<td colspan=\"4\" width=\"383\">6,30 utiere\u0148<\/p>\n<p>7,30 sv. liturgia, myrovanie<\/p>\n<p><strong>9,00 sl\u00e1vnostn\u00e1 archijerejsk\u00e1 sv\u00e4t\u00e1 liturgia (CS), <\/strong><\/p>\n<p><strong>\u00a0\u00a0\u00a0\u00a0\u00a0\u00a0\u00a0 myrovanie (zbor)<\/strong><\/td>\n<td width=\"337\">11,00 sv. liturgia zameran\u00e1 na deti,<\/p>\n<p><strong>Viano\u010dn\u00e9 p\u00e1smo pre deti<\/strong>, myrovanie<\/p>\n<p>17,00 ve\u013ek\u00e1 ve\u010diere\u0148<\/p>\n<p>18,00 sv. liturgia, myrovanie<\/td>\n<\/tr>\n<tr>\n<td colspan=\"4\" width=\"383\"><strong>Chr\u00e1m sv. Petra a\u00a0Pavla, s\u00eddlisko Terasa<\/strong><\/td>\n<td width=\"337\"><strong>Chr\u00e1m Bo\u017eej M\u00fadrosti, s\u00eddlisko Fur\u010da<\/strong><\/td>\n<\/tr>\n<tr>\n<td colspan=\"4\" width=\"383\">\u00a0 7,00 utiere\u0148 sviatku<\/p>\n<p>8,00 sv. liturgia, myrovanie<\/p>\n<p>10,00 sv. liturgia, myrovanie<\/p>\n<p>16,45 ve\u013ek\u00e1 ve\u010diere\u0148<\/p>\n<p>17,30 sv. liturgia, myrovanie<\/td>\n<td width=\"337\">\u00a0 8,00 utiere\u0148<\/p>\n<p>9,00 sv. liturgia (CS)<\/p>\n<p>10,30 sv. liturgia<\/p>\n<p>14,00 ve\u010diere\u0148<\/td>\n<\/tr>\n<tr>\n<td colspan=\"4\" width=\"383\"><strong>Chr\u00e1m Presv. Bohorodi\u010dky Ochrankyne,<\/strong><\/p>\n<p><strong>s\u00eddlisko Nad jazerom<\/strong><\/td>\n<td width=\"337\"><strong>Kaplnka bl. P.P. Gojdi\u010da,<\/strong><\/p>\n<p><strong>s\u00eddlisko \u0164ahanovce<\/strong><\/td>\n<\/tr>\n<tr>\n<td colspan=\"4\" width=\"383\">\u00a0 8,00 sv. liturgia, myrovanie<\/p>\n<p>9,00 rozn\u00e1\u0161anie Eucharistie chor\u00fdm<\/p>\n<p>10,30 sv. liturgia, myrovanie<\/p>\n<p>15,00 ve\u013ek\u00e1 ve\u010diere\u0148<\/td>\n<td width=\"337\">\u00a0\u00a07,30 utiere\u0148<\/p>\n<p>9,00 sv. liturgia (CS), myrovanie<\/p>\n<p>10,30 sv. liturgia,<\/p>\n<p><strong>Viano\u010dn\u00e9 p\u00e1smo det\u00ed<\/strong>, myrovanie<\/p>\n<p>&nbsp;<\/td>\n<\/tr>\n<tr>\n<td width=\"222\">\n<h1>\u0160TVRTOK<\/h1>\n<\/td>\n<td colspan=\"4\" rowspan=\"2\" width=\"498\"><strong>ZHROMA\u017dDENIE K PRESV\u00c4TEJ BOHORODI\u010cKE<\/strong><\/p>\n<p>prik\u00e1zan\u00fd sviatok<\/td>\n<\/tr>\n<tr>\n<td width=\"222\"><strong>26.12.2019<\/strong><\/td>\n<\/tr>\n<tr>\n<td colspan=\"5\" width=\"720\"><strong>Katedr\u00e1la Narodenia Presv\u00e4tej Bohorodi\u010dky, Moyzesova ul.<\/strong><\/td>\n<\/tr>\n<tr>\n<td colspan=\"4\" width=\"383\">6,30 utiere\u0148<\/p>\n<p>7,30 sv. liturgia<\/p>\n<p>9,00 sv. liturgia (CS)<\/td>\n<td width=\"337\">10,30 sv. liturgia zameran\u00e1 na deti<\/p>\n<p>17,00 ve\u010diere\u0148<\/p>\n<p>18,00 sv. liturgia<\/td>\n<\/tr>\n<tr>\n<td colspan=\"4\" width=\"383\"><strong>Chr\u00e1m sv. Petra a\u00a0Pavla, s\u00eddlisko Terasa<\/strong><\/td>\n<td width=\"337\"><strong>Chr\u00e1m Bo\u017eej M\u00fadrosti, s\u00eddlisko Fur\u010da<\/strong><\/td>\n<\/tr>\n<tr>\n<td colspan=\"4\" width=\"383\">\u00a0\u00a08,00 sv. liturgia (CS)<\/p>\n<p>10,00 sv. liturgia, <strong>Viano\u010dn\u00e9 p\u00e1smo <\/strong><\/p>\n<p>16,45 ve\u010diere\u0148<\/p>\n<p>17,30 sv. liturgia<\/td>\n<td width=\"337\">\u00a0 8,00 utiere\u0148<\/p>\n<p>9,00 sv. liturgia (CS)<\/p>\n<p>10,30 sv. liturgia<\/p>\n<p>14,00 ve\u010diere\u0148<\/td>\n<\/tr>\n<tr>\n<td colspan=\"4\" width=\"383\"><strong>Chr\u00e1m Presv. Bohorodi\u010dky Ochrankyne,<\/strong><\/p>\n<p><strong>s\u00eddlisko Nad jazerom<\/strong><\/td>\n<td width=\"337\"><strong>Kaplnka bl. P.P. Gojdi\u010da,<\/strong><\/p>\n<p><strong>s\u00eddlisko \u0164ahanovce<\/strong><\/td>\n<\/tr>\n<tr>\n<td colspan=\"4\" width=\"383\">\u00a0\u00a08,00 sv. liturgia (CS)<\/p>\n<p>10,30 sv. liturgia<\/p>\n<p>15,00 ve\u010diere\u0148<\/td>\n<td width=\"337\">\u00a0 7,30 utiere\u0148(CS)<\/p>\n<p>9,00 sv. liturgia(CS)<\/p>\n<p>10,30 sv. liturgia<\/p>\n<p>19,00 sv. liturgia<\/td>\n<\/tr>\n<tr>\n<td width=\"222\">\n<h1>PIATOK<\/h1>\n<\/td>\n<td colspan=\"4\" rowspan=\"2\" width=\"498\"><strong>Sv\u00e4t\u00fd apo\u0161tol, prvomu\u010den\u00edk<br \/>\na archidiakon \u0160tefan<\/strong>vo\u013enica<\/td>\n<\/tr>\n<tr>\n<td width=\"222\"><strong>27.12.2019<\/strong><\/td>\n<\/tr>\n<tr>\n<td colspan=\"5\" width=\"720\"><strong>Katedr\u00e1la Narodenia Presv\u00e4tej Bohorodi\u010dky, Moyzesova ul.<\/strong><\/td>\n<\/tr>\n<tr>\n<td colspan=\"4\" width=\"383\">6,30 sv. liturgia (CS)<\/p>\n<p>7,30 utiere\u0148<\/p>\n<p>9,00 sv. liturgia<\/td>\n<td width=\"337\">17,00 sv. liturgia<\/p>\n<p>18,30 sv. liturgia (CS)<\/td>\n<\/tr>\n<tr>\n<td colspan=\"4\" width=\"383\"><strong>Chr\u00e1m sv. Petra a\u00a0Pavla, s\u00eddlisko Terasa<\/strong><\/td>\n<td width=\"337\"><strong>Chr\u00e1m Bo\u017eej M\u00fadrosti, s\u00eddlisko Fur\u010da<\/strong><\/td>\n<\/tr>\n<tr>\n<td colspan=\"4\" width=\"383\">\u00a0 6,45 sv. liturgia<\/p>\n<p>7,45 utiere\u0148<\/p>\n<p>17,00 sv. liturgia<\/td>\n<td width=\"337\">\u00a0 7,00 utiere\u0148<\/p>\n<p>8,00 sv. liturgia<\/p>\n<p>18,00 sv. liturgia<\/td>\n<\/tr>\n<tr>\n<td colspan=\"4\" width=\"383\"><strong>Chr\u00e1m Presv. Bohorodi\u010dky Ochrankyne,<\/strong><\/p>\n<p><strong>s\u00eddlisko Nad jazerom<\/strong><\/td>\n<td width=\"337\"><strong>Kaplnka bl. P.P. Gojdi\u010da,<\/strong><\/p>\n<p><strong>s\u00eddlisko \u0164ahanovce<\/strong><\/td>\n<\/tr>\n<tr>\n<td colspan=\"4\" width=\"383\">\u00a0\u00a08,00 sv. liturgia<\/p>\n<p>17,30 sv. liturgia<\/td>\n<td width=\"337\">18,00 sv. liturgia<\/td>\n<\/tr>\n<tr>\n<td width=\"222\">\n<h1>UTOROK<\/h1>\n<\/td>\n<td colspan=\"4\" rowspan=\"2\" width=\"498\"><strong>koniec ob\u010dianskeho roka<\/strong><\/p>\n<p><strong>\u00a0<\/strong><\/td>\n<\/tr>\n<tr>\n<td width=\"222\"><strong>31.12.2019<\/strong><\/td>\n<\/tr>\n<tr>\n<td colspan=\"5\" width=\"720\"><strong>Katedr\u00e1la Narodenia Presv\u00e4tej Bohorodi\u010dky, Moyzesova ul.<\/strong><\/td>\n<\/tr>\n<tr>\n<td colspan=\"2\" width=\"354\">6,30 sv. liturgia (CS)<\/p>\n<p>7,30 \u010eakovn\u00fd akatist<\/td>\n<td colspan=\"3\" width=\"365\">15,00 ve\u013ek\u00e1 ve\u010diere\u0148 s l\u00edtiou<\/p>\n<p><strong>16,00 \u010eakovn\u00e1 archijerejsk\u00e1 sv. liturgia<\/strong><\/p>\n<p>23,45 tich\u00e1 ador\u00e1cia pred eucharistick\u00fdm Kristom<\/p>\n<p>a po\u017eehnanie do nov\u00e9ho ob\u010dianskeho roka<\/td>\n<\/tr>\n<tr>\n<td colspan=\"2\" width=\"354\"><strong>Chr\u00e1m sv. Petra a\u00a0Pavla, <\/strong><\/p>\n<p><strong>s\u00eddlisko Terasa<\/strong><\/td>\n<td colspan=\"3\" width=\"365\"><strong>Chr\u00e1m Bo\u017eej M\u00fadrosti, <\/strong><\/p>\n<p><strong>s\u00eddlisko Fur\u010da<\/strong><\/td>\n<\/tr>\n<tr>\n<td colspan=\"2\" width=\"354\">\u00a0 6,45 sv. liturgia<\/p>\n<p>16,30 \u010eakovn\u00fd akatist<\/p>\n<p>17,00 \u010eakovn\u00e1 sv. liturgia<\/p>\n<p>23,30 Ador\u00e1cia s\u00a0po\u017eehnan\u00edm<\/td>\n<td colspan=\"3\" width=\"365\">16,00 sv. liturgia<\/p>\n<p>17,00 ve\u013ek\u00e1 ve\u010diere\u0148 s l\u00edtiou<\/td>\n<\/tr>\n<tr>\n<td colspan=\"2\" width=\"354\"><strong>Chr\u00e1m Presv. Bohorodi\u010dky Ochrankyne,<\/strong><\/p>\n<p><strong>s\u00eddlisko Nad jazerom<\/strong><\/td>\n<td colspan=\"3\" width=\"365\"><strong>Kaplnka bl. P.P. Gojdi\u010da,<\/strong><\/p>\n<p><strong>s\u00eddlisko \u0164ahanovce<\/strong><\/td>\n<\/tr>\n<tr>\n<td colspan=\"2\" width=\"354\">15,00 sv. liturgia<\/p>\n<p>23,30 \u010eakovn\u00fd akatist<\/td>\n<td colspan=\"3\" width=\"365\">16,30 \u010eakovn\u00fd akatist<\/p>\n<p>17,00 \u010eakovn\u00e1 sv. liturgia<\/p>\n<p>18,00 ve\u013ek\u00e1 ve\u010diere\u0148 s\u00a0l\u00edtiou<\/td>\n<\/tr>\n<tr>\n<td width=\"222\">\n<h1>STREDA<\/h1>\n<\/td>\n<td colspan=\"4\" rowspan=\"2\" width=\"498\"><strong>obrezanie\u00a0 p\u00e1na<\/strong><\/p>\n<p><strong>pamiatka n\u00e1\u0161ho otca sv\u00e4t\u00e9ho Bazila Ve\u013ek\u00e9ho<\/strong><\/p>\n<p><strong>Nov\u00fd rok<\/strong><\/p>\n<p>prik\u00e1zan\u00fd sviatok<\/td>\n<\/tr>\n<tr>\n<td width=\"222\"><strong>1.1.2020<\/strong><\/td>\n<\/tr>\n<tr>\n<td colspan=\"5\" width=\"720\"><strong>Katedr\u00e1la Narodenia Presv\u00e4tej Bohorodi\u010dky, Moyzesova ul.<\/strong><\/td>\n<\/tr>\n<tr>\n<td colspan=\"2\" width=\"354\">6,30 utiere\u0148<\/p>\n<p>7,30 sv. liturgia, myrovanie<\/p>\n<p>9,00 sv. liturgia, myrovanie (CS)<\/p>\n<p>&nbsp;<\/td>\n<td colspan=\"3\" width=\"365\"><strong>10,30 sl\u00e1vnostn\u00e1 archijerejsk\u00e1 sv. liturgia <\/strong><\/p>\n<p><strong>\u00a0\u00a0\u00a0\u00a0\u00a0\u00a0\u00a0\u00a0\u00a0 (zbor), myrovanie<\/strong><\/p>\n<p>17,00 ve\u010diere\u0148<\/p>\n<p>18,00 sv. liturgia, myrovanie<\/td>\n<\/tr>\n<tr>\n<td colspan=\"2\" width=\"354\"><strong>Chr\u00e1m sv. Petra a\u00a0Pavla, <\/strong><\/p>\n<p><strong>s\u00eddlisko Terasa<\/strong><\/td>\n<td colspan=\"3\" width=\"365\"><strong>Chr\u00e1m Bo\u017eej M\u00fadrosti, <\/strong><\/p>\n<p><strong>s\u00eddlisko Fur\u010da<\/strong><\/td>\n<\/tr>\n<tr>\n<td colspan=\"2\" width=\"354\">\u00a0\u00a08,00 sv. liturgia, myrovanie<\/p>\n<p>10,00 sv. liturgia, myrovanie<\/p>\n<p>16,45 ve\u010diere\u0148<\/p>\n<p>17,30 sv. liturgia, myrovanie<\/td>\n<td colspan=\"3\" width=\"365\">\u00a0 8,00 utiere\u0148<\/p>\n<p>9,00 sv. liturgia<\/p>\n<p>10,30 sv. liturgia<\/td>\n<\/tr>\n<tr>\n<td colspan=\"2\" width=\"354\"><strong>Chr\u00e1m Presv. Bohorodi\u010dky Ochrankyne,<\/strong><\/p>\n<p><strong>s\u00eddlisko Nad jazerom<\/strong><\/td>\n<td colspan=\"3\" width=\"365\"><strong>Kaplnka bl. P.P. Gojdi\u010da,<\/strong><\/p>\n<p><strong>s\u00eddlisko \u0164ahanovce<\/strong><\/td>\n<\/tr>\n<tr>\n<td colspan=\"2\" width=\"354\">\u00a0\u00a08,00 sv. liturgia, myrovanie<\/p>\n<p>10,30 sv. liturgia, myrovanie<\/td>\n<td colspan=\"3\" width=\"365\">\u00a09,00 sv. liturgia (CS), myrovanie<\/p>\n<p>11,00 sv. liturgia, myrovanie<\/p>\n<p>19,00 sv. liturgia, myrovanie<\/td>\n<\/tr>\n<tr>\n<td width=\"222\">\n<h1>piatok<\/h1>\n<\/td>\n<td colspan=\"4\" rowspan=\"2\" width=\"498\"><strong>Sv\u00e4t\u00fd prorok malachi\u00e1\u0161<\/strong><\/p>\n<p>vo\u013enica<\/td>\n<\/tr>\n<tr>\n<td width=\"222\"><strong>3.1.2020<\/strong><\/td>\n<\/tr>\n<tr>\n<td colspan=\"5\" width=\"720\"><strong>Katedr\u00e1la Narodenia Presv\u00e4tej Bohorodi\u010dky, Moyzesova ul.<\/strong><\/td>\n<\/tr>\n<tr>\n<td colspan=\"4\" width=\"383\">6,30 sv. liturgia (CS)<\/p>\n<p>7,30 kr\u00e1\u013eovsk\u00e9 hodinky<\/td>\n<td width=\"337\">12,00 eucharistick\u00e1 ador\u00e1cia, sv. spove\u010f<\/p>\n<p>17,00 sv. liturgia<\/p>\n<p>18,30 sv. liturgia (CS)<\/td>\n<\/tr>\n<tr>\n<td colspan=\"4\" width=\"383\"><strong>Chr\u00e1m sv. Petra a\u00a0Pavla, s\u00eddliskoTerasa<\/strong><\/td>\n<td width=\"337\"><strong>Chr\u00e1m Bo\u017eej M\u00fadrosti, s\u00eddlisko Fur\u010da<\/strong><\/td>\n<\/tr>\n<tr>\n<td colspan=\"4\" width=\"383\">\u00a0 6,45 sv. liturgia, ador\u00e1cia<\/p>\n<p>7,45 kr\u00e1\u013eovsk\u00e9 hodinky<\/p>\n<p>17,00 sv. liturgia, ador\u00e1cia<\/td>\n<td width=\"337\">\u00a0 8,00 kr\u00e1\u013eovsk\u00e9 hodinky<\/td>\n<\/tr>\n<tr>\n<td colspan=\"4\" width=\"383\"><strong>Chr\u00e1m Presv. Bohorodi\u010dky Ochrankyne,<\/strong><\/p>\n<p><strong>s\u00eddlisko Nad jazerom<\/strong><\/td>\n<td width=\"337\"><strong>Kaplnka bl. P.P. Gojdi\u010da,<\/strong><\/p>\n<p><strong>s\u00eddlisko \u0164ahanovce<\/strong><\/td>\n<\/tr>\n<tr>\n<td colspan=\"4\" width=\"383\">\u00a0 8,00 kr\u00e1\u013eovsk\u00e9 hodinky<\/p>\n<p>17,30 sv. liturgia<\/p>\n<p>&nbsp;<\/td>\n<td width=\"337\">\u00a0\u00a08,00 kr\u00e1\u013eovsk\u00e9 hodinky<\/p>\n<p>18,00 ve\u010diere\u0148<\/p>\n<p>&nbsp;<\/td>\n<\/tr>\n<tr>\n<td width=\"222\">\n<h1>nede\u013ea<\/h1>\n<\/td>\n<td colspan=\"4\" rowspan=\"2\" width=\"498\"><strong>nede\u013ea pred osvieten\u00edm<\/strong><\/p>\n<p>zdr\u017eanlivos\u0165 od m\u00e4sa<\/td>\n<\/tr>\n<tr>\n<td width=\"222\"><strong>5.1.2020<\/strong><\/td>\n<\/tr>\n<tr>\n<td colspan=\"5\" width=\"720\"><strong>Katedr\u00e1la Narodenia Presv\u00e4tej Bohorodi\u010dky, Moyzesova ul.<\/strong><\/td>\n<\/tr>\n<tr>\n<td colspan=\"3\" width=\"364\">\u00a0 6,30 utiere\u0148<\/p>\n<p>7,30 sv. liturgia<\/p>\n<p>9,00 sv. liturgia (CS)<\/p>\n<p>10,30 sv. liturgia<\/td>\n<td colspan=\"2\" width=\"356\"><strong>15,00 ve\u013ek\u00e1 ve\u010diere\u0148 s archijerejom<\/strong><\/p>\n<p><strong>21,00 ve\u013ek\u00e9 pove\u010derie s l\u00edtiou s\u00a0archijerejom,<\/strong><\/p>\n<p><strong>\u00a0\u00a0\u00a0\u00a0\u00a0\u00a0\u00a0\u00a0\u00a0 sv\u00e4tenie vody<\/strong><\/td>\n<\/tr>\n<tr>\n<td colspan=\"3\" width=\"364\"><strong>Chr\u00e1m sv. Petra a\u00a0Pavla, s\u00eddliskoTerasa<\/strong><\/td>\n<td colspan=\"2\" width=\"356\"><strong>Chr\u00e1m Bo\u017eej M\u00fadrosti, s\u00eddlisko Fur\u010da<\/strong><\/td>\n<\/tr>\n<tr>\n<td colspan=\"3\" width=\"364\">\u00a0 8,00 sv. liturgia<\/p>\n<p>10,00 sv. liturgia<\/p>\n<p>16,00 ve\u013ek\u00e1 ve\u010diere\u0148, sv\u00e4tenie vody<\/p>\n<p>17,30 sv. liturgia<\/td>\n<td colspan=\"2\" width=\"356\">\u00a0 8,00 utiere\u0148<\/p>\n<p>9,00 sv. liturgia<\/p>\n<p>10,30 sv. liturgia<\/p>\n<p>15,00 ve\u013ek\u00e1 ve\u010diere\u0148<\/p>\n<p>21,00 Ve\u013ek\u00e9 pove\u010derie s l\u00edtiou<\/p>\n<p>&nbsp;<\/td>\n<\/tr>\n<tr>\n<td colspan=\"3\" width=\"364\"><strong>Chr\u00e1m Presv. Bohorodi\u010dky Ochrankyne,<\/strong><\/p>\n<p><strong>s\u00eddlisko Nad jazerom<\/strong><\/td>\n<td colspan=\"2\" width=\"356\"><strong>Kaplnka bl. P.P. Gojdi\u010da,<\/strong><\/p>\n<p><strong>s\u00eddlisko \u0164ahanovce<\/strong><\/td>\n<\/tr>\n<tr>\n<td colspan=\"3\" width=\"364\">\u00a0\u00a08,00 sv. liturgia (CS)<\/p>\n<p>10,30 sv. liturgia<\/p>\n<p>15,00 ve\u013ek\u00e1 ve\u010diere\u0148, Ve\u013ek\u00e9 sv\u00e4tenie vody<\/p>\n<p>21,00 Ve\u013ek\u00e9 pove\u010derie s litijou<\/p>\n<p>&nbsp;<\/td>\n<td colspan=\"2\" width=\"356\">\u00a0 7,45 utiere\u0148<\/p>\n<p>9,00 sv. liturgia(CS)<\/p>\n<p>10,30 sv. liturgia<\/p>\n<p>15,00 ve\u013ek\u00e1 ve\u010diere\u0148<\/p>\n<p>21,00 Ve\u013ek\u00e9 pove\u010derie s\u00a0l\u00edtiou<\/td>\n<\/tr>\n<tr>\n<td width=\"222\">\n<h1>PONDELOK<\/h1>\n<\/td>\n<td colspan=\"4\" rowspan=\"2\" width=\"498\"><strong>Sv\u00e4t\u00e9 Bohozjavenie n\u00e1\u0161ho P\u00e1na, Boha a\u00a0Spasite\u013ea Je\u017ei\u0161a Krista<\/strong><\/p>\n<p>prik\u00e1zan\u00fd sviatok<\/td>\n<\/tr>\n<tr>\n<td width=\"222\"><strong>6.1.2020<\/strong><\/td>\n<\/tr>\n<tr>\n<td colspan=\"5\" width=\"720\"><strong>Katedr\u00e1la Narodenia Presv\u00e4tej Bohorodi\u010dky, Moyzesova ul.<\/strong><\/td>\n<\/tr>\n<tr>\n<td colspan=\"3\" width=\"364\">6,30 utiere\u0148<\/p>\n<p>7,30 sv. liturgia, myrovanie<\/p>\n<p><strong>9,00 sl\u00e1vnostn\u00e1 archijerejsk\u00e1 sv. liturgia (CS), \u00a0\u00a0<\/strong><\/p>\n<p><strong>\u00a0\u00a0\u00a0\u00a0\u00a0\u00a0\u00a0 Jord\u00e1nske sv\u00e4tenie vody, myrovanie <\/strong><\/p>\n<p><strong>\u00a0\u00a0\u00a0\u00a0\u00a0\u00a0\u00a0 (zbor)<\/strong><\/td>\n<td colspan=\"2\" width=\"356\">11,00 sv. liturgia zameran\u00e1 na deti, myrovanie<\/p>\n<p>17,00 ve\u013ek\u00e1 ve\u010diere\u0148<\/p>\n<p>18,00 sv. liturgia, myrovanie<\/td>\n<\/tr>\n<tr>\n<td colspan=\"3\" width=\"364\"><strong>Chr\u00e1m sv. Petra a\u00a0Pavla, s\u00eddliskoTerasa<\/strong><\/td>\n<td colspan=\"2\" width=\"356\"><strong>Chr\u00e1m Bo\u017eej M\u00fadrosti, s\u00eddlisko Fur\u010da<\/strong><\/td>\n<\/tr>\n<tr>\n<td colspan=\"3\" width=\"364\">\u00a0\u00a08,00 sv. liturgia, sv\u00e4tenie vody,<\/p>\n<p>myrovanie<\/p>\n<p>10,00 sv. liturgia, myrovanie<\/p>\n<p>17,30 sv. liturgia, myrovanie<\/td>\n<td colspan=\"2\" width=\"356\">\u00a0 8,00 utiere\u0148 o. Jozef<\/p>\n<p>9,00 sv. liturgia (CS), sv\u00e4tenie vody,<\/p>\n<p>myrovanie<\/p>\n<p>11,00 sv. liturgia, sv\u00e4tenie vody, myrovanie<\/td>\n<\/tr>\n<tr>\n<td colspan=\"3\" width=\"364\"><strong>Chr\u00e1m Presv. Bohorodi\u010dky Ochrankyne,<\/strong><\/p>\n<p><strong>s\u00eddlisko Nad jazerom<\/strong><\/td>\n<td colspan=\"2\" width=\"356\"><strong>Kaplnka bl. P.P. Gojdi\u010da,<\/strong><\/p>\n<p><strong>s\u00eddlisko \u0164ahanovce<\/strong><\/td>\n<\/tr>\n<tr>\n<td colspan=\"3\" width=\"364\">\u00a0\u00a08,00 sv. liturgia, sv\u00e4tenie vody, myrovanie<\/p>\n<p>10,30 sv. liturgia, myrovanie<\/p>\n<p>&nbsp;<\/td>\n<td colspan=\"2\" width=\"356\">\u00a0 7,30 utiere\u0148 (CS)<\/p>\n<p>9,00 sv. liturgia (CS), sv\u00e4tenie vody, myrovanie<\/p>\n<p>11,00 sv. liturgia, sv\u00e4tenie vody, myrovanie<\/p>\n<p>&nbsp;<\/td>\n<\/tr>\n<tr>\n<td width=\"222\"><\/td>\n<td width=\"132\"><\/td>\n<td width=\"9\"><\/td>\n<td width=\"19\"><\/td>\n<td width=\"337\"><\/td>\n<\/tr>\n<\/tbody>\n<\/table>\n<p><strong>\u00a0<\/strong><\/p>\n<p><strong>\u00a0<\/strong><\/p>\n<p><strong>\u00a0\u00a0\u00a0\u00a0\u00a0\u00a0\u00a0\u00a0\u00a0\u00a0\u00a0\u00a0\u00a0\u00a0\u00a0\u00a0\u00a0\u00a0\u00a0\u00a0\u00a0\u00a0 <\/strong><strong>Ko\u0161ice KVP DORKA \u00a0\u00a0\u00a0\u00a0\u00a0\u00a0\u00a0\u00a0\u00a0\u00a0\u00a0\u00a0\u00a0\u00a0\u00a0\u00a0\u00a0\u00a0\u00a0\u00a0\u00a0\u00a0\u00a0\u00a0\u00a0\u00a0\u00a0\u00a0\u00a0\u00a0\u00a0\u00a0 Ko\u0161ice Pere\u0161<\/strong><\/p>\n<table width=\"713\">\n<tbody>\n<tr>\n<td width=\"118\"><strong>24.12.2019<\/strong><\/td>\n<td width=\"321\"><\/td>\n<td width=\"274\">20,00 \u00a0Ve\u013ek\u00e9 pove\u010derie s l\u00edtiou<\/td>\n<\/tr>\n<tr>\n<td width=\"118\"><strong>25.12.2019<\/strong><\/td>\n<td width=\"321\">10,00 sv. liturgia, myrovanie<\/td>\n<td width=\"274\">\u00a0 8,30 \u00a0sv. liturgia, myrovanie<\/td>\n<\/tr>\n<tr>\n<td width=\"118\"><strong>26.12.2019<\/strong><\/td>\n<td width=\"321\">10,00 sv. liturgia<\/td>\n<td width=\"274\">\u00a0 8,30 \u00a0sv. liturgia<\/td>\n<\/tr>\n<tr>\n<td width=\"118\"><strong>29.12.2019<\/strong><\/td>\n<td width=\"321\">10,00 sv. liturgia<\/td>\n<td width=\"274\">\u00a0 8,30 \u00a0sv. liturgia<\/td>\n<\/tr>\n<tr>\n<td width=\"118\"><strong>1.1.2020<\/strong><\/td>\n<td width=\"321\">10,00 sv. liturgia, myrovanie<\/td>\n<td width=\"274\">\u00a0 8,30 \u00a0sv. liturgia, myrovanie<\/td>\n<\/tr>\n<tr>\n<td width=\"118\"><strong>5.1.2020<\/strong><\/td>\n<td width=\"321\">10,00 sv. liturgia<\/td>\n<td width=\"274\">\u00a0 8,30 \u00a0sv. liturgia<\/td>\n<\/tr>\n<tr>\n<td width=\"118\"><strong>6.1.2020<\/strong><\/td>\n<td width=\"321\">10,00 sv. liturgia, sv\u00e4tenie vody, myrovanie<\/td>\n<td width=\"274\">\u00a0 8,00 \u00a0sv. liturgia, sv\u00e4tenie vody,<\/p>\n<p>myrovanie<\/td>\n<\/tr>\n<\/tbody>\n<\/table>\n<p><strong>\u00a0<\/strong><\/p>\n<p><strong>\u00a0\u00a0\u00a0\u00a0\u00a0\u00a0\u00a0\u00a0\u00a0\u00a0\u00a0\u00a0\u00a0\u00a0\u00a0\u00a0\u00a0\u00a0\u00a0\u00a0\u00a0\u00a0 <\/strong><strong>Dru\u017estevn\u00e1 &#8211; kaplnka \u00a0\u00a0\u00a0\u00a0\u00a0\u00a0\u00a0\u00a0\u00a0\u00a0\u00a0\u00a0\u00a0\u00a0\u00a0\u00a0\u00a0\u00a0\u00a0\u00a0\u00a0\u00a0\u00a0\u00a0\u00a0\u00a0\u00a0\u00a0 Podhradov\u00e1 Chr\u00e1m sv. Ondreja<\/strong><\/p>\n<table width=\"713\">\n<tbody>\n<tr>\n<td width=\"118\"><strong>24.12.2019<\/strong><\/td>\n<td width=\"321\">\u00a0\u00a08,30 sv. liturgia<\/p>\n<p>20,00 Ve\u013ek\u00e9 pove\u010derie s l\u00edtiou<\/td>\n<td width=\"274\"><\/td>\n<\/tr>\n<tr>\n<td width=\"118\"><strong>25.12.2019<\/strong><\/td>\n<td width=\"321\">\u00a0\u00a08,30 sv. liturgia, myrovanie<\/td>\n<td width=\"274\">11,30 \u00a0sv. liturgia, myrovanie<\/td>\n<\/tr>\n<tr>\n<td width=\"118\"><strong>26.12.2019<\/strong><\/td>\n<td width=\"321\">\u00a0\u00a08,30 sv. liturgia<\/td>\n<td width=\"274\">11,30 \u00a0sv. liturgia<\/td>\n<\/tr>\n<tr>\n<td width=\"118\"><strong>29.12.2019<\/strong><\/td>\n<td width=\"321\">17,00 sv. liturgia<\/td>\n<td width=\"274\">11,30 \u00a0sv. liturgia<\/td>\n<\/tr>\n<tr>\n<td width=\"118\"><strong>31.12.2019<\/strong><\/td>\n<td width=\"321\">\u00a0\u00a08,30 sv. liturgia s \u010fakovn\u00fdm akatistom<\/td>\n<td width=\"274\"><\/td>\n<\/tr>\n<tr>\n<td width=\"118\"><strong>1.1.2020<\/strong><\/td>\n<td width=\"321\">10,00 sv. liturgia, myrovanie<\/td>\n<td width=\"274\">11,30 \u00a0sv. liturgia, myrovanie<\/td>\n<\/tr>\n<tr>\n<td width=\"118\"><strong>5.1.2020<\/strong><\/td>\n<td width=\"321\">\u00a0\u00a08,30 sv. liturgia<\/td>\n<td width=\"274\"><\/td>\n<\/tr>\n<tr>\n<td width=\"118\"><strong>6.1.2020<\/strong><\/td>\n<td width=\"321\">\u00a0 8,30 sv. liturgia, sv\u00e4tenie vody, myrovanie<\/td>\n<td width=\"274\">11,30 \u00a0sv. liturgia, myrovanie<\/td>\n<\/tr>\n<\/tbody>\n<\/table>\n<p><strong>\u00a0<\/strong><\/p>\n","protected":false},"excerpt":{"rendered":"<p>&nbsp; utorok Predve\u010der Narodenia P\u00e1na zdr\u017eanlivos\u0165 od m\u00e4sa, p\u00f4st 24.12.2019 Katedr\u00e1la Narodenia Presv\u00e4tej Bohorodi\u010dky, Moyzesova ul. \u00a0 6,30 sv. liturgia (CS) 7,30 kr\u00e1\u013eovsk\u00e9 hodinky 15,00 archijerejsk\u00e1 sv. liturgia Bazila \u00a0\u00a0\u00a0\u00a0\u00a0\u00a0\u00a0\u00a0\u00a0 Ve\u013ek\u00e9ho s\u00a0ve\u010dier\u0148ou 20,45 p\u00e1smo viano\u010dn\u00fdch kolied (zbor) 21,00 ve\u013ek\u00e9 pove\u010derie Narodenia P\u00e1na \u00a0\u00a0\u00a0\u00a0\u00a0\u00a0\u00a0\u00a0\u00a0 s\u00a0archijerejom a po\u017eehnan\u00edm Betlehema \u00a0\u00a0\u00a0\u00a0\u00a0\u00a0\u00a0\u00a0\u00a0 (zbor) \u00a0 Chr\u00e1m sv. Petra a\u00a0Pavla, s\u00eddlisko [&hellip;]<\/p>\n","protected":false},"author":2,"featured_media":0,"comment_status":"closed","ping_status":"closed","sticky":false,"template":"","format":"standard","meta":{"_coblocks_attr":"","_coblocks_dimensions":"","_coblocks_responsive_height":"","_coblocks_accordion_ie_support":"","footnotes":""},"categories":[9,1],"tags":[],"class_list":["post-2012","post","type-post","status-publish","format-standard","hentry","category-aktuality","category-nezaradene"],"yoast_head":"<!-- This site is optimized with the Yoast SEO plugin v27.4 - https:\/\/yoast.com\/product\/yoast-seo-wordpress\/ -->\n<title>Sviatky Narodenia P\u00e1na 2019 a Bohozjavenia 2020 v Ko\u0161iciach - GR\u00c9CKOKATOL\u00cdCKA CIRKEV FARNOS\u0164 KO\u0160ICE - STAR\u00c9 MESTO<\/title>\n<meta name=\"robots\" content=\"index, follow, max-snippet:-1, max-image-preview:large, max-video-preview:-1\" \/>\n<link rel=\"canonical\" href=\"https:\/\/kestaremesto.grkatke.sk\/?p=2012\" \/>\n<meta property=\"og:locale\" content=\"sk_SK\" \/>\n<meta property=\"og:type\" content=\"article\" \/>\n<meta property=\"og:title\" content=\"Sviatky Narodenia P\u00e1na 2019 a Bohozjavenia 2020 v Ko\u0161iciach - GR\u00c9CKOKATOL\u00cdCKA CIRKEV FARNOS\u0164 KO\u0160ICE - STAR\u00c9 MESTO\" \/>\n<meta property=\"og:description\" content=\"&nbsp; utorok Predve\u010der Narodenia P\u00e1na zdr\u017eanlivos\u0165 od m\u00e4sa, p\u00f4st 24.12.2019 Katedr\u00e1la Narodenia Presv\u00e4tej Bohorodi\u010dky, Moyzesova ul. \u00a0 6,30 sv. liturgia (CS) 7,30 kr\u00e1\u013eovsk\u00e9 hodinky 15,00 archijerejsk\u00e1 sv. liturgia Bazila \u00a0\u00a0\u00a0\u00a0\u00a0\u00a0\u00a0\u00a0\u00a0 Ve\u013ek\u00e9ho s\u00a0ve\u010dier\u0148ou 20,45 p\u00e1smo viano\u010dn\u00fdch kolied (zbor) 21,00 ve\u013ek\u00e9 pove\u010derie Narodenia P\u00e1na \u00a0\u00a0\u00a0\u00a0\u00a0\u00a0\u00a0\u00a0\u00a0 s\u00a0archijerejom a po\u017eehnan\u00edm Betlehema \u00a0\u00a0\u00a0\u00a0\u00a0\u00a0\u00a0\u00a0\u00a0 (zbor) \u00a0 Chr\u00e1m sv. Petra a\u00a0Pavla, s\u00eddlisko [&hellip;]\" \/>\n<meta property=\"og:url\" content=\"https:\/\/kestaremesto.grkatke.sk\/?p=2012\" \/>\n<meta property=\"og:site_name\" content=\"GR\u00c9CKOKATOL\u00cdCKA CIRKEV FARNOS\u0164 KO\u0160ICE - STAR\u00c9 MESTO\" \/>\n<meta property=\"article:publisher\" content=\"https:\/\/www.facebook.com\/Na%c5%a1a-Katedr%c3%a1la-231637610336060\/\" \/>\n<meta property=\"article:published_time\" content=\"2019-12-22T05:49:33+00:00\" \/>\n<meta property=\"article:modified_time\" content=\"2020-09-01T07:45:23+00:00\" \/>\n<meta name=\"author\" content=\"administr\u00e1tor\" \/>\n<meta name=\"twitter:card\" content=\"summary_large_image\" \/>\n<meta name=\"twitter:label1\" content=\"Autor\" \/>\n\t<meta name=\"twitter:data1\" content=\"administr\u00e1tor\" \/>\n\t<meta name=\"twitter:label2\" content=\"Predpokladan\u00fd \u010das \u010d\u00edtania\" \/>\n\t<meta name=\"twitter:data2\" content=\"6 min\u00fat\" \/>\n<script type=\"application\/ld+json\" class=\"yoast-schema-graph\">{\"@context\":\"https:\\\/\\\/schema.org\",\"@graph\":[{\"@type\":\"Article\",\"@id\":\"https:\\\/\\\/kestaremesto.grkatke.sk\\\/?p=2012#article\",\"isPartOf\":{\"@id\":\"https:\\\/\\\/kestaremesto.grkatke.sk\\\/?p=2012\"},\"author\":{\"name\":\"administr\u00e1tor\",\"@id\":\"https:\\\/\\\/kestaremesto.grkatke.sk\\\/#\\\/schema\\\/person\\\/86c8e7e5841259082af5c5b227e0d69b\"},\"headline\":\"Sviatky Narodenia P\u00e1na 2019 a Bohozjavenia 2020 v Ko\u0161iciach\",\"datePublished\":\"2019-12-22T05:49:33+00:00\",\"dateModified\":\"2020-09-01T07:45:23+00:00\",\"mainEntityOfPage\":{\"@id\":\"https:\\\/\\\/kestaremesto.grkatke.sk\\\/?p=2012\"},\"wordCount\":1284,\"articleSection\":[\"Aktuality\"],\"inLanguage\":\"sk-SK\"},{\"@type\":\"WebPage\",\"@id\":\"https:\\\/\\\/kestaremesto.grkatke.sk\\\/?p=2012\",\"url\":\"https:\\\/\\\/kestaremesto.grkatke.sk\\\/?p=2012\",\"name\":\"Sviatky Narodenia P\u00e1na 2019 a Bohozjavenia 2020 v Ko\u0161iciach - GR\u00c9CKOKATOL\u00cdCKA CIRKEV FARNOS\u0164 KO\u0160ICE - STAR\u00c9 MESTO\",\"isPartOf\":{\"@id\":\"https:\\\/\\\/kestaremesto.grkatke.sk\\\/#website\"},\"datePublished\":\"2019-12-22T05:49:33+00:00\",\"dateModified\":\"2020-09-01T07:45:23+00:00\",\"author\":{\"@id\":\"https:\\\/\\\/kestaremesto.grkatke.sk\\\/#\\\/schema\\\/person\\\/86c8e7e5841259082af5c5b227e0d69b\"},\"breadcrumb\":{\"@id\":\"https:\\\/\\\/kestaremesto.grkatke.sk\\\/?p=2012#breadcrumb\"},\"inLanguage\":\"sk-SK\",\"potentialAction\":[{\"@type\":\"ReadAction\",\"target\":[\"https:\\\/\\\/kestaremesto.grkatke.sk\\\/?p=2012\"]}]},{\"@type\":\"BreadcrumbList\",\"@id\":\"https:\\\/\\\/kestaremesto.grkatke.sk\\\/?p=2012#breadcrumb\",\"itemListElement\":[{\"@type\":\"ListItem\",\"position\":1,\"name\":\"Domovsk\u00e1 str\u00e1nka\",\"item\":\"https:\\\/\\\/kestaremesto.grkatke.sk\\\/\"},{\"@type\":\"ListItem\",\"position\":2,\"name\":\"Sviatky Narodenia P\u00e1na 2019 a Bohozjavenia 2020 v Ko\u0161iciach\"}]},{\"@type\":\"WebSite\",\"@id\":\"https:\\\/\\\/kestaremesto.grkatke.sk\\\/#website\",\"url\":\"https:\\\/\\\/kestaremesto.grkatke.sk\\\/\",\"name\":\"GR\u00c9CKOKATOL\u00cdCKA CIRKEV FARNOS\u0164 KO\u0160ICE - STAR\u00c9 MESTO\",\"description\":\"\",\"potentialAction\":[{\"@type\":\"SearchAction\",\"target\":{\"@type\":\"EntryPoint\",\"urlTemplate\":\"https:\\\/\\\/kestaremesto.grkatke.sk\\\/?s={search_term_string}\"},\"query-input\":{\"@type\":\"PropertyValueSpecification\",\"valueRequired\":true,\"valueName\":\"search_term_string\"}}],\"inLanguage\":\"sk-SK\"},{\"@type\":\"Person\",\"@id\":\"https:\\\/\\\/kestaremesto.grkatke.sk\\\/#\\\/schema\\\/person\\\/86c8e7e5841259082af5c5b227e0d69b\",\"name\":\"administr\u00e1tor\",\"url\":\"https:\\\/\\\/kestaremesto.grkatke.sk\\\/?author=2\"}]}<\/script>\n<!-- \/ Yoast SEO plugin. -->","yoast_head_json":{"title":"Sviatky Narodenia P\u00e1na 2019 a Bohozjavenia 2020 v Ko\u0161iciach - GR\u00c9CKOKATOL\u00cdCKA CIRKEV FARNOS\u0164 KO\u0160ICE - STAR\u00c9 MESTO","robots":{"index":"index","follow":"follow","max-snippet":"max-snippet:-1","max-image-preview":"max-image-preview:large","max-video-preview":"max-video-preview:-1"},"canonical":"https:\/\/kestaremesto.grkatke.sk\/?p=2012","og_locale":"sk_SK","og_type":"article","og_title":"Sviatky Narodenia P\u00e1na 2019 a Bohozjavenia 2020 v Ko\u0161iciach - GR\u00c9CKOKATOL\u00cdCKA CIRKEV FARNOS\u0164 KO\u0160ICE - STAR\u00c9 MESTO","og_description":"&nbsp; utorok Predve\u010der Narodenia P\u00e1na zdr\u017eanlivos\u0165 od m\u00e4sa, p\u00f4st 24.12.2019 Katedr\u00e1la Narodenia Presv\u00e4tej Bohorodi\u010dky, Moyzesova ul. \u00a0 6,30 sv. liturgia (CS) 7,30 kr\u00e1\u013eovsk\u00e9 hodinky 15,00 archijerejsk\u00e1 sv. liturgia Bazila \u00a0\u00a0\u00a0\u00a0\u00a0\u00a0\u00a0\u00a0\u00a0 Ve\u013ek\u00e9ho s\u00a0ve\u010dier\u0148ou 20,45 p\u00e1smo viano\u010dn\u00fdch kolied (zbor) 21,00 ve\u013ek\u00e9 pove\u010derie Narodenia P\u00e1na \u00a0\u00a0\u00a0\u00a0\u00a0\u00a0\u00a0\u00a0\u00a0 s\u00a0archijerejom a po\u017eehnan\u00edm Betlehema \u00a0\u00a0\u00a0\u00a0\u00a0\u00a0\u00a0\u00a0\u00a0 (zbor) \u00a0 Chr\u00e1m sv. Petra a\u00a0Pavla, s\u00eddlisko [&hellip;]","og_url":"https:\/\/kestaremesto.grkatke.sk\/?p=2012","og_site_name":"GR\u00c9CKOKATOL\u00cdCKA CIRKEV FARNOS\u0164 KO\u0160ICE - STAR\u00c9 MESTO","article_publisher":"https:\/\/www.facebook.com\/Na%c5%a1a-Katedr%c3%a1la-231637610336060\/","article_published_time":"2019-12-22T05:49:33+00:00","article_modified_time":"2020-09-01T07:45:23+00:00","author":"administr\u00e1tor","twitter_card":"summary_large_image","twitter_misc":{"Autor":"administr\u00e1tor","Predpokladan\u00fd \u010das \u010d\u00edtania":"6 min\u00fat"},"schema":{"@context":"https:\/\/schema.org","@graph":[{"@type":"Article","@id":"https:\/\/kestaremesto.grkatke.sk\/?p=2012#article","isPartOf":{"@id":"https:\/\/kestaremesto.grkatke.sk\/?p=2012"},"author":{"name":"administr\u00e1tor","@id":"https:\/\/kestaremesto.grkatke.sk\/#\/schema\/person\/86c8e7e5841259082af5c5b227e0d69b"},"headline":"Sviatky Narodenia P\u00e1na 2019 a Bohozjavenia 2020 v Ko\u0161iciach","datePublished":"2019-12-22T05:49:33+00:00","dateModified":"2020-09-01T07:45:23+00:00","mainEntityOfPage":{"@id":"https:\/\/kestaremesto.grkatke.sk\/?p=2012"},"wordCount":1284,"articleSection":["Aktuality"],"inLanguage":"sk-SK"},{"@type":"WebPage","@id":"https:\/\/kestaremesto.grkatke.sk\/?p=2012","url":"https:\/\/kestaremesto.grkatke.sk\/?p=2012","name":"Sviatky Narodenia P\u00e1na 2019 a Bohozjavenia 2020 v Ko\u0161iciach - GR\u00c9CKOKATOL\u00cdCKA CIRKEV FARNOS\u0164 KO\u0160ICE - STAR\u00c9 MESTO","isPartOf":{"@id":"https:\/\/kestaremesto.grkatke.sk\/#website"},"datePublished":"2019-12-22T05:49:33+00:00","dateModified":"2020-09-01T07:45:23+00:00","author":{"@id":"https:\/\/kestaremesto.grkatke.sk\/#\/schema\/person\/86c8e7e5841259082af5c5b227e0d69b"},"breadcrumb":{"@id":"https:\/\/kestaremesto.grkatke.sk\/?p=2012#breadcrumb"},"inLanguage":"sk-SK","potentialAction":[{"@type":"ReadAction","target":["https:\/\/kestaremesto.grkatke.sk\/?p=2012"]}]},{"@type":"BreadcrumbList","@id":"https:\/\/kestaremesto.grkatke.sk\/?p=2012#breadcrumb","itemListElement":[{"@type":"ListItem","position":1,"name":"Domovsk\u00e1 str\u00e1nka","item":"https:\/\/kestaremesto.grkatke.sk\/"},{"@type":"ListItem","position":2,"name":"Sviatky Narodenia P\u00e1na 2019 a Bohozjavenia 2020 v Ko\u0161iciach"}]},{"@type":"WebSite","@id":"https:\/\/kestaremesto.grkatke.sk\/#website","url":"https:\/\/kestaremesto.grkatke.sk\/","name":"GR\u00c9CKOKATOL\u00cdCKA CIRKEV FARNOS\u0164 KO\u0160ICE - STAR\u00c9 MESTO","description":"","potentialAction":[{"@type":"SearchAction","target":{"@type":"EntryPoint","urlTemplate":"https:\/\/kestaremesto.grkatke.sk\/?s={search_term_string}"},"query-input":{"@type":"PropertyValueSpecification","valueRequired":true,"valueName":"search_term_string"}}],"inLanguage":"sk-SK"},{"@type":"Person","@id":"https:\/\/kestaremesto.grkatke.sk\/#\/schema\/person\/86c8e7e5841259082af5c5b227e0d69b","name":"administr\u00e1tor","url":"https:\/\/kestaremesto.grkatke.sk\/?author=2"}]}},"_links":{"self":[{"href":"https:\/\/kestaremesto.grkatke.sk\/index.php?rest_route=\/wp\/v2\/posts\/2012","targetHints":{"allow":["GET"]}}],"collection":[{"href":"https:\/\/kestaremesto.grkatke.sk\/index.php?rest_route=\/wp\/v2\/posts"}],"about":[{"href":"https:\/\/kestaremesto.grkatke.sk\/index.php?rest_route=\/wp\/v2\/types\/post"}],"author":[{"embeddable":true,"href":"https:\/\/kestaremesto.grkatke.sk\/index.php?rest_route=\/wp\/v2\/users\/2"}],"replies":[{"embeddable":true,"href":"https:\/\/kestaremesto.grkatke.sk\/index.php?rest_route=%2Fwp%2Fv2%2Fcomments&post=2012"}],"version-history":[{"count":2,"href":"https:\/\/kestaremesto.grkatke.sk\/index.php?rest_route=\/wp\/v2\/posts\/2012\/revisions"}],"predecessor-version":[{"id":2014,"href":"https:\/\/kestaremesto.grkatke.sk\/index.php?rest_route=\/wp\/v2\/posts\/2012\/revisions\/2014"}],"wp:attachment":[{"href":"https:\/\/kestaremesto.grkatke.sk\/index.php?rest_route=%2Fwp%2Fv2%2Fmedia&parent=2012"}],"wp:term":[{"taxonomy":"category","embeddable":true,"href":"https:\/\/kestaremesto.grkatke.sk\/index.php?rest_route=%2Fwp%2Fv2%2Fcategories&post=2012"},{"taxonomy":"post_tag","embeddable":true,"href":"https:\/\/kestaremesto.grkatke.sk\/index.php?rest_route=%2Fwp%2Fv2%2Ftags&post=2012"}],"curies":[{"name":"wp","href":"https:\/\/api.w.org\/{rel}","templated":true}]}}