{"id":2081,"date":"2020-03-11T11:52:30","date_gmt":"2020-03-11T10:52:30","guid":{"rendered":"https:\/\/kestaremesto.grkatke.sk\/?p=2081"},"modified":"2020-09-01T09:44:52","modified_gmt":"2020-09-01T07:44:52","slug":"on-line-prenosy-a-casy-otvorenia-katedraly","status":"publish","type":"post","link":"https:\/\/kestaremesto.grkatke.sk\/?p=2081","title":{"rendered":"On-line prenosy a \u010dasy otvorenia katedr\u00e1ly"},"content":{"rendered":"<p>Prenosy bohoslu\u017eieb si m\u00f4\u017ete pozrie\u0165 na:<br \/>\n<a href=\"http:\/\/www.logos.tv\">www.logos.tv<\/a>,<br \/>\n<a href=\"http:\/\/www.grkatke.sk\">www.grkatke.sk,<\/a><br \/>\nna <a href=\"https:\/\/www.youtube.com\/channel\/UCg5wXGCGHKm1jlDdAArxEeQ\/live\">youtube kan\u00e1li ko\u0161ickej katedr\u00e1ly<\/a>,<br \/>\n<a href=\"https:\/\/www.facebook.com\/Katedr%C3%A1la-Narodenia-Presv%C3%A4tej-Bohorodi%C4%8Dky-v-Ko%C5%A1iciach-107867184167366\/?__tn__=kCH-R&amp;eid=ARBSjbR6OU_8r14uymx0rSwiyPUisOzojjeTpawOwqvbLmtdr7wINHRzcJvhnibV0H6QxQW-pHQUEQ3H&amp;hc_ref=ARR2am5oJlm0u86AGlsuaSPzt8fP6mcKFKLJYVpMNOoHWbqrkmeiwNhDu6mMbL-18NY&amp;fref=tag&amp;__xts__[0]=68.ARCsExdpFRJm9owwMBNkrb2S9YhsHzVpQYYGpQzywi6OzggFeLOC_fiRc7_CmUyvMV89kVT302y24h0hxlF_eeoA9u7b3bOcr1dKRvVw7jXPIHq5zlgTbBPNQiFVdO48OlsjFQdXvFkVJp4DDlRBhY3bnQmn1lHe2U6-RbJ2jXH_t9t044zFYyLYRw6lyd-h6-6n9aI6RvJxg6bKpapZuWBhw95A7PosjcEvx4V8ABLfrnPoKXmNhWV3zUyOogSftJMvjNuKu1rOsXL_rK4E-SuukN7FUArJKg9KSpdyh-bTZ90x0CNm_wtOT66nLSUSK6hDTBlZkznN2iUkdjgyqxacYLmGDWw9d89AQuYOWMbqVMywn4aLifLer1OyAQXNfw\">facebookovej str\u00e1nke katedr\u00e1ly<\/a>.<\/p>\n<table width=\"975\">\n<tbody>\n<tr>\n<td width=\"98\"><strong>De\u0148<\/strong><\/td>\n<td width=\"124\"><strong>On-line prenos na logos.tv<\/strong><\/td>\n<td colspan=\"2\" width=\"160\"><strong>\u010das, kedy je katedr\u00e1la otvoren\u00e1<\/strong><\/td>\n<\/tr>\n<tr>\n<td width=\"98\"><strong>Pondelok<\/strong><\/p>\n<p><strong>\u00a0<\/strong><\/td>\n<td width=\"124\">16,30 kaj\u00faci akatist<\/p>\n<p>17,00 sv. liturgia<\/td>\n<td width=\"70\"><strong>12,00 \u2013 15,00 h. <\/strong><\/td>\n<td rowspan=\"7\" width=\"89\">&nbsp;<\/p>\n<p>&nbsp;<\/p>\n<p>&nbsp;<\/p>\n<p>&nbsp;<\/p>\n<p>&nbsp;<\/p>\n<p>&nbsp;<\/p>\n<p>&nbsp;<\/p>\n<p>mo\u017enos\u0165<\/p>\n<p>sv. spovede<\/td>\n<\/tr>\n<tr>\n<td width=\"98\"><strong>Utorok<\/strong><\/td>\n<td width=\"124\">16,30 kaj\u00faci moleben<\/p>\n<p>17,00 sv. liturgia<\/td>\n<td width=\"70\"><strong>\u00a0<\/strong><\/p>\n<p><strong>12,00 \u2013 15,00 h.<\/strong><\/td>\n<\/tr>\n<tr>\n<td width=\"98\"><strong>Streda<\/strong><\/p>\n<p><strong>\u00a0<\/strong><\/td>\n<td width=\"124\">7,30 ve\u013ekop\u00f4stna utiere\u0148<\/p>\n<p>16,30 posv\u00e4tn\u00fd ru\u017eenec<\/p>\n<p>17,00 sv. liturgia vopred posv\u00e4ten\u00fdch darov<\/td>\n<td width=\"70\"><strong>\u00a0<\/strong><\/p>\n<p><strong>12,00 \u2013 15,00 h.<\/strong><\/td>\n<\/tr>\n<tr>\n<td width=\"98\"><strong>\u0160tvrtok<\/strong><\/td>\n<td width=\"124\">16,30 ve\u013ekop\u00f4stny moleben<\/p>\n<p>17,00 sv. liturgia<\/td>\n<td width=\"70\"><strong>\u00a0<\/strong><\/p>\n<p><strong>12,00 \u2013 15,00 h.<\/strong><\/td>\n<\/tr>\n<tr>\n<td width=\"98\"><strong>Piatok<\/strong><\/td>\n<td width=\"124\">7,30 ve\u013ekop\u00f4stna utiere\u0148<\/p>\n<p>16,30 kr\u00ed\u017eov\u00e1 cesta alebo Je\u017ei\u0161ova modlitba<\/p>\n<p>17,00 sv. liturgia vopred posv\u00e4ten\u00fdch darov<\/td>\n<td width=\"70\"><strong>\u00a0<\/strong><strong>12,00 \u2013 15,00 h.<\/strong><\/td>\n<\/tr>\n<tr>\n<td width=\"98\"><strong>Sobota<\/strong><\/td>\n<td width=\"124\">7,30 parastas s\u00a0hramotami<\/p>\n<p>17,00 ve\u013ek\u00e1 ve\u010diere\u0148<\/p>\n<p>18,00 sv. liturgia<\/td>\n<td width=\"70\"><strong>\u00a0<\/strong><strong>12,00 \u2013 15,00 h.<\/strong><\/td>\n<\/tr>\n<tr>\n<td width=\"98\"><strong>Nede\u013ea<\/strong><\/td>\n<td width=\"124\">6,30 utiere\u0148<\/p>\n<p>7,30 sv. liturgia<\/p>\n<p>17,00 ve\u013ekop\u00f4stna ve\u010diere\u0148<\/td>\n<td width=\"70\"><strong>\u00a0<\/strong><strong>9,00 \u2013 12,00 h.<\/strong><\/td>\n<\/tr>\n<\/tbody>\n<\/table>\n<p>&nbsp;<\/p>\n","protected":false},"excerpt":{"rendered":"<p>Prenosy bohoslu\u017eieb si m\u00f4\u017ete pozrie\u0165 na: www.logos.tv, www.grkatke.sk, na youtube kan\u00e1li ko\u0161ickej katedr\u00e1ly, facebookovej str\u00e1nke katedr\u00e1ly. De\u0148 On-line prenos na logos.tv \u010das, kedy je katedr\u00e1la otvoren\u00e1 Pondelok \u00a0 16,30 kaj\u00faci akatist 17,00 sv. liturgia 12,00 \u2013 15,00 h. &nbsp; &nbsp; &nbsp; &nbsp; &nbsp; &nbsp; &nbsp; mo\u017enos\u0165 sv. spovede Utorok 16,30 kaj\u00faci moleben 17,00 sv. liturgia [&hellip;]<\/p>\n","protected":false},"author":2,"featured_media":0,"comment_status":"closed","ping_status":"closed","sticky":false,"template":"","format":"standard","meta":{"_coblocks_attr":"","_coblocks_dimensions":"","_coblocks_responsive_height":"","_coblocks_accordion_ie_support":"","footnotes":""},"categories":[9,1],"tags":[],"class_list":["post-2081","post","type-post","status-publish","format-standard","hentry","category-aktuality","category-nezaradene"],"yoast_head":"<!-- This site is optimized with the Yoast SEO plugin v27.4 - https:\/\/yoast.com\/product\/yoast-seo-wordpress\/ -->\n<title>On-line prenosy a \u010dasy otvorenia katedr\u00e1ly - GR\u00c9CKOKATOL\u00cdCKA CIRKEV FARNOS\u0164 KO\u0160ICE - STAR\u00c9 MESTO<\/title>\n<meta name=\"robots\" content=\"index, follow, max-snippet:-1, max-image-preview:large, max-video-preview:-1\" \/>\n<link rel=\"canonical\" href=\"https:\/\/kestaremesto.grkatke.sk\/?p=2081\" \/>\n<meta property=\"og:locale\" content=\"sk_SK\" \/>\n<meta property=\"og:type\" content=\"article\" \/>\n<meta property=\"og:title\" content=\"On-line prenosy a \u010dasy otvorenia katedr\u00e1ly - GR\u00c9CKOKATOL\u00cdCKA CIRKEV FARNOS\u0164 KO\u0160ICE - STAR\u00c9 MESTO\" \/>\n<meta property=\"og:description\" content=\"Prenosy bohoslu\u017eieb si m\u00f4\u017ete pozrie\u0165 na: www.logos.tv, www.grkatke.sk, na youtube kan\u00e1li ko\u0161ickej katedr\u00e1ly, facebookovej str\u00e1nke katedr\u00e1ly. De\u0148 On-line prenos na logos.tv \u010das, kedy je katedr\u00e1la otvoren\u00e1 Pondelok \u00a0 16,30 kaj\u00faci akatist 17,00 sv. liturgia 12,00 \u2013 15,00 h. &nbsp; &nbsp; &nbsp; &nbsp; &nbsp; &nbsp; &nbsp; mo\u017enos\u0165 sv. spovede Utorok 16,30 kaj\u00faci moleben 17,00 sv. liturgia [&hellip;]\" \/>\n<meta property=\"og:url\" content=\"https:\/\/kestaremesto.grkatke.sk\/?p=2081\" \/>\n<meta property=\"og:site_name\" content=\"GR\u00c9CKOKATOL\u00cdCKA CIRKEV FARNOS\u0164 KO\u0160ICE - STAR\u00c9 MESTO\" \/>\n<meta property=\"article:publisher\" content=\"https:\/\/www.facebook.com\/Na%c5%a1a-Katedr%c3%a1la-231637610336060\/\" \/>\n<meta property=\"article:published_time\" content=\"2020-03-11T10:52:30+00:00\" \/>\n<meta property=\"article:modified_time\" content=\"2020-09-01T07:44:52+00:00\" \/>\n<meta name=\"author\" content=\"administr\u00e1tor\" \/>\n<meta name=\"twitter:card\" content=\"summary_large_image\" \/>\n<meta name=\"twitter:label1\" content=\"Autor\" \/>\n\t<meta name=\"twitter:data1\" content=\"administr\u00e1tor\" \/>\n\t<meta name=\"twitter:label2\" content=\"Predpokladan\u00fd \u010das \u010d\u00edtania\" \/>\n\t<meta name=\"twitter:data2\" content=\"1 min\u00fata\" \/>\n<script type=\"application\/ld+json\" class=\"yoast-schema-graph\">{\"@context\":\"https:\\\/\\\/schema.org\",\"@graph\":[{\"@type\":\"Article\",\"@id\":\"https:\\\/\\\/kestaremesto.grkatke.sk\\\/?p=2081#article\",\"isPartOf\":{\"@id\":\"https:\\\/\\\/kestaremesto.grkatke.sk\\\/?p=2081\"},\"author\":{\"name\":\"administr\u00e1tor\",\"@id\":\"https:\\\/\\\/kestaremesto.grkatke.sk\\\/#\\\/schema\\\/person\\\/86c8e7e5841259082af5c5b227e0d69b\"},\"headline\":\"On-line prenosy a \u010dasy otvorenia katedr\u00e1ly\",\"datePublished\":\"2020-03-11T10:52:30+00:00\",\"dateModified\":\"2020-09-01T07:44:52+00:00\",\"mainEntityOfPage\":{\"@id\":\"https:\\\/\\\/kestaremesto.grkatke.sk\\\/?p=2081\"},\"wordCount\":140,\"articleSection\":[\"Aktuality\"],\"inLanguage\":\"sk-SK\"},{\"@type\":\"WebPage\",\"@id\":\"https:\\\/\\\/kestaremesto.grkatke.sk\\\/?p=2081\",\"url\":\"https:\\\/\\\/kestaremesto.grkatke.sk\\\/?p=2081\",\"name\":\"On-line prenosy a \u010dasy otvorenia katedr\u00e1ly - GR\u00c9CKOKATOL\u00cdCKA CIRKEV FARNOS\u0164 KO\u0160ICE - STAR\u00c9 MESTO\",\"isPartOf\":{\"@id\":\"https:\\\/\\\/kestaremesto.grkatke.sk\\\/#website\"},\"datePublished\":\"2020-03-11T10:52:30+00:00\",\"dateModified\":\"2020-09-01T07:44:52+00:00\",\"author\":{\"@id\":\"https:\\\/\\\/kestaremesto.grkatke.sk\\\/#\\\/schema\\\/person\\\/86c8e7e5841259082af5c5b227e0d69b\"},\"breadcrumb\":{\"@id\":\"https:\\\/\\\/kestaremesto.grkatke.sk\\\/?p=2081#breadcrumb\"},\"inLanguage\":\"sk-SK\",\"potentialAction\":[{\"@type\":\"ReadAction\",\"target\":[\"https:\\\/\\\/kestaremesto.grkatke.sk\\\/?p=2081\"]}]},{\"@type\":\"BreadcrumbList\",\"@id\":\"https:\\\/\\\/kestaremesto.grkatke.sk\\\/?p=2081#breadcrumb\",\"itemListElement\":[{\"@type\":\"ListItem\",\"position\":1,\"name\":\"Domovsk\u00e1 str\u00e1nka\",\"item\":\"https:\\\/\\\/kestaremesto.grkatke.sk\\\/\"},{\"@type\":\"ListItem\",\"position\":2,\"name\":\"On-line prenosy a \u010dasy otvorenia katedr\u00e1ly\"}]},{\"@type\":\"WebSite\",\"@id\":\"https:\\\/\\\/kestaremesto.grkatke.sk\\\/#website\",\"url\":\"https:\\\/\\\/kestaremesto.grkatke.sk\\\/\",\"name\":\"GR\u00c9CKOKATOL\u00cdCKA CIRKEV FARNOS\u0164 KO\u0160ICE - STAR\u00c9 MESTO\",\"description\":\"\",\"potentialAction\":[{\"@type\":\"SearchAction\",\"target\":{\"@type\":\"EntryPoint\",\"urlTemplate\":\"https:\\\/\\\/kestaremesto.grkatke.sk\\\/?s={search_term_string}\"},\"query-input\":{\"@type\":\"PropertyValueSpecification\",\"valueRequired\":true,\"valueName\":\"search_term_string\"}}],\"inLanguage\":\"sk-SK\"},{\"@type\":\"Person\",\"@id\":\"https:\\\/\\\/kestaremesto.grkatke.sk\\\/#\\\/schema\\\/person\\\/86c8e7e5841259082af5c5b227e0d69b\",\"name\":\"administr\u00e1tor\",\"url\":\"https:\\\/\\\/kestaremesto.grkatke.sk\\\/?author=2\"}]}<\/script>\n<!-- \/ Yoast SEO plugin. -->","yoast_head_json":{"title":"On-line prenosy a \u010dasy otvorenia katedr\u00e1ly - GR\u00c9CKOKATOL\u00cdCKA CIRKEV FARNOS\u0164 KO\u0160ICE - STAR\u00c9 MESTO","robots":{"index":"index","follow":"follow","max-snippet":"max-snippet:-1","max-image-preview":"max-image-preview:large","max-video-preview":"max-video-preview:-1"},"canonical":"https:\/\/kestaremesto.grkatke.sk\/?p=2081","og_locale":"sk_SK","og_type":"article","og_title":"On-line prenosy a \u010dasy otvorenia katedr\u00e1ly - GR\u00c9CKOKATOL\u00cdCKA CIRKEV FARNOS\u0164 KO\u0160ICE - STAR\u00c9 MESTO","og_description":"Prenosy bohoslu\u017eieb si m\u00f4\u017ete pozrie\u0165 na: www.logos.tv, www.grkatke.sk, na youtube kan\u00e1li ko\u0161ickej katedr\u00e1ly, facebookovej str\u00e1nke katedr\u00e1ly. De\u0148 On-line prenos na logos.tv \u010das, kedy je katedr\u00e1la otvoren\u00e1 Pondelok \u00a0 16,30 kaj\u00faci akatist 17,00 sv. liturgia 12,00 \u2013 15,00 h. &nbsp; &nbsp; &nbsp; &nbsp; &nbsp; &nbsp; &nbsp; mo\u017enos\u0165 sv. spovede Utorok 16,30 kaj\u00faci moleben 17,00 sv. liturgia [&hellip;]","og_url":"https:\/\/kestaremesto.grkatke.sk\/?p=2081","og_site_name":"GR\u00c9CKOKATOL\u00cdCKA CIRKEV FARNOS\u0164 KO\u0160ICE - STAR\u00c9 MESTO","article_publisher":"https:\/\/www.facebook.com\/Na%c5%a1a-Katedr%c3%a1la-231637610336060\/","article_published_time":"2020-03-11T10:52:30+00:00","article_modified_time":"2020-09-01T07:44:52+00:00","author":"administr\u00e1tor","twitter_card":"summary_large_image","twitter_misc":{"Autor":"administr\u00e1tor","Predpokladan\u00fd \u010das \u010d\u00edtania":"1 min\u00fata"},"schema":{"@context":"https:\/\/schema.org","@graph":[{"@type":"Article","@id":"https:\/\/kestaremesto.grkatke.sk\/?p=2081#article","isPartOf":{"@id":"https:\/\/kestaremesto.grkatke.sk\/?p=2081"},"author":{"name":"administr\u00e1tor","@id":"https:\/\/kestaremesto.grkatke.sk\/#\/schema\/person\/86c8e7e5841259082af5c5b227e0d69b"},"headline":"On-line prenosy a \u010dasy otvorenia katedr\u00e1ly","datePublished":"2020-03-11T10:52:30+00:00","dateModified":"2020-09-01T07:44:52+00:00","mainEntityOfPage":{"@id":"https:\/\/kestaremesto.grkatke.sk\/?p=2081"},"wordCount":140,"articleSection":["Aktuality"],"inLanguage":"sk-SK"},{"@type":"WebPage","@id":"https:\/\/kestaremesto.grkatke.sk\/?p=2081","url":"https:\/\/kestaremesto.grkatke.sk\/?p=2081","name":"On-line prenosy a \u010dasy otvorenia katedr\u00e1ly - GR\u00c9CKOKATOL\u00cdCKA CIRKEV FARNOS\u0164 KO\u0160ICE - STAR\u00c9 MESTO","isPartOf":{"@id":"https:\/\/kestaremesto.grkatke.sk\/#website"},"datePublished":"2020-03-11T10:52:30+00:00","dateModified":"2020-09-01T07:44:52+00:00","author":{"@id":"https:\/\/kestaremesto.grkatke.sk\/#\/schema\/person\/86c8e7e5841259082af5c5b227e0d69b"},"breadcrumb":{"@id":"https:\/\/kestaremesto.grkatke.sk\/?p=2081#breadcrumb"},"inLanguage":"sk-SK","potentialAction":[{"@type":"ReadAction","target":["https:\/\/kestaremesto.grkatke.sk\/?p=2081"]}]},{"@type":"BreadcrumbList","@id":"https:\/\/kestaremesto.grkatke.sk\/?p=2081#breadcrumb","itemListElement":[{"@type":"ListItem","position":1,"name":"Domovsk\u00e1 str\u00e1nka","item":"https:\/\/kestaremesto.grkatke.sk\/"},{"@type":"ListItem","position":2,"name":"On-line prenosy a \u010dasy otvorenia katedr\u00e1ly"}]},{"@type":"WebSite","@id":"https:\/\/kestaremesto.grkatke.sk\/#website","url":"https:\/\/kestaremesto.grkatke.sk\/","name":"GR\u00c9CKOKATOL\u00cdCKA CIRKEV FARNOS\u0164 KO\u0160ICE - STAR\u00c9 MESTO","description":"","potentialAction":[{"@type":"SearchAction","target":{"@type":"EntryPoint","urlTemplate":"https:\/\/kestaremesto.grkatke.sk\/?s={search_term_string}"},"query-input":{"@type":"PropertyValueSpecification","valueRequired":true,"valueName":"search_term_string"}}],"inLanguage":"sk-SK"},{"@type":"Person","@id":"https:\/\/kestaremesto.grkatke.sk\/#\/schema\/person\/86c8e7e5841259082af5c5b227e0d69b","name":"administr\u00e1tor","url":"https:\/\/kestaremesto.grkatke.sk\/?author=2"}]}},"_links":{"self":[{"href":"https:\/\/kestaremesto.grkatke.sk\/index.php?rest_route=\/wp\/v2\/posts\/2081","targetHints":{"allow":["GET"]}}],"collection":[{"href":"https:\/\/kestaremesto.grkatke.sk\/index.php?rest_route=\/wp\/v2\/posts"}],"about":[{"href":"https:\/\/kestaremesto.grkatke.sk\/index.php?rest_route=\/wp\/v2\/types\/post"}],"author":[{"embeddable":true,"href":"https:\/\/kestaremesto.grkatke.sk\/index.php?rest_route=\/wp\/v2\/users\/2"}],"replies":[{"embeddable":true,"href":"https:\/\/kestaremesto.grkatke.sk\/index.php?rest_route=%2Fwp%2Fv2%2Fcomments&post=2081"}],"version-history":[{"count":4,"href":"https:\/\/kestaremesto.grkatke.sk\/index.php?rest_route=\/wp\/v2\/posts\/2081\/revisions"}],"predecessor-version":[{"id":2085,"href":"https:\/\/kestaremesto.grkatke.sk\/index.php?rest_route=\/wp\/v2\/posts\/2081\/revisions\/2085"}],"wp:attachment":[{"href":"https:\/\/kestaremesto.grkatke.sk\/index.php?rest_route=%2Fwp%2Fv2%2Fmedia&parent=2081"}],"wp:term":[{"taxonomy":"category","embeddable":true,"href":"https:\/\/kestaremesto.grkatke.sk\/index.php?rest_route=%2Fwp%2Fv2%2Fcategories&post=2081"},{"taxonomy":"post_tag","embeddable":true,"href":"https:\/\/kestaremesto.grkatke.sk\/index.php?rest_route=%2Fwp%2Fv2%2Ftags&post=2081"}],"curies":[{"name":"wp","href":"https:\/\/api.w.org\/{rel}","templated":true}]}}