{"id":2143,"date":"2020-03-31T18:51:00","date_gmt":"2020-03-31T16:51:00","guid":{"rendered":"https:\/\/kestaremesto.grkatke.sk\/?p=2143"},"modified":"2020-09-01T09:43:26","modified_gmt":"2020-09-01T07:43:26","slug":"prihovor-vladyku-cyrila-vasila-o-nemoznosti-prijat-sviatost-zmierenia-a-eucharistie","status":"publish","type":"post","link":"https:\/\/kestaremesto.grkatke.sk\/?p=2143","title":{"rendered":"Pr\u00edhovor vladyku Cyrila Vasi\u013ea o nemo\u017enosti prija\u0165 sviatos\u0165 zmierenia a eucharistie"},"content":{"rendered":"<p>Ko\u0161ice, 29. marec (TSKE) V nede\u013eu 29. marca vladyka Cyril Vasi\u013e SJ, apo\u0161tolsk\u00fd administr\u00e1tor Ko\u0161ickej eparchie, sa prostredn\u00edctvom videa prihovoril veriacim na t\u00e9mu nemo\u017enosti prija\u0165 sviatos\u0165 zmierenia a eucharistie. Z\u00e1rove\u0148 vysvet\u013euje podstatu dokonalej \u013e\u00fatosti a duchovn\u00e9ho sv\u00e4t\u00e9ho prij\u00edmania.<\/p>\n<p><iframe loading=\"lazy\" src=\"https:\/\/www.youtube.com\/embed\/GxiZB5MZq5w\" width=\"949\" height=\"534\" frameborder=\"0\" allowfullscreen=\"allowfullscreen\"><\/iframe><\/p>\n<p>Text pr\u00edhovoru:<\/p>\n<p><strong>Mil\u00ed bratia a sestry,<\/strong><\/p>\n<p>Nov\u00e1 situ\u00e1cia r\u00f4znych obmedzen\u00ed v ktorej sa kv\u00f4li epid\u00e9mii nach\u00e1dzame vy\u017eaduje vyu\u017e\u00edvanie v\u0161etk\u00fdch foriem na \u00a0posilnenie n\u00e1\u0161ho duchovn\u00e9ho \u017eivota. Aj preto pred nieko\u013ek\u00fdmi d\u0148ami Sv\u00e4t\u00e1 Stolica vydala usmernenie pod\u013ea ktor\u00e9ho <strong>\u201eTam, kde by sa jednotliv\u00ed veriaci nach\u00e1dzali v bolestnej nemo\u017enosti prija\u0165 sviatostn\u00fa pomoc, nech sa pripomenie, \u017ee dokonal\u00e1 \u013e\u00fatos\u0165, vych\u00e1dzaj\u00faca z l\u00e1sky k Bohu, milovan\u00e9mu nadov\u0161etko, vyjadren\u00e1 v \u00faprimnej prosbe o odpustenie (takej, ak\u00fa je v danom okamihu penitent schopn\u00fd vyjadri\u0165) a ktor\u00fa doprev\u00e1dza <em>votum confessionis<\/em>, teda d\u00f4razn\u00e9 rozhodnutie prist\u00fapi\u0165 k sviatostnej spovedi, ke\u010f to bude mo\u017en\u00e9, dosahuje odpustenie hriechov, a to aj smrte\u013en\u00fdch.\u00a0<\/strong>\u201c<\/p>\n<p>V tejto s\u00favislosti pova\u017eujem za u\u017eito\u010dn\u00e9, pre lep\u0161ie pochopenie objasni\u0165 presnej\u0161ie v\u00fdznam slova \u201edokonal\u00e1 \u013e\u00fatos\u0165\u201c. Pod\u013ea u\u010denia Katechizmu, pre z\u00edskanie sviatostnej milosti odpustenia hriechov, \u010di u\u017e pri osobnej sv\u00e4tej spovedi, alebo aj v tejto mimoriadnej forme, \u00a0je \u00a0zo strany kaj\u00facnika potrebn\u00e1 \u013e\u00fatos\u0165 nad sp\u00e1chan\u00fdmi hriechmi.<\/p>\n<p><strong>KKC 1451<\/strong> &#8230; Je to \u201eboles\u0165 du\u0161e nad sp\u00e1chan\u00fdm hriechom a jeho zavrhnutie s predsavzat\u00edm viac nehre\u0161i\u0165\u201c.<\/p>\n<p><strong>KKC 1452<\/strong> Ke\u010f \u013e\u00fatos\u0165 poch\u00e1dza z l\u00e1sky k Bohu milovan\u00e9mu nadov\u0161etko, vol\u00e1 sa \u201edokonal\u00e1\u201c (je to \u013e\u00fatos\u0165 z l\u00e1sky \u2013 caritatis contritio). Tak\u00e1to \u013e\u00fatos\u0165 odp\u00fa\u0161\u0165a v\u0161edn\u00e9 hriechy; <strong>dosiahne aj odpustenie smrte\u013en\u00fdch hriechov, ak zah\u0155\u0148a pevn\u00e9 predsavzatie prist\u00fapi\u0165 k sviatostnej spovedi, len \u010do to bude mo\u017en\u00e9.<\/strong><\/p>\n<p>Aj k takto vzbudenej dokonalej \u013e\u00fatosti nahr\u00e1dzaj\u00facej v osobitn\u00fdch situ\u00e1ci\u00e1ch osobn\u00fa sv\u00e4t\u00fa spove\u010f sa odpor\u00fa\u010da \u2013 pod\u013ea mo\u017enosti &#8211; pripravi\u0165 spytovan\u00edm svedomia \u00a0podobne ako pred osobn\u00fdm vyznan\u00edm hriechov.<\/p>\n<p>Slovne si mo\u017eno dokonal\u00fa \u013e\u00fatos\u0165 vzbudi\u0165 akouko\u013evek formou, ktor\u00e1 predpoklad\u00e1 vy\u0161\u0161ie spomenut\u00fa duchovn\u00fa pohn\u00fatku l\u00e1sky k Bohu, zavrhnutia hriechu a predsavzatia nehre\u0161i\u0165 a prist\u00fapi\u0165 k osobnej sviatostnej spovedi ke\u010f to bude mo\u017en\u00e9 \u2013 m\u00f4\u017ee teda by\u0165 vykonan\u00e1 aj so sprievodnou formou obvyklou pri osobnej sv\u00e4tej spovedi.<\/p>\n<p><strong>Mil\u00ed brata a sestry,\u00a0<\/strong><\/p>\n<p><strong>u\u017e v tieto dni sledujete mnoh\u00ed prenosy sv. liturgi\u00ed cez internet alebo v telev\u00edzii. V tejto situ\u00e1cii, ke\u010f nem\u00e1m mo\u017enos\u0165 prist\u00fapi\u0165 fyzick\u00fdm sp\u00f4sobom k prijatiu Eucharistie, hojn\u00fd duchovn\u00fd \u00fa\u017eitok m\u00f4\u017eeme z\u00edska\u0165 aj tzv. duchovn\u00fdm prij\u00edman\u00edm.\u00a0<\/strong><\/p>\n<p>Duchovn\u00e9 prij\u00edmanie je \u201eakt t\u00fa\u017eby po spolo\u010denstve s Kristom, pr\u00edtomn\u00fdm v Eucharistii, vzbuden\u00fd vierou, ktor\u00e1 p\u00f4sob\u00ed skrze l\u00e1sku\u201c.<\/p>\n<p>Duchovn\u00e9 prij\u00edmanie neznamen\u00e1 prija\u0165 Eucharistiu duchovne, ale prija\u0165 pr\u00edtomnos\u0165 Krista v mojom \u017eivote, \u010do je jeden z \u00fa\u010dinkov Eucharistie. \u00a0Je to t\u00fa\u017eba by\u0165 s P\u00e1nom, \u017ei\u0165 s n\u00edm, by\u0165 v jeho pr\u00edtomnosti.<\/p>\n<p><strong>\u00a0<\/strong><\/p>\n<p><strong>V podstate m\u00f4\u017eeme do jednej modlitby spoji\u0165 aj akt dokonalej \u013e\u00fatosti, aj vyjadrenie t\u00fa\u017eby po spolo\u010denstve s Kristom, \u00a0a to vlastn\u00fdmi slovami, ktor\u00e9 m\u00f4\u017eu by\u0165 napr\u00edklad in\u0161pirovan\u00e9 modlitbou:<\/strong><\/p>\n<p><em>M\u00f4j Je\u017ei\u0161u, ver\u00edm, \u017ee si v Eucharistii z l\u00e1sky ku mne skuto\u010dne pr\u00edtomn\u00fd. Klaniam sa Ti a milujem \u0164a nadov\u0161etko. Z l\u00e1sky k Tebe \u013eutujem v\u0161etky svoje hriechy. Chcem sa hriechov chr\u00e1ni\u0165. Moja du\u0161a t\u00fa\u017ei po Tebe. Ale ke\u010f\u017ee \u0164a v tejto chv\u00edli sviatostne prija\u0165 nem\u00f4\u017eem, pr\u00ed\u010f aspo\u0148 duchovne so svojou milos\u0165ou do m\u00f4jho srdca. Obj\u00edmam \u0164a a sp\u00e1jam sa celkom s Tebou. Nedaj, aby som sa niekedy od Teba odl\u00fa\u010dil. Amen.<\/em><\/p>\n<p>Ke\u010f\u017ee dnes e\u0161te nevieme, dokedy bud\u00fa platn\u00e9 s\u00fa\u010dasn\u00e9 obmedzenia verejn\u00fdch liturgick\u00fdch sl\u00e1ven\u00ed, v pr\u00edpade, \u017ee by tieto pokra\u010dovali aj vo Sv\u00e4tom, strastnom t\u00fd\u017edni a na sviatky Paschy, predbe\u017ene sme u\u017e pripravili usmernenie pre k\u0148azov, ktor\u00e9 \u00a0v\u00e1m v\u010das a vhodnou formou ozn\u00e1mia.<\/p>\n","protected":false},"excerpt":{"rendered":"<p>Ko\u0161ice, 29. marec (TSKE) V nede\u013eu 29. marca vladyka Cyril Vasi\u013e SJ, apo\u0161tolsk\u00fd administr\u00e1tor Ko\u0161ickej eparchie, sa prostredn\u00edctvom videa prihovoril veriacim na t\u00e9mu nemo\u017enosti prija\u0165 sviatos\u0165 zmierenia a eucharistie. Z\u00e1rove\u0148 vysvet\u013euje podstatu dokonalej \u013e\u00fatosti a duchovn\u00e9ho sv\u00e4t\u00e9ho prij\u00edmania. Text pr\u00edhovoru: Mil\u00ed bratia a sestry, Nov\u00e1 situ\u00e1cia r\u00f4znych obmedzen\u00ed v ktorej sa kv\u00f4li epid\u00e9mii nach\u00e1dzame vy\u017eaduje [&hellip;]<\/p>\n","protected":false},"author":2,"featured_media":0,"comment_status":"closed","ping_status":"closed","sticky":false,"template":"","format":"standard","meta":{"_coblocks_attr":"","_coblocks_dimensions":"","_coblocks_responsive_height":"","_coblocks_accordion_ie_support":"","footnotes":""},"categories":[9,1],"tags":[],"class_list":["post-2143","post","type-post","status-publish","format-standard","hentry","category-aktuality","category-nezaradene"],"yoast_head":"<!-- This site is optimized with the Yoast SEO plugin v27.4 - https:\/\/yoast.com\/product\/yoast-seo-wordpress\/ -->\n<title>Pr\u00edhovor vladyku Cyrila Vasi\u013ea o nemo\u017enosti prija\u0165 sviatos\u0165 zmierenia a eucharistie - GR\u00c9CKOKATOL\u00cdCKA CIRKEV FARNOS\u0164 KO\u0160ICE - STAR\u00c9 MESTO<\/title>\n<meta name=\"robots\" content=\"index, follow, max-snippet:-1, max-image-preview:large, max-video-preview:-1\" \/>\n<link rel=\"canonical\" href=\"https:\/\/kestaremesto.grkatke.sk\/?p=2143\" \/>\n<meta property=\"og:locale\" content=\"sk_SK\" \/>\n<meta property=\"og:type\" content=\"article\" \/>\n<meta property=\"og:title\" content=\"Pr\u00edhovor vladyku Cyrila Vasi\u013ea o nemo\u017enosti prija\u0165 sviatos\u0165 zmierenia a eucharistie - GR\u00c9CKOKATOL\u00cdCKA CIRKEV FARNOS\u0164 KO\u0160ICE - STAR\u00c9 MESTO\" \/>\n<meta property=\"og:description\" content=\"Ko\u0161ice, 29. marec (TSKE) V nede\u013eu 29. marca vladyka Cyril Vasi\u013e SJ, apo\u0161tolsk\u00fd administr\u00e1tor Ko\u0161ickej eparchie, sa prostredn\u00edctvom videa prihovoril veriacim na t\u00e9mu nemo\u017enosti prija\u0165 sviatos\u0165 zmierenia a eucharistie. Z\u00e1rove\u0148 vysvet\u013euje podstatu dokonalej \u013e\u00fatosti a duchovn\u00e9ho sv\u00e4t\u00e9ho prij\u00edmania. Text pr\u00edhovoru: Mil\u00ed bratia a sestry, Nov\u00e1 situ\u00e1cia r\u00f4znych obmedzen\u00ed v ktorej sa kv\u00f4li epid\u00e9mii nach\u00e1dzame vy\u017eaduje [&hellip;]\" \/>\n<meta property=\"og:url\" content=\"https:\/\/kestaremesto.grkatke.sk\/?p=2143\" \/>\n<meta property=\"og:site_name\" content=\"GR\u00c9CKOKATOL\u00cdCKA CIRKEV FARNOS\u0164 KO\u0160ICE - STAR\u00c9 MESTO\" \/>\n<meta property=\"article:publisher\" content=\"https:\/\/www.facebook.com\/Na%c5%a1a-Katedr%c3%a1la-231637610336060\/\" \/>\n<meta property=\"article:published_time\" content=\"2020-03-31T16:51:00+00:00\" \/>\n<meta property=\"article:modified_time\" content=\"2020-09-01T07:43:26+00:00\" \/>\n<meta name=\"author\" content=\"administr\u00e1tor\" \/>\n<meta name=\"twitter:card\" content=\"summary_large_image\" \/>\n<meta name=\"twitter:label1\" content=\"Autor\" \/>\n\t<meta name=\"twitter:data1\" content=\"administr\u00e1tor\" \/>\n\t<meta name=\"twitter:label2\" content=\"Predpokladan\u00fd \u010das \u010d\u00edtania\" \/>\n\t<meta name=\"twitter:data2\" content=\"4 min\u00faty\" \/>\n<script type=\"application\/ld+json\" class=\"yoast-schema-graph\">{\"@context\":\"https:\\\/\\\/schema.org\",\"@graph\":[{\"@type\":\"Article\",\"@id\":\"https:\\\/\\\/kestaremesto.grkatke.sk\\\/?p=2143#article\",\"isPartOf\":{\"@id\":\"https:\\\/\\\/kestaremesto.grkatke.sk\\\/?p=2143\"},\"author\":{\"name\":\"administr\u00e1tor\",\"@id\":\"https:\\\/\\\/kestaremesto.grkatke.sk\\\/#\\\/schema\\\/person\\\/86c8e7e5841259082af5c5b227e0d69b\"},\"headline\":\"Pr\u00edhovor vladyku Cyrila Vasi\u013ea o nemo\u017enosti prija\u0165 sviatos\u0165 zmierenia a eucharistie\",\"datePublished\":\"2020-03-31T16:51:00+00:00\",\"dateModified\":\"2020-09-01T07:43:26+00:00\",\"mainEntityOfPage\":{\"@id\":\"https:\\\/\\\/kestaremesto.grkatke.sk\\\/?p=2143\"},\"wordCount\":722,\"articleSection\":[\"Aktuality\"],\"inLanguage\":\"sk-SK\"},{\"@type\":\"WebPage\",\"@id\":\"https:\\\/\\\/kestaremesto.grkatke.sk\\\/?p=2143\",\"url\":\"https:\\\/\\\/kestaremesto.grkatke.sk\\\/?p=2143\",\"name\":\"Pr\u00edhovor vladyku Cyrila Vasi\u013ea o nemo\u017enosti prija\u0165 sviatos\u0165 zmierenia a eucharistie - GR\u00c9CKOKATOL\u00cdCKA CIRKEV FARNOS\u0164 KO\u0160ICE - STAR\u00c9 MESTO\",\"isPartOf\":{\"@id\":\"https:\\\/\\\/kestaremesto.grkatke.sk\\\/#website\"},\"datePublished\":\"2020-03-31T16:51:00+00:00\",\"dateModified\":\"2020-09-01T07:43:26+00:00\",\"author\":{\"@id\":\"https:\\\/\\\/kestaremesto.grkatke.sk\\\/#\\\/schema\\\/person\\\/86c8e7e5841259082af5c5b227e0d69b\"},\"breadcrumb\":{\"@id\":\"https:\\\/\\\/kestaremesto.grkatke.sk\\\/?p=2143#breadcrumb\"},\"inLanguage\":\"sk-SK\",\"potentialAction\":[{\"@type\":\"ReadAction\",\"target\":[\"https:\\\/\\\/kestaremesto.grkatke.sk\\\/?p=2143\"]}]},{\"@type\":\"BreadcrumbList\",\"@id\":\"https:\\\/\\\/kestaremesto.grkatke.sk\\\/?p=2143#breadcrumb\",\"itemListElement\":[{\"@type\":\"ListItem\",\"position\":1,\"name\":\"Domovsk\u00e1 str\u00e1nka\",\"item\":\"https:\\\/\\\/kestaremesto.grkatke.sk\\\/\"},{\"@type\":\"ListItem\",\"position\":2,\"name\":\"Pr\u00edhovor vladyku Cyrila Vasi\u013ea o nemo\u017enosti prija\u0165 sviatos\u0165 zmierenia a eucharistie\"}]},{\"@type\":\"WebSite\",\"@id\":\"https:\\\/\\\/kestaremesto.grkatke.sk\\\/#website\",\"url\":\"https:\\\/\\\/kestaremesto.grkatke.sk\\\/\",\"name\":\"GR\u00c9CKOKATOL\u00cdCKA CIRKEV FARNOS\u0164 KO\u0160ICE - STAR\u00c9 MESTO\",\"description\":\"\",\"potentialAction\":[{\"@type\":\"SearchAction\",\"target\":{\"@type\":\"EntryPoint\",\"urlTemplate\":\"https:\\\/\\\/kestaremesto.grkatke.sk\\\/?s={search_term_string}\"},\"query-input\":{\"@type\":\"PropertyValueSpecification\",\"valueRequired\":true,\"valueName\":\"search_term_string\"}}],\"inLanguage\":\"sk-SK\"},{\"@type\":\"Person\",\"@id\":\"https:\\\/\\\/kestaremesto.grkatke.sk\\\/#\\\/schema\\\/person\\\/86c8e7e5841259082af5c5b227e0d69b\",\"name\":\"administr\u00e1tor\",\"url\":\"https:\\\/\\\/kestaremesto.grkatke.sk\\\/?author=2\"}]}<\/script>\n<!-- \/ Yoast SEO plugin. -->","yoast_head_json":{"title":"Pr\u00edhovor vladyku Cyrila Vasi\u013ea o nemo\u017enosti prija\u0165 sviatos\u0165 zmierenia a eucharistie - GR\u00c9CKOKATOL\u00cdCKA CIRKEV FARNOS\u0164 KO\u0160ICE - STAR\u00c9 MESTO","robots":{"index":"index","follow":"follow","max-snippet":"max-snippet:-1","max-image-preview":"max-image-preview:large","max-video-preview":"max-video-preview:-1"},"canonical":"https:\/\/kestaremesto.grkatke.sk\/?p=2143","og_locale":"sk_SK","og_type":"article","og_title":"Pr\u00edhovor vladyku Cyrila Vasi\u013ea o nemo\u017enosti prija\u0165 sviatos\u0165 zmierenia a eucharistie - GR\u00c9CKOKATOL\u00cdCKA CIRKEV FARNOS\u0164 KO\u0160ICE - STAR\u00c9 MESTO","og_description":"Ko\u0161ice, 29. marec (TSKE) V nede\u013eu 29. marca vladyka Cyril Vasi\u013e SJ, apo\u0161tolsk\u00fd administr\u00e1tor Ko\u0161ickej eparchie, sa prostredn\u00edctvom videa prihovoril veriacim na t\u00e9mu nemo\u017enosti prija\u0165 sviatos\u0165 zmierenia a eucharistie. Z\u00e1rove\u0148 vysvet\u013euje podstatu dokonalej \u013e\u00fatosti a duchovn\u00e9ho sv\u00e4t\u00e9ho prij\u00edmania. Text pr\u00edhovoru: Mil\u00ed bratia a sestry, Nov\u00e1 situ\u00e1cia r\u00f4znych obmedzen\u00ed v ktorej sa kv\u00f4li epid\u00e9mii nach\u00e1dzame vy\u017eaduje [&hellip;]","og_url":"https:\/\/kestaremesto.grkatke.sk\/?p=2143","og_site_name":"GR\u00c9CKOKATOL\u00cdCKA CIRKEV FARNOS\u0164 KO\u0160ICE - STAR\u00c9 MESTO","article_publisher":"https:\/\/www.facebook.com\/Na%c5%a1a-Katedr%c3%a1la-231637610336060\/","article_published_time":"2020-03-31T16:51:00+00:00","article_modified_time":"2020-09-01T07:43:26+00:00","author":"administr\u00e1tor","twitter_card":"summary_large_image","twitter_misc":{"Autor":"administr\u00e1tor","Predpokladan\u00fd \u010das \u010d\u00edtania":"4 min\u00faty"},"schema":{"@context":"https:\/\/schema.org","@graph":[{"@type":"Article","@id":"https:\/\/kestaremesto.grkatke.sk\/?p=2143#article","isPartOf":{"@id":"https:\/\/kestaremesto.grkatke.sk\/?p=2143"},"author":{"name":"administr\u00e1tor","@id":"https:\/\/kestaremesto.grkatke.sk\/#\/schema\/person\/86c8e7e5841259082af5c5b227e0d69b"},"headline":"Pr\u00edhovor vladyku Cyrila Vasi\u013ea o nemo\u017enosti prija\u0165 sviatos\u0165 zmierenia a eucharistie","datePublished":"2020-03-31T16:51:00+00:00","dateModified":"2020-09-01T07:43:26+00:00","mainEntityOfPage":{"@id":"https:\/\/kestaremesto.grkatke.sk\/?p=2143"},"wordCount":722,"articleSection":["Aktuality"],"inLanguage":"sk-SK"},{"@type":"WebPage","@id":"https:\/\/kestaremesto.grkatke.sk\/?p=2143","url":"https:\/\/kestaremesto.grkatke.sk\/?p=2143","name":"Pr\u00edhovor vladyku Cyrila Vasi\u013ea o nemo\u017enosti prija\u0165 sviatos\u0165 zmierenia a eucharistie - GR\u00c9CKOKATOL\u00cdCKA CIRKEV FARNOS\u0164 KO\u0160ICE - STAR\u00c9 MESTO","isPartOf":{"@id":"https:\/\/kestaremesto.grkatke.sk\/#website"},"datePublished":"2020-03-31T16:51:00+00:00","dateModified":"2020-09-01T07:43:26+00:00","author":{"@id":"https:\/\/kestaremesto.grkatke.sk\/#\/schema\/person\/86c8e7e5841259082af5c5b227e0d69b"},"breadcrumb":{"@id":"https:\/\/kestaremesto.grkatke.sk\/?p=2143#breadcrumb"},"inLanguage":"sk-SK","potentialAction":[{"@type":"ReadAction","target":["https:\/\/kestaremesto.grkatke.sk\/?p=2143"]}]},{"@type":"BreadcrumbList","@id":"https:\/\/kestaremesto.grkatke.sk\/?p=2143#breadcrumb","itemListElement":[{"@type":"ListItem","position":1,"name":"Domovsk\u00e1 str\u00e1nka","item":"https:\/\/kestaremesto.grkatke.sk\/"},{"@type":"ListItem","position":2,"name":"Pr\u00edhovor vladyku Cyrila Vasi\u013ea o nemo\u017enosti prija\u0165 sviatos\u0165 zmierenia a eucharistie"}]},{"@type":"WebSite","@id":"https:\/\/kestaremesto.grkatke.sk\/#website","url":"https:\/\/kestaremesto.grkatke.sk\/","name":"GR\u00c9CKOKATOL\u00cdCKA CIRKEV FARNOS\u0164 KO\u0160ICE - STAR\u00c9 MESTO","description":"","potentialAction":[{"@type":"SearchAction","target":{"@type":"EntryPoint","urlTemplate":"https:\/\/kestaremesto.grkatke.sk\/?s={search_term_string}"},"query-input":{"@type":"PropertyValueSpecification","valueRequired":true,"valueName":"search_term_string"}}],"inLanguage":"sk-SK"},{"@type":"Person","@id":"https:\/\/kestaremesto.grkatke.sk\/#\/schema\/person\/86c8e7e5841259082af5c5b227e0d69b","name":"administr\u00e1tor","url":"https:\/\/kestaremesto.grkatke.sk\/?author=2"}]}},"_links":{"self":[{"href":"https:\/\/kestaremesto.grkatke.sk\/index.php?rest_route=\/wp\/v2\/posts\/2143","targetHints":{"allow":["GET"]}}],"collection":[{"href":"https:\/\/kestaremesto.grkatke.sk\/index.php?rest_route=\/wp\/v2\/posts"}],"about":[{"href":"https:\/\/kestaremesto.grkatke.sk\/index.php?rest_route=\/wp\/v2\/types\/post"}],"author":[{"embeddable":true,"href":"https:\/\/kestaremesto.grkatke.sk\/index.php?rest_route=\/wp\/v2\/users\/2"}],"replies":[{"embeddable":true,"href":"https:\/\/kestaremesto.grkatke.sk\/index.php?rest_route=%2Fwp%2Fv2%2Fcomments&post=2143"}],"version-history":[{"count":1,"href":"https:\/\/kestaremesto.grkatke.sk\/index.php?rest_route=\/wp\/v2\/posts\/2143\/revisions"}],"predecessor-version":[{"id":2144,"href":"https:\/\/kestaremesto.grkatke.sk\/index.php?rest_route=\/wp\/v2\/posts\/2143\/revisions\/2144"}],"wp:attachment":[{"href":"https:\/\/kestaremesto.grkatke.sk\/index.php?rest_route=%2Fwp%2Fv2%2Fmedia&parent=2143"}],"wp:term":[{"taxonomy":"category","embeddable":true,"href":"https:\/\/kestaremesto.grkatke.sk\/index.php?rest_route=%2Fwp%2Fv2%2Fcategories&post=2143"},{"taxonomy":"post_tag","embeddable":true,"href":"https:\/\/kestaremesto.grkatke.sk\/index.php?rest_route=%2Fwp%2Fv2%2Ftags&post=2143"}],"curies":[{"name":"wp","href":"https:\/\/api.w.org\/{rel}","templated":true}]}}