{"id":232,"date":"2016-09-17T09:19:30","date_gmt":"2016-09-17T07:19:30","guid":{"rendered":"https:\/\/kestaremesto.grkatke.sk\/?p=232"},"modified":"2016-09-17T09:32:26","modified_gmt":"2016-09-17T07:32:26","slug":"kriz-nas-poklad","status":"publish","type":"post","link":"https:\/\/kestaremesto.grkatke.sk\/?p=232","title":{"rendered":"Kr\u00ed\u017e je n\u00e1\u0161 poklad"},"content":{"rendered":"<p style=\"text-align: justify;\">Sme v\u00a0obdob\u00ed poprazdenstva Pov\u00fd\u0161enia sv. Kr\u00ed\u017ea. Preto bude v\u00a0na\u0161ich chr\u00e1moch do bud\u00facej stredy vylo\u017een\u00fd sv. kr\u00ed\u017e, aby sme na neho h\u013eadeli, aby sme si ho <img loading=\"lazy\" decoding=\"async\" class=\"alignright\" src=\"http:\/\/new.grkatba.sk\/wp-content\/uploads\/2009\/11\/Ikona-relikvie.jpg\" width=\"283\" height=\"361\" \/>uctili, aby sme o\u00a0\u0148om rozj\u00edmali.<\/p>\n<p style=\"text-align: justify;\">Drevo sv\u00e4t\u00e9ho Kr\u00ed\u017ea, na ktorom zomrel N\u00e1\u0161 P\u00e1n Je\u017ei\u0161 Kristus, na\u0161la pod\u013ea prastarej kres\u0165anskej trad\u00edcie sv. Helena (+ 330), matka cis\u00e1ra Kon\u0161tant\u00edna Ve\u013ek\u00e9ho r. 326. Cis\u00e1r Kon\u0161tant\u00edn, ktor\u00fd ydan\u00edm Mil\u00e1nskeho ediktu legalizoval kres\u0165ansk\u00e9 n\u00e1bo\u017eenstvo, sa po prvom v\u0161eobecnom sneme v Nicei rozhodol, \u017ee d\u00e1 postavi\u0165 kres\u0165ansk\u00fd chr\u00e1m &#8211; baziliku na jeruzalemskej Golgote, na mieste Kristovho utrpenia. Roku 326 pri\u0161la do Jeruzalema sv. Helena a na jej pr\u00edkaz bol zb\u00faran\u00fd Venu\u0161in chr\u00e1m, postaven\u00fd na Golgote za cis\u00e1ra Hadri\u00e1na. Po odkryt\u00ed Golgoty sa podarilo n\u00e1js\u0165<br \/>\naj jamu s troma kr\u00ed\u017emi a n\u00e1pisom, ktor\u00fd bol pod\u013ea evanjelistov umiesten\u00fd na Kristovom kr\u00ed\u017ei.<\/p>\n<p>Ke\u010f\u017ee sa nedalo ur\u010di\u0165, ktor\u00fd z troch kr\u00ed\u017eov patril Je\u017ei\u0161ovi, jeruzalemsk\u00fd patriarcha Makarios prik\u00e1zal,\u00a0aby n\u00e1jden\u00e9 ostatky troch kr\u00ed\u017eov prilo\u017eili postupne k telu istej chorej \u017eeny. Po prilo\u017een\u00ed Kristovho kr\u00ed\u017ea chor\u00e1 \u017eena ozdravela a to bol d\u00f4kaz, \u017ee pr\u00e1ve na tomto kr\u00ed\u017ei zomrel Kristus. Patriarcha Makarios potom \u0161iel aj s kr\u00ed\u017eom na Golgotu, kde bolo drevo kr\u00ed\u017ea vyzdvihnut\u00e9 k verejnej \u00facte (prebrat\u00e9 zo str\u00e1nky grkatba.sk)<\/p>\n<p style=\"text-align: justify;\">Aj my, sp\u00f4sobom \u017eivota, dajme Kristov kr\u00ed\u017e do centra n\u00e1\u0161ho \u017eivota. On s\u00e1m n\u00e1s nau\u010d\u00ed, ako nies\u0165 ten n\u00e1\u0161 kr\u00ed\u017e. Ba \u010do viac, pom\u00f4\u017ee n\u00e1m ho nies\u0165, preto\u017ee to s\u013e\u00fabil. Len sa od neho nesmieme odl\u00fa\u010di\u0165. Ka\u017ed\u00fd de\u0148 za\u010d\u00ednajme na sebe znakom sv. kr\u00ed\u017ea. Taktie\u017e aj na konci d\u0148a sa nezabudnime pomodli\u0165 a\u00a0pre\u017eehna\u0165, aby tak moc Kristovho kr\u00ed\u017ea p\u00f4sobila v\u00a0na\u0161om \u017eivote. Aj na\u0161e pr\u00edbytky nech chr\u00e1ni sv. Kr\u00ed\u017e, ktor\u00fd by sme mali ma\u0165 zavesen\u00fd na \u010destnom mieste. Aj to patr\u00ed k\u00a0na\u0161ej kult\u00fare. Kr\u00ed\u017e je n\u00e1\u0161 poklad.<\/p>\n<p>&nbsp;<\/p>\n","protected":false},"excerpt":{"rendered":"<p>Sme v\u00a0obdob\u00ed poprazdenstva Pov\u00fd\u0161enia sv. Kr\u00ed\u017ea. Preto bude v\u00a0na\u0161ich chr\u00e1moch do bud\u00facej stredy vylo\u017een\u00fd sv. kr\u00ed\u017e, aby sme na neho h\u013eadeli, aby sme si ho uctili, aby sme o\u00a0\u0148om rozj\u00edmali. Drevo sv\u00e4t\u00e9ho Kr\u00ed\u017ea, na ktorom zomrel N\u00e1\u0161 P\u00e1n Je\u017ei\u0161 Kristus, na\u0161la pod\u013ea prastarej kres\u0165anskej trad\u00edcie sv. Helena (+ 330), matka cis\u00e1ra Kon\u0161tant\u00edna Ve\u013ek\u00e9ho r. 326. [&hellip;]<\/p>\n","protected":false},"author":2,"featured_media":244,"comment_status":"closed","ping_status":"closed","sticky":false,"template":"","format":"standard","meta":{"_coblocks_attr":"","_coblocks_dimensions":"","_coblocks_responsive_height":"","_coblocks_accordion_ie_support":"","footnotes":""},"categories":[3],"tags":[],"class_list":["post-232","post","type-post","status-publish","format-standard","has-post-thumbnail","hentry","category-prihovor"],"yoast_head":"<!-- This site is optimized with the Yoast SEO plugin v27.4 - https:\/\/yoast.com\/product\/yoast-seo-wordpress\/ -->\n<title>Kr\u00ed\u017e je n\u00e1\u0161 poklad - GR\u00c9CKOKATOL\u00cdCKA CIRKEV FARNOS\u0164 KO\u0160ICE - STAR\u00c9 MESTO<\/title>\n<meta name=\"robots\" content=\"index, follow, max-snippet:-1, max-image-preview:large, max-video-preview:-1\" \/>\n<link rel=\"canonical\" href=\"https:\/\/kestaremesto.grkatke.sk\/?p=232\" \/>\n<meta property=\"og:locale\" content=\"sk_SK\" \/>\n<meta property=\"og:type\" content=\"article\" \/>\n<meta property=\"og:title\" content=\"Kr\u00ed\u017e je n\u00e1\u0161 poklad - GR\u00c9CKOKATOL\u00cdCKA CIRKEV FARNOS\u0164 KO\u0160ICE - STAR\u00c9 MESTO\" \/>\n<meta property=\"og:description\" content=\"Sme v\u00a0obdob\u00ed poprazdenstva Pov\u00fd\u0161enia sv. Kr\u00ed\u017ea. Preto bude v\u00a0na\u0161ich chr\u00e1moch do bud\u00facej stredy vylo\u017een\u00fd sv. kr\u00ed\u017e, aby sme na neho h\u013eadeli, aby sme si ho uctili, aby sme o\u00a0\u0148om rozj\u00edmali. Drevo sv\u00e4t\u00e9ho Kr\u00ed\u017ea, na ktorom zomrel N\u00e1\u0161 P\u00e1n Je\u017ei\u0161 Kristus, na\u0161la pod\u013ea prastarej kres\u0165anskej trad\u00edcie sv. Helena (+ 330), matka cis\u00e1ra Kon\u0161tant\u00edna Ve\u013ek\u00e9ho r. 326. [&hellip;]\" \/>\n<meta property=\"og:url\" content=\"https:\/\/kestaremesto.grkatke.sk\/?p=232\" \/>\n<meta property=\"og:site_name\" content=\"GR\u00c9CKOKATOL\u00cdCKA CIRKEV FARNOS\u0164 KO\u0160ICE - STAR\u00c9 MESTO\" \/>\n<meta property=\"article:publisher\" content=\"https:\/\/www.facebook.com\/Na%c5%a1a-Katedr%c3%a1la-231637610336060\/\" \/>\n<meta property=\"article:published_time\" content=\"2016-09-17T07:19:30+00:00\" \/>\n<meta property=\"article:modified_time\" content=\"2016-09-17T07:32:26+00:00\" \/>\n<meta property=\"og:image\" content=\"https:\/\/kestaremesto.grkatke.sk\/wp-content\/uploads\/2016\/09\/Elevation-of-the-Cross1.jpg\" \/>\n\t<meta property=\"og:image:width\" content=\"633\" \/>\n\t<meta property=\"og:image:height\" content=\"993\" \/>\n\t<meta property=\"og:image:type\" content=\"image\/jpeg\" \/>\n<meta name=\"author\" content=\"administr\u00e1tor\" \/>\n<meta name=\"twitter:card\" content=\"summary_large_image\" \/>\n<meta name=\"twitter:label1\" content=\"Autor\" \/>\n\t<meta name=\"twitter:data1\" content=\"administr\u00e1tor\" \/>\n\t<meta name=\"twitter:label2\" content=\"Predpokladan\u00fd \u010das \u010d\u00edtania\" \/>\n\t<meta name=\"twitter:data2\" content=\"2 min\u00faty\" \/>\n<script type=\"application\/ld+json\" class=\"yoast-schema-graph\">{\"@context\":\"https:\\\/\\\/schema.org\",\"@graph\":[{\"@type\":\"Article\",\"@id\":\"https:\\\/\\\/kestaremesto.grkatke.sk\\\/?p=232#article\",\"isPartOf\":{\"@id\":\"https:\\\/\\\/kestaremesto.grkatke.sk\\\/?p=232\"},\"author\":{\"name\":\"administr\u00e1tor\",\"@id\":\"https:\\\/\\\/kestaremesto.grkatke.sk\\\/#\\\/schema\\\/person\\\/86c8e7e5841259082af5c5b227e0d69b\"},\"headline\":\"Kr\u00ed\u017e je n\u00e1\u0161 poklad\",\"datePublished\":\"2016-09-17T07:19:30+00:00\",\"dateModified\":\"2016-09-17T07:32:26+00:00\",\"mainEntityOfPage\":{\"@id\":\"https:\\\/\\\/kestaremesto.grkatke.sk\\\/?p=232\"},\"wordCount\":371,\"image\":{\"@id\":\"https:\\\/\\\/kestaremesto.grkatke.sk\\\/?p=232#primaryimage\"},\"thumbnailUrl\":\"https:\\\/\\\/kestaremesto.grkatke.sk\\\/wp-content\\\/uploads\\\/2016\\\/09\\\/Elevation-of-the-Cross1.jpg\",\"articleSection\":[\"Pr\u00edhovor\"],\"inLanguage\":\"sk-SK\"},{\"@type\":\"WebPage\",\"@id\":\"https:\\\/\\\/kestaremesto.grkatke.sk\\\/?p=232\",\"url\":\"https:\\\/\\\/kestaremesto.grkatke.sk\\\/?p=232\",\"name\":\"Kr\u00ed\u017e je n\u00e1\u0161 poklad - GR\u00c9CKOKATOL\u00cdCKA CIRKEV FARNOS\u0164 KO\u0160ICE - STAR\u00c9 MESTO\",\"isPartOf\":{\"@id\":\"https:\\\/\\\/kestaremesto.grkatke.sk\\\/#website\"},\"primaryImageOfPage\":{\"@id\":\"https:\\\/\\\/kestaremesto.grkatke.sk\\\/?p=232#primaryimage\"},\"image\":{\"@id\":\"https:\\\/\\\/kestaremesto.grkatke.sk\\\/?p=232#primaryimage\"},\"thumbnailUrl\":\"https:\\\/\\\/kestaremesto.grkatke.sk\\\/wp-content\\\/uploads\\\/2016\\\/09\\\/Elevation-of-the-Cross1.jpg\",\"datePublished\":\"2016-09-17T07:19:30+00:00\",\"dateModified\":\"2016-09-17T07:32:26+00:00\",\"author\":{\"@id\":\"https:\\\/\\\/kestaremesto.grkatke.sk\\\/#\\\/schema\\\/person\\\/86c8e7e5841259082af5c5b227e0d69b\"},\"breadcrumb\":{\"@id\":\"https:\\\/\\\/kestaremesto.grkatke.sk\\\/?p=232#breadcrumb\"},\"inLanguage\":\"sk-SK\",\"potentialAction\":[{\"@type\":\"ReadAction\",\"target\":[\"https:\\\/\\\/kestaremesto.grkatke.sk\\\/?p=232\"]}]},{\"@type\":\"ImageObject\",\"inLanguage\":\"sk-SK\",\"@id\":\"https:\\\/\\\/kestaremesto.grkatke.sk\\\/?p=232#primaryimage\",\"url\":\"https:\\\/\\\/kestaremesto.grkatke.sk\\\/wp-content\\\/uploads\\\/2016\\\/09\\\/Elevation-of-the-Cross1.jpg\",\"contentUrl\":\"https:\\\/\\\/kestaremesto.grkatke.sk\\\/wp-content\\\/uploads\\\/2016\\\/09\\\/Elevation-of-the-Cross1.jpg\",\"width\":633,\"height\":993},{\"@type\":\"BreadcrumbList\",\"@id\":\"https:\\\/\\\/kestaremesto.grkatke.sk\\\/?p=232#breadcrumb\",\"itemListElement\":[{\"@type\":\"ListItem\",\"position\":1,\"name\":\"Domovsk\u00e1 str\u00e1nka\",\"item\":\"https:\\\/\\\/kestaremesto.grkatke.sk\\\/\"},{\"@type\":\"ListItem\",\"position\":2,\"name\":\"Kr\u00ed\u017e je n\u00e1\u0161 poklad\"}]},{\"@type\":\"WebSite\",\"@id\":\"https:\\\/\\\/kestaremesto.grkatke.sk\\\/#website\",\"url\":\"https:\\\/\\\/kestaremesto.grkatke.sk\\\/\",\"name\":\"GR\u00c9CKOKATOL\u00cdCKA CIRKEV FARNOS\u0164 KO\u0160ICE - STAR\u00c9 MESTO\",\"description\":\"\",\"potentialAction\":[{\"@type\":\"SearchAction\",\"target\":{\"@type\":\"EntryPoint\",\"urlTemplate\":\"https:\\\/\\\/kestaremesto.grkatke.sk\\\/?s={search_term_string}\"},\"query-input\":{\"@type\":\"PropertyValueSpecification\",\"valueRequired\":true,\"valueName\":\"search_term_string\"}}],\"inLanguage\":\"sk-SK\"},{\"@type\":\"Person\",\"@id\":\"https:\\\/\\\/kestaremesto.grkatke.sk\\\/#\\\/schema\\\/person\\\/86c8e7e5841259082af5c5b227e0d69b\",\"name\":\"administr\u00e1tor\",\"url\":\"https:\\\/\\\/kestaremesto.grkatke.sk\\\/?author=2\"}]}<\/script>\n<!-- \/ Yoast SEO plugin. -->","yoast_head_json":{"title":"Kr\u00ed\u017e je n\u00e1\u0161 poklad - GR\u00c9CKOKATOL\u00cdCKA CIRKEV FARNOS\u0164 KO\u0160ICE - STAR\u00c9 MESTO","robots":{"index":"index","follow":"follow","max-snippet":"max-snippet:-1","max-image-preview":"max-image-preview:large","max-video-preview":"max-video-preview:-1"},"canonical":"https:\/\/kestaremesto.grkatke.sk\/?p=232","og_locale":"sk_SK","og_type":"article","og_title":"Kr\u00ed\u017e je n\u00e1\u0161 poklad - GR\u00c9CKOKATOL\u00cdCKA CIRKEV FARNOS\u0164 KO\u0160ICE - STAR\u00c9 MESTO","og_description":"Sme v\u00a0obdob\u00ed poprazdenstva Pov\u00fd\u0161enia sv. Kr\u00ed\u017ea. Preto bude v\u00a0na\u0161ich chr\u00e1moch do bud\u00facej stredy vylo\u017een\u00fd sv. kr\u00ed\u017e, aby sme na neho h\u013eadeli, aby sme si ho uctili, aby sme o\u00a0\u0148om rozj\u00edmali. Drevo sv\u00e4t\u00e9ho Kr\u00ed\u017ea, na ktorom zomrel N\u00e1\u0161 P\u00e1n Je\u017ei\u0161 Kristus, na\u0161la pod\u013ea prastarej kres\u0165anskej trad\u00edcie sv. Helena (+ 330), matka cis\u00e1ra Kon\u0161tant\u00edna Ve\u013ek\u00e9ho r. 326. [&hellip;]","og_url":"https:\/\/kestaremesto.grkatke.sk\/?p=232","og_site_name":"GR\u00c9CKOKATOL\u00cdCKA CIRKEV FARNOS\u0164 KO\u0160ICE - STAR\u00c9 MESTO","article_publisher":"https:\/\/www.facebook.com\/Na%c5%a1a-Katedr%c3%a1la-231637610336060\/","article_published_time":"2016-09-17T07:19:30+00:00","article_modified_time":"2016-09-17T07:32:26+00:00","og_image":[{"width":633,"height":993,"url":"https:\/\/kestaremesto.grkatke.sk\/wp-content\/uploads\/2016\/09\/Elevation-of-the-Cross1.jpg","type":"image\/jpeg"}],"author":"administr\u00e1tor","twitter_card":"summary_large_image","twitter_misc":{"Autor":"administr\u00e1tor","Predpokladan\u00fd \u010das \u010d\u00edtania":"2 min\u00faty"},"schema":{"@context":"https:\/\/schema.org","@graph":[{"@type":"Article","@id":"https:\/\/kestaremesto.grkatke.sk\/?p=232#article","isPartOf":{"@id":"https:\/\/kestaremesto.grkatke.sk\/?p=232"},"author":{"name":"administr\u00e1tor","@id":"https:\/\/kestaremesto.grkatke.sk\/#\/schema\/person\/86c8e7e5841259082af5c5b227e0d69b"},"headline":"Kr\u00ed\u017e je n\u00e1\u0161 poklad","datePublished":"2016-09-17T07:19:30+00:00","dateModified":"2016-09-17T07:32:26+00:00","mainEntityOfPage":{"@id":"https:\/\/kestaremesto.grkatke.sk\/?p=232"},"wordCount":371,"image":{"@id":"https:\/\/kestaremesto.grkatke.sk\/?p=232#primaryimage"},"thumbnailUrl":"https:\/\/kestaremesto.grkatke.sk\/wp-content\/uploads\/2016\/09\/Elevation-of-the-Cross1.jpg","articleSection":["Pr\u00edhovor"],"inLanguage":"sk-SK"},{"@type":"WebPage","@id":"https:\/\/kestaremesto.grkatke.sk\/?p=232","url":"https:\/\/kestaremesto.grkatke.sk\/?p=232","name":"Kr\u00ed\u017e je n\u00e1\u0161 poklad - GR\u00c9CKOKATOL\u00cdCKA CIRKEV FARNOS\u0164 KO\u0160ICE - STAR\u00c9 MESTO","isPartOf":{"@id":"https:\/\/kestaremesto.grkatke.sk\/#website"},"primaryImageOfPage":{"@id":"https:\/\/kestaremesto.grkatke.sk\/?p=232#primaryimage"},"image":{"@id":"https:\/\/kestaremesto.grkatke.sk\/?p=232#primaryimage"},"thumbnailUrl":"https:\/\/kestaremesto.grkatke.sk\/wp-content\/uploads\/2016\/09\/Elevation-of-the-Cross1.jpg","datePublished":"2016-09-17T07:19:30+00:00","dateModified":"2016-09-17T07:32:26+00:00","author":{"@id":"https:\/\/kestaremesto.grkatke.sk\/#\/schema\/person\/86c8e7e5841259082af5c5b227e0d69b"},"breadcrumb":{"@id":"https:\/\/kestaremesto.grkatke.sk\/?p=232#breadcrumb"},"inLanguage":"sk-SK","potentialAction":[{"@type":"ReadAction","target":["https:\/\/kestaremesto.grkatke.sk\/?p=232"]}]},{"@type":"ImageObject","inLanguage":"sk-SK","@id":"https:\/\/kestaremesto.grkatke.sk\/?p=232#primaryimage","url":"https:\/\/kestaremesto.grkatke.sk\/wp-content\/uploads\/2016\/09\/Elevation-of-the-Cross1.jpg","contentUrl":"https:\/\/kestaremesto.grkatke.sk\/wp-content\/uploads\/2016\/09\/Elevation-of-the-Cross1.jpg","width":633,"height":993},{"@type":"BreadcrumbList","@id":"https:\/\/kestaremesto.grkatke.sk\/?p=232#breadcrumb","itemListElement":[{"@type":"ListItem","position":1,"name":"Domovsk\u00e1 str\u00e1nka","item":"https:\/\/kestaremesto.grkatke.sk\/"},{"@type":"ListItem","position":2,"name":"Kr\u00ed\u017e je n\u00e1\u0161 poklad"}]},{"@type":"WebSite","@id":"https:\/\/kestaremesto.grkatke.sk\/#website","url":"https:\/\/kestaremesto.grkatke.sk\/","name":"GR\u00c9CKOKATOL\u00cdCKA CIRKEV FARNOS\u0164 KO\u0160ICE - STAR\u00c9 MESTO","description":"","potentialAction":[{"@type":"SearchAction","target":{"@type":"EntryPoint","urlTemplate":"https:\/\/kestaremesto.grkatke.sk\/?s={search_term_string}"},"query-input":{"@type":"PropertyValueSpecification","valueRequired":true,"valueName":"search_term_string"}}],"inLanguage":"sk-SK"},{"@type":"Person","@id":"https:\/\/kestaremesto.grkatke.sk\/#\/schema\/person\/86c8e7e5841259082af5c5b227e0d69b","name":"administr\u00e1tor","url":"https:\/\/kestaremesto.grkatke.sk\/?author=2"}]}},"_links":{"self":[{"href":"https:\/\/kestaremesto.grkatke.sk\/index.php?rest_route=\/wp\/v2\/posts\/232","targetHints":{"allow":["GET"]}}],"collection":[{"href":"https:\/\/kestaremesto.grkatke.sk\/index.php?rest_route=\/wp\/v2\/posts"}],"about":[{"href":"https:\/\/kestaremesto.grkatke.sk\/index.php?rest_route=\/wp\/v2\/types\/post"}],"author":[{"embeddable":true,"href":"https:\/\/kestaremesto.grkatke.sk\/index.php?rest_route=\/wp\/v2\/users\/2"}],"replies":[{"embeddable":true,"href":"https:\/\/kestaremesto.grkatke.sk\/index.php?rest_route=%2Fwp%2Fv2%2Fcomments&post=232"}],"version-history":[{"count":2,"href":"https:\/\/kestaremesto.grkatke.sk\/index.php?rest_route=\/wp\/v2\/posts\/232\/revisions"}],"predecessor-version":[{"id":234,"href":"https:\/\/kestaremesto.grkatke.sk\/index.php?rest_route=\/wp\/v2\/posts\/232\/revisions\/234"}],"wp:featuredmedia":[{"embeddable":true,"href":"https:\/\/kestaremesto.grkatke.sk\/index.php?rest_route=\/wp\/v2\/media\/244"}],"wp:attachment":[{"href":"https:\/\/kestaremesto.grkatke.sk\/index.php?rest_route=%2Fwp%2Fv2%2Fmedia&parent=232"}],"wp:term":[{"taxonomy":"category","embeddable":true,"href":"https:\/\/kestaremesto.grkatke.sk\/index.php?rest_route=%2Fwp%2Fv2%2Fcategories&post=232"},{"taxonomy":"post_tag","embeddable":true,"href":"https:\/\/kestaremesto.grkatke.sk\/index.php?rest_route=%2Fwp%2Fv2%2Ftags&post=232"}],"curies":[{"name":"wp","href":"https:\/\/api.w.org\/{rel}","templated":true}]}}