{"id":2333,"date":"2020-09-08T00:04:27","date_gmt":"2020-09-07T22:04:27","guid":{"rendered":"https:\/\/kestaremesto.grkatke.sk\/?p=2333"},"modified":"2020-09-08T00:23:23","modified_gmt":"2020-09-07T22:23:23","slug":"program-duchovnej-obnovy-07-13-09-2020","status":"publish","type":"post","link":"https:\/\/kestaremesto.grkatke.sk\/?p=2333","title":{"rendered":"Program duchovnej obnovy 07. &#8211; 13. 09. 2020"},"content":{"rendered":"<table class=\"table table-hover\">\n<tbody>\n<tr style=\"background-color:#ADD8E6\">\n<td style=\"text-align: center;\"><strong>De\u0148\/D\u00e1tum<\/strong><\/td>\n<td style=\"text-align: center;\"><strong>Program<\/strong><\/td>\n<td style=\"text-align: center;\"><strong>T\u00e9ma<\/strong><\/td>\n<td style=\"text-align: center;\"><strong>Kazate\u013e<\/strong><\/td>\n<\/tr>\n<tr>\n<td>Pondelok<\/p>\n<p>7. 9. 2020<\/td>\n<td>16:30 \u2013 moleben k Presv\u00e4tej<br \/>\nBohorodi\u010dke<br \/>\n17:00 \u2013 sv. liturgia<\/td>\n<td><b><i>\u201eRaduj sa, d\u00f4vod na\u0161ej radosti\u201c \u2013 rados\u0165 det\u00ed, ktor\u00e9 maj\u00fa najlep\u0161iu Matku<\/i><\/b><\/td>\n<td><span style=\"font-weight: 400;\">o. Teofan Fischer,<\/span><\/p>\n<p><span style=\"font-weight: 400;\">duchovn\u00fd spr\u00e1vca p\u00fatnick\u00e9ho miesta Kloko\u010dov<\/span><\/td>\n<\/tr>\n<tr style=\"background-color:#F0F8FF\">\n<td>Utorok<\/p>\n<p>8. 9. 2020<\/p>\n<p><strong>Narodenie Presv\u00e4tej Bohorodi\u010dky<\/strong><\/td>\n<td><span style=\"font-weight: 400;\">16:30 \u2013 modlitba posv\u00e4tn\u00e9ho <\/span><span style=\"font-weight: 400;\">ru\u017eenca<\/span><\/p>\n<p><span style=\"font-weight: 400;\">17:00 \u2013 sv. liturgia (CS) <\/span><\/td>\n<td><b><i>\u201eRaduj sa a\u00a0uk\u00e1\u017e n\u00e1m tv\u00e1r premil\u00fa\u201c \u2013 l\u00e1skav\u00fd a\u00a0milosrdn\u00fd poh\u013ead Matky<\/i><\/b><\/td>\n<td><span style=\"font-weight: 400;\">o. Martin Hasaralejko,<\/span><\/p>\n<p><span style=\"font-weight: 400;\">far\u00e1r farnosti \u0160amudovce<\/span><\/td>\n<\/tr>\n<tr>\n<td>Streda<\/p>\n<p>9. 9. 2020<\/td>\n<td><span style=\"font-weight: 400;\">16:30 \u2013 akatist k Presv\u00e4tej <\/span><span style=\"font-weight: 400;\">Bohorodi\u010dke\u00a0<\/span><\/p>\n<p><span style=\"font-weight: 400;\">17:00 \u2013 sv. liturgia<\/span><\/td>\n<td><b><i>\u201eRaduj sa a\u00a0daj st\u00e1los\u0165 na\u0161ej nest\u00e1losti\u201c \u2013\u00a0<\/i><\/b><b><i>Matka vie, v \u010dom je trval\u00e1 rados\u0165 jej det\u00ed<\/i><\/b><\/td>\n<td><span style=\"font-weight: 400;\">o. \u013duboslav Petri\u010dko,<\/span><\/p>\n<p><span style=\"font-weight: 400;\">\u0161piritu\u00e1l k\u0148azsk\u00e9ho semin\u00e1ra v Pre\u0161ove<\/span><\/td>\n<\/tr>\n<tr style=\"background-color:#F0F8FF\">\n<td>\u0160tvrtok<\/p>\n<p>10. 9. 2020<\/td>\n<td><span style=\"font-weight: 400;\">16:15 \u2013 parastas za<\/span><span style=\"font-weight: 400;\">\u00a0zosnul\u00fdch<\/span><\/p>\n<p><span style=\"font-weight: 400;\">17:00 \u2013 sv. liturgia<\/span><\/td>\n<td><b><i>\u201eRaduj sa, lebo zmier\u0148uje\u0161 strach a\u00a0obavy\u201c \u2013 istota ochrany Matky\u00a0<\/i><\/b><\/td>\n<td><span style=\"font-weight: 400;\">o. Peter \u010cintala,<\/span><\/p>\n<p><span style=\"font-weight: 400;\">far\u00e1r farnosti Kloko\u010dov<\/span><\/td>\n<\/tr>\n<tr>\n<td>Piatok<\/p>\n<p>11. 9. 2020<\/td>\n<td><span style=\"font-weight: 400;\">16:15 \u2013 akatist po\u017eehnania <\/span><span style=\"font-weight: 400;\">rod\u00edn<\/span><\/p>\n<p><span style=\"font-weight: 400;\">17:00 \u2013 sv. liturgia<\/span><\/td>\n<td><b><i>\u201eRaduj sa, v\u00a0n\u00e1ru\u010d\u00ed si n\u00e1s zoviera\u0161\u201c \u2013 fakt izol\u00e1cie dne\u0161n\u00e9ho \u010dloveka a rados\u0165 z\u00a0bl\u00edzkosti \u010dloveka<\/i><\/b><\/td>\n<td><span style=\"font-weight: 400;\">o. Slavom\u00edr Gereg,<\/span><\/p>\n<p><span style=\"font-weight: 400;\">far\u00e1r farnosti Poruba p.\/ Vihorlatom<\/span><\/td>\n<\/tr>\n<\/tbody>\n<\/table>\n<table class=\"table table-hover\">\n<tbody>\n<tr style=\"background-color:#F0F8FF\">\n<td>Sobota<\/p>\n<p>12. 9. 2020<\/td>\n<td>06:30 &#8211; sv. liturgia (CS)<br \/>\n15:45 &#8211; deviata hodinka<br \/>\n16:00 &#8211; modlitba posv\u00e4tn\u00e9ho ru\u017eenca<br \/>\n16:30 &#8211; ve\u013ek\u00e1 ve\u010diere\u0148 s l\u00edtiou<br \/>\n<strong>18:00 &#8211; archijerejsk\u00e1 sv\u00e4t\u00e1 liturgia s\u00a0k\u0148azskou vysviackou<\/strong><br \/>\n19:45 &#8211; jubileum 350. v\u00fdro\u010dia slzenia ikony Presv\u00e4tej Bohorodi\u010dky v<br \/>\n<span style=\"text-transform: uppercase;\">\u00a0 \u00a0 \u00a0 \u00a0 \u00a0 \u00a0 \u00a0<\/span>Kloko\u010dove (historick\u00fd n\u00e1\u010drt, s\u00fa\u010dasnos\u0165, filmov\u00fd dokument)<br \/>\n21:00 &#8211; akatist\u00a0 na po\u010des\u0165\u00a0 Kloko\u010dovskej\u00a0 ikony Bohorodi\u010dky<br \/>\n22:00 &#8211; mal\u00e9 pove\u010derie<br \/>\n23:00 &#8211; eucharistick\u00e1 ador\u00e1cia<\/td>\n<\/tr>\n<tr>\n<td>Nede\u013ea<\/p>\n<p>13. 9. 2020<\/td>\n<td>06:30 &#8211; moleben na po\u010des\u0165 Kloko\u010dovskej ikony Bohorodi\u010dky<br \/>\n07:00 &#8211; utiere\u0148<br \/>\n08:00 &#8211; sv. liturgia (CS)<br \/>\n09:30 &#8211; tretia hodinka<br \/>\n<strong>10:00 &#8211;<\/strong> <strong>archijerejsk\u00e1 sv\u00e4t\u00e1 liturgia <\/strong>(sprievod, myrovanie)<\/td>\n<\/tr>\n<\/tbody>\n<\/table>\n","protected":false},"excerpt":{"rendered":"<p>De\u0148\/D\u00e1tum Program T\u00e9ma Kazate\u013e Pondelok 7. 9. 2020 16:30 \u2013 moleben k Presv\u00e4tej Bohorodi\u010dke 17:00 \u2013 sv. liturgia \u201eRaduj sa, d\u00f4vod na\u0161ej radosti\u201c \u2013 rados\u0165 det\u00ed, ktor\u00e9 maj\u00fa najlep\u0161iu Matku o. Teofan Fischer, duchovn\u00fd spr\u00e1vca p\u00fatnick\u00e9ho miesta Kloko\u010dov Utorok 8. 9. 2020 Narodenie Presv\u00e4tej Bohorodi\u010dky 16:30 \u2013 modlitba posv\u00e4tn\u00e9ho ru\u017eenca 17:00 \u2013 sv. liturgia (CS) [&hellip;]<\/p>\n","protected":false},"author":2,"featured_media":0,"comment_status":"closed","ping_status":"closed","sticky":false,"template":"","format":"standard","meta":{"_coblocks_attr":"","_coblocks_dimensions":"","_coblocks_responsive_height":"","_coblocks_accordion_ie_support":"","footnotes":""},"categories":[9,1],"tags":[],"class_list":["post-2333","post","type-post","status-publish","format-standard","hentry","category-aktuality","category-nezaradene"],"yoast_head":"<!-- This site is optimized with the Yoast SEO plugin v27.4 - https:\/\/yoast.com\/product\/yoast-seo-wordpress\/ -->\n<title>Program duchovnej obnovy 07. - 13. 09. 2020 - GR\u00c9CKOKATOL\u00cdCKA CIRKEV FARNOS\u0164 KO\u0160ICE - STAR\u00c9 MESTO<\/title>\n<meta name=\"robots\" content=\"index, follow, max-snippet:-1, max-image-preview:large, max-video-preview:-1\" \/>\n<link rel=\"canonical\" href=\"https:\/\/kestaremesto.grkatke.sk\/?p=2333\" \/>\n<meta property=\"og:locale\" content=\"sk_SK\" \/>\n<meta property=\"og:type\" content=\"article\" \/>\n<meta property=\"og:title\" content=\"Program duchovnej obnovy 07. - 13. 09. 2020 - GR\u00c9CKOKATOL\u00cdCKA CIRKEV FARNOS\u0164 KO\u0160ICE - STAR\u00c9 MESTO\" \/>\n<meta property=\"og:description\" content=\"De\u0148\/D\u00e1tum Program T\u00e9ma Kazate\u013e Pondelok 7. 9. 2020 16:30 \u2013 moleben k Presv\u00e4tej Bohorodi\u010dke 17:00 \u2013 sv. liturgia \u201eRaduj sa, d\u00f4vod na\u0161ej radosti\u201c \u2013 rados\u0165 det\u00ed, ktor\u00e9 maj\u00fa najlep\u0161iu Matku o. Teofan Fischer, duchovn\u00fd spr\u00e1vca p\u00fatnick\u00e9ho miesta Kloko\u010dov Utorok 8. 9. 2020 Narodenie Presv\u00e4tej Bohorodi\u010dky 16:30 \u2013 modlitba posv\u00e4tn\u00e9ho ru\u017eenca 17:00 \u2013 sv. liturgia (CS) [&hellip;]\" \/>\n<meta property=\"og:url\" content=\"https:\/\/kestaremesto.grkatke.sk\/?p=2333\" \/>\n<meta property=\"og:site_name\" content=\"GR\u00c9CKOKATOL\u00cdCKA CIRKEV FARNOS\u0164 KO\u0160ICE - STAR\u00c9 MESTO\" \/>\n<meta property=\"article:publisher\" content=\"https:\/\/www.facebook.com\/Na%c5%a1a-Katedr%c3%a1la-231637610336060\/\" \/>\n<meta property=\"article:published_time\" content=\"2020-09-07T22:04:27+00:00\" \/>\n<meta property=\"article:modified_time\" content=\"2020-09-07T22:23:23+00:00\" \/>\n<meta name=\"author\" content=\"administr\u00e1tor\" \/>\n<meta name=\"twitter:card\" content=\"summary_large_image\" \/>\n<meta name=\"twitter:label1\" content=\"Autor\" \/>\n\t<meta name=\"twitter:data1\" content=\"administr\u00e1tor\" \/>\n\t<meta name=\"twitter:label2\" content=\"Predpokladan\u00fd \u010das \u010d\u00edtania\" \/>\n\t<meta name=\"twitter:data2\" content=\"1 min\u00fata\" \/>\n<script type=\"application\/ld+json\" class=\"yoast-schema-graph\">{\"@context\":\"https:\\\/\\\/schema.org\",\"@graph\":[{\"@type\":\"Article\",\"@id\":\"https:\\\/\\\/kestaremesto.grkatke.sk\\\/?p=2333#article\",\"isPartOf\":{\"@id\":\"https:\\\/\\\/kestaremesto.grkatke.sk\\\/?p=2333\"},\"author\":{\"name\":\"administr\u00e1tor\",\"@id\":\"https:\\\/\\\/kestaremesto.grkatke.sk\\\/#\\\/schema\\\/person\\\/86c8e7e5841259082af5c5b227e0d69b\"},\"headline\":\"Program duchovnej obnovy 07. &#8211; 13. 09. 2020\",\"datePublished\":\"2020-09-07T22:04:27+00:00\",\"dateModified\":\"2020-09-07T22:23:23+00:00\",\"mainEntityOfPage\":{\"@id\":\"https:\\\/\\\/kestaremesto.grkatke.sk\\\/?p=2333\"},\"wordCount\":291,\"articleSection\":[\"Aktuality\"],\"inLanguage\":\"sk-SK\"},{\"@type\":\"WebPage\",\"@id\":\"https:\\\/\\\/kestaremesto.grkatke.sk\\\/?p=2333\",\"url\":\"https:\\\/\\\/kestaremesto.grkatke.sk\\\/?p=2333\",\"name\":\"Program duchovnej obnovy 07. - 13. 09. 2020 - GR\u00c9CKOKATOL\u00cdCKA CIRKEV FARNOS\u0164 KO\u0160ICE - STAR\u00c9 MESTO\",\"isPartOf\":{\"@id\":\"https:\\\/\\\/kestaremesto.grkatke.sk\\\/#website\"},\"datePublished\":\"2020-09-07T22:04:27+00:00\",\"dateModified\":\"2020-09-07T22:23:23+00:00\",\"author\":{\"@id\":\"https:\\\/\\\/kestaremesto.grkatke.sk\\\/#\\\/schema\\\/person\\\/86c8e7e5841259082af5c5b227e0d69b\"},\"breadcrumb\":{\"@id\":\"https:\\\/\\\/kestaremesto.grkatke.sk\\\/?p=2333#breadcrumb\"},\"inLanguage\":\"sk-SK\",\"potentialAction\":[{\"@type\":\"ReadAction\",\"target\":[\"https:\\\/\\\/kestaremesto.grkatke.sk\\\/?p=2333\"]}]},{\"@type\":\"BreadcrumbList\",\"@id\":\"https:\\\/\\\/kestaremesto.grkatke.sk\\\/?p=2333#breadcrumb\",\"itemListElement\":[{\"@type\":\"ListItem\",\"position\":1,\"name\":\"Domovsk\u00e1 str\u00e1nka\",\"item\":\"https:\\\/\\\/kestaremesto.grkatke.sk\\\/\"},{\"@type\":\"ListItem\",\"position\":2,\"name\":\"Program duchovnej obnovy 07. &#8211; 13. 09. 2020\"}]},{\"@type\":\"WebSite\",\"@id\":\"https:\\\/\\\/kestaremesto.grkatke.sk\\\/#website\",\"url\":\"https:\\\/\\\/kestaremesto.grkatke.sk\\\/\",\"name\":\"GR\u00c9CKOKATOL\u00cdCKA CIRKEV FARNOS\u0164 KO\u0160ICE - STAR\u00c9 MESTO\",\"description\":\"\",\"potentialAction\":[{\"@type\":\"SearchAction\",\"target\":{\"@type\":\"EntryPoint\",\"urlTemplate\":\"https:\\\/\\\/kestaremesto.grkatke.sk\\\/?s={search_term_string}\"},\"query-input\":{\"@type\":\"PropertyValueSpecification\",\"valueRequired\":true,\"valueName\":\"search_term_string\"}}],\"inLanguage\":\"sk-SK\"},{\"@type\":\"Person\",\"@id\":\"https:\\\/\\\/kestaremesto.grkatke.sk\\\/#\\\/schema\\\/person\\\/86c8e7e5841259082af5c5b227e0d69b\",\"name\":\"administr\u00e1tor\",\"url\":\"https:\\\/\\\/kestaremesto.grkatke.sk\\\/?author=2\"}]}<\/script>\n<!-- \/ Yoast SEO plugin. -->","yoast_head_json":{"title":"Program duchovnej obnovy 07. - 13. 09. 2020 - GR\u00c9CKOKATOL\u00cdCKA CIRKEV FARNOS\u0164 KO\u0160ICE - STAR\u00c9 MESTO","robots":{"index":"index","follow":"follow","max-snippet":"max-snippet:-1","max-image-preview":"max-image-preview:large","max-video-preview":"max-video-preview:-1"},"canonical":"https:\/\/kestaremesto.grkatke.sk\/?p=2333","og_locale":"sk_SK","og_type":"article","og_title":"Program duchovnej obnovy 07. - 13. 09. 2020 - GR\u00c9CKOKATOL\u00cdCKA CIRKEV FARNOS\u0164 KO\u0160ICE - STAR\u00c9 MESTO","og_description":"De\u0148\/D\u00e1tum Program T\u00e9ma Kazate\u013e Pondelok 7. 9. 2020 16:30 \u2013 moleben k Presv\u00e4tej Bohorodi\u010dke 17:00 \u2013 sv. liturgia \u201eRaduj sa, d\u00f4vod na\u0161ej radosti\u201c \u2013 rados\u0165 det\u00ed, ktor\u00e9 maj\u00fa najlep\u0161iu Matku o. Teofan Fischer, duchovn\u00fd spr\u00e1vca p\u00fatnick\u00e9ho miesta Kloko\u010dov Utorok 8. 9. 2020 Narodenie Presv\u00e4tej Bohorodi\u010dky 16:30 \u2013 modlitba posv\u00e4tn\u00e9ho ru\u017eenca 17:00 \u2013 sv. liturgia (CS) [&hellip;]","og_url":"https:\/\/kestaremesto.grkatke.sk\/?p=2333","og_site_name":"GR\u00c9CKOKATOL\u00cdCKA CIRKEV FARNOS\u0164 KO\u0160ICE - STAR\u00c9 MESTO","article_publisher":"https:\/\/www.facebook.com\/Na%c5%a1a-Katedr%c3%a1la-231637610336060\/","article_published_time":"2020-09-07T22:04:27+00:00","article_modified_time":"2020-09-07T22:23:23+00:00","author":"administr\u00e1tor","twitter_card":"summary_large_image","twitter_misc":{"Autor":"administr\u00e1tor","Predpokladan\u00fd \u010das \u010d\u00edtania":"1 min\u00fata"},"schema":{"@context":"https:\/\/schema.org","@graph":[{"@type":"Article","@id":"https:\/\/kestaremesto.grkatke.sk\/?p=2333#article","isPartOf":{"@id":"https:\/\/kestaremesto.grkatke.sk\/?p=2333"},"author":{"name":"administr\u00e1tor","@id":"https:\/\/kestaremesto.grkatke.sk\/#\/schema\/person\/86c8e7e5841259082af5c5b227e0d69b"},"headline":"Program duchovnej obnovy 07. &#8211; 13. 09. 2020","datePublished":"2020-09-07T22:04:27+00:00","dateModified":"2020-09-07T22:23:23+00:00","mainEntityOfPage":{"@id":"https:\/\/kestaremesto.grkatke.sk\/?p=2333"},"wordCount":291,"articleSection":["Aktuality"],"inLanguage":"sk-SK"},{"@type":"WebPage","@id":"https:\/\/kestaremesto.grkatke.sk\/?p=2333","url":"https:\/\/kestaremesto.grkatke.sk\/?p=2333","name":"Program duchovnej obnovy 07. - 13. 09. 2020 - GR\u00c9CKOKATOL\u00cdCKA CIRKEV FARNOS\u0164 KO\u0160ICE - STAR\u00c9 MESTO","isPartOf":{"@id":"https:\/\/kestaremesto.grkatke.sk\/#website"},"datePublished":"2020-09-07T22:04:27+00:00","dateModified":"2020-09-07T22:23:23+00:00","author":{"@id":"https:\/\/kestaremesto.grkatke.sk\/#\/schema\/person\/86c8e7e5841259082af5c5b227e0d69b"},"breadcrumb":{"@id":"https:\/\/kestaremesto.grkatke.sk\/?p=2333#breadcrumb"},"inLanguage":"sk-SK","potentialAction":[{"@type":"ReadAction","target":["https:\/\/kestaremesto.grkatke.sk\/?p=2333"]}]},{"@type":"BreadcrumbList","@id":"https:\/\/kestaremesto.grkatke.sk\/?p=2333#breadcrumb","itemListElement":[{"@type":"ListItem","position":1,"name":"Domovsk\u00e1 str\u00e1nka","item":"https:\/\/kestaremesto.grkatke.sk\/"},{"@type":"ListItem","position":2,"name":"Program duchovnej obnovy 07. &#8211; 13. 09. 2020"}]},{"@type":"WebSite","@id":"https:\/\/kestaremesto.grkatke.sk\/#website","url":"https:\/\/kestaremesto.grkatke.sk\/","name":"GR\u00c9CKOKATOL\u00cdCKA CIRKEV FARNOS\u0164 KO\u0160ICE - STAR\u00c9 MESTO","description":"","potentialAction":[{"@type":"SearchAction","target":{"@type":"EntryPoint","urlTemplate":"https:\/\/kestaremesto.grkatke.sk\/?s={search_term_string}"},"query-input":{"@type":"PropertyValueSpecification","valueRequired":true,"valueName":"search_term_string"}}],"inLanguage":"sk-SK"},{"@type":"Person","@id":"https:\/\/kestaremesto.grkatke.sk\/#\/schema\/person\/86c8e7e5841259082af5c5b227e0d69b","name":"administr\u00e1tor","url":"https:\/\/kestaremesto.grkatke.sk\/?author=2"}]}},"_links":{"self":[{"href":"https:\/\/kestaremesto.grkatke.sk\/index.php?rest_route=\/wp\/v2\/posts\/2333","targetHints":{"allow":["GET"]}}],"collection":[{"href":"https:\/\/kestaremesto.grkatke.sk\/index.php?rest_route=\/wp\/v2\/posts"}],"about":[{"href":"https:\/\/kestaremesto.grkatke.sk\/index.php?rest_route=\/wp\/v2\/types\/post"}],"author":[{"embeddable":true,"href":"https:\/\/kestaremesto.grkatke.sk\/index.php?rest_route=\/wp\/v2\/users\/2"}],"replies":[{"embeddable":true,"href":"https:\/\/kestaremesto.grkatke.sk\/index.php?rest_route=%2Fwp%2Fv2%2Fcomments&post=2333"}],"version-history":[{"count":6,"href":"https:\/\/kestaremesto.grkatke.sk\/index.php?rest_route=\/wp\/v2\/posts\/2333\/revisions"}],"predecessor-version":[{"id":2342,"href":"https:\/\/kestaremesto.grkatke.sk\/index.php?rest_route=\/wp\/v2\/posts\/2333\/revisions\/2342"}],"wp:attachment":[{"href":"https:\/\/kestaremesto.grkatke.sk\/index.php?rest_route=%2Fwp%2Fv2%2Fmedia&parent=2333"}],"wp:term":[{"taxonomy":"category","embeddable":true,"href":"https:\/\/kestaremesto.grkatke.sk\/index.php?rest_route=%2Fwp%2Fv2%2Fcategories&post=2333"},{"taxonomy":"post_tag","embeddable":true,"href":"https:\/\/kestaremesto.grkatke.sk\/index.php?rest_route=%2Fwp%2Fv2%2Ftags&post=2333"}],"curies":[{"name":"wp","href":"https:\/\/api.w.org\/{rel}","templated":true}]}}