{"id":2578,"date":"2021-01-23T22:32:12","date_gmt":"2021-01-23T21:32:12","guid":{"rendered":"https:\/\/kestaremesto.grkatke.sk\/?p=2578"},"modified":"2021-02-03T00:46:31","modified_gmt":"2021-02-02T23:46:31","slug":"ekumenicka-bohosluzba-za-jednotu-krestanov","status":"publish","type":"post","link":"https:\/\/kestaremesto.grkatke.sk\/?p=2578","title":{"rendered":"Ekumenick\u00e1 bohoslu\u017eba za jednotu kres\u0165anov <br\/> 31. 01. 2021 o 18:00 h \u2013 online"},"content":{"rendered":"<p><img decoding=\"async\" class=\"aligncenter\" src=\"http:\/\/ekumenake.rimkat.sk\/wp-content\/uploads\/2021\/01\/plag%C3%A1t_Ekumenick%C3%A1-bohoslu%C5%BEba-za-jednotu-kres%C5%A5anov_31.1.2021-211x300.jpg\" \/><\/p>\n<p>&nbsp;<\/p>\n<p style=\"text-align: justify;\"><span class=\"clatext\">Ekumenick\u00e1 bohoslu\u017eba slova za jednotu kres\u0165anov bude 31. janu\u00e1ra 2021 v Ko\u0161iciach. Vzh\u013eadom na opatrenia ju bude mo\u017en\u00e9 sledova\u0165\u00a0<a href=\"https:\/\/youtu.be\/AHoMGVo7tp8\" target=\"_blank\" rel=\"noopener noreferrer\">online<\/a>.<\/span><\/p>\n<p style=\"text-align: justify;\">\u201eV nadv\u00e4znosti na aktu\u00e1lnu situ\u00e1ciu spojen\u00fa s v\u00fdskytom a \u0161\u00edren\u00edm koronav\u00edrusu v Slovenskej republike a opatreniami prijat\u00fdmi vl\u00e1dou SR, Ekumenick\u00e9 spolo\u010denstvo (ES) cirkv\u00ed a n\u00e1bo\u017eensk\u00fdch spolo\u010dnost\u00ed na \u00fazem\u00ed mesta Ko\u0161ice sa rozhodlo zrealizova\u0165 ekumenick\u00fa bohoslu\u017ebu slova za jednotu kres\u0165anov v nede\u013eu 31. janu\u00e1ra 2021 o 18:00, ktor\u00e1 bude vysielan\u00e1 online,\u201c avizuje tajomn\u00ed\u010dka D\u00e1\u0161a Fedorkov\u00e1. V tomto roku to bude v Ko\u0161iciach 27. ekumenick\u00e1 bohoslu\u017eba slova za jednotu kres\u0165anov. Ponesie sa v znamen\u00ed my\u0161lienky \u201eZosta\u0148te v mojej l\u00e1ske a budete prin\u00e1\u0161a\u0165 ve\u013ea ovocia\u201c (Jn 15, 5-9).<\/p>\n<p style=\"text-align: justify;\">Tradi\u010dn\u00fd term\u00edn konania T\u00fd\u017ed\u0148a modlitieb za jednotu kres\u0165anov je od 18. do 25. janu\u00e1ra. Materi\u00e1ly v\u00a0roku 2021 na tento T\u00fd\u017ede\u0148 modlitieb za jednotu kres\u0165anov spolo\u010dne pripravili a\u00a0uverejnili P\u00e1pe\u017esk\u00e1 rada na podporu jednoty kres\u0165anov a Komisia pre vieru a poriadok Svetovej rady cirkv\u00ed.<\/p>\n<p style=\"text-align: justify;\">Ekumenick\u00e9 spolo\u010denstvo cirkv\u00ed a\u00a0n\u00e1bo\u017eensk\u00fdch spolo\u010dnost\u00ed na \u00fazem\u00ed mesta Ko\u0161ice vzniklo v\u00a0roku 1994. Tvoria ho: Apo\u0161tolsk\u00e1 cirkev, Bratsk\u00e1 jednota baptistov, Cirkev bratsk\u00e1, \u010ceskoslovensk\u00e1 cirkev husitsk\u00e1, Evanjelick\u00e1 cirkev a. v., Gr\u00e9ckokatol\u00edcka cirkev, Reformovan\u00e1 kres\u0165ansk\u00e1 cirkev, R\u00edmskokatol\u00edcka cirkev a\u00a0Teologick\u00e1 fakulta Katol\u00edckej univerzity. \u0160pecifikom tohto spolo\u010denstva je \u017didovsk\u00e1 n\u00e1bo\u017eensk\u00e1 obec, ktor\u00e1 sa od vzniku ES z\u00fa\u010dast\u0148ovala na jeho aktivit\u00e1ch.<\/p>\n<p style=\"text-align: justify;\">ES m\u00e1 od roku 2000 samostatn\u00fa pr\u00e1vnu subjektivitu. S\u00fa\u010dasn\u00fdm moder\u00e1torom je Du\u0161an Havrila z\u00a0Evanjelickej cirkvi a.v. a\u00a0 z\u00e1stupcom je doc. Dr. Radoslav Lojan z\u00a0R\u00edmskokatol\u00edckej cirkvi.<\/p>\n<p>&nbsp;<\/p>\n<p><em>Zdroj: http:\/\/ekumenake.rimkat.sk\/2021\/01\/14\/ekumenicka-bohosluzba-za-jednotu-krestanov-31-01-2021\/<\/em><\/p>\n","protected":false},"excerpt":{"rendered":"<p>&nbsp; Ekumenick\u00e1 bohoslu\u017eba slova za jednotu kres\u0165anov bude 31. janu\u00e1ra 2021 v Ko\u0161iciach. Vzh\u013eadom na opatrenia ju bude mo\u017en\u00e9 sledova\u0165\u00a0online. \u201eV nadv\u00e4znosti na aktu\u00e1lnu situ\u00e1ciu spojen\u00fa s v\u00fdskytom a \u0161\u00edren\u00edm koronav\u00edrusu v Slovenskej republike a opatreniami prijat\u00fdmi vl\u00e1dou SR, Ekumenick\u00e9 spolo\u010denstvo (ES) cirkv\u00ed a n\u00e1bo\u017eensk\u00fdch spolo\u010dnost\u00ed na \u00fazem\u00ed mesta Ko\u0161ice sa rozhodlo zrealizova\u0165 ekumenick\u00fa bohoslu\u017ebu [&hellip;]<\/p>\n","protected":false},"author":2,"featured_media":0,"comment_status":"closed","ping_status":"closed","sticky":false,"template":"","format":"standard","meta":{"_coblocks_attr":"","_coblocks_dimensions":"","_coblocks_responsive_height":"","_coblocks_accordion_ie_support":"","footnotes":""},"categories":[9],"tags":[],"class_list":["post-2578","post","type-post","status-publish","format-standard","hentry","category-aktuality"],"yoast_head":"<!-- This site is optimized with the Yoast SEO plugin v27.4 - https:\/\/yoast.com\/product\/yoast-seo-wordpress\/ -->\n<title>Ekumenick\u00e1 bohoslu\u017eba za jednotu kres\u0165anov  31. 01. 2021 o 18:00 h \u2013 online - GR\u00c9CKOKATOL\u00cdCKA CIRKEV FARNOS\u0164 KO\u0160ICE - STAR\u00c9 MESTO<\/title>\n<meta name=\"robots\" content=\"index, follow, max-snippet:-1, max-image-preview:large, max-video-preview:-1\" \/>\n<link rel=\"canonical\" href=\"https:\/\/kestaremesto.grkatke.sk\/?p=2578\" \/>\n<meta property=\"og:locale\" content=\"sk_SK\" \/>\n<meta property=\"og:type\" content=\"article\" \/>\n<meta property=\"og:title\" content=\"Ekumenick\u00e1 bohoslu\u017eba za jednotu kres\u0165anov  31. 01. 2021 o 18:00 h \u2013 online - GR\u00c9CKOKATOL\u00cdCKA CIRKEV FARNOS\u0164 KO\u0160ICE - STAR\u00c9 MESTO\" \/>\n<meta property=\"og:description\" content=\"&nbsp; Ekumenick\u00e1 bohoslu\u017eba slova za jednotu kres\u0165anov bude 31. janu\u00e1ra 2021 v Ko\u0161iciach. Vzh\u013eadom na opatrenia ju bude mo\u017en\u00e9 sledova\u0165\u00a0online. \u201eV nadv\u00e4znosti na aktu\u00e1lnu situ\u00e1ciu spojen\u00fa s v\u00fdskytom a \u0161\u00edren\u00edm koronav\u00edrusu v Slovenskej republike a opatreniami prijat\u00fdmi vl\u00e1dou SR, Ekumenick\u00e9 spolo\u010denstvo (ES) cirkv\u00ed a n\u00e1bo\u017eensk\u00fdch spolo\u010dnost\u00ed na \u00fazem\u00ed mesta Ko\u0161ice sa rozhodlo zrealizova\u0165 ekumenick\u00fa bohoslu\u017ebu [&hellip;]\" \/>\n<meta property=\"og:url\" content=\"https:\/\/kestaremesto.grkatke.sk\/?p=2578\" \/>\n<meta property=\"og:site_name\" content=\"GR\u00c9CKOKATOL\u00cdCKA CIRKEV FARNOS\u0164 KO\u0160ICE - STAR\u00c9 MESTO\" \/>\n<meta property=\"article:publisher\" content=\"https:\/\/www.facebook.com\/Na%c5%a1a-Katedr%c3%a1la-231637610336060\/\" \/>\n<meta property=\"article:published_time\" content=\"2021-01-23T21:32:12+00:00\" \/>\n<meta property=\"article:modified_time\" content=\"2021-02-02T23:46:31+00:00\" \/>\n<meta property=\"og:image\" content=\"http:\/\/ekumenake.rimkat.sk\/wp-content\/uploads\/2021\/01\/plag%C3%A1t_Ekumenick%C3%A1-bohoslu%C5%BEba-za-jednotu-kres%C5%A5anov_31.1.2021-211x300.jpg\" \/>\n<meta name=\"author\" content=\"administr\u00e1tor\" \/>\n<meta name=\"twitter:card\" content=\"summary_large_image\" \/>\n<meta name=\"twitter:label1\" content=\"Autor\" \/>\n\t<meta name=\"twitter:data1\" content=\"administr\u00e1tor\" \/>\n\t<meta name=\"twitter:label2\" content=\"Predpokladan\u00fd \u010das \u010d\u00edtania\" \/>\n\t<meta name=\"twitter:data2\" content=\"2 min\u00faty\" \/>\n<script type=\"application\/ld+json\" class=\"yoast-schema-graph\">{\"@context\":\"https:\\\/\\\/schema.org\",\"@graph\":[{\"@type\":\"Article\",\"@id\":\"https:\\\/\\\/kestaremesto.grkatke.sk\\\/?p=2578#article\",\"isPartOf\":{\"@id\":\"https:\\\/\\\/kestaremesto.grkatke.sk\\\/?p=2578\"},\"author\":{\"name\":\"administr\u00e1tor\",\"@id\":\"https:\\\/\\\/kestaremesto.grkatke.sk\\\/#\\\/schema\\\/person\\\/86c8e7e5841259082af5c5b227e0d69b\"},\"headline\":\"Ekumenick\u00e1 bohoslu\u017eba za jednotu kres\u0165anov 31. 01. 2021 o 18:00 h \u2013 online\",\"datePublished\":\"2021-01-23T21:32:12+00:00\",\"dateModified\":\"2021-02-02T23:46:31+00:00\",\"mainEntityOfPage\":{\"@id\":\"https:\\\/\\\/kestaremesto.grkatke.sk\\\/?p=2578\"},\"wordCount\":317,\"image\":{\"@id\":\"https:\\\/\\\/kestaremesto.grkatke.sk\\\/?p=2578#primaryimage\"},\"thumbnailUrl\":\"http:\\\/\\\/ekumenake.rimkat.sk\\\/wp-content\\\/uploads\\\/2021\\\/01\\\/plag%C3%A1t_Ekumenick%C3%A1-bohoslu%C5%BEba-za-jednotu-kres%C5%A5anov_31.1.2021-211x300.jpg\",\"articleSection\":[\"Aktuality\"],\"inLanguage\":\"sk-SK\"},{\"@type\":\"WebPage\",\"@id\":\"https:\\\/\\\/kestaremesto.grkatke.sk\\\/?p=2578\",\"url\":\"https:\\\/\\\/kestaremesto.grkatke.sk\\\/?p=2578\",\"name\":\"Ekumenick\u00e1 bohoslu\u017eba za jednotu kres\u0165anov 31. 01. 2021 o 18:00 h \u2013 online - GR\u00c9CKOKATOL\u00cdCKA CIRKEV FARNOS\u0164 KO\u0160ICE - STAR\u00c9 MESTO\",\"isPartOf\":{\"@id\":\"https:\\\/\\\/kestaremesto.grkatke.sk\\\/#website\"},\"primaryImageOfPage\":{\"@id\":\"https:\\\/\\\/kestaremesto.grkatke.sk\\\/?p=2578#primaryimage\"},\"image\":{\"@id\":\"https:\\\/\\\/kestaremesto.grkatke.sk\\\/?p=2578#primaryimage\"},\"thumbnailUrl\":\"http:\\\/\\\/ekumenake.rimkat.sk\\\/wp-content\\\/uploads\\\/2021\\\/01\\\/plag%C3%A1t_Ekumenick%C3%A1-bohoslu%C5%BEba-za-jednotu-kres%C5%A5anov_31.1.2021-211x300.jpg\",\"datePublished\":\"2021-01-23T21:32:12+00:00\",\"dateModified\":\"2021-02-02T23:46:31+00:00\",\"author\":{\"@id\":\"https:\\\/\\\/kestaremesto.grkatke.sk\\\/#\\\/schema\\\/person\\\/86c8e7e5841259082af5c5b227e0d69b\"},\"breadcrumb\":{\"@id\":\"https:\\\/\\\/kestaremesto.grkatke.sk\\\/?p=2578#breadcrumb\"},\"inLanguage\":\"sk-SK\",\"potentialAction\":[{\"@type\":\"ReadAction\",\"target\":[\"https:\\\/\\\/kestaremesto.grkatke.sk\\\/?p=2578\"]}]},{\"@type\":\"ImageObject\",\"inLanguage\":\"sk-SK\",\"@id\":\"https:\\\/\\\/kestaremesto.grkatke.sk\\\/?p=2578#primaryimage\",\"url\":\"http:\\\/\\\/ekumenake.rimkat.sk\\\/wp-content\\\/uploads\\\/2021\\\/01\\\/plag%C3%A1t_Ekumenick%C3%A1-bohoslu%C5%BEba-za-jednotu-kres%C5%A5anov_31.1.2021-211x300.jpg\",\"contentUrl\":\"http:\\\/\\\/ekumenake.rimkat.sk\\\/wp-content\\\/uploads\\\/2021\\\/01\\\/plag%C3%A1t_Ekumenick%C3%A1-bohoslu%C5%BEba-za-jednotu-kres%C5%A5anov_31.1.2021-211x300.jpg\"},{\"@type\":\"BreadcrumbList\",\"@id\":\"https:\\\/\\\/kestaremesto.grkatke.sk\\\/?p=2578#breadcrumb\",\"itemListElement\":[{\"@type\":\"ListItem\",\"position\":1,\"name\":\"Domovsk\u00e1 str\u00e1nka\",\"item\":\"https:\\\/\\\/kestaremesto.grkatke.sk\\\/\"},{\"@type\":\"ListItem\",\"position\":2,\"name\":\"Ekumenick\u00e1 bohoslu\u017eba za jednotu kres\u0165anov 31. 01. 2021 o 18:00 h \u2013 online\"}]},{\"@type\":\"WebSite\",\"@id\":\"https:\\\/\\\/kestaremesto.grkatke.sk\\\/#website\",\"url\":\"https:\\\/\\\/kestaremesto.grkatke.sk\\\/\",\"name\":\"GR\u00c9CKOKATOL\u00cdCKA CIRKEV FARNOS\u0164 KO\u0160ICE - STAR\u00c9 MESTO\",\"description\":\"\",\"potentialAction\":[{\"@type\":\"SearchAction\",\"target\":{\"@type\":\"EntryPoint\",\"urlTemplate\":\"https:\\\/\\\/kestaremesto.grkatke.sk\\\/?s={search_term_string}\"},\"query-input\":{\"@type\":\"PropertyValueSpecification\",\"valueRequired\":true,\"valueName\":\"search_term_string\"}}],\"inLanguage\":\"sk-SK\"},{\"@type\":\"Person\",\"@id\":\"https:\\\/\\\/kestaremesto.grkatke.sk\\\/#\\\/schema\\\/person\\\/86c8e7e5841259082af5c5b227e0d69b\",\"name\":\"administr\u00e1tor\",\"url\":\"https:\\\/\\\/kestaremesto.grkatke.sk\\\/?author=2\"}]}<\/script>\n<!-- \/ Yoast SEO plugin. -->","yoast_head_json":{"title":"Ekumenick\u00e1 bohoslu\u017eba za jednotu kres\u0165anov  31. 01. 2021 o 18:00 h \u2013 online - GR\u00c9CKOKATOL\u00cdCKA CIRKEV FARNOS\u0164 KO\u0160ICE - STAR\u00c9 MESTO","robots":{"index":"index","follow":"follow","max-snippet":"max-snippet:-1","max-image-preview":"max-image-preview:large","max-video-preview":"max-video-preview:-1"},"canonical":"https:\/\/kestaremesto.grkatke.sk\/?p=2578","og_locale":"sk_SK","og_type":"article","og_title":"Ekumenick\u00e1 bohoslu\u017eba za jednotu kres\u0165anov  31. 01. 2021 o 18:00 h \u2013 online - GR\u00c9CKOKATOL\u00cdCKA CIRKEV FARNOS\u0164 KO\u0160ICE - STAR\u00c9 MESTO","og_description":"&nbsp; Ekumenick\u00e1 bohoslu\u017eba slova za jednotu kres\u0165anov bude 31. janu\u00e1ra 2021 v Ko\u0161iciach. Vzh\u013eadom na opatrenia ju bude mo\u017en\u00e9 sledova\u0165\u00a0online. \u201eV nadv\u00e4znosti na aktu\u00e1lnu situ\u00e1ciu spojen\u00fa s v\u00fdskytom a \u0161\u00edren\u00edm koronav\u00edrusu v Slovenskej republike a opatreniami prijat\u00fdmi vl\u00e1dou SR, Ekumenick\u00e9 spolo\u010denstvo (ES) cirkv\u00ed a n\u00e1bo\u017eensk\u00fdch spolo\u010dnost\u00ed na \u00fazem\u00ed mesta Ko\u0161ice sa rozhodlo zrealizova\u0165 ekumenick\u00fa bohoslu\u017ebu [&hellip;]","og_url":"https:\/\/kestaremesto.grkatke.sk\/?p=2578","og_site_name":"GR\u00c9CKOKATOL\u00cdCKA CIRKEV FARNOS\u0164 KO\u0160ICE - STAR\u00c9 MESTO","article_publisher":"https:\/\/www.facebook.com\/Na%c5%a1a-Katedr%c3%a1la-231637610336060\/","article_published_time":"2021-01-23T21:32:12+00:00","article_modified_time":"2021-02-02T23:46:31+00:00","og_image":[{"url":"http:\/\/ekumenake.rimkat.sk\/wp-content\/uploads\/2021\/01\/plag%C3%A1t_Ekumenick%C3%A1-bohoslu%C5%BEba-za-jednotu-kres%C5%A5anov_31.1.2021-211x300.jpg","type":"","width":"","height":""}],"author":"administr\u00e1tor","twitter_card":"summary_large_image","twitter_misc":{"Autor":"administr\u00e1tor","Predpokladan\u00fd \u010das \u010d\u00edtania":"2 min\u00faty"},"schema":{"@context":"https:\/\/schema.org","@graph":[{"@type":"Article","@id":"https:\/\/kestaremesto.grkatke.sk\/?p=2578#article","isPartOf":{"@id":"https:\/\/kestaremesto.grkatke.sk\/?p=2578"},"author":{"name":"administr\u00e1tor","@id":"https:\/\/kestaremesto.grkatke.sk\/#\/schema\/person\/86c8e7e5841259082af5c5b227e0d69b"},"headline":"Ekumenick\u00e1 bohoslu\u017eba za jednotu kres\u0165anov 31. 01. 2021 o 18:00 h \u2013 online","datePublished":"2021-01-23T21:32:12+00:00","dateModified":"2021-02-02T23:46:31+00:00","mainEntityOfPage":{"@id":"https:\/\/kestaremesto.grkatke.sk\/?p=2578"},"wordCount":317,"image":{"@id":"https:\/\/kestaremesto.grkatke.sk\/?p=2578#primaryimage"},"thumbnailUrl":"http:\/\/ekumenake.rimkat.sk\/wp-content\/uploads\/2021\/01\/plag%C3%A1t_Ekumenick%C3%A1-bohoslu%C5%BEba-za-jednotu-kres%C5%A5anov_31.1.2021-211x300.jpg","articleSection":["Aktuality"],"inLanguage":"sk-SK"},{"@type":"WebPage","@id":"https:\/\/kestaremesto.grkatke.sk\/?p=2578","url":"https:\/\/kestaremesto.grkatke.sk\/?p=2578","name":"Ekumenick\u00e1 bohoslu\u017eba za jednotu kres\u0165anov 31. 01. 2021 o 18:00 h \u2013 online - GR\u00c9CKOKATOL\u00cdCKA CIRKEV FARNOS\u0164 KO\u0160ICE - STAR\u00c9 MESTO","isPartOf":{"@id":"https:\/\/kestaremesto.grkatke.sk\/#website"},"primaryImageOfPage":{"@id":"https:\/\/kestaremesto.grkatke.sk\/?p=2578#primaryimage"},"image":{"@id":"https:\/\/kestaremesto.grkatke.sk\/?p=2578#primaryimage"},"thumbnailUrl":"http:\/\/ekumenake.rimkat.sk\/wp-content\/uploads\/2021\/01\/plag%C3%A1t_Ekumenick%C3%A1-bohoslu%C5%BEba-za-jednotu-kres%C5%A5anov_31.1.2021-211x300.jpg","datePublished":"2021-01-23T21:32:12+00:00","dateModified":"2021-02-02T23:46:31+00:00","author":{"@id":"https:\/\/kestaremesto.grkatke.sk\/#\/schema\/person\/86c8e7e5841259082af5c5b227e0d69b"},"breadcrumb":{"@id":"https:\/\/kestaremesto.grkatke.sk\/?p=2578#breadcrumb"},"inLanguage":"sk-SK","potentialAction":[{"@type":"ReadAction","target":["https:\/\/kestaremesto.grkatke.sk\/?p=2578"]}]},{"@type":"ImageObject","inLanguage":"sk-SK","@id":"https:\/\/kestaremesto.grkatke.sk\/?p=2578#primaryimage","url":"http:\/\/ekumenake.rimkat.sk\/wp-content\/uploads\/2021\/01\/plag%C3%A1t_Ekumenick%C3%A1-bohoslu%C5%BEba-za-jednotu-kres%C5%A5anov_31.1.2021-211x300.jpg","contentUrl":"http:\/\/ekumenake.rimkat.sk\/wp-content\/uploads\/2021\/01\/plag%C3%A1t_Ekumenick%C3%A1-bohoslu%C5%BEba-za-jednotu-kres%C5%A5anov_31.1.2021-211x300.jpg"},{"@type":"BreadcrumbList","@id":"https:\/\/kestaremesto.grkatke.sk\/?p=2578#breadcrumb","itemListElement":[{"@type":"ListItem","position":1,"name":"Domovsk\u00e1 str\u00e1nka","item":"https:\/\/kestaremesto.grkatke.sk\/"},{"@type":"ListItem","position":2,"name":"Ekumenick\u00e1 bohoslu\u017eba za jednotu kres\u0165anov 31. 01. 2021 o 18:00 h \u2013 online"}]},{"@type":"WebSite","@id":"https:\/\/kestaremesto.grkatke.sk\/#website","url":"https:\/\/kestaremesto.grkatke.sk\/","name":"GR\u00c9CKOKATOL\u00cdCKA CIRKEV FARNOS\u0164 KO\u0160ICE - STAR\u00c9 MESTO","description":"","potentialAction":[{"@type":"SearchAction","target":{"@type":"EntryPoint","urlTemplate":"https:\/\/kestaremesto.grkatke.sk\/?s={search_term_string}"},"query-input":{"@type":"PropertyValueSpecification","valueRequired":true,"valueName":"search_term_string"}}],"inLanguage":"sk-SK"},{"@type":"Person","@id":"https:\/\/kestaremesto.grkatke.sk\/#\/schema\/person\/86c8e7e5841259082af5c5b227e0d69b","name":"administr\u00e1tor","url":"https:\/\/kestaremesto.grkatke.sk\/?author=2"}]}},"_links":{"self":[{"href":"https:\/\/kestaremesto.grkatke.sk\/index.php?rest_route=\/wp\/v2\/posts\/2578","targetHints":{"allow":["GET"]}}],"collection":[{"href":"https:\/\/kestaremesto.grkatke.sk\/index.php?rest_route=\/wp\/v2\/posts"}],"about":[{"href":"https:\/\/kestaremesto.grkatke.sk\/index.php?rest_route=\/wp\/v2\/types\/post"}],"author":[{"embeddable":true,"href":"https:\/\/kestaremesto.grkatke.sk\/index.php?rest_route=\/wp\/v2\/users\/2"}],"replies":[{"embeddable":true,"href":"https:\/\/kestaremesto.grkatke.sk\/index.php?rest_route=%2Fwp%2Fv2%2Fcomments&post=2578"}],"version-history":[{"count":6,"href":"https:\/\/kestaremesto.grkatke.sk\/index.php?rest_route=\/wp\/v2\/posts\/2578\/revisions"}],"predecessor-version":[{"id":2585,"href":"https:\/\/kestaremesto.grkatke.sk\/index.php?rest_route=\/wp\/v2\/posts\/2578\/revisions\/2585"}],"wp:attachment":[{"href":"https:\/\/kestaremesto.grkatke.sk\/index.php?rest_route=%2Fwp%2Fv2%2Fmedia&parent=2578"}],"wp:term":[{"taxonomy":"category","embeddable":true,"href":"https:\/\/kestaremesto.grkatke.sk\/index.php?rest_route=%2Fwp%2Fv2%2Fcategories&post=2578"},{"taxonomy":"post_tag","embeddable":true,"href":"https:\/\/kestaremesto.grkatke.sk\/index.php?rest_route=%2Fwp%2Fv2%2Ftags&post=2578"}],"curies":[{"name":"wp","href":"https:\/\/api.w.org\/{rel}","templated":true}]}}