{"id":301,"date":"2016-10-29T12:00:16","date_gmt":"2016-10-29T10:00:16","guid":{"rendered":"https:\/\/kestaremesto.grkatke.sk\/?p=301"},"modified":"2016-10-29T12:00:16","modified_gmt":"2016-10-29T10:00:16","slug":"vecna-im-pamiatka","status":"publish","type":"post","link":"https:\/\/kestaremesto.grkatke.sk\/?p=301","title":{"rendered":"Ve\u010dn\u00e1 im pamiatka!"},"content":{"rendered":"<p style=\"text-align: justify;\">M\u00e1me ka\u017edodenn\u00fa sk\u00fasenos\u0165 s\u00a0t\u00fdm, \u017ee mnoh\u00e9 veci, ale aj osoby, upadaj\u00fa do zabudnutia. Veci s\u00fa nepodstatn\u00e9. Nakoniec, v\u0161etko sa raz premen\u00ed nejak\u00fdm sp\u00f4sobom na prach. S\u00a0\u010dlovekom je to v\u0161ak in\u00e9. Ak vn\u00edmame v\u00fdnimo\u010dnos\u0165 \u017eivota, ale aj v\u00fdnimo\u010dnos\u0165 svojej vlastnej existencie, mocnie najprv pocit, potom aj presved\u010denie, \u017ee sme ve\u010dn\u00ed. Koniec koncov, je to aj jedna zo \u0161iestich hlavn\u00fdch pr\u00e1vd, ktor\u00e1 hovor\u00ed, \u017ee \u013eudsk\u00e1 du\u0161a je nesmrte\u013en\u00e1. Ve\u010dnos\u0165 by v\u0161ak mohla by\u0165 aj nudn\u00e1 a\u00a0otravn\u00e1. Mohla by by\u0165 za ist\u00fdch okolnost\u00ed aj prekliat\u00edm, ak by bola \u010disto \u013eudsk\u00e1, odl\u00fa\u010den\u00e1 od Boha a\u00a0jeho l\u00e1sky.<\/p>\n<p style=\"text-align: justify;\">Tu op\u00e4\u0165 nach\u00e1dzame u\u010denie Cirkvi ako svetlo, ktor\u00e9 prenik\u00e1 neistotu, a\u00a0ktor\u00e9 n\u00e1s uv\u00e1dza do hmatate\u013enej chuti ve\u010dnosti, ktor\u00e1 je ako nevy\u010derpate\u013en\u00fd prame\u0148 na\u0161ich naj\u010distej\u0161\u00edch t\u00fa\u017eob po plnom \u017eivote. V\u00a0t\u00fdchto nasleduj\u00facich d\u0148och rozm\u00fd\u0161\u013eame a\u00a0pripom\u00edname si na\u0161ich zosnul\u00fdch, ale aj miesta ve\u010dnosti, ako n\u00e1m ich zjavil Boh. Samozrejme, \u017ee t\u00fa\u017eime po nebi. Pripome\u0148me si, \u010do je nebo, aby sme tak upevnili na\u0161u t\u00fa\u017ebu po \u0148om a\u00a0sna\u017eili pom\u00f4c\u0165 pr\u00eds\u0165 do neba t\u00fdm, ktor\u00ed s\u00fa v\u00a0o\u010distci. \u201eNebo je Bo\u017eie prostredie, pr\u00edbytok anjelov a\u00a0sv\u00e4t\u00fdch a cie\u013e stvorenia. Slovami \u201enebo a zem&#8220; ozna\u010dujeme v\u0161etko stvorenie\u201c [Porov. KKC 325 &#8211; 327].<\/p>\n<p style=\"text-align: justify;\">Nebo nie je miesto kdesi vo vesm\u00edre. Je to stav ve\u010dnosti. Nebo je tam, kde sa uskuto\u010d\u0148uje Bo\u017eia v\u00f4\u013ea bez najmen\u0161ieho odporu. Nebo je aj vtedy, ke\u010f \u017eivot dosiahne najvy\u0161\u0161iu intenzitu a bla\u017eenos\u0165 &#8211; tak\u00fd \u017eivot v\u0161ak nen\u00e1jdeme na zemi. Ak sa raz s Bo\u017eou pomocou dostaneme do neba, \u010dak\u00e1 na n\u00e1s to, \u010do \u201eani oko nevidelo, ani ucho nepo\u010dulo, ani do \u013eudsk\u00e9ho srdca nevyst\u00fapilo, \u010do Boh pripravil t\u00fdm, ktor\u00ed ho miluj\u00fa&#8220; (1 Kor\u00ed, 9). Toto je n\u00e1\u0161 cie\u013e.<\/p>\n<p style=\"text-align: justify;\">Peklo je stav definit\u00edvneho odl\u00fa\u010denia od Boha a\u00a0je ve\u010dn\u00e9. Ale je aj o\u010distec. T\u00ed, ktor\u00ed s\u00fa v\u00a0o\u010distci, pr\u00eddu raz do neba. Zomreli zmieren\u00ed s\u00a0Bohom a\u00a0\u013eu\u010fmi, len potrebuj\u00fa o\u010distenie, k\u00fdm bud\u00fa m\u00f4c\u0165 h\u013eadie\u0165 Bohu z\u00a0tv\u00e1re do tv\u00e1re. A\u00a0tu im m\u00f4\u017eeme pom\u00f4c\u0165 my a\u00a0ukon\u010di\u0165 ich utrpenie na ceste do neba. Nev\u00e1hajme pom\u00f4c\u0165 zosnul\u00fdm a obetova\u0165 za nich svoje modlitby. Vyu\u017e\u00edvajme plnomocn\u00e9 odpustky, ktor\u00e9 Cirkev ako matka pon\u00faka svojim de\u0165om na dosiahnutie neba.<\/p>\n","protected":false},"excerpt":{"rendered":"<p>M\u00e1me ka\u017edodenn\u00fa sk\u00fasenos\u0165 s\u00a0t\u00fdm, \u017ee mnoh\u00e9 veci, ale aj osoby, upadaj\u00fa do zabudnutia. Veci s\u00fa nepodstatn\u00e9. Nakoniec, v\u0161etko sa raz premen\u00ed nejak\u00fdm sp\u00f4sobom na prach. S\u00a0\u010dlovekom je to v\u0161ak in\u00e9. Ak vn\u00edmame v\u00fdnimo\u010dnos\u0165 \u017eivota, ale aj v\u00fdnimo\u010dnos\u0165 svojej vlastnej existencie, mocnie najprv pocit, potom aj presved\u010denie, \u017ee sme ve\u010dn\u00ed. Koniec koncov, je to aj jedna [&hellip;]<\/p>\n","protected":false},"author":2,"featured_media":302,"comment_status":"closed","ping_status":"closed","sticky":false,"template":"","format":"standard","meta":{"_coblocks_attr":"","_coblocks_dimensions":"","_coblocks_responsive_height":"","_coblocks_accordion_ie_support":"","footnotes":""},"categories":[3],"tags":[],"class_list":["post-301","post","type-post","status-publish","format-standard","has-post-thumbnail","hentry","category-prihovor"],"yoast_head":"<!-- This site is optimized with the Yoast SEO plugin v27.4 - https:\/\/yoast.com\/product\/yoast-seo-wordpress\/ -->\n<title>Ve\u010dn\u00e1 im pamiatka! - GR\u00c9CKOKATOL\u00cdCKA CIRKEV FARNOS\u0164 KO\u0160ICE - STAR\u00c9 MESTO<\/title>\n<meta name=\"robots\" content=\"index, follow, max-snippet:-1, max-image-preview:large, max-video-preview:-1\" \/>\n<link rel=\"canonical\" href=\"https:\/\/kestaremesto.grkatke.sk\/?p=301\" \/>\n<meta property=\"og:locale\" content=\"sk_SK\" \/>\n<meta property=\"og:type\" content=\"article\" \/>\n<meta property=\"og:title\" content=\"Ve\u010dn\u00e1 im pamiatka! - GR\u00c9CKOKATOL\u00cdCKA CIRKEV FARNOS\u0164 KO\u0160ICE - STAR\u00c9 MESTO\" \/>\n<meta property=\"og:description\" content=\"M\u00e1me ka\u017edodenn\u00fa sk\u00fasenos\u0165 s\u00a0t\u00fdm, \u017ee mnoh\u00e9 veci, ale aj osoby, upadaj\u00fa do zabudnutia. Veci s\u00fa nepodstatn\u00e9. Nakoniec, v\u0161etko sa raz premen\u00ed nejak\u00fdm sp\u00f4sobom na prach. S\u00a0\u010dlovekom je to v\u0161ak in\u00e9. Ak vn\u00edmame v\u00fdnimo\u010dnos\u0165 \u017eivota, ale aj v\u00fdnimo\u010dnos\u0165 svojej vlastnej existencie, mocnie najprv pocit, potom aj presved\u010denie, \u017ee sme ve\u010dn\u00ed. Koniec koncov, je to aj jedna [&hellip;]\" \/>\n<meta property=\"og:url\" content=\"https:\/\/kestaremesto.grkatke.sk\/?p=301\" \/>\n<meta property=\"og:site_name\" content=\"GR\u00c9CKOKATOL\u00cdCKA CIRKEV FARNOS\u0164 KO\u0160ICE - STAR\u00c9 MESTO\" \/>\n<meta property=\"article:publisher\" content=\"https:\/\/www.facebook.com\/Na%c5%a1a-Katedr%c3%a1la-231637610336060\/\" \/>\n<meta property=\"article:published_time\" content=\"2016-10-29T10:00:16+00:00\" \/>\n<meta property=\"og:image\" content=\"https:\/\/kestaremesto.grkatke.sk\/wp-content\/uploads\/2016\/10\/DSC00775.jpg\" \/>\n\t<meta property=\"og:image:width\" content=\"3872\" \/>\n\t<meta property=\"og:image:height\" content=\"2592\" \/>\n\t<meta property=\"og:image:type\" content=\"image\/jpeg\" \/>\n<meta name=\"author\" content=\"administr\u00e1tor\" \/>\n<meta name=\"twitter:card\" content=\"summary_large_image\" \/>\n<meta name=\"twitter:label1\" content=\"Autor\" \/>\n\t<meta name=\"twitter:data1\" content=\"administr\u00e1tor\" \/>\n\t<meta name=\"twitter:label2\" content=\"Predpokladan\u00fd \u010das \u010d\u00edtania\" \/>\n\t<meta name=\"twitter:data2\" content=\"2 min\u00faty\" \/>\n<script type=\"application\/ld+json\" class=\"yoast-schema-graph\">{\"@context\":\"https:\\\/\\\/schema.org\",\"@graph\":[{\"@type\":\"Article\",\"@id\":\"https:\\\/\\\/kestaremesto.grkatke.sk\\\/?p=301#article\",\"isPartOf\":{\"@id\":\"https:\\\/\\\/kestaremesto.grkatke.sk\\\/?p=301\"},\"author\":{\"name\":\"administr\u00e1tor\",\"@id\":\"https:\\\/\\\/kestaremesto.grkatke.sk\\\/#\\\/schema\\\/person\\\/86c8e7e5841259082af5c5b227e0d69b\"},\"headline\":\"Ve\u010dn\u00e1 im pamiatka!\",\"datePublished\":\"2016-10-29T10:00:16+00:00\",\"mainEntityOfPage\":{\"@id\":\"https:\\\/\\\/kestaremesto.grkatke.sk\\\/?p=301\"},\"wordCount\":451,\"image\":{\"@id\":\"https:\\\/\\\/kestaremesto.grkatke.sk\\\/?p=301#primaryimage\"},\"thumbnailUrl\":\"https:\\\/\\\/kestaremesto.grkatke.sk\\\/wp-content\\\/uploads\\\/2016\\\/10\\\/DSC00775.jpg\",\"articleSection\":[\"Pr\u00edhovor\"],\"inLanguage\":\"sk-SK\"},{\"@type\":\"WebPage\",\"@id\":\"https:\\\/\\\/kestaremesto.grkatke.sk\\\/?p=301\",\"url\":\"https:\\\/\\\/kestaremesto.grkatke.sk\\\/?p=301\",\"name\":\"Ve\u010dn\u00e1 im pamiatka! - GR\u00c9CKOKATOL\u00cdCKA CIRKEV FARNOS\u0164 KO\u0160ICE - STAR\u00c9 MESTO\",\"isPartOf\":{\"@id\":\"https:\\\/\\\/kestaremesto.grkatke.sk\\\/#website\"},\"primaryImageOfPage\":{\"@id\":\"https:\\\/\\\/kestaremesto.grkatke.sk\\\/?p=301#primaryimage\"},\"image\":{\"@id\":\"https:\\\/\\\/kestaremesto.grkatke.sk\\\/?p=301#primaryimage\"},\"thumbnailUrl\":\"https:\\\/\\\/kestaremesto.grkatke.sk\\\/wp-content\\\/uploads\\\/2016\\\/10\\\/DSC00775.jpg\",\"datePublished\":\"2016-10-29T10:00:16+00:00\",\"author\":{\"@id\":\"https:\\\/\\\/kestaremesto.grkatke.sk\\\/#\\\/schema\\\/person\\\/86c8e7e5841259082af5c5b227e0d69b\"},\"breadcrumb\":{\"@id\":\"https:\\\/\\\/kestaremesto.grkatke.sk\\\/?p=301#breadcrumb\"},\"inLanguage\":\"sk-SK\",\"potentialAction\":[{\"@type\":\"ReadAction\",\"target\":[\"https:\\\/\\\/kestaremesto.grkatke.sk\\\/?p=301\"]}]},{\"@type\":\"ImageObject\",\"inLanguage\":\"sk-SK\",\"@id\":\"https:\\\/\\\/kestaremesto.grkatke.sk\\\/?p=301#primaryimage\",\"url\":\"https:\\\/\\\/kestaremesto.grkatke.sk\\\/wp-content\\\/uploads\\\/2016\\\/10\\\/DSC00775.jpg\",\"contentUrl\":\"https:\\\/\\\/kestaremesto.grkatke.sk\\\/wp-content\\\/uploads\\\/2016\\\/10\\\/DSC00775.jpg\",\"width\":3872,\"height\":2592,\"caption\":\"SONY DSC\"},{\"@type\":\"BreadcrumbList\",\"@id\":\"https:\\\/\\\/kestaremesto.grkatke.sk\\\/?p=301#breadcrumb\",\"itemListElement\":[{\"@type\":\"ListItem\",\"position\":1,\"name\":\"Domovsk\u00e1 str\u00e1nka\",\"item\":\"https:\\\/\\\/kestaremesto.grkatke.sk\\\/\"},{\"@type\":\"ListItem\",\"position\":2,\"name\":\"Ve\u010dn\u00e1 im pamiatka!\"}]},{\"@type\":\"WebSite\",\"@id\":\"https:\\\/\\\/kestaremesto.grkatke.sk\\\/#website\",\"url\":\"https:\\\/\\\/kestaremesto.grkatke.sk\\\/\",\"name\":\"GR\u00c9CKOKATOL\u00cdCKA CIRKEV FARNOS\u0164 KO\u0160ICE - STAR\u00c9 MESTO\",\"description\":\"\",\"potentialAction\":[{\"@type\":\"SearchAction\",\"target\":{\"@type\":\"EntryPoint\",\"urlTemplate\":\"https:\\\/\\\/kestaremesto.grkatke.sk\\\/?s={search_term_string}\"},\"query-input\":{\"@type\":\"PropertyValueSpecification\",\"valueRequired\":true,\"valueName\":\"search_term_string\"}}],\"inLanguage\":\"sk-SK\"},{\"@type\":\"Person\",\"@id\":\"https:\\\/\\\/kestaremesto.grkatke.sk\\\/#\\\/schema\\\/person\\\/86c8e7e5841259082af5c5b227e0d69b\",\"name\":\"administr\u00e1tor\",\"url\":\"https:\\\/\\\/kestaremesto.grkatke.sk\\\/?author=2\"}]}<\/script>\n<!-- \/ Yoast SEO plugin. -->","yoast_head_json":{"title":"Ve\u010dn\u00e1 im pamiatka! - GR\u00c9CKOKATOL\u00cdCKA CIRKEV FARNOS\u0164 KO\u0160ICE - STAR\u00c9 MESTO","robots":{"index":"index","follow":"follow","max-snippet":"max-snippet:-1","max-image-preview":"max-image-preview:large","max-video-preview":"max-video-preview:-1"},"canonical":"https:\/\/kestaremesto.grkatke.sk\/?p=301","og_locale":"sk_SK","og_type":"article","og_title":"Ve\u010dn\u00e1 im pamiatka! - GR\u00c9CKOKATOL\u00cdCKA CIRKEV FARNOS\u0164 KO\u0160ICE - STAR\u00c9 MESTO","og_description":"M\u00e1me ka\u017edodenn\u00fa sk\u00fasenos\u0165 s\u00a0t\u00fdm, \u017ee mnoh\u00e9 veci, ale aj osoby, upadaj\u00fa do zabudnutia. Veci s\u00fa nepodstatn\u00e9. Nakoniec, v\u0161etko sa raz premen\u00ed nejak\u00fdm sp\u00f4sobom na prach. S\u00a0\u010dlovekom je to v\u0161ak in\u00e9. Ak vn\u00edmame v\u00fdnimo\u010dnos\u0165 \u017eivota, ale aj v\u00fdnimo\u010dnos\u0165 svojej vlastnej existencie, mocnie najprv pocit, potom aj presved\u010denie, \u017ee sme ve\u010dn\u00ed. Koniec koncov, je to aj jedna [&hellip;]","og_url":"https:\/\/kestaremesto.grkatke.sk\/?p=301","og_site_name":"GR\u00c9CKOKATOL\u00cdCKA CIRKEV FARNOS\u0164 KO\u0160ICE - STAR\u00c9 MESTO","article_publisher":"https:\/\/www.facebook.com\/Na%c5%a1a-Katedr%c3%a1la-231637610336060\/","article_published_time":"2016-10-29T10:00:16+00:00","og_image":[{"width":3872,"height":2592,"url":"https:\/\/kestaremesto.grkatke.sk\/wp-content\/uploads\/2016\/10\/DSC00775.jpg","type":"image\/jpeg"}],"author":"administr\u00e1tor","twitter_card":"summary_large_image","twitter_misc":{"Autor":"administr\u00e1tor","Predpokladan\u00fd \u010das \u010d\u00edtania":"2 min\u00faty"},"schema":{"@context":"https:\/\/schema.org","@graph":[{"@type":"Article","@id":"https:\/\/kestaremesto.grkatke.sk\/?p=301#article","isPartOf":{"@id":"https:\/\/kestaremesto.grkatke.sk\/?p=301"},"author":{"name":"administr\u00e1tor","@id":"https:\/\/kestaremesto.grkatke.sk\/#\/schema\/person\/86c8e7e5841259082af5c5b227e0d69b"},"headline":"Ve\u010dn\u00e1 im pamiatka!","datePublished":"2016-10-29T10:00:16+00:00","mainEntityOfPage":{"@id":"https:\/\/kestaremesto.grkatke.sk\/?p=301"},"wordCount":451,"image":{"@id":"https:\/\/kestaremesto.grkatke.sk\/?p=301#primaryimage"},"thumbnailUrl":"https:\/\/kestaremesto.grkatke.sk\/wp-content\/uploads\/2016\/10\/DSC00775.jpg","articleSection":["Pr\u00edhovor"],"inLanguage":"sk-SK"},{"@type":"WebPage","@id":"https:\/\/kestaremesto.grkatke.sk\/?p=301","url":"https:\/\/kestaremesto.grkatke.sk\/?p=301","name":"Ve\u010dn\u00e1 im pamiatka! - GR\u00c9CKOKATOL\u00cdCKA CIRKEV FARNOS\u0164 KO\u0160ICE - STAR\u00c9 MESTO","isPartOf":{"@id":"https:\/\/kestaremesto.grkatke.sk\/#website"},"primaryImageOfPage":{"@id":"https:\/\/kestaremesto.grkatke.sk\/?p=301#primaryimage"},"image":{"@id":"https:\/\/kestaremesto.grkatke.sk\/?p=301#primaryimage"},"thumbnailUrl":"https:\/\/kestaremesto.grkatke.sk\/wp-content\/uploads\/2016\/10\/DSC00775.jpg","datePublished":"2016-10-29T10:00:16+00:00","author":{"@id":"https:\/\/kestaremesto.grkatke.sk\/#\/schema\/person\/86c8e7e5841259082af5c5b227e0d69b"},"breadcrumb":{"@id":"https:\/\/kestaremesto.grkatke.sk\/?p=301#breadcrumb"},"inLanguage":"sk-SK","potentialAction":[{"@type":"ReadAction","target":["https:\/\/kestaremesto.grkatke.sk\/?p=301"]}]},{"@type":"ImageObject","inLanguage":"sk-SK","@id":"https:\/\/kestaremesto.grkatke.sk\/?p=301#primaryimage","url":"https:\/\/kestaremesto.grkatke.sk\/wp-content\/uploads\/2016\/10\/DSC00775.jpg","contentUrl":"https:\/\/kestaremesto.grkatke.sk\/wp-content\/uploads\/2016\/10\/DSC00775.jpg","width":3872,"height":2592,"caption":"SONY DSC"},{"@type":"BreadcrumbList","@id":"https:\/\/kestaremesto.grkatke.sk\/?p=301#breadcrumb","itemListElement":[{"@type":"ListItem","position":1,"name":"Domovsk\u00e1 str\u00e1nka","item":"https:\/\/kestaremesto.grkatke.sk\/"},{"@type":"ListItem","position":2,"name":"Ve\u010dn\u00e1 im pamiatka!"}]},{"@type":"WebSite","@id":"https:\/\/kestaremesto.grkatke.sk\/#website","url":"https:\/\/kestaremesto.grkatke.sk\/","name":"GR\u00c9CKOKATOL\u00cdCKA CIRKEV FARNOS\u0164 KO\u0160ICE - STAR\u00c9 MESTO","description":"","potentialAction":[{"@type":"SearchAction","target":{"@type":"EntryPoint","urlTemplate":"https:\/\/kestaremesto.grkatke.sk\/?s={search_term_string}"},"query-input":{"@type":"PropertyValueSpecification","valueRequired":true,"valueName":"search_term_string"}}],"inLanguage":"sk-SK"},{"@type":"Person","@id":"https:\/\/kestaremesto.grkatke.sk\/#\/schema\/person\/86c8e7e5841259082af5c5b227e0d69b","name":"administr\u00e1tor","url":"https:\/\/kestaremesto.grkatke.sk\/?author=2"}]}},"_links":{"self":[{"href":"https:\/\/kestaremesto.grkatke.sk\/index.php?rest_route=\/wp\/v2\/posts\/301","targetHints":{"allow":["GET"]}}],"collection":[{"href":"https:\/\/kestaremesto.grkatke.sk\/index.php?rest_route=\/wp\/v2\/posts"}],"about":[{"href":"https:\/\/kestaremesto.grkatke.sk\/index.php?rest_route=\/wp\/v2\/types\/post"}],"author":[{"embeddable":true,"href":"https:\/\/kestaremesto.grkatke.sk\/index.php?rest_route=\/wp\/v2\/users\/2"}],"replies":[{"embeddable":true,"href":"https:\/\/kestaremesto.grkatke.sk\/index.php?rest_route=%2Fwp%2Fv2%2Fcomments&post=301"}],"version-history":[{"count":1,"href":"https:\/\/kestaremesto.grkatke.sk\/index.php?rest_route=\/wp\/v2\/posts\/301\/revisions"}],"predecessor-version":[{"id":303,"href":"https:\/\/kestaremesto.grkatke.sk\/index.php?rest_route=\/wp\/v2\/posts\/301\/revisions\/303"}],"wp:featuredmedia":[{"embeddable":true,"href":"https:\/\/kestaremesto.grkatke.sk\/index.php?rest_route=\/wp\/v2\/media\/302"}],"wp:attachment":[{"href":"https:\/\/kestaremesto.grkatke.sk\/index.php?rest_route=%2Fwp%2Fv2%2Fmedia&parent=301"}],"wp:term":[{"taxonomy":"category","embeddable":true,"href":"https:\/\/kestaremesto.grkatke.sk\/index.php?rest_route=%2Fwp%2Fv2%2Fcategories&post=301"},{"taxonomy":"post_tag","embeddable":true,"href":"https:\/\/kestaremesto.grkatke.sk\/index.php?rest_route=%2Fwp%2Fv2%2Ftags&post=301"}],"curies":[{"name":"wp","href":"https:\/\/api.w.org\/{rel}","templated":true}]}}