{"id":319,"date":"2016-11-13T07:30:32","date_gmt":"2016-11-13T06:30:32","guid":{"rendered":"https:\/\/kestaremesto.grkatke.sk\/?p=319"},"modified":"2016-11-13T07:30:32","modified_gmt":"2016-11-13T06:30:32","slug":"kristus-ktory-vladne-nas","status":"publish","type":"post","link":"https:\/\/kestaremesto.grkatke.sk\/?p=319","title":{"rendered":"Kristus, ktor\u00fd vl\u00e1dne v n\u00e1s"},"content":{"rendered":"<p style=\"text-align: justify;\">Sviatok Krista kr\u00e1\u013ea bol zaveden\u00fd a\u017e v\u00a0dvadsiatom storo\u010d\u00ed, a\u00a0to napriek tomu, \u017ee my\u0161lienka Krista vl\u00e1dcu je star\u00e1 ako samo Kres\u0165anstvo. Cel\u00e9 Mat\u00fa\u0161ovo evanjelium je pokusom vykresli\u0165 po p\u00e1de Jeruzalema Krista ako nov\u00e9ho vlad\u00e1ra, ktor\u00fd bude vl\u00e1dnu\u0165 tak Izraelitom ako aj Rimanom. Preto Mat\u00fa\u0161ovo evanjelium uv\u00e1dza hne\u010f na svojom za\u010diatku Je\u017ei\u0161ov rodokme\u0148 \u2013tak to bolo be\u017en\u00e9 u\u00a0vlad\u00e1rov. Pre prv\u00fdch kres\u0165anov sa Kristus naozaj stal vlad\u00e1rom ich \u017eivotov. Jeho n\u00e1uka ur\u010dovala konanie prv\u00fdch kres\u0165anov, ktor\u00ed Ho preto zn\u00e1zor\u0148ovali ako Pantokratora \u2013 V\u0161evl\u00e1dcu, a\u00a0to formou sediaceho kr\u00e1\u013ea \u2013 sudcu, \u010do je mo\u017en\u00e9 vidie\u0165 neraz aj na mnoh\u00fdch ikonostasoch na\u0161ich chr\u00e1mov.<\/p>\n<p style=\"text-align: justify;\">N\u00e1s m\u00f4\u017ee te\u0161i\u0165, \u017ee tento vlad\u00e1r, ktor\u00fd vl\u00e1dne nie politickou mocou, ale svojimi mravn\u00fdmi po\u017eiadavkami, ne\u017eiada od n\u00e1s ni\u010d \u0165a\u017ek\u00e9 a\u00a0neuskuto\u010dnite\u013en\u00e9. Ve\u010f kto z\u00a0n\u00e1s u\u017e v\u00a0\u017eivote nepomohol trpiacemu, nenav\u0161t\u00edvil chor\u00e9ho, nenas\u00fdtil pocestn\u00e9ho? Touto n\u00e1ukou a\u00a0t\u00fdmito skutkami Kristus vl\u00e1dne svetu, chce aby v\u00a0\u0148om bolo viac medzi\u013eudskej l\u00e1sky a\u00a0milosrdenstva. Na n\u00e1s kres\u0165anoch z\u00e1le\u017e\u00ed, aby sme svojou \u010dinnos\u0165ou, svoj\u00edm konan\u00edm vytv\u00e1rali aspo\u0148 trochu lep\u0161\u00ed svet, svet, v\u00a0ktorom sa ot\u00e1zky bolesti aspo\u0148 trochu zmiernia.<\/p>\n<p style=\"text-align: justify;\">Jedine ak si uvedom\u00edme svoju spoluzodpovednos\u0165 za stav Bo\u017eieho kr\u00e1\u013eovstva v\u00a0tomto svete, jedine vtedy sme ozajstn\u00fdmi u\u010den\u00edkmi tohto kr\u00e1\u013eovstva, jedine vtedy m\u00e1 Kristova vl\u00e1da pokra\u010dovanie v\u00a0\u017eivote okolo n\u00e1s.<\/p>\n","protected":false},"excerpt":{"rendered":"<p>Sviatok Krista kr\u00e1\u013ea bol zaveden\u00fd a\u017e v\u00a0dvadsiatom storo\u010d\u00ed, a\u00a0to napriek tomu, \u017ee my\u0161lienka Krista vl\u00e1dcu je star\u00e1 ako samo Kres\u0165anstvo. Cel\u00e9 Mat\u00fa\u0161ovo evanjelium je pokusom vykresli\u0165 po p\u00e1de Jeruzalema Krista ako nov\u00e9ho vlad\u00e1ra, ktor\u00fd bude vl\u00e1dnu\u0165 tak Izraelitom ako aj Rimanom. Preto Mat\u00fa\u0161ovo evanjelium uv\u00e1dza hne\u010f na svojom za\u010diatku Je\u017ei\u0161ov rodokme\u0148 \u2013tak to bolo be\u017en\u00e9 [&hellip;]<\/p>\n","protected":false},"author":2,"featured_media":320,"comment_status":"closed","ping_status":"closed","sticky":false,"template":"","format":"standard","meta":{"_coblocks_attr":"","_coblocks_dimensions":"","_coblocks_responsive_height":"","_coblocks_accordion_ie_support":"","footnotes":""},"categories":[3],"tags":[],"class_list":["post-319","post","type-post","status-publish","format-standard","has-post-thumbnail","hentry","category-prihovor"],"yoast_head":"<!-- This site is optimized with the Yoast SEO plugin v27.4 - https:\/\/yoast.com\/product\/yoast-seo-wordpress\/ -->\n<title>Kristus, ktor\u00fd vl\u00e1dne v n\u00e1s - GR\u00c9CKOKATOL\u00cdCKA CIRKEV FARNOS\u0164 KO\u0160ICE - STAR\u00c9 MESTO<\/title>\n<meta name=\"robots\" content=\"index, follow, max-snippet:-1, max-image-preview:large, max-video-preview:-1\" \/>\n<link rel=\"canonical\" href=\"https:\/\/kestaremesto.grkatke.sk\/?p=319\" \/>\n<meta property=\"og:locale\" content=\"sk_SK\" \/>\n<meta property=\"og:type\" content=\"article\" \/>\n<meta property=\"og:title\" content=\"Kristus, ktor\u00fd vl\u00e1dne v n\u00e1s - GR\u00c9CKOKATOL\u00cdCKA CIRKEV FARNOS\u0164 KO\u0160ICE - STAR\u00c9 MESTO\" \/>\n<meta property=\"og:description\" content=\"Sviatok Krista kr\u00e1\u013ea bol zaveden\u00fd a\u017e v\u00a0dvadsiatom storo\u010d\u00ed, a\u00a0to napriek tomu, \u017ee my\u0161lienka Krista vl\u00e1dcu je star\u00e1 ako samo Kres\u0165anstvo. Cel\u00e9 Mat\u00fa\u0161ovo evanjelium je pokusom vykresli\u0165 po p\u00e1de Jeruzalema Krista ako nov\u00e9ho vlad\u00e1ra, ktor\u00fd bude vl\u00e1dnu\u0165 tak Izraelitom ako aj Rimanom. Preto Mat\u00fa\u0161ovo evanjelium uv\u00e1dza hne\u010f na svojom za\u010diatku Je\u017ei\u0161ov rodokme\u0148 \u2013tak to bolo be\u017en\u00e9 [&hellip;]\" \/>\n<meta property=\"og:url\" content=\"https:\/\/kestaremesto.grkatke.sk\/?p=319\" \/>\n<meta property=\"og:site_name\" content=\"GR\u00c9CKOKATOL\u00cdCKA CIRKEV FARNOS\u0164 KO\u0160ICE - STAR\u00c9 MESTO\" \/>\n<meta property=\"article:publisher\" content=\"https:\/\/www.facebook.com\/Na%c5%a1a-Katedr%c3%a1la-231637610336060\/\" \/>\n<meta property=\"article:published_time\" content=\"2016-11-13T06:30:32+00:00\" \/>\n<meta property=\"og:image\" content=\"https:\/\/kestaremesto.grkatke.sk\/wp-content\/uploads\/2016\/11\/denver-pantokrator.jpg\" \/>\n\t<meta property=\"og:image:width\" content=\"1024\" \/>\n\t<meta property=\"og:image:height\" content=\"768\" \/>\n\t<meta property=\"og:image:type\" content=\"image\/jpeg\" \/>\n<meta name=\"author\" content=\"administr\u00e1tor\" \/>\n<meta name=\"twitter:card\" content=\"summary_large_image\" \/>\n<meta name=\"twitter:label1\" content=\"Autor\" \/>\n\t<meta name=\"twitter:data1\" content=\"administr\u00e1tor\" \/>\n\t<meta name=\"twitter:label2\" content=\"Predpokladan\u00fd \u010das \u010d\u00edtania\" \/>\n\t<meta name=\"twitter:data2\" content=\"1 min\u00fata\" \/>\n<script type=\"application\/ld+json\" class=\"yoast-schema-graph\">{\"@context\":\"https:\\\/\\\/schema.org\",\"@graph\":[{\"@type\":\"Article\",\"@id\":\"https:\\\/\\\/kestaremesto.grkatke.sk\\\/?p=319#article\",\"isPartOf\":{\"@id\":\"https:\\\/\\\/kestaremesto.grkatke.sk\\\/?p=319\"},\"author\":{\"name\":\"administr\u00e1tor\",\"@id\":\"https:\\\/\\\/kestaremesto.grkatke.sk\\\/#\\\/schema\\\/person\\\/86c8e7e5841259082af5c5b227e0d69b\"},\"headline\":\"Kristus, ktor\u00fd vl\u00e1dne v n\u00e1s\",\"datePublished\":\"2016-11-13T06:30:32+00:00\",\"mainEntityOfPage\":{\"@id\":\"https:\\\/\\\/kestaremesto.grkatke.sk\\\/?p=319\"},\"wordCount\":286,\"image\":{\"@id\":\"https:\\\/\\\/kestaremesto.grkatke.sk\\\/?p=319#primaryimage\"},\"thumbnailUrl\":\"https:\\\/\\\/kestaremesto.grkatke.sk\\\/wp-content\\\/uploads\\\/2016\\\/11\\\/denver-pantokrator.jpg\",\"articleSection\":[\"Pr\u00edhovor\"],\"inLanguage\":\"sk-SK\"},{\"@type\":\"WebPage\",\"@id\":\"https:\\\/\\\/kestaremesto.grkatke.sk\\\/?p=319\",\"url\":\"https:\\\/\\\/kestaremesto.grkatke.sk\\\/?p=319\",\"name\":\"Kristus, ktor\u00fd vl\u00e1dne v n\u00e1s - GR\u00c9CKOKATOL\u00cdCKA CIRKEV FARNOS\u0164 KO\u0160ICE - STAR\u00c9 MESTO\",\"isPartOf\":{\"@id\":\"https:\\\/\\\/kestaremesto.grkatke.sk\\\/#website\"},\"primaryImageOfPage\":{\"@id\":\"https:\\\/\\\/kestaremesto.grkatke.sk\\\/?p=319#primaryimage\"},\"image\":{\"@id\":\"https:\\\/\\\/kestaremesto.grkatke.sk\\\/?p=319#primaryimage\"},\"thumbnailUrl\":\"https:\\\/\\\/kestaremesto.grkatke.sk\\\/wp-content\\\/uploads\\\/2016\\\/11\\\/denver-pantokrator.jpg\",\"datePublished\":\"2016-11-13T06:30:32+00:00\",\"author\":{\"@id\":\"https:\\\/\\\/kestaremesto.grkatke.sk\\\/#\\\/schema\\\/person\\\/86c8e7e5841259082af5c5b227e0d69b\"},\"breadcrumb\":{\"@id\":\"https:\\\/\\\/kestaremesto.grkatke.sk\\\/?p=319#breadcrumb\"},\"inLanguage\":\"sk-SK\",\"potentialAction\":[{\"@type\":\"ReadAction\",\"target\":[\"https:\\\/\\\/kestaremesto.grkatke.sk\\\/?p=319\"]}]},{\"@type\":\"ImageObject\",\"inLanguage\":\"sk-SK\",\"@id\":\"https:\\\/\\\/kestaremesto.grkatke.sk\\\/?p=319#primaryimage\",\"url\":\"https:\\\/\\\/kestaremesto.grkatke.sk\\\/wp-content\\\/uploads\\\/2016\\\/11\\\/denver-pantokrator.jpg\",\"contentUrl\":\"https:\\\/\\\/kestaremesto.grkatke.sk\\\/wp-content\\\/uploads\\\/2016\\\/11\\\/denver-pantokrator.jpg\",\"width\":1024,\"height\":768},{\"@type\":\"BreadcrumbList\",\"@id\":\"https:\\\/\\\/kestaremesto.grkatke.sk\\\/?p=319#breadcrumb\",\"itemListElement\":[{\"@type\":\"ListItem\",\"position\":1,\"name\":\"Domovsk\u00e1 str\u00e1nka\",\"item\":\"https:\\\/\\\/kestaremesto.grkatke.sk\\\/\"},{\"@type\":\"ListItem\",\"position\":2,\"name\":\"Kristus, ktor\u00fd vl\u00e1dne v n\u00e1s\"}]},{\"@type\":\"WebSite\",\"@id\":\"https:\\\/\\\/kestaremesto.grkatke.sk\\\/#website\",\"url\":\"https:\\\/\\\/kestaremesto.grkatke.sk\\\/\",\"name\":\"GR\u00c9CKOKATOL\u00cdCKA CIRKEV FARNOS\u0164 KO\u0160ICE - STAR\u00c9 MESTO\",\"description\":\"\",\"potentialAction\":[{\"@type\":\"SearchAction\",\"target\":{\"@type\":\"EntryPoint\",\"urlTemplate\":\"https:\\\/\\\/kestaremesto.grkatke.sk\\\/?s={search_term_string}\"},\"query-input\":{\"@type\":\"PropertyValueSpecification\",\"valueRequired\":true,\"valueName\":\"search_term_string\"}}],\"inLanguage\":\"sk-SK\"},{\"@type\":\"Person\",\"@id\":\"https:\\\/\\\/kestaremesto.grkatke.sk\\\/#\\\/schema\\\/person\\\/86c8e7e5841259082af5c5b227e0d69b\",\"name\":\"administr\u00e1tor\",\"url\":\"https:\\\/\\\/kestaremesto.grkatke.sk\\\/?author=2\"}]}<\/script>\n<!-- \/ Yoast SEO plugin. -->","yoast_head_json":{"title":"Kristus, ktor\u00fd vl\u00e1dne v n\u00e1s - GR\u00c9CKOKATOL\u00cdCKA CIRKEV FARNOS\u0164 KO\u0160ICE - STAR\u00c9 MESTO","robots":{"index":"index","follow":"follow","max-snippet":"max-snippet:-1","max-image-preview":"max-image-preview:large","max-video-preview":"max-video-preview:-1"},"canonical":"https:\/\/kestaremesto.grkatke.sk\/?p=319","og_locale":"sk_SK","og_type":"article","og_title":"Kristus, ktor\u00fd vl\u00e1dne v n\u00e1s - GR\u00c9CKOKATOL\u00cdCKA CIRKEV FARNOS\u0164 KO\u0160ICE - STAR\u00c9 MESTO","og_description":"Sviatok Krista kr\u00e1\u013ea bol zaveden\u00fd a\u017e v\u00a0dvadsiatom storo\u010d\u00ed, a\u00a0to napriek tomu, \u017ee my\u0161lienka Krista vl\u00e1dcu je star\u00e1 ako samo Kres\u0165anstvo. Cel\u00e9 Mat\u00fa\u0161ovo evanjelium je pokusom vykresli\u0165 po p\u00e1de Jeruzalema Krista ako nov\u00e9ho vlad\u00e1ra, ktor\u00fd bude vl\u00e1dnu\u0165 tak Izraelitom ako aj Rimanom. Preto Mat\u00fa\u0161ovo evanjelium uv\u00e1dza hne\u010f na svojom za\u010diatku Je\u017ei\u0161ov rodokme\u0148 \u2013tak to bolo be\u017en\u00e9 [&hellip;]","og_url":"https:\/\/kestaremesto.grkatke.sk\/?p=319","og_site_name":"GR\u00c9CKOKATOL\u00cdCKA CIRKEV FARNOS\u0164 KO\u0160ICE - STAR\u00c9 MESTO","article_publisher":"https:\/\/www.facebook.com\/Na%c5%a1a-Katedr%c3%a1la-231637610336060\/","article_published_time":"2016-11-13T06:30:32+00:00","og_image":[{"width":1024,"height":768,"url":"https:\/\/kestaremesto.grkatke.sk\/wp-content\/uploads\/2016\/11\/denver-pantokrator.jpg","type":"image\/jpeg"}],"author":"administr\u00e1tor","twitter_card":"summary_large_image","twitter_misc":{"Autor":"administr\u00e1tor","Predpokladan\u00fd \u010das \u010d\u00edtania":"1 min\u00fata"},"schema":{"@context":"https:\/\/schema.org","@graph":[{"@type":"Article","@id":"https:\/\/kestaremesto.grkatke.sk\/?p=319#article","isPartOf":{"@id":"https:\/\/kestaremesto.grkatke.sk\/?p=319"},"author":{"name":"administr\u00e1tor","@id":"https:\/\/kestaremesto.grkatke.sk\/#\/schema\/person\/86c8e7e5841259082af5c5b227e0d69b"},"headline":"Kristus, ktor\u00fd vl\u00e1dne v n\u00e1s","datePublished":"2016-11-13T06:30:32+00:00","mainEntityOfPage":{"@id":"https:\/\/kestaremesto.grkatke.sk\/?p=319"},"wordCount":286,"image":{"@id":"https:\/\/kestaremesto.grkatke.sk\/?p=319#primaryimage"},"thumbnailUrl":"https:\/\/kestaremesto.grkatke.sk\/wp-content\/uploads\/2016\/11\/denver-pantokrator.jpg","articleSection":["Pr\u00edhovor"],"inLanguage":"sk-SK"},{"@type":"WebPage","@id":"https:\/\/kestaremesto.grkatke.sk\/?p=319","url":"https:\/\/kestaremesto.grkatke.sk\/?p=319","name":"Kristus, ktor\u00fd vl\u00e1dne v n\u00e1s - GR\u00c9CKOKATOL\u00cdCKA CIRKEV FARNOS\u0164 KO\u0160ICE - STAR\u00c9 MESTO","isPartOf":{"@id":"https:\/\/kestaremesto.grkatke.sk\/#website"},"primaryImageOfPage":{"@id":"https:\/\/kestaremesto.grkatke.sk\/?p=319#primaryimage"},"image":{"@id":"https:\/\/kestaremesto.grkatke.sk\/?p=319#primaryimage"},"thumbnailUrl":"https:\/\/kestaremesto.grkatke.sk\/wp-content\/uploads\/2016\/11\/denver-pantokrator.jpg","datePublished":"2016-11-13T06:30:32+00:00","author":{"@id":"https:\/\/kestaremesto.grkatke.sk\/#\/schema\/person\/86c8e7e5841259082af5c5b227e0d69b"},"breadcrumb":{"@id":"https:\/\/kestaremesto.grkatke.sk\/?p=319#breadcrumb"},"inLanguage":"sk-SK","potentialAction":[{"@type":"ReadAction","target":["https:\/\/kestaremesto.grkatke.sk\/?p=319"]}]},{"@type":"ImageObject","inLanguage":"sk-SK","@id":"https:\/\/kestaremesto.grkatke.sk\/?p=319#primaryimage","url":"https:\/\/kestaremesto.grkatke.sk\/wp-content\/uploads\/2016\/11\/denver-pantokrator.jpg","contentUrl":"https:\/\/kestaremesto.grkatke.sk\/wp-content\/uploads\/2016\/11\/denver-pantokrator.jpg","width":1024,"height":768},{"@type":"BreadcrumbList","@id":"https:\/\/kestaremesto.grkatke.sk\/?p=319#breadcrumb","itemListElement":[{"@type":"ListItem","position":1,"name":"Domovsk\u00e1 str\u00e1nka","item":"https:\/\/kestaremesto.grkatke.sk\/"},{"@type":"ListItem","position":2,"name":"Kristus, ktor\u00fd vl\u00e1dne v n\u00e1s"}]},{"@type":"WebSite","@id":"https:\/\/kestaremesto.grkatke.sk\/#website","url":"https:\/\/kestaremesto.grkatke.sk\/","name":"GR\u00c9CKOKATOL\u00cdCKA CIRKEV FARNOS\u0164 KO\u0160ICE - STAR\u00c9 MESTO","description":"","potentialAction":[{"@type":"SearchAction","target":{"@type":"EntryPoint","urlTemplate":"https:\/\/kestaremesto.grkatke.sk\/?s={search_term_string}"},"query-input":{"@type":"PropertyValueSpecification","valueRequired":true,"valueName":"search_term_string"}}],"inLanguage":"sk-SK"},{"@type":"Person","@id":"https:\/\/kestaremesto.grkatke.sk\/#\/schema\/person\/86c8e7e5841259082af5c5b227e0d69b","name":"administr\u00e1tor","url":"https:\/\/kestaremesto.grkatke.sk\/?author=2"}]}},"_links":{"self":[{"href":"https:\/\/kestaremesto.grkatke.sk\/index.php?rest_route=\/wp\/v2\/posts\/319","targetHints":{"allow":["GET"]}}],"collection":[{"href":"https:\/\/kestaremesto.grkatke.sk\/index.php?rest_route=\/wp\/v2\/posts"}],"about":[{"href":"https:\/\/kestaremesto.grkatke.sk\/index.php?rest_route=\/wp\/v2\/types\/post"}],"author":[{"embeddable":true,"href":"https:\/\/kestaremesto.grkatke.sk\/index.php?rest_route=\/wp\/v2\/users\/2"}],"replies":[{"embeddable":true,"href":"https:\/\/kestaremesto.grkatke.sk\/index.php?rest_route=%2Fwp%2Fv2%2Fcomments&post=319"}],"version-history":[{"count":1,"href":"https:\/\/kestaremesto.grkatke.sk\/index.php?rest_route=\/wp\/v2\/posts\/319\/revisions"}],"predecessor-version":[{"id":321,"href":"https:\/\/kestaremesto.grkatke.sk\/index.php?rest_route=\/wp\/v2\/posts\/319\/revisions\/321"}],"wp:featuredmedia":[{"embeddable":true,"href":"https:\/\/kestaremesto.grkatke.sk\/index.php?rest_route=\/wp\/v2\/media\/320"}],"wp:attachment":[{"href":"https:\/\/kestaremesto.grkatke.sk\/index.php?rest_route=%2Fwp%2Fv2%2Fmedia&parent=319"}],"wp:term":[{"taxonomy":"category","embeddable":true,"href":"https:\/\/kestaremesto.grkatke.sk\/index.php?rest_route=%2Fwp%2Fv2%2Fcategories&post=319"},{"taxonomy":"post_tag","embeddable":true,"href":"https:\/\/kestaremesto.grkatke.sk\/index.php?rest_route=%2Fwp%2Fv2%2Ftags&post=319"}],"curies":[{"name":"wp","href":"https:\/\/api.w.org\/{rel}","templated":true}]}}