{"id":3234,"date":"2021-03-27T18:55:59","date_gmt":"2021-03-27T17:55:59","guid":{"rendered":"https:\/\/kestaremesto.grkatke.sk\/?p=3234"},"modified":"2021-03-27T19:03:40","modified_gmt":"2021-03-27T18:03:40","slug":"27-ekumenicky-pasiovy-sprievod02-04-2021-o-1300-h-online","status":"publish","type":"post","link":"https:\/\/kestaremesto.grkatke.sk\/?p=3234","title":{"rendered":"27. Ekumenick\u00fd pa\u0161iov\u00fd sprievod<br\/>02. 04. 2021 o 13:00 h \u2013 online"},"content":{"rendered":"<p><a href=\"https:\/\/www.youtube.com\/channel\/UCAqw5xMfOpS4OQZXJLcFmVg\" target=\"_blank\" rel=\"noopener noreferrer\"><img loading=\"lazy\" decoding=\"async\" class=\"size-medium wp-image-3238 aligncenter\" src=\"https:\/\/kestaremesto.grkatke.sk\/wp-content\/uploads\/2021\/03\/PLAGAT_pasiovy_sprievod_2021-211x300.jpg\" alt=\"\" width=\"211\" height=\"300\" srcset=\"https:\/\/kestaremesto.grkatke.sk\/wp-content\/uploads\/2021\/03\/PLAGAT_pasiovy_sprievod_2021-211x300.jpg 211w, https:\/\/kestaremesto.grkatke.sk\/wp-content\/uploads\/2021\/03\/PLAGAT_pasiovy_sprievod_2021-722x1024.jpg 722w, https:\/\/kestaremesto.grkatke.sk\/wp-content\/uploads\/2021\/03\/PLAGAT_pasiovy_sprievod_2021-768x1090.jpg 768w, https:\/\/kestaremesto.grkatke.sk\/wp-content\/uploads\/2021\/03\/PLAGAT_pasiovy_sprievod_2021-1083x1536.jpg 1083w, https:\/\/kestaremesto.grkatke.sk\/wp-content\/uploads\/2021\/03\/PLAGAT_pasiovy_sprievod_2021-1444x2048.jpg 1444w, https:\/\/kestaremesto.grkatke.sk\/wp-content\/uploads\/2021\/03\/PLAGAT_pasiovy_sprievod_2021.jpg 1748w\" sizes=\"auto, (max-width: 211px) 100vw, 211px\" \/><\/a><\/p>\n<p style=\"font-size: 12px; text-align: center;\">Obr. zdroj: ekumenake.rimkat.sk\/category\/pozvanky\/<\/p>\n<p>&nbsp;<\/p>\n<p style=\"text-align: justify;\"><strong>Ekumenick\u00e9 pa\u0161iov\u00e9 sprievody v Ko\u0161iciach maj\u00fa u\u017e 27-ro\u010dn\u00fa trad\u00edciu.<\/strong> Pripravuj\u00fa ho \u010dlenovia Ekumenick\u00e9ho spolo\u010denstva cirkv\u00ed a n\u00e1bo\u017eensk\u00fdch spolo\u010dnost\u00ed na \u00fazem\u00ed mesta Ko\u0161ice: Apo\u0161tolsk\u00e1 cirkev, Bratsk\u00e1 jednota baptistov, Cirkev bratsk\u00e1, Cirkev \u010deskoslovensk\u00e1 husitsk\u00e1, Evanjelick\u00e1 cirkev a. v., Gr\u00e9ckokatol\u00edcka cirkev, Reformovan\u00e1 kres\u0165ansk\u00e1 cirkev, R\u00edmskokatol\u00edcka cirkev a Teologick\u00e1 fakulta Katol\u00edckej univerzity v Ko\u0161iciach.<\/p>\n<p style=\"text-align: justify;\">Tohtoro\u010dn\u00e9 modlitby a \u00favahy bud\u00fa na <strong>aktu\u00e1lnu t\u00e9mu Bo\u017eej solidarity s \u013eudstvom v Je\u017ei\u0161ovi Kristovi.<\/strong><\/p>\n<p style=\"text-align: justify;\">Ekumenick\u00e9 spolo\u010denstvo re\u0161pektuje nariadenia v danej epidemiologickej situ\u00e1cii. Ekumenick\u00fd pa\u0161iov\u00fd sprievod sa uskuto\u010dn\u00ed n\u00e1hradnou formou v\u010faka informa\u010dn\u00fdm technol\u00f3gi\u00e1m, ktor\u00e9 umo\u017e\u0148uj\u00fa <strong>\u00fa\u010das\u0165 cez sledovanie priameho vysielania<\/strong>. Vedenie Ekumenick\u00e9ho spolo\u010denstva Ko\u0161ice pripravilo sprievod z jedn\u00e9ho statick\u00e9ho miesta a to z Kres\u0165ansk\u00e9ho centra Apo\u0161tolskej cirkvi na Bratislavskej ulici 1 v Ko\u0161iciach d\u0148a <strong>02. 04. 2021 o 13:00 hod<\/strong>. Bohoslu\u017eba sa uskuto\u010dn\u00ed v uzavretom priestore bez \u00fa\u010dasti veriacich. Ekumenick\u00fa akciu podporilo mesto Ko\u0161ice.<\/p>\n<p>Link na ONLINE prenos:<br \/>\n<a href=\"https:\/\/www.youtube.com\/channel\/UCAqw5xMfOpS4OQZXJLcFmVg\" target=\"_blank\" rel=\"noopener noreferrer\">https:\/\/www.youtube.com\/channel\/UCAqw5xMfOpS4OQZXJLcFmVg<\/a><\/p>\n<p>&nbsp;<\/p>\n<p>&nbsp;<\/p>\n","protected":false},"excerpt":{"rendered":"<p>Obr. zdroj: ekumenake.rimkat.sk\/category\/pozvanky\/ &nbsp; Ekumenick\u00e9 pa\u0161iov\u00e9 sprievody v Ko\u0161iciach maj\u00fa u\u017e 27-ro\u010dn\u00fa trad\u00edciu. Pripravuj\u00fa ho \u010dlenovia Ekumenick\u00e9ho spolo\u010denstva cirkv\u00ed a n\u00e1bo\u017eensk\u00fdch spolo\u010dnost\u00ed na \u00fazem\u00ed mesta Ko\u0161ice: Apo\u0161tolsk\u00e1 cirkev, Bratsk\u00e1 jednota baptistov, Cirkev bratsk\u00e1, Cirkev \u010deskoslovensk\u00e1 husitsk\u00e1, Evanjelick\u00e1 cirkev a. v., Gr\u00e9ckokatol\u00edcka cirkev, Reformovan\u00e1 kres\u0165ansk\u00e1 cirkev, R\u00edmskokatol\u00edcka cirkev a Teologick\u00e1 fakulta Katol\u00edckej univerzity v Ko\u0161iciach. Tohtoro\u010dn\u00e9 [&hellip;]<\/p>\n","protected":false},"author":2,"featured_media":0,"comment_status":"closed","ping_status":"closed","sticky":false,"template":"","format":"standard","meta":{"_coblocks_attr":"","_coblocks_dimensions":"","_coblocks_responsive_height":"","_coblocks_accordion_ie_support":"","footnotes":""},"categories":[9],"tags":[],"class_list":["post-3234","post","type-post","status-publish","format-standard","hentry","category-aktuality"],"yoast_head":"<!-- This site is optimized with the Yoast SEO plugin v27.4 - https:\/\/yoast.com\/product\/yoast-seo-wordpress\/ -->\n<title>27. Ekumenick\u00fd pa\u0161iov\u00fd sprievod02. 04. 2021 o 13:00 h \u2013 online - GR\u00c9CKOKATOL\u00cdCKA CIRKEV FARNOS\u0164 KO\u0160ICE - STAR\u00c9 MESTO<\/title>\n<meta name=\"robots\" content=\"index, follow, max-snippet:-1, max-image-preview:large, max-video-preview:-1\" \/>\n<link rel=\"canonical\" href=\"https:\/\/kestaremesto.grkatke.sk\/?p=3234\" \/>\n<meta property=\"og:locale\" content=\"sk_SK\" \/>\n<meta property=\"og:type\" content=\"article\" \/>\n<meta property=\"og:title\" content=\"27. Ekumenick\u00fd pa\u0161iov\u00fd sprievod02. 04. 2021 o 13:00 h \u2013 online - GR\u00c9CKOKATOL\u00cdCKA CIRKEV FARNOS\u0164 KO\u0160ICE - STAR\u00c9 MESTO\" \/>\n<meta property=\"og:description\" content=\"Obr. zdroj: ekumenake.rimkat.sk\/category\/pozvanky\/ &nbsp; Ekumenick\u00e9 pa\u0161iov\u00e9 sprievody v Ko\u0161iciach maj\u00fa u\u017e 27-ro\u010dn\u00fa trad\u00edciu. Pripravuj\u00fa ho \u010dlenovia Ekumenick\u00e9ho spolo\u010denstva cirkv\u00ed a n\u00e1bo\u017eensk\u00fdch spolo\u010dnost\u00ed na \u00fazem\u00ed mesta Ko\u0161ice: Apo\u0161tolsk\u00e1 cirkev, Bratsk\u00e1 jednota baptistov, Cirkev bratsk\u00e1, Cirkev \u010deskoslovensk\u00e1 husitsk\u00e1, Evanjelick\u00e1 cirkev a. v., Gr\u00e9ckokatol\u00edcka cirkev, Reformovan\u00e1 kres\u0165ansk\u00e1 cirkev, R\u00edmskokatol\u00edcka cirkev a Teologick\u00e1 fakulta Katol\u00edckej univerzity v Ko\u0161iciach. Tohtoro\u010dn\u00e9 [&hellip;]\" \/>\n<meta property=\"og:url\" content=\"https:\/\/kestaremesto.grkatke.sk\/?p=3234\" \/>\n<meta property=\"og:site_name\" content=\"GR\u00c9CKOKATOL\u00cdCKA CIRKEV FARNOS\u0164 KO\u0160ICE - STAR\u00c9 MESTO\" \/>\n<meta property=\"article:publisher\" content=\"https:\/\/www.facebook.com\/Na%c5%a1a-Katedr%c3%a1la-231637610336060\/\" \/>\n<meta property=\"article:published_time\" content=\"2021-03-27T17:55:59+00:00\" \/>\n<meta property=\"article:modified_time\" content=\"2021-03-27T18:03:40+00:00\" \/>\n<meta property=\"og:image\" content=\"https:\/\/kestaremesto.grkatke.sk\/wp-content\/uploads\/2021\/03\/PLAGAT_pasiovy_sprievod_2021-211x300.jpg\" \/>\n<meta name=\"author\" content=\"administr\u00e1tor\" \/>\n<meta name=\"twitter:card\" content=\"summary_large_image\" \/>\n<meta name=\"twitter:label1\" content=\"Autor\" \/>\n\t<meta name=\"twitter:data1\" content=\"administr\u00e1tor\" \/>\n\t<meta name=\"twitter:label2\" content=\"Predpokladan\u00fd \u010das \u010d\u00edtania\" \/>\n\t<meta name=\"twitter:data2\" content=\"1 min\u00fata\" \/>\n<script type=\"application\/ld+json\" class=\"yoast-schema-graph\">{\"@context\":\"https:\\\/\\\/schema.org\",\"@graph\":[{\"@type\":\"Article\",\"@id\":\"https:\\\/\\\/kestaremesto.grkatke.sk\\\/?p=3234#article\",\"isPartOf\":{\"@id\":\"https:\\\/\\\/kestaremesto.grkatke.sk\\\/?p=3234\"},\"author\":{\"name\":\"administr\u00e1tor\",\"@id\":\"https:\\\/\\\/kestaremesto.grkatke.sk\\\/#\\\/schema\\\/person\\\/86c8e7e5841259082af5c5b227e0d69b\"},\"headline\":\"27. Ekumenick\u00fd pa\u0161iov\u00fd sprievod 02. 04. 2021 o 13:00 h \u2013 online\",\"datePublished\":\"2021-03-27T17:55:59+00:00\",\"dateModified\":\"2021-03-27T18:03:40+00:00\",\"mainEntityOfPage\":{\"@id\":\"https:\\\/\\\/kestaremesto.grkatke.sk\\\/?p=3234\"},\"wordCount\":208,\"image\":{\"@id\":\"https:\\\/\\\/kestaremesto.grkatke.sk\\\/?p=3234#primaryimage\"},\"thumbnailUrl\":\"https:\\\/\\\/kestaremesto.grkatke.sk\\\/wp-content\\\/uploads\\\/2021\\\/03\\\/PLAGAT_pasiovy_sprievod_2021-211x300.jpg\",\"articleSection\":[\"Aktuality\"],\"inLanguage\":\"sk-SK\"},{\"@type\":\"WebPage\",\"@id\":\"https:\\\/\\\/kestaremesto.grkatke.sk\\\/?p=3234\",\"url\":\"https:\\\/\\\/kestaremesto.grkatke.sk\\\/?p=3234\",\"name\":\"27. Ekumenick\u00fd pa\u0161iov\u00fd sprievod 02. 04. 2021 o 13:00 h \u2013 online - GR\u00c9CKOKATOL\u00cdCKA CIRKEV FARNOS\u0164 KO\u0160ICE - STAR\u00c9 MESTO\",\"isPartOf\":{\"@id\":\"https:\\\/\\\/kestaremesto.grkatke.sk\\\/#website\"},\"primaryImageOfPage\":{\"@id\":\"https:\\\/\\\/kestaremesto.grkatke.sk\\\/?p=3234#primaryimage\"},\"image\":{\"@id\":\"https:\\\/\\\/kestaremesto.grkatke.sk\\\/?p=3234#primaryimage\"},\"thumbnailUrl\":\"https:\\\/\\\/kestaremesto.grkatke.sk\\\/wp-content\\\/uploads\\\/2021\\\/03\\\/PLAGAT_pasiovy_sprievod_2021-211x300.jpg\",\"datePublished\":\"2021-03-27T17:55:59+00:00\",\"dateModified\":\"2021-03-27T18:03:40+00:00\",\"author\":{\"@id\":\"https:\\\/\\\/kestaremesto.grkatke.sk\\\/#\\\/schema\\\/person\\\/86c8e7e5841259082af5c5b227e0d69b\"},\"breadcrumb\":{\"@id\":\"https:\\\/\\\/kestaremesto.grkatke.sk\\\/?p=3234#breadcrumb\"},\"inLanguage\":\"sk-SK\",\"potentialAction\":[{\"@type\":\"ReadAction\",\"target\":[\"https:\\\/\\\/kestaremesto.grkatke.sk\\\/?p=3234\"]}]},{\"@type\":\"ImageObject\",\"inLanguage\":\"sk-SK\",\"@id\":\"https:\\\/\\\/kestaremesto.grkatke.sk\\\/?p=3234#primaryimage\",\"url\":\"https:\\\/\\\/kestaremesto.grkatke.sk\\\/wp-content\\\/uploads\\\/2021\\\/03\\\/PLAGAT_pasiovy_sprievod_2021.jpg\",\"contentUrl\":\"https:\\\/\\\/kestaremesto.grkatke.sk\\\/wp-content\\\/uploads\\\/2021\\\/03\\\/PLAGAT_pasiovy_sprievod_2021.jpg\",\"width\":1748,\"height\":2480},{\"@type\":\"BreadcrumbList\",\"@id\":\"https:\\\/\\\/kestaremesto.grkatke.sk\\\/?p=3234#breadcrumb\",\"itemListElement\":[{\"@type\":\"ListItem\",\"position\":1,\"name\":\"Domovsk\u00e1 str\u00e1nka\",\"item\":\"https:\\\/\\\/kestaremesto.grkatke.sk\\\/\"},{\"@type\":\"ListItem\",\"position\":2,\"name\":\"27. Ekumenick\u00fd pa\u0161iov\u00fd sprievod02. 04. 2021 o 13:00 h \u2013 online\"}]},{\"@type\":\"WebSite\",\"@id\":\"https:\\\/\\\/kestaremesto.grkatke.sk\\\/#website\",\"url\":\"https:\\\/\\\/kestaremesto.grkatke.sk\\\/\",\"name\":\"GR\u00c9CKOKATOL\u00cdCKA CIRKEV FARNOS\u0164 KO\u0160ICE - STAR\u00c9 MESTO\",\"description\":\"\",\"potentialAction\":[{\"@type\":\"SearchAction\",\"target\":{\"@type\":\"EntryPoint\",\"urlTemplate\":\"https:\\\/\\\/kestaremesto.grkatke.sk\\\/?s={search_term_string}\"},\"query-input\":{\"@type\":\"PropertyValueSpecification\",\"valueRequired\":true,\"valueName\":\"search_term_string\"}}],\"inLanguage\":\"sk-SK\"},{\"@type\":\"Person\",\"@id\":\"https:\\\/\\\/kestaremesto.grkatke.sk\\\/#\\\/schema\\\/person\\\/86c8e7e5841259082af5c5b227e0d69b\",\"name\":\"administr\u00e1tor\",\"url\":\"https:\\\/\\\/kestaremesto.grkatke.sk\\\/?author=2\"}]}<\/script>\n<!-- \/ Yoast SEO plugin. -->","yoast_head_json":{"title":"27. Ekumenick\u00fd pa\u0161iov\u00fd sprievod02. 04. 2021 o 13:00 h \u2013 online - GR\u00c9CKOKATOL\u00cdCKA CIRKEV FARNOS\u0164 KO\u0160ICE - STAR\u00c9 MESTO","robots":{"index":"index","follow":"follow","max-snippet":"max-snippet:-1","max-image-preview":"max-image-preview:large","max-video-preview":"max-video-preview:-1"},"canonical":"https:\/\/kestaremesto.grkatke.sk\/?p=3234","og_locale":"sk_SK","og_type":"article","og_title":"27. Ekumenick\u00fd pa\u0161iov\u00fd sprievod02. 04. 2021 o 13:00 h \u2013 online - GR\u00c9CKOKATOL\u00cdCKA CIRKEV FARNOS\u0164 KO\u0160ICE - STAR\u00c9 MESTO","og_description":"Obr. zdroj: ekumenake.rimkat.sk\/category\/pozvanky\/ &nbsp; Ekumenick\u00e9 pa\u0161iov\u00e9 sprievody v Ko\u0161iciach maj\u00fa u\u017e 27-ro\u010dn\u00fa trad\u00edciu. Pripravuj\u00fa ho \u010dlenovia Ekumenick\u00e9ho spolo\u010denstva cirkv\u00ed a n\u00e1bo\u017eensk\u00fdch spolo\u010dnost\u00ed na \u00fazem\u00ed mesta Ko\u0161ice: Apo\u0161tolsk\u00e1 cirkev, Bratsk\u00e1 jednota baptistov, Cirkev bratsk\u00e1, Cirkev \u010deskoslovensk\u00e1 husitsk\u00e1, Evanjelick\u00e1 cirkev a. v., Gr\u00e9ckokatol\u00edcka cirkev, Reformovan\u00e1 kres\u0165ansk\u00e1 cirkev, R\u00edmskokatol\u00edcka cirkev a Teologick\u00e1 fakulta Katol\u00edckej univerzity v Ko\u0161iciach. Tohtoro\u010dn\u00e9 [&hellip;]","og_url":"https:\/\/kestaremesto.grkatke.sk\/?p=3234","og_site_name":"GR\u00c9CKOKATOL\u00cdCKA CIRKEV FARNOS\u0164 KO\u0160ICE - STAR\u00c9 MESTO","article_publisher":"https:\/\/www.facebook.com\/Na%c5%a1a-Katedr%c3%a1la-231637610336060\/","article_published_time":"2021-03-27T17:55:59+00:00","article_modified_time":"2021-03-27T18:03:40+00:00","og_image":[{"url":"https:\/\/kestaremesto.grkatke.sk\/wp-content\/uploads\/2021\/03\/PLAGAT_pasiovy_sprievod_2021-211x300.jpg","type":"","width":"","height":""}],"author":"administr\u00e1tor","twitter_card":"summary_large_image","twitter_misc":{"Autor":"administr\u00e1tor","Predpokladan\u00fd \u010das \u010d\u00edtania":"1 min\u00fata"},"schema":{"@context":"https:\/\/schema.org","@graph":[{"@type":"Article","@id":"https:\/\/kestaremesto.grkatke.sk\/?p=3234#article","isPartOf":{"@id":"https:\/\/kestaremesto.grkatke.sk\/?p=3234"},"author":{"name":"administr\u00e1tor","@id":"https:\/\/kestaremesto.grkatke.sk\/#\/schema\/person\/86c8e7e5841259082af5c5b227e0d69b"},"headline":"27. Ekumenick\u00fd pa\u0161iov\u00fd sprievod 02. 04. 2021 o 13:00 h \u2013 online","datePublished":"2021-03-27T17:55:59+00:00","dateModified":"2021-03-27T18:03:40+00:00","mainEntityOfPage":{"@id":"https:\/\/kestaremesto.grkatke.sk\/?p=3234"},"wordCount":208,"image":{"@id":"https:\/\/kestaremesto.grkatke.sk\/?p=3234#primaryimage"},"thumbnailUrl":"https:\/\/kestaremesto.grkatke.sk\/wp-content\/uploads\/2021\/03\/PLAGAT_pasiovy_sprievod_2021-211x300.jpg","articleSection":["Aktuality"],"inLanguage":"sk-SK"},{"@type":"WebPage","@id":"https:\/\/kestaremesto.grkatke.sk\/?p=3234","url":"https:\/\/kestaremesto.grkatke.sk\/?p=3234","name":"27. Ekumenick\u00fd pa\u0161iov\u00fd sprievod 02. 04. 2021 o 13:00 h \u2013 online - GR\u00c9CKOKATOL\u00cdCKA CIRKEV FARNOS\u0164 KO\u0160ICE - STAR\u00c9 MESTO","isPartOf":{"@id":"https:\/\/kestaremesto.grkatke.sk\/#website"},"primaryImageOfPage":{"@id":"https:\/\/kestaremesto.grkatke.sk\/?p=3234#primaryimage"},"image":{"@id":"https:\/\/kestaremesto.grkatke.sk\/?p=3234#primaryimage"},"thumbnailUrl":"https:\/\/kestaremesto.grkatke.sk\/wp-content\/uploads\/2021\/03\/PLAGAT_pasiovy_sprievod_2021-211x300.jpg","datePublished":"2021-03-27T17:55:59+00:00","dateModified":"2021-03-27T18:03:40+00:00","author":{"@id":"https:\/\/kestaremesto.grkatke.sk\/#\/schema\/person\/86c8e7e5841259082af5c5b227e0d69b"},"breadcrumb":{"@id":"https:\/\/kestaremesto.grkatke.sk\/?p=3234#breadcrumb"},"inLanguage":"sk-SK","potentialAction":[{"@type":"ReadAction","target":["https:\/\/kestaremesto.grkatke.sk\/?p=3234"]}]},{"@type":"ImageObject","inLanguage":"sk-SK","@id":"https:\/\/kestaremesto.grkatke.sk\/?p=3234#primaryimage","url":"https:\/\/kestaremesto.grkatke.sk\/wp-content\/uploads\/2021\/03\/PLAGAT_pasiovy_sprievod_2021.jpg","contentUrl":"https:\/\/kestaremesto.grkatke.sk\/wp-content\/uploads\/2021\/03\/PLAGAT_pasiovy_sprievod_2021.jpg","width":1748,"height":2480},{"@type":"BreadcrumbList","@id":"https:\/\/kestaremesto.grkatke.sk\/?p=3234#breadcrumb","itemListElement":[{"@type":"ListItem","position":1,"name":"Domovsk\u00e1 str\u00e1nka","item":"https:\/\/kestaremesto.grkatke.sk\/"},{"@type":"ListItem","position":2,"name":"27. Ekumenick\u00fd pa\u0161iov\u00fd sprievod02. 04. 2021 o 13:00 h \u2013 online"}]},{"@type":"WebSite","@id":"https:\/\/kestaremesto.grkatke.sk\/#website","url":"https:\/\/kestaremesto.grkatke.sk\/","name":"GR\u00c9CKOKATOL\u00cdCKA CIRKEV FARNOS\u0164 KO\u0160ICE - STAR\u00c9 MESTO","description":"","potentialAction":[{"@type":"SearchAction","target":{"@type":"EntryPoint","urlTemplate":"https:\/\/kestaremesto.grkatke.sk\/?s={search_term_string}"},"query-input":{"@type":"PropertyValueSpecification","valueRequired":true,"valueName":"search_term_string"}}],"inLanguage":"sk-SK"},{"@type":"Person","@id":"https:\/\/kestaremesto.grkatke.sk\/#\/schema\/person\/86c8e7e5841259082af5c5b227e0d69b","name":"administr\u00e1tor","url":"https:\/\/kestaremesto.grkatke.sk\/?author=2"}]}},"_links":{"self":[{"href":"https:\/\/kestaremesto.grkatke.sk\/index.php?rest_route=\/wp\/v2\/posts\/3234","targetHints":{"allow":["GET"]}}],"collection":[{"href":"https:\/\/kestaremesto.grkatke.sk\/index.php?rest_route=\/wp\/v2\/posts"}],"about":[{"href":"https:\/\/kestaremesto.grkatke.sk\/index.php?rest_route=\/wp\/v2\/types\/post"}],"author":[{"embeddable":true,"href":"https:\/\/kestaremesto.grkatke.sk\/index.php?rest_route=\/wp\/v2\/users\/2"}],"replies":[{"embeddable":true,"href":"https:\/\/kestaremesto.grkatke.sk\/index.php?rest_route=%2Fwp%2Fv2%2Fcomments&post=3234"}],"version-history":[{"count":6,"href":"https:\/\/kestaremesto.grkatke.sk\/index.php?rest_route=\/wp\/v2\/posts\/3234\/revisions"}],"predecessor-version":[{"id":3245,"href":"https:\/\/kestaremesto.grkatke.sk\/index.php?rest_route=\/wp\/v2\/posts\/3234\/revisions\/3245"}],"wp:attachment":[{"href":"https:\/\/kestaremesto.grkatke.sk\/index.php?rest_route=%2Fwp%2Fv2%2Fmedia&parent=3234"}],"wp:term":[{"taxonomy":"category","embeddable":true,"href":"https:\/\/kestaremesto.grkatke.sk\/index.php?rest_route=%2Fwp%2Fv2%2Fcategories&post=3234"},{"taxonomy":"post_tag","embeddable":true,"href":"https:\/\/kestaremesto.grkatke.sk\/index.php?rest_route=%2Fwp%2Fv2%2Ftags&post=3234"}],"curies":[{"name":"wp","href":"https:\/\/api.w.org\/{rel}","templated":true}]}}