{"id":3372,"date":"2021-05-09T23:31:21","date_gmt":"2021-05-09T21:31:21","guid":{"rendered":"https:\/\/kestaremesto.grkatke.sk\/?p=3372"},"modified":"2021-05-09T23:35:31","modified_gmt":"2021-05-09T21:35:31","slug":"put-do-rima27-6-2021-2-7-2021","status":"publish","type":"post","link":"https:\/\/kestaremesto.grkatke.sk\/?p=3372","title":{"rendered":"P\u00fa\u0165 do R\u00edma<\/br>27. 6. 2021 \u2013 2. 7. 2021"},"content":{"rendered":"<p style=\"text-align: justify;\"><span style=\"font-weight: 400; color: #000000;\">Drah\u00ed bratia v\u00a0Kristovom k\u0148azstve, mil\u00ed veriaci.<\/span><\/p>\n<p style=\"text-align: justify;\"><span style=\"font-weight: 400; color: #000000;\">Jedn\u00fdm z vrcholov sl\u00e1ven\u00e9ho Jubilejn\u00e9ho roka Kloko\u010dovskej Bohorodi\u010dky v na\u0161ej eparchii mala by\u0165 v roku 2020 \u010fakovn\u00e1 p\u00fa\u0165 s ikonou Kloko\u010dovskej Bohorodi\u010dky do R\u00edma. Nako\u013eko v pl\u00e1novanom \u010dase nebolo mo\u017en\u00e9 p\u00fa\u0165 uskuto\u010dni\u0165, rozhodli sme sa (ako sme v\u00e1s aj informovali) t\u00fato p\u00fa\u0165 prelo\u017ei\u0165 na rok 2021. To a ako sa situ\u00e1cia oproti minul\u00e9mu roku zmenila nevieme objekt\u00edvne pos\u00fadi\u0165, nako\u013eko na jednej strane s\u00fa mnoh\u00ed, ktor\u00ed ochoreli a aj sa stali obe\u0165ami, ale na druhej strane nar\u00e1stol po\u010det aj t\u00fdch, ktor\u00ed chorobu prekonali, ako aj t\u00fdch, ktor\u00ed s\u00fa proti v\u00edrusu zao\u010dkovan\u00ed. A pr\u00e1ve tieto dve skuto\u010dnosti, ako aj fakt, \u017ee na\u0161a p\u00fa\u0165 je s\u00fa\u010das\u0165ou p\u00e1pe\u017eovho programu na sviatok sv\u00e4t\u00fdch apo\u0161tolov Petra a Pavla 29. 6. 2021, n\u00e1s viedli k rozhodnutiu p\u00fa\u0165 uskuto\u010dni\u0165.<\/span><\/p>\n<p style=\"text-align: justify;\"><span style=\"font-weight: 400; color: #000000;\">Hlavn\u00fdm cie\u013eom p\u00fate bude \u00fa\u010das\u0165 na eucharistii sl\u00e1venej p\u00e1pe\u017eom Franti\u0161kom na spom\u00ednan\u00fd sviatok sv\u00e4t\u00fdch apo\u0161tolov Petra a Pavla v utorok 29. 6. 2021 a n\u00e1v\u0161teva \u0161tyroch p\u00e1pe\u017esk\u00fdch bazil\u00edk s ikonou Kloko\u010dovskej Bohorodi\u010dky. T\u00fdmto budeme m\u00f4c\u0165 na tejto p\u00fati spolo\u010dne vyjadri\u0165 v\u010faku za uplynul\u00fd Jubilejn\u00fd rok Kloko\u010dovskej Bohorodi\u010dky.<\/span><\/p>\n<p style=\"text-align: justify;\"><span style=\"color: #000000;\"><span style=\"font-weight: 400;\">Formy p\u00fate s\u00fa leteck\u00e1, autobusov\u00e1, alebo individu\u00e1lna. <\/span><b>Pri v\u0161etk\u00fdch troch form\u00e1ch p\u00fate treba po\u010d\u00edta\u0165 s aktu\u00e1lnymi protiepidemiologick\u00fdmi opatreniami jednotliv\u00fdch kraj\u00edn v term\u00edne od 27. 6. 2021 \u2013 2. 7. 2021. Samozrejme, p\u00fa\u0165 sa\u00a0 m\u00f4\u017ee uskuto\u010dni\u0165 len za predpokladu, \u017ee nebude nariaden\u00e1 po cestovan\u00ed tam a sp\u00e4\u0165 povinn\u00e1 karant\u00e9na!<\/b><\/span><\/p>\n<p style=\"text-align: justify;\"><span style=\"font-weight: 400; color: #000000;\">Leteck\u00e1 doprava je zabezpe\u010den\u00e1 s\u00a0odletom aj pr\u00edletom do Ko\u0161\u00edc. (Jedna cesta cca 1. h. a\u00a040 min. Po R\u00edme cestovanie objednan\u00fdm autobusom.)<\/span><\/p>\n<p style=\"text-align: justify;\"><span style=\"font-weight: 400; color: #000000;\">Autobusov\u00e1 doprava bude zabezpe\u010den\u00e1 z okresn\u00fdch miest pod\u013ea z\u00e1ujmu p\u00fatnikov. (Jedna cesta cca 24. hod\u00edn. Po R\u00edme cestovanie vlastn\u00fdm autobusom.)<\/span><\/p>\n<p style=\"text-align: justify;\"><span style=\"font-weight: 400; color: #000000;\">Pri individu\u00e1lnej doprave v\u00e1m m\u00f4\u017eeme pom\u00f4c\u0165 zabezpe\u010di\u0165 ubytovanie s\u00a0ostatn\u00fdmi p\u00fatnikmi.<\/span><\/p>\n<p style=\"text-align: justify;\"><span style=\"font-weight: 400; color: #000000;\">Pre skr\u00e1tenie doby cestovania je mo\u017en\u00e9 prehl\u00e1si\u0165 sa z\u00a0autobusovej p\u00fate na leteck\u00fa p\u00fa\u0165.<\/span><\/p>\n<p style=\"text-align: justify;\"><span style=\"font-weight: 400; color: #000000;\">Ke\u010f\u017ee na t\u00fato p\u00fa\u0165 sme sa prihlasovali a organizovali v \u010dase, kedy nikto z n\u00e1s netu\u0161il ako epid\u00e9mia zasiahne cel\u00fd svet, je pochopite\u013en\u00e9, \u017ee nie ka\u017ed\u00fd prihl\u00e1sen\u00fd sa m\u00f4\u017ee tejto p\u00fate z\u00fa\u010dastni\u0165. Nako\u013eko \u010das\u0165 sumy v tom \u010dase bola vyplaten\u00e1 na nevratn\u00e9 z\u00e1lohy za ubytovanie v ubytovac\u00edch zariadeniach v R\u00edme, ktor\u00e9 n\u00e1m tieto zariadenia pod\u013ea nariadenia Talianskej vl\u00e1dy vedia prerezervova\u0165 maxim\u00e1lne do konca roku 2021, plat\u00ed to, \u017ee pri odhl\u00e1sen\u00ed z p\u00fate je mo\u017en\u00e9 vr\u00e1ti\u0165 70 percent so zaplatenej z\u00e1lohy. (Tzn. pri autobusovej vr\u00e1tenie odhl\u00e1sen\u00e9mu 70 eur a pri leteckej vr\u00e1tenie odhl\u00e1sen\u00e9mu 140 eur).<\/span><\/p>\n<p style=\"text-align: justify;\"><span style=\"color: #000000;\"><span style=\"font-weight: 400;\">Nako\u013eko v tejto chv\u00edli je d\u00f4le\u017eit\u00e9 vedie\u0165, ak\u00fd po\u010det p\u00fatnikov sa na p\u00fa\u0165 do R\u00edma vyberie, chceme v\u00e1s poprosi\u0165, aby ste v nasleduj\u00facich 14-tich d\u0148och, t. j. <\/span><b>do nedele 23. 5. 2021,<\/b><span style=\"font-weight: 400;\"> ozn\u00e1mili na pr\u00edslu\u0161nom farskom \u00farade svoje potvrdenie \u00fa\u010dasti, resp. svoje odhl\u00e1senie, prehl\u00e1senie, alebo pr\u00edpadne aj prihl\u00e1senie nov\u00fdch z\u00e1ujemcov. <\/span><b>Pros\u00edme, kontaktujte v\u00fdlu\u010dne len ten farsk\u00fd \u00farad, cez ktor\u00fd ste sa prihl\u00e1sili! <\/b><span style=\"font-weight: 400;\">N\u00e1sledne v\u00e1s budeme informova\u0165 o\u00a0\u010fal\u0161om postupe.<\/span><\/span><\/p>\n<p>&nbsp;<\/p>\n<p style=\"text-align: justify;\"><img loading=\"lazy\" decoding=\"async\" class=\"size-full wp-image-3213 aligncenter\" src=\"https:\/\/kestaremesto.grkatke.sk\/wp-content\/uploads\/2021\/03\/Klokocov.jpg\" alt=\"\" width=\"300\" height=\"300\" srcset=\"https:\/\/kestaremesto.grkatke.sk\/wp-content\/uploads\/2021\/03\/Klokocov.jpg 300w, https:\/\/kestaremesto.grkatke.sk\/wp-content\/uploads\/2021\/03\/Klokocov-150x150.jpg 150w, https:\/\/kestaremesto.grkatke.sk\/wp-content\/uploads\/2021\/03\/Klokocov-60x60.jpg 60w\" sizes=\"auto, (max-width: 300px) 100vw, 300px\" \/><\/p>\n<p style=\"font-size: 12px; text-align: center;\">Obr. zdroj: casopisslovo.sk<\/p>\n<p style=\"font-size: 12px; text-align: left;\">\n<p>&nbsp;<\/p>\n<p>&nbsp;<\/p>\n","protected":false},"excerpt":{"rendered":"<p>Drah\u00ed bratia v\u00a0Kristovom k\u0148azstve, mil\u00ed veriaci. Jedn\u00fdm z vrcholov sl\u00e1ven\u00e9ho Jubilejn\u00e9ho roka Kloko\u010dovskej Bohorodi\u010dky v na\u0161ej eparchii mala by\u0165 v roku 2020 \u010fakovn\u00e1 p\u00fa\u0165 s ikonou Kloko\u010dovskej Bohorodi\u010dky do R\u00edma. Nako\u013eko v pl\u00e1novanom \u010dase nebolo mo\u017en\u00e9 p\u00fa\u0165 uskuto\u010dni\u0165, rozhodli sme sa (ako sme v\u00e1s aj informovali) t\u00fato p\u00fa\u0165 prelo\u017ei\u0165 na rok 2021. To a ako [&hellip;]<\/p>\n","protected":false},"author":2,"featured_media":0,"comment_status":"closed","ping_status":"closed","sticky":false,"template":"","format":"standard","meta":{"_coblocks_attr":"","_coblocks_dimensions":"","_coblocks_responsive_height":"","_coblocks_accordion_ie_support":"","footnotes":""},"categories":[9],"tags":[],"class_list":["post-3372","post","type-post","status-publish","format-standard","hentry","category-aktuality"],"yoast_head":"<!-- This site is optimized with the Yoast SEO plugin v27.4 - https:\/\/yoast.com\/product\/yoast-seo-wordpress\/ -->\n<title>P\u00fa\u0165 do R\u00edma27. 6. 2021 \u2013 2. 7. 2021 - GR\u00c9CKOKATOL\u00cdCKA CIRKEV FARNOS\u0164 KO\u0160ICE - STAR\u00c9 MESTO<\/title>\n<meta name=\"robots\" content=\"index, follow, max-snippet:-1, max-image-preview:large, max-video-preview:-1\" \/>\n<link rel=\"canonical\" href=\"https:\/\/kestaremesto.grkatke.sk\/?p=3372\" \/>\n<meta property=\"og:locale\" content=\"sk_SK\" \/>\n<meta property=\"og:type\" content=\"article\" \/>\n<meta property=\"og:title\" content=\"P\u00fa\u0165 do R\u00edma27. 6. 2021 \u2013 2. 7. 2021 - GR\u00c9CKOKATOL\u00cdCKA CIRKEV FARNOS\u0164 KO\u0160ICE - STAR\u00c9 MESTO\" \/>\n<meta property=\"og:description\" content=\"Drah\u00ed bratia v\u00a0Kristovom k\u0148azstve, mil\u00ed veriaci. Jedn\u00fdm z vrcholov sl\u00e1ven\u00e9ho Jubilejn\u00e9ho roka Kloko\u010dovskej Bohorodi\u010dky v na\u0161ej eparchii mala by\u0165 v roku 2020 \u010fakovn\u00e1 p\u00fa\u0165 s ikonou Kloko\u010dovskej Bohorodi\u010dky do R\u00edma. Nako\u013eko v pl\u00e1novanom \u010dase nebolo mo\u017en\u00e9 p\u00fa\u0165 uskuto\u010dni\u0165, rozhodli sme sa (ako sme v\u00e1s aj informovali) t\u00fato p\u00fa\u0165 prelo\u017ei\u0165 na rok 2021. To a ako [&hellip;]\" \/>\n<meta property=\"og:url\" content=\"https:\/\/kestaremesto.grkatke.sk\/?p=3372\" \/>\n<meta property=\"og:site_name\" content=\"GR\u00c9CKOKATOL\u00cdCKA CIRKEV FARNOS\u0164 KO\u0160ICE - STAR\u00c9 MESTO\" \/>\n<meta property=\"article:publisher\" content=\"https:\/\/www.facebook.com\/Na%c5%a1a-Katedr%c3%a1la-231637610336060\/\" \/>\n<meta property=\"article:published_time\" content=\"2021-05-09T21:31:21+00:00\" \/>\n<meta property=\"article:modified_time\" content=\"2021-05-09T21:35:31+00:00\" \/>\n<meta property=\"og:image\" content=\"https:\/\/kestaremesto.grkatke.sk\/wp-content\/uploads\/2021\/03\/Klokocov.jpg\" \/>\n<meta name=\"author\" content=\"administr\u00e1tor\" \/>\n<meta name=\"twitter:card\" content=\"summary_large_image\" \/>\n<meta name=\"twitter:label1\" content=\"Autor\" \/>\n\t<meta name=\"twitter:data1\" content=\"administr\u00e1tor\" \/>\n\t<meta name=\"twitter:label2\" content=\"Predpokladan\u00fd \u010das \u010d\u00edtania\" \/>\n\t<meta name=\"twitter:data2\" content=\"3 min\u00faty\" \/>\n<script type=\"application\/ld+json\" class=\"yoast-schema-graph\">{\"@context\":\"https:\\\/\\\/schema.org\",\"@graph\":[{\"@type\":\"Article\",\"@id\":\"https:\\\/\\\/kestaremesto.grkatke.sk\\\/?p=3372#article\",\"isPartOf\":{\"@id\":\"https:\\\/\\\/kestaremesto.grkatke.sk\\\/?p=3372\"},\"author\":{\"name\":\"administr\u00e1tor\",\"@id\":\"https:\\\/\\\/kestaremesto.grkatke.sk\\\/#\\\/schema\\\/person\\\/86c8e7e5841259082af5c5b227e0d69b\"},\"headline\":\"P\u00fa\u0165 do R\u00edma27. 6. 2021 \u2013 2. 7. 2021\",\"datePublished\":\"2021-05-09T21:31:21+00:00\",\"dateModified\":\"2021-05-09T21:35:31+00:00\",\"mainEntityOfPage\":{\"@id\":\"https:\\\/\\\/kestaremesto.grkatke.sk\\\/?p=3372\"},\"wordCount\":603,\"image\":{\"@id\":\"https:\\\/\\\/kestaremesto.grkatke.sk\\\/?p=3372#primaryimage\"},\"thumbnailUrl\":\"https:\\\/\\\/kestaremesto.grkatke.sk\\\/wp-content\\\/uploads\\\/2021\\\/03\\\/Klokocov.jpg\",\"articleSection\":[\"Aktuality\"],\"inLanguage\":\"sk-SK\"},{\"@type\":\"WebPage\",\"@id\":\"https:\\\/\\\/kestaremesto.grkatke.sk\\\/?p=3372\",\"url\":\"https:\\\/\\\/kestaremesto.grkatke.sk\\\/?p=3372\",\"name\":\"P\u00fa\u0165 do R\u00edma27. 6. 2021 \u2013 2. 7. 2021 - GR\u00c9CKOKATOL\u00cdCKA CIRKEV FARNOS\u0164 KO\u0160ICE - STAR\u00c9 MESTO\",\"isPartOf\":{\"@id\":\"https:\\\/\\\/kestaremesto.grkatke.sk\\\/#website\"},\"primaryImageOfPage\":{\"@id\":\"https:\\\/\\\/kestaremesto.grkatke.sk\\\/?p=3372#primaryimage\"},\"image\":{\"@id\":\"https:\\\/\\\/kestaremesto.grkatke.sk\\\/?p=3372#primaryimage\"},\"thumbnailUrl\":\"https:\\\/\\\/kestaremesto.grkatke.sk\\\/wp-content\\\/uploads\\\/2021\\\/03\\\/Klokocov.jpg\",\"datePublished\":\"2021-05-09T21:31:21+00:00\",\"dateModified\":\"2021-05-09T21:35:31+00:00\",\"author\":{\"@id\":\"https:\\\/\\\/kestaremesto.grkatke.sk\\\/#\\\/schema\\\/person\\\/86c8e7e5841259082af5c5b227e0d69b\"},\"breadcrumb\":{\"@id\":\"https:\\\/\\\/kestaremesto.grkatke.sk\\\/?p=3372#breadcrumb\"},\"inLanguage\":\"sk-SK\",\"potentialAction\":[{\"@type\":\"ReadAction\",\"target\":[\"https:\\\/\\\/kestaremesto.grkatke.sk\\\/?p=3372\"]}]},{\"@type\":\"ImageObject\",\"inLanguage\":\"sk-SK\",\"@id\":\"https:\\\/\\\/kestaremesto.grkatke.sk\\\/?p=3372#primaryimage\",\"url\":\"https:\\\/\\\/kestaremesto.grkatke.sk\\\/wp-content\\\/uploads\\\/2021\\\/03\\\/Klokocov.jpg\",\"contentUrl\":\"https:\\\/\\\/kestaremesto.grkatke.sk\\\/wp-content\\\/uploads\\\/2021\\\/03\\\/Klokocov.jpg\",\"width\":300,\"height\":300},{\"@type\":\"BreadcrumbList\",\"@id\":\"https:\\\/\\\/kestaremesto.grkatke.sk\\\/?p=3372#breadcrumb\",\"itemListElement\":[{\"@type\":\"ListItem\",\"position\":1,\"name\":\"Domovsk\u00e1 str\u00e1nka\",\"item\":\"https:\\\/\\\/kestaremesto.grkatke.sk\\\/\"},{\"@type\":\"ListItem\",\"position\":2,\"name\":\"P\u00fa\u0165 do R\u00edma27. 6. 2021 \u2013 2. 7. 2021\"}]},{\"@type\":\"WebSite\",\"@id\":\"https:\\\/\\\/kestaremesto.grkatke.sk\\\/#website\",\"url\":\"https:\\\/\\\/kestaremesto.grkatke.sk\\\/\",\"name\":\"GR\u00c9CKOKATOL\u00cdCKA CIRKEV FARNOS\u0164 KO\u0160ICE - STAR\u00c9 MESTO\",\"description\":\"\",\"potentialAction\":[{\"@type\":\"SearchAction\",\"target\":{\"@type\":\"EntryPoint\",\"urlTemplate\":\"https:\\\/\\\/kestaremesto.grkatke.sk\\\/?s={search_term_string}\"},\"query-input\":{\"@type\":\"PropertyValueSpecification\",\"valueRequired\":true,\"valueName\":\"search_term_string\"}}],\"inLanguage\":\"sk-SK\"},{\"@type\":\"Person\",\"@id\":\"https:\\\/\\\/kestaremesto.grkatke.sk\\\/#\\\/schema\\\/person\\\/86c8e7e5841259082af5c5b227e0d69b\",\"name\":\"administr\u00e1tor\",\"url\":\"https:\\\/\\\/kestaremesto.grkatke.sk\\\/?author=2\"}]}<\/script>\n<!-- \/ Yoast SEO plugin. -->","yoast_head_json":{"title":"P\u00fa\u0165 do R\u00edma27. 6. 2021 \u2013 2. 7. 2021 - GR\u00c9CKOKATOL\u00cdCKA CIRKEV FARNOS\u0164 KO\u0160ICE - STAR\u00c9 MESTO","robots":{"index":"index","follow":"follow","max-snippet":"max-snippet:-1","max-image-preview":"max-image-preview:large","max-video-preview":"max-video-preview:-1"},"canonical":"https:\/\/kestaremesto.grkatke.sk\/?p=3372","og_locale":"sk_SK","og_type":"article","og_title":"P\u00fa\u0165 do R\u00edma27. 6. 2021 \u2013 2. 7. 2021 - GR\u00c9CKOKATOL\u00cdCKA CIRKEV FARNOS\u0164 KO\u0160ICE - STAR\u00c9 MESTO","og_description":"Drah\u00ed bratia v\u00a0Kristovom k\u0148azstve, mil\u00ed veriaci. Jedn\u00fdm z vrcholov sl\u00e1ven\u00e9ho Jubilejn\u00e9ho roka Kloko\u010dovskej Bohorodi\u010dky v na\u0161ej eparchii mala by\u0165 v roku 2020 \u010fakovn\u00e1 p\u00fa\u0165 s ikonou Kloko\u010dovskej Bohorodi\u010dky do R\u00edma. Nako\u013eko v pl\u00e1novanom \u010dase nebolo mo\u017en\u00e9 p\u00fa\u0165 uskuto\u010dni\u0165, rozhodli sme sa (ako sme v\u00e1s aj informovali) t\u00fato p\u00fa\u0165 prelo\u017ei\u0165 na rok 2021. To a ako [&hellip;]","og_url":"https:\/\/kestaremesto.grkatke.sk\/?p=3372","og_site_name":"GR\u00c9CKOKATOL\u00cdCKA CIRKEV FARNOS\u0164 KO\u0160ICE - STAR\u00c9 MESTO","article_publisher":"https:\/\/www.facebook.com\/Na%c5%a1a-Katedr%c3%a1la-231637610336060\/","article_published_time":"2021-05-09T21:31:21+00:00","article_modified_time":"2021-05-09T21:35:31+00:00","og_image":[{"url":"https:\/\/kestaremesto.grkatke.sk\/wp-content\/uploads\/2021\/03\/Klokocov.jpg","type":"","width":"","height":""}],"author":"administr\u00e1tor","twitter_card":"summary_large_image","twitter_misc":{"Autor":"administr\u00e1tor","Predpokladan\u00fd \u010das \u010d\u00edtania":"3 min\u00faty"},"schema":{"@context":"https:\/\/schema.org","@graph":[{"@type":"Article","@id":"https:\/\/kestaremesto.grkatke.sk\/?p=3372#article","isPartOf":{"@id":"https:\/\/kestaremesto.grkatke.sk\/?p=3372"},"author":{"name":"administr\u00e1tor","@id":"https:\/\/kestaremesto.grkatke.sk\/#\/schema\/person\/86c8e7e5841259082af5c5b227e0d69b"},"headline":"P\u00fa\u0165 do R\u00edma27. 6. 2021 \u2013 2. 7. 2021","datePublished":"2021-05-09T21:31:21+00:00","dateModified":"2021-05-09T21:35:31+00:00","mainEntityOfPage":{"@id":"https:\/\/kestaremesto.grkatke.sk\/?p=3372"},"wordCount":603,"image":{"@id":"https:\/\/kestaremesto.grkatke.sk\/?p=3372#primaryimage"},"thumbnailUrl":"https:\/\/kestaremesto.grkatke.sk\/wp-content\/uploads\/2021\/03\/Klokocov.jpg","articleSection":["Aktuality"],"inLanguage":"sk-SK"},{"@type":"WebPage","@id":"https:\/\/kestaremesto.grkatke.sk\/?p=3372","url":"https:\/\/kestaremesto.grkatke.sk\/?p=3372","name":"P\u00fa\u0165 do R\u00edma27. 6. 2021 \u2013 2. 7. 2021 - GR\u00c9CKOKATOL\u00cdCKA CIRKEV FARNOS\u0164 KO\u0160ICE - STAR\u00c9 MESTO","isPartOf":{"@id":"https:\/\/kestaremesto.grkatke.sk\/#website"},"primaryImageOfPage":{"@id":"https:\/\/kestaremesto.grkatke.sk\/?p=3372#primaryimage"},"image":{"@id":"https:\/\/kestaremesto.grkatke.sk\/?p=3372#primaryimage"},"thumbnailUrl":"https:\/\/kestaremesto.grkatke.sk\/wp-content\/uploads\/2021\/03\/Klokocov.jpg","datePublished":"2021-05-09T21:31:21+00:00","dateModified":"2021-05-09T21:35:31+00:00","author":{"@id":"https:\/\/kestaremesto.grkatke.sk\/#\/schema\/person\/86c8e7e5841259082af5c5b227e0d69b"},"breadcrumb":{"@id":"https:\/\/kestaremesto.grkatke.sk\/?p=3372#breadcrumb"},"inLanguage":"sk-SK","potentialAction":[{"@type":"ReadAction","target":["https:\/\/kestaremesto.grkatke.sk\/?p=3372"]}]},{"@type":"ImageObject","inLanguage":"sk-SK","@id":"https:\/\/kestaremesto.grkatke.sk\/?p=3372#primaryimage","url":"https:\/\/kestaremesto.grkatke.sk\/wp-content\/uploads\/2021\/03\/Klokocov.jpg","contentUrl":"https:\/\/kestaremesto.grkatke.sk\/wp-content\/uploads\/2021\/03\/Klokocov.jpg","width":300,"height":300},{"@type":"BreadcrumbList","@id":"https:\/\/kestaremesto.grkatke.sk\/?p=3372#breadcrumb","itemListElement":[{"@type":"ListItem","position":1,"name":"Domovsk\u00e1 str\u00e1nka","item":"https:\/\/kestaremesto.grkatke.sk\/"},{"@type":"ListItem","position":2,"name":"P\u00fa\u0165 do R\u00edma27. 6. 2021 \u2013 2. 7. 2021"}]},{"@type":"WebSite","@id":"https:\/\/kestaremesto.grkatke.sk\/#website","url":"https:\/\/kestaremesto.grkatke.sk\/","name":"GR\u00c9CKOKATOL\u00cdCKA CIRKEV FARNOS\u0164 KO\u0160ICE - STAR\u00c9 MESTO","description":"","potentialAction":[{"@type":"SearchAction","target":{"@type":"EntryPoint","urlTemplate":"https:\/\/kestaremesto.grkatke.sk\/?s={search_term_string}"},"query-input":{"@type":"PropertyValueSpecification","valueRequired":true,"valueName":"search_term_string"}}],"inLanguage":"sk-SK"},{"@type":"Person","@id":"https:\/\/kestaremesto.grkatke.sk\/#\/schema\/person\/86c8e7e5841259082af5c5b227e0d69b","name":"administr\u00e1tor","url":"https:\/\/kestaremesto.grkatke.sk\/?author=2"}]}},"_links":{"self":[{"href":"https:\/\/kestaremesto.grkatke.sk\/index.php?rest_route=\/wp\/v2\/posts\/3372","targetHints":{"allow":["GET"]}}],"collection":[{"href":"https:\/\/kestaremesto.grkatke.sk\/index.php?rest_route=\/wp\/v2\/posts"}],"about":[{"href":"https:\/\/kestaremesto.grkatke.sk\/index.php?rest_route=\/wp\/v2\/types\/post"}],"author":[{"embeddable":true,"href":"https:\/\/kestaremesto.grkatke.sk\/index.php?rest_route=\/wp\/v2\/users\/2"}],"replies":[{"embeddable":true,"href":"https:\/\/kestaremesto.grkatke.sk\/index.php?rest_route=%2Fwp%2Fv2%2Fcomments&post=3372"}],"version-history":[{"count":6,"href":"https:\/\/kestaremesto.grkatke.sk\/index.php?rest_route=\/wp\/v2\/posts\/3372\/revisions"}],"predecessor-version":[{"id":3378,"href":"https:\/\/kestaremesto.grkatke.sk\/index.php?rest_route=\/wp\/v2\/posts\/3372\/revisions\/3378"}],"wp:attachment":[{"href":"https:\/\/kestaremesto.grkatke.sk\/index.php?rest_route=%2Fwp%2Fv2%2Fmedia&parent=3372"}],"wp:term":[{"taxonomy":"category","embeddable":true,"href":"https:\/\/kestaremesto.grkatke.sk\/index.php?rest_route=%2Fwp%2Fv2%2Fcategories&post=3372"},{"taxonomy":"post_tag","embeddable":true,"href":"https:\/\/kestaremesto.grkatke.sk\/index.php?rest_route=%2Fwp%2Fv2%2Ftags&post=3372"}],"curies":[{"name":"wp","href":"https:\/\/api.w.org\/{rel}","templated":true}]}}