{"id":3458,"date":"2021-08-09T15:39:42","date_gmt":"2021-08-09T13:39:42","guid":{"rendered":"https:\/\/kestaremesto.grkatke.sk\/?p=3458"},"modified":"2021-08-15T13:12:44","modified_gmt":"2021-08-15T11:12:44","slug":"navsteva-papeza-frantiska","status":"publish","type":"post","link":"https:\/\/kestaremesto.grkatke.sk\/?p=3458","title":{"rendered":"N\u00e1v\u0161teva Sv\u00e4t\u00e9ho Otca p\u00e1pe\u017ea Franti\u0161ka"},"content":{"rendered":"<p><span style=\"font-weight: 400; color: #000000;\">Bratia a sestry,<\/span><\/p>\n<p>&nbsp;<\/p>\n<p style=\"text-align: justify;\"><span style=\"color: #000000;\"><span style=\"font-weight: 400;\">pros\u00edme v\u00e1s, pr\u00ed\u010fte sa stretn\u00fa\u0165 so Sv\u00e4t\u00fdm Otcom Franti\u0161kom <\/span><b>v \u0161peci\u00e1lnej slu\u017ebe dobrovo\u013en\u00edkov. H\u013ead\u00e1me 1000 dobrovo\u013en\u00edkov do Pre\u0161ova. <\/b><span style=\"font-weight: 400;\">Potrebujeme v\u00e1s na slu\u017eby usporiadate\u013eov v sektoroch, parkovanie, \u010di inde. Slu\u017eba dobrovo\u013en\u00edka je na stretnutiach so Sv\u00e4t\u00fdm Otcom preve\u013emi d\u00f4le\u017eit\u00e1. Bez dobrovo\u013en\u00edkov nie je mo\u017en\u00e9 zabezpe\u010di\u0165 tak\u00e9to stretnutie. V\u0161etky inform\u00e1cie aj prihl\u00e1\u0161ku n\u00e1jdete na ofici\u00e1lnej webovej str\u00e1nke n\u00e1v\u0161tevy Sv\u00e4t\u00e9ho Otca Franti\u0161ka na Slovensku <\/span><span style=\"color: #0000ff;\"><a style=\"color: #0000ff;\" href=\"http:\/\/www.navstevapapeza.sk\" target=\"_blank\" rel=\"noopener\"><span style=\"font-weight: 400;\">www.navstevapapeza.sk<\/span><\/a><\/span><span style=\"font-weight: 400;\">\u00a0alebo presnej\u0161ie na <\/span><span style=\"color: #0000ff;\"><a style=\"color: #0000ff;\" href=\"https:\/\/www.navstevapapeza.sk\/sk\/dobrovolnik\" target=\"_blank\" rel=\"noopener\"><span style=\"font-weight: 400;\">https:\/\/www.navstevapapeza.sk\/sk\/dobrovolnik<\/span><\/a><\/span><span style=\"font-weight: 400;\"> alebo na plag\u00e1toch vo v\u00fdveske. K\u00a0t\u00fdmto linkom sa ve\u013emi \u013eahko dostanete aj na ofici\u00e1lnych webov\u00fdch str\u00e1nkach na\u0161ej archieparchie a eparchi\u00ed, kde je neprehliadnute\u013en\u00fd baner s\u00a0fotografiou Sv\u00e4t\u00e9ho Otca Franti\u0161ka. \u010eakujeme a te\u0161\u00edme sa na stretnutie v\u00a0tejto \u0161pecifickej a\u00a0preve\u013emi d\u00f4le\u017eitej slu\u017ebe po\u010das p\u00e1pe\u017eskej n\u00e1v\u0161tevy v Pre\u0161ove.<\/span><\/span><\/p>\n<p style=\"text-align: justify;\"><span style=\"color: #000000;\"><span style=\"font-weight: 400;\">Z\u00e1rove\u0148 v\u00e1m oznamujeme, \u017ee <\/span><b>v\u00a0najbli\u017e\u0161\u00edch d\u0148och bude spusten\u00e1 elektronick\u00e1 registr\u00e1cia na stretnutia so Sv\u00e4t\u00fdm Otcom na Slovensku, teda aj na stretnutie v\u00a0Pre\u0161ove<\/b><span style=\"font-weight: 400;\">. Budeme v\u00e1s o\u00a0tom hne\u010f, ke\u010f to bude aktu\u00e1lne, informova\u0165. V\u0161etci \u00fa\u010dastn\u00edci stretnut\u00ed so Sv\u00e4t\u00fdm Otcom na Slovensku, teda aj v\u00a0Pre\u0161ove, sa bud\u00fa musie\u0165 zaregistrova\u0165 cez elektronick\u00fd formul\u00e1r na ofici\u00e1lnej str\u00e1nke n\u00e1v\u0161tevy p\u00e1pe\u017ea na Slovensku alebo cez ofici\u00e1lne str\u00e1nky na\u0161ej archieparchie a\u00a0eparchi\u00ed, kde sa tie\u017e prekliknete na tento ofici\u00e1lny formul\u00e1r. Ver\u00edme, \u017ee na stretnutie so Sv\u00e4t\u00fdm Otcom v\u00a0Pre\u0161ove, kde bude hlavn\u00fdm sl\u00fa\u017eiacim gr\u00e9ckokatol\u00edckej sv\u00e4tej liturgie, sa prihl\u00e1sime v\u0161etci, ktor\u00ed budeme m\u00f4c\u0165, deti, ml\u00e1de\u017e, stredn\u00e1 gener\u00e1cia i\u00a0v\u0161etci sk\u00f4r naroden\u00ed. Pre n\u00e1s gr\u00e9ckokatol\u00edkov to bude jedine\u010dn\u00e9 a neopakovate\u013en\u00e9, \u017ee Sv\u00e4t\u00fd Otec bude sl\u00e1vi\u0165 spolu s\u00a0nami na\u0161u liturgiu a\u00a0ohl\u00e1si n\u00e1m hom\u00edliu. Samozrejme, do Pre\u0161ova s\u00fa pozvan\u00ed nielen gr\u00e9ckokatol\u00edcki veriaci, ale aj veriaci in\u00fdch cirkv\u00ed a\u00a0v\u0161etci \u013eudia dobrej v\u00f4le.<\/span><\/span><\/p>\n<p style=\"text-align: center;\"><span style=\"font-weight: 400; color: #000000;\">* * * * *<\/span><\/p>\n<p style=\"text-align: justify;\"><span style=\"color: #000000;\"><b>Dopravn\u00e1 mapa bude na n\u00e1v\u0161tevu Sv\u00e4t\u00e9ho Otca v\u00a0Pre\u0161ove rie\u0161en\u00e1 tak, aby to bolo \u010do najlep\u0161ie pre v\u0161etk\u00fdch p\u00fatnikov<\/b><span style=\"font-weight: 400;\">, teda aby sa \u010do naj\u013eah\u0161ie a\u00a0\u010do najkrat\u0161ou cestou, ako to len bude mo\u017en\u00e9, dostali na priestranstvo pred mestskou \u0161portovou halou. Postupne v\u00e1s o\u00a0tom budeme bli\u017e\u0161ie informova\u0165.<\/span><\/span><\/p>\n<p style=\"text-align: center;\"><span style=\"font-weight: 400; color: #000000;\">* * * * *<\/span><\/p>\n<p style=\"text-align: justify;\"><span style=\"color: #000000;\"><b>Predbe\u017ene v\u00a0na\u0161ich farnostiach objedn\u00e1vame autobusy<\/b><span style=\"font-weight: 400;\"> na 14. september na sl\u00e1venie bo\u017eskej liturgie so Sv\u00e4t\u00fdm Otcom Franti\u0161kom v\u00a0Pre\u0161ove. <\/span><b>Ver\u00edme, \u017ee \u017eeleznice posilnia alebo vypravia \u0161peci\u00e1lne vlaky aj do Pre\u0161ova z\u00a0r\u00f4znych smerov.<\/b><span style=\"font-weight: 400;\"> Hne\u010f, ke\u010f to bude aktu\u00e1lne, v\u00e1s o\u00a0tom budeme informova\u0165. Z\u00a0logistick\u00fdch a\u00a0dopravn\u00fdch d\u00f4vodov bude najlep\u0161ie, ak \u010d\u00edm viac veriacich pr\u00edde na stretnutie so Sv\u00e4t\u00fdm Otcom v\u00a0Pre\u0161ove pr\u00e1ve autobusmi a\u00a0vlakmi.\u00a0\u00a0<\/span><\/span><\/p>\n<p>&nbsp;<\/p>\n<p style=\"text-align: justify;\"><span style=\"color: #000000;\"><span style=\"font-weight: 400;\">Od 6. augusta za\u010dala v\u00a0gr\u00e9ckokatol\u00edckej cirkvi <strong>duchovn\u00e1 obnova<\/strong> pred n\u00e1v\u0161tevou p\u00e1pe\u017ea Franti\u0161ka. V\u00a0r\u00e1mci toho v\u00e1m pon\u00fakame na farskej str\u00e1nke v\u00a0sekcii aktuality <a href=\"https:\/\/kestaremesto.grkatke.sk\/?p=3464\" target=\"_blank\" rel=\"noopener\"><strong>bro\u017e\u00farku<\/strong><\/a>, z\u00a0ktorej budeme \u010derpa\u0165. Duchovn\u00fa pr\u00edpravu budeme realizova\u0165 v\u00a0osobnej, rodinnej a\u00a0farskej rovine. Predov\u0161etk\u00fdm v\u00e1s poz\u00fdvame k\u00a0dennej modlitbe za cestu Sv\u00e4t\u00e9ho Otca k n\u00e1m, ktor\u00fa sa budeme modli\u0165 aj spolo\u010dne. V\u00a0bro\u017e\u00farke s\u00fa aj \u010fal\u0161ie texty, napr. Duchovn\u00fd dar pre Sv\u00e4t\u00e9ho Otca, ktor\u00fd m\u00f4\u017eeme za\u010da\u0165 nap\u013a\u0148a\u0165, my\u0161lienky k\u00a0Bo\u017eiemu slovu na ka\u017ed\u00fd de\u0148, dvan\u00e1s\u0165 katech\u00e9z a in\u00e9. V\u0161etky modlitby, p\u00f4sty, obety a skutky duchovn\u00e9ho a\u00a0telesn\u00e9ho milosrdenstva obetujme na \u00famysel za n\u00e1v\u0161tevu Sv\u00e4t\u00e9ho Otca. 15. augusta sa z\u00e1rove\u0148 pripoj\u00edme k\u00a0celoslovenskej duchovnej pr\u00edprave na str\u00e1nke <\/span><span style=\"color: #0000ff;\"><a style=\"color: #0000ff;\" href=\"http:\/\/www.navstevapapeza.sk\" target=\"_blank\" rel=\"noopener\"><span style=\"font-weight: 400;\">www.navstevapapeza.sk<\/span><\/a><\/span><span style=\"font-weight: 400;\">.<\/span><\/span><\/p>\n<p><span style=\"font-weight: 400; color: #000000;\">Registr\u00e1cia \u00fa\u010dastn\u00edkov bude spusten\u00e1 u\u017e \u010doskoro.<\/span><\/p>\n","protected":false},"excerpt":{"rendered":"<p>Bratia a sestry, &nbsp; pros\u00edme v\u00e1s, pr\u00ed\u010fte sa stretn\u00fa\u0165 so Sv\u00e4t\u00fdm Otcom Franti\u0161kom v \u0161peci\u00e1lnej slu\u017ebe dobrovo\u013en\u00edkov. H\u013ead\u00e1me 1000 dobrovo\u013en\u00edkov do Pre\u0161ova. Potrebujeme v\u00e1s na slu\u017eby usporiadate\u013eov v sektoroch, parkovanie, \u010di inde. Slu\u017eba dobrovo\u013en\u00edka je na stretnutiach so Sv\u00e4t\u00fdm Otcom preve\u013emi d\u00f4le\u017eit\u00e1. Bez dobrovo\u013en\u00edkov nie je mo\u017en\u00e9 zabezpe\u010di\u0165 tak\u00e9to stretnutie. V\u0161etky inform\u00e1cie aj prihl\u00e1\u0161ku n\u00e1jdete [&hellip;]<\/p>\n","protected":false},"author":2,"featured_media":0,"comment_status":"closed","ping_status":"closed","sticky":false,"template":"","format":"standard","meta":{"_coblocks_attr":"","_coblocks_dimensions":"","_coblocks_responsive_height":"","_coblocks_accordion_ie_support":"","footnotes":""},"categories":[16],"tags":[],"class_list":["post-3458","post","type-post","status-publish","format-standard","hentry","category-svaty-otec-u-nas"],"yoast_head":"<!-- This site is optimized with the Yoast SEO plugin v27.4 - https:\/\/yoast.com\/product\/yoast-seo-wordpress\/ -->\n<title>N\u00e1v\u0161teva Sv\u00e4t\u00e9ho Otca p\u00e1pe\u017ea Franti\u0161ka - GR\u00c9CKOKATOL\u00cdCKA CIRKEV FARNOS\u0164 KO\u0160ICE - STAR\u00c9 MESTO<\/title>\n<meta name=\"robots\" content=\"index, follow, max-snippet:-1, max-image-preview:large, max-video-preview:-1\" \/>\n<link rel=\"canonical\" href=\"https:\/\/kestaremesto.grkatke.sk\/?p=3458\" \/>\n<meta property=\"og:locale\" content=\"sk_SK\" \/>\n<meta property=\"og:type\" content=\"article\" \/>\n<meta property=\"og:title\" content=\"N\u00e1v\u0161teva Sv\u00e4t\u00e9ho Otca p\u00e1pe\u017ea Franti\u0161ka - GR\u00c9CKOKATOL\u00cdCKA CIRKEV FARNOS\u0164 KO\u0160ICE - STAR\u00c9 MESTO\" \/>\n<meta property=\"og:description\" content=\"Bratia a sestry, &nbsp; pros\u00edme v\u00e1s, pr\u00ed\u010fte sa stretn\u00fa\u0165 so Sv\u00e4t\u00fdm Otcom Franti\u0161kom v \u0161peci\u00e1lnej slu\u017ebe dobrovo\u013en\u00edkov. H\u013ead\u00e1me 1000 dobrovo\u013en\u00edkov do Pre\u0161ova. Potrebujeme v\u00e1s na slu\u017eby usporiadate\u013eov v sektoroch, parkovanie, \u010di inde. Slu\u017eba dobrovo\u013en\u00edka je na stretnutiach so Sv\u00e4t\u00fdm Otcom preve\u013emi d\u00f4le\u017eit\u00e1. Bez dobrovo\u013en\u00edkov nie je mo\u017en\u00e9 zabezpe\u010di\u0165 tak\u00e9to stretnutie. V\u0161etky inform\u00e1cie aj prihl\u00e1\u0161ku n\u00e1jdete [&hellip;]\" \/>\n<meta property=\"og:url\" content=\"https:\/\/kestaremesto.grkatke.sk\/?p=3458\" \/>\n<meta property=\"og:site_name\" content=\"GR\u00c9CKOKATOL\u00cdCKA CIRKEV FARNOS\u0164 KO\u0160ICE - STAR\u00c9 MESTO\" \/>\n<meta property=\"article:publisher\" content=\"https:\/\/www.facebook.com\/Na%c5%a1a-Katedr%c3%a1la-231637610336060\/\" \/>\n<meta property=\"article:published_time\" content=\"2021-08-09T13:39:42+00:00\" \/>\n<meta property=\"article:modified_time\" content=\"2021-08-15T11:12:44+00:00\" \/>\n<meta name=\"author\" content=\"administr\u00e1tor\" \/>\n<meta name=\"twitter:card\" content=\"summary_large_image\" \/>\n<meta name=\"twitter:label1\" content=\"Autor\" \/>\n\t<meta name=\"twitter:data1\" content=\"administr\u00e1tor\" \/>\n\t<meta name=\"twitter:label2\" content=\"Predpokladan\u00fd \u010das \u010d\u00edtania\" \/>\n\t<meta name=\"twitter:data2\" content=\"3 min\u00faty\" \/>\n<script type=\"application\/ld+json\" class=\"yoast-schema-graph\">{\"@context\":\"https:\\\/\\\/schema.org\",\"@graph\":[{\"@type\":\"Article\",\"@id\":\"https:\\\/\\\/kestaremesto.grkatke.sk\\\/?p=3458#article\",\"isPartOf\":{\"@id\":\"https:\\\/\\\/kestaremesto.grkatke.sk\\\/?p=3458\"},\"author\":{\"name\":\"administr\u00e1tor\",\"@id\":\"https:\\\/\\\/kestaremesto.grkatke.sk\\\/#\\\/schema\\\/person\\\/86c8e7e5841259082af5c5b227e0d69b\"},\"headline\":\"N\u00e1v\u0161teva Sv\u00e4t\u00e9ho Otca p\u00e1pe\u017ea Franti\u0161ka\",\"datePublished\":\"2021-08-09T13:39:42+00:00\",\"dateModified\":\"2021-08-15T11:12:44+00:00\",\"mainEntityOfPage\":{\"@id\":\"https:\\\/\\\/kestaremesto.grkatke.sk\\\/?p=3458\"},\"wordCount\":728,\"articleSection\":[\"Sv\u00e4t\u00fd Otec u n\u00e1s\"],\"inLanguage\":\"sk-SK\"},{\"@type\":\"WebPage\",\"@id\":\"https:\\\/\\\/kestaremesto.grkatke.sk\\\/?p=3458\",\"url\":\"https:\\\/\\\/kestaremesto.grkatke.sk\\\/?p=3458\",\"name\":\"N\u00e1v\u0161teva Sv\u00e4t\u00e9ho Otca p\u00e1pe\u017ea Franti\u0161ka - GR\u00c9CKOKATOL\u00cdCKA CIRKEV FARNOS\u0164 KO\u0160ICE - STAR\u00c9 MESTO\",\"isPartOf\":{\"@id\":\"https:\\\/\\\/kestaremesto.grkatke.sk\\\/#website\"},\"datePublished\":\"2021-08-09T13:39:42+00:00\",\"dateModified\":\"2021-08-15T11:12:44+00:00\",\"author\":{\"@id\":\"https:\\\/\\\/kestaremesto.grkatke.sk\\\/#\\\/schema\\\/person\\\/86c8e7e5841259082af5c5b227e0d69b\"},\"breadcrumb\":{\"@id\":\"https:\\\/\\\/kestaremesto.grkatke.sk\\\/?p=3458#breadcrumb\"},\"inLanguage\":\"sk-SK\",\"potentialAction\":[{\"@type\":\"ReadAction\",\"target\":[\"https:\\\/\\\/kestaremesto.grkatke.sk\\\/?p=3458\"]}]},{\"@type\":\"BreadcrumbList\",\"@id\":\"https:\\\/\\\/kestaremesto.grkatke.sk\\\/?p=3458#breadcrumb\",\"itemListElement\":[{\"@type\":\"ListItem\",\"position\":1,\"name\":\"Domovsk\u00e1 str\u00e1nka\",\"item\":\"https:\\\/\\\/kestaremesto.grkatke.sk\\\/\"},{\"@type\":\"ListItem\",\"position\":2,\"name\":\"N\u00e1v\u0161teva Sv\u00e4t\u00e9ho Otca p\u00e1pe\u017ea Franti\u0161ka\"}]},{\"@type\":\"WebSite\",\"@id\":\"https:\\\/\\\/kestaremesto.grkatke.sk\\\/#website\",\"url\":\"https:\\\/\\\/kestaremesto.grkatke.sk\\\/\",\"name\":\"GR\u00c9CKOKATOL\u00cdCKA CIRKEV FARNOS\u0164 KO\u0160ICE - STAR\u00c9 MESTO\",\"description\":\"\",\"potentialAction\":[{\"@type\":\"SearchAction\",\"target\":{\"@type\":\"EntryPoint\",\"urlTemplate\":\"https:\\\/\\\/kestaremesto.grkatke.sk\\\/?s={search_term_string}\"},\"query-input\":{\"@type\":\"PropertyValueSpecification\",\"valueRequired\":true,\"valueName\":\"search_term_string\"}}],\"inLanguage\":\"sk-SK\"},{\"@type\":\"Person\",\"@id\":\"https:\\\/\\\/kestaremesto.grkatke.sk\\\/#\\\/schema\\\/person\\\/86c8e7e5841259082af5c5b227e0d69b\",\"name\":\"administr\u00e1tor\",\"url\":\"https:\\\/\\\/kestaremesto.grkatke.sk\\\/?author=2\"}]}<\/script>\n<!-- \/ Yoast SEO plugin. -->","yoast_head_json":{"title":"N\u00e1v\u0161teva Sv\u00e4t\u00e9ho Otca p\u00e1pe\u017ea Franti\u0161ka - GR\u00c9CKOKATOL\u00cdCKA CIRKEV FARNOS\u0164 KO\u0160ICE - STAR\u00c9 MESTO","robots":{"index":"index","follow":"follow","max-snippet":"max-snippet:-1","max-image-preview":"max-image-preview:large","max-video-preview":"max-video-preview:-1"},"canonical":"https:\/\/kestaremesto.grkatke.sk\/?p=3458","og_locale":"sk_SK","og_type":"article","og_title":"N\u00e1v\u0161teva Sv\u00e4t\u00e9ho Otca p\u00e1pe\u017ea Franti\u0161ka - GR\u00c9CKOKATOL\u00cdCKA CIRKEV FARNOS\u0164 KO\u0160ICE - STAR\u00c9 MESTO","og_description":"Bratia a sestry, &nbsp; pros\u00edme v\u00e1s, pr\u00ed\u010fte sa stretn\u00fa\u0165 so Sv\u00e4t\u00fdm Otcom Franti\u0161kom v \u0161peci\u00e1lnej slu\u017ebe dobrovo\u013en\u00edkov. H\u013ead\u00e1me 1000 dobrovo\u013en\u00edkov do Pre\u0161ova. Potrebujeme v\u00e1s na slu\u017eby usporiadate\u013eov v sektoroch, parkovanie, \u010di inde. Slu\u017eba dobrovo\u013en\u00edka je na stretnutiach so Sv\u00e4t\u00fdm Otcom preve\u013emi d\u00f4le\u017eit\u00e1. Bez dobrovo\u013en\u00edkov nie je mo\u017en\u00e9 zabezpe\u010di\u0165 tak\u00e9to stretnutie. V\u0161etky inform\u00e1cie aj prihl\u00e1\u0161ku n\u00e1jdete [&hellip;]","og_url":"https:\/\/kestaremesto.grkatke.sk\/?p=3458","og_site_name":"GR\u00c9CKOKATOL\u00cdCKA CIRKEV FARNOS\u0164 KO\u0160ICE - STAR\u00c9 MESTO","article_publisher":"https:\/\/www.facebook.com\/Na%c5%a1a-Katedr%c3%a1la-231637610336060\/","article_published_time":"2021-08-09T13:39:42+00:00","article_modified_time":"2021-08-15T11:12:44+00:00","author":"administr\u00e1tor","twitter_card":"summary_large_image","twitter_misc":{"Autor":"administr\u00e1tor","Predpokladan\u00fd \u010das \u010d\u00edtania":"3 min\u00faty"},"schema":{"@context":"https:\/\/schema.org","@graph":[{"@type":"Article","@id":"https:\/\/kestaremesto.grkatke.sk\/?p=3458#article","isPartOf":{"@id":"https:\/\/kestaremesto.grkatke.sk\/?p=3458"},"author":{"name":"administr\u00e1tor","@id":"https:\/\/kestaremesto.grkatke.sk\/#\/schema\/person\/86c8e7e5841259082af5c5b227e0d69b"},"headline":"N\u00e1v\u0161teva Sv\u00e4t\u00e9ho Otca p\u00e1pe\u017ea Franti\u0161ka","datePublished":"2021-08-09T13:39:42+00:00","dateModified":"2021-08-15T11:12:44+00:00","mainEntityOfPage":{"@id":"https:\/\/kestaremesto.grkatke.sk\/?p=3458"},"wordCount":728,"articleSection":["Sv\u00e4t\u00fd Otec u n\u00e1s"],"inLanguage":"sk-SK"},{"@type":"WebPage","@id":"https:\/\/kestaremesto.grkatke.sk\/?p=3458","url":"https:\/\/kestaremesto.grkatke.sk\/?p=3458","name":"N\u00e1v\u0161teva Sv\u00e4t\u00e9ho Otca p\u00e1pe\u017ea Franti\u0161ka - GR\u00c9CKOKATOL\u00cdCKA CIRKEV FARNOS\u0164 KO\u0160ICE - STAR\u00c9 MESTO","isPartOf":{"@id":"https:\/\/kestaremesto.grkatke.sk\/#website"},"datePublished":"2021-08-09T13:39:42+00:00","dateModified":"2021-08-15T11:12:44+00:00","author":{"@id":"https:\/\/kestaremesto.grkatke.sk\/#\/schema\/person\/86c8e7e5841259082af5c5b227e0d69b"},"breadcrumb":{"@id":"https:\/\/kestaremesto.grkatke.sk\/?p=3458#breadcrumb"},"inLanguage":"sk-SK","potentialAction":[{"@type":"ReadAction","target":["https:\/\/kestaremesto.grkatke.sk\/?p=3458"]}]},{"@type":"BreadcrumbList","@id":"https:\/\/kestaremesto.grkatke.sk\/?p=3458#breadcrumb","itemListElement":[{"@type":"ListItem","position":1,"name":"Domovsk\u00e1 str\u00e1nka","item":"https:\/\/kestaremesto.grkatke.sk\/"},{"@type":"ListItem","position":2,"name":"N\u00e1v\u0161teva Sv\u00e4t\u00e9ho Otca p\u00e1pe\u017ea Franti\u0161ka"}]},{"@type":"WebSite","@id":"https:\/\/kestaremesto.grkatke.sk\/#website","url":"https:\/\/kestaremesto.grkatke.sk\/","name":"GR\u00c9CKOKATOL\u00cdCKA CIRKEV FARNOS\u0164 KO\u0160ICE - STAR\u00c9 MESTO","description":"","potentialAction":[{"@type":"SearchAction","target":{"@type":"EntryPoint","urlTemplate":"https:\/\/kestaremesto.grkatke.sk\/?s={search_term_string}"},"query-input":{"@type":"PropertyValueSpecification","valueRequired":true,"valueName":"search_term_string"}}],"inLanguage":"sk-SK"},{"@type":"Person","@id":"https:\/\/kestaremesto.grkatke.sk\/#\/schema\/person\/86c8e7e5841259082af5c5b227e0d69b","name":"administr\u00e1tor","url":"https:\/\/kestaremesto.grkatke.sk\/?author=2"}]}},"_links":{"self":[{"href":"https:\/\/kestaremesto.grkatke.sk\/index.php?rest_route=\/wp\/v2\/posts\/3458","targetHints":{"allow":["GET"]}}],"collection":[{"href":"https:\/\/kestaremesto.grkatke.sk\/index.php?rest_route=\/wp\/v2\/posts"}],"about":[{"href":"https:\/\/kestaremesto.grkatke.sk\/index.php?rest_route=\/wp\/v2\/types\/post"}],"author":[{"embeddable":true,"href":"https:\/\/kestaremesto.grkatke.sk\/index.php?rest_route=\/wp\/v2\/users\/2"}],"replies":[{"embeddable":true,"href":"https:\/\/kestaremesto.grkatke.sk\/index.php?rest_route=%2Fwp%2Fv2%2Fcomments&post=3458"}],"version-history":[{"count":6,"href":"https:\/\/kestaremesto.grkatke.sk\/index.php?rest_route=\/wp\/v2\/posts\/3458\/revisions"}],"predecessor-version":[{"id":3472,"href":"https:\/\/kestaremesto.grkatke.sk\/index.php?rest_route=\/wp\/v2\/posts\/3458\/revisions\/3472"}],"wp:attachment":[{"href":"https:\/\/kestaremesto.grkatke.sk\/index.php?rest_route=%2Fwp%2Fv2%2Fmedia&parent=3458"}],"wp:term":[{"taxonomy":"category","embeddable":true,"href":"https:\/\/kestaremesto.grkatke.sk\/index.php?rest_route=%2Fwp%2Fv2%2Fcategories&post=3458"},{"taxonomy":"post_tag","embeddable":true,"href":"https:\/\/kestaremesto.grkatke.sk\/index.php?rest_route=%2Fwp%2Fv2%2Ftags&post=3458"}],"curies":[{"name":"wp","href":"https:\/\/api.w.org\/{rel}","templated":true}]}}