{"id":3470,"date":"2021-08-15T13:09:01","date_gmt":"2021-08-15T11:09:01","guid":{"rendered":"https:\/\/kestaremesto.grkatke.sk\/?p=3470"},"modified":"2021-08-16T00:51:36","modified_gmt":"2021-08-15T22:51:36","slug":"registracia-na-stretnutie-so-svatym-otcom","status":"publish","type":"post","link":"https:\/\/kestaremesto.grkatke.sk\/?p=3470","title":{"rendered":"Sv\u00e4t\u00fd Otec v Pre\u0161ove \u2013 info k 15. 08. 2021"},"content":{"rendered":"<p><span style=\"color: #000000;\">Bratia a sestry,<\/span><\/p>\n<p style=\"text-align: justify;\"><span style=\"color: #000000;\">srde\u010dne v\u00e1s v\u0161etk\u00fdch poz\u00fdvame na stretnutie so Sv\u00e4t\u00fdm Otcom Franti\u0161kom v Pre\u0161ove v utorok 14. septembra 2021 dopoludnia, na sviatok Pov\u00fd\u0161enia sv\u00e4t\u00e9ho Kr\u00ed\u017ea. <strong>Od piatku 13. augusta je u\u017e spusten\u00e1 ofici\u00e1lna elektronick\u00e1 registr\u00e1cia \u00fa\u010dastn\u00edkov na jednotliv\u00e9 stretnutia, teda aj na stretnutie v Pre\u0161ove.<\/strong> Sv\u00e4t\u00fd Otec Franti\u0161ek bude predseda\u0165 sl\u00e1veniu sv\u00e4tej liturgie a ohl\u00e1si hom\u00edliu na priestranstve pred mestskou \u0161portovou halou.<strong> Na jej sl\u00e1venie ste v\u0161etci srde\u010dne pozvan\u00ed \u2013 gr\u00e9ckokatol\u00edcki veriaci, ale aj r\u00edmskokatol\u00edcki veriaci, ako aj veriaci in\u00fdch cirkv\u00ed, Pre\u0161ov\u010dania a v\u0161etci \u013eudia dobrej v\u00f4le r\u00f4znych vekov\u00fdch kateg\u00f3ri\u00ed. V\u0161etci ste srde\u010dne pozvan\u00ed.<\/strong><\/span><\/p>\n<p style=\"text-align: justify;\"><span style=\"color: #000000;\"><strong>Pred sl\u00e1ven\u00edm liturgie Sv\u00e4t\u00fd Otec pozdrav\u00ed p\u00fatnikov z papamobilu.<\/strong> <strong>Pred jeho pr\u00edchodom je priamo na mieste stretnutia pripraven\u00fd bohat\u00fd duchovno-kult\u00farny program. Vstup do are\u00e1lu bude otvoren\u00fd od 2:00 hod. a uzatvoren\u00fd o 8:00 hod., teda dve hodiny pred pl\u00e1novan\u00fdm pr\u00edchodom p\u00e1pe\u017ea.<\/strong> Zaregistrova\u0165 sa na stretnutie so Sv\u00e4t\u00fdm Otcom v Pre\u0161ove m\u00f4\u017eete na ofici\u00e1lnej webovej str\u00e1nke <a href=\"https:\/\/registracia.navstevapapeza.sk\/sk\/registracia\/presov\/\" target=\"_blank\" rel=\"noopener\">www.navstevapapeza.sk<\/a>. Alebo sa d\u00e1 prihl\u00e1si\u0165 aj z archieparchi\u00e1lnej ofici\u00e1lnej str\u00e1nky <a href=\"http:\/\/www.grkatpo.sk\" target=\"_blank\" rel=\"noopener\">www.grkatpo.sk<\/a> alebo z eparchi\u00e1lnych <a href=\"http:\/\/www.grkatke.sk\" target=\"_blank\" rel=\"noopener\">www.grkatke.sk<\/a> a <a href=\"http:\/\/www.grkatba.sk\" target=\"_blank\" rel=\"noopener\">www.grkatba.sk<\/a>, ktor\u00e9 s\u00fa v\u0161etky prepojen\u00e9. V pr\u00edpade potreby pom\u00f4\u017eeme s registr\u00e1ciou na farskom \u00farade. Na t\u00fdchto str\u00e1nkach sa dozviete aj bli\u017e\u0161ie inform\u00e1cie, ktor\u00e9 bud\u00fa postupne aktualizovan\u00e9, napr. o doprave, o presnom sp\u00f4sobe registr\u00e1cie, ktor\u00e1 nie je n\u00e1ro\u010dn\u00e1 a pod. V\u0161etky konkr\u00e9tne ot\u00e1zky adresujte na zverejnen\u00e9 linky pre to-ktor\u00e9 podujatie, teda aj v Pre\u0161ove: <a href=\"https:\/\/www.navstevapapeza.sk\/sk\" target=\"_blank\" rel=\"noopener\">https:\/\/www.navstevapapeza.sk\/sk<\/a><\/span><\/p>\n<p style=\"text-align: justify;\"><span style=\"color: #000000;\"><strong>Z\u00e1rove\u0148 na t\u00fdchto str\u00e1nkach na\u010falej prebieha aj prihlasovanie dobrovo\u013en\u00edkov, aj dobrovo\u013en\u00edkov pre Pre\u0161ov, ktor\u00fdch e\u0161te st\u00e1le potrebujeme nieko\u013eko stoviek.<\/strong> Vopred \u010fakujeme za va\u0161u ochotu aj tak\u00fdmto \u0161pecifick\u00fdm sp\u00f4sobom prispie\u0165 k d\u00f4stojn\u00e9mu a pokojn\u00e9mu stretnutiu so Sv\u00e4t\u00fdm Otcom v Pre\u0161ove. Za dobrovo\u013en\u00edkov sa m\u00f4\u017eete prihl\u00e1si\u0165 nielen mlad\u00ed \u013eudia, ale aj mlad\u00ed duchom, napr. stredn\u00e1 gener\u00e1cia, ba aj seniori, ktor\u00ed m\u00f4\u017eete zvl\u00e1da\u0165 ur\u010dit\u00fa n\u00e1ro\u010dnos\u0165 tejto vz\u00e1cnej a ve\u013emi potrebnej slu\u017eby.<\/span><\/p>\n<p style=\"text-align: justify;\"><span style=\"color: #000000;\"><strong>Pre skupiny ako s\u00fa k\u0148azi (gr\u00e9ckokatol\u00edcki a r\u00edmskokatol\u00edcki), zasv\u00e4ten\u00e9 osoby, VIP (pozvan\u00ed hostia) \u2013 bude samostatn\u00e1 registr\u00e1cia,<\/strong> vzh\u013eadom na ich osobitn\u00fa funkciu, \u010di slu\u017ebu na podujatiach, <strong>spusten\u00e1 nesk\u00f4r.<\/strong><\/span><\/p>\n<p style=\"text-align: justify;\"><span style=\"color: #000000;\">K lep\u0161ej informovanosti bola v\u010dera 14. augusta (teda mesiac pred samotnou n\u00e1v\u0161tevou p\u00e1pe\u017ea v Pre\u0161ove) <strong>spusten\u00e1 facebookov\u00e1 aj instagramov\u00e1 str\u00e1nka <em>Stretni p\u00e1pe\u017ea v Pre\u0161ove<\/em><\/strong>. Pros\u00edme v\u00e1s, pridajte si tieto linky do sledovania, aby ste boli st\u00e1le informovan\u00ed a zdie\u013eajte ich cez svoje facebookov\u00e9 (alebo ke\u010f m\u00e1te aj instagramov\u00e9) \u00fa\u010dty.<\/span><\/p>\n<p style=\"text-align: justify;\"><span style=\"color: #000000;\"><strong>Nezab\u00fadajme na 40-d\u0148ov\u00fa duchovn\u00fa pr\u00edpravu pred n\u00e1v\u0161tevou Sv\u00e4t\u00e9ho Otca v Pre\u0161ove<\/strong>, ktor\u00e1 v na\u0161ich farnostiach prebieha od sviatku Premenenia P\u00e1na 6. augusta a je podrobne rozp\u00edsan\u00e1 v <a href=\"https:\/\/kestaremesto.grkatke.sk\/?p=3464\" target=\"_blank\" rel=\"noopener\">bro\u017e\u00farke<\/a> duchovnej pr\u00edpravy na na\u0161ich ofici\u00e1lnych str\u00e1nkach. <strong>Dnes, na sviatok Zosnutia Presv\u00e4tej Bohorodi\u010dky, sa z\u00e1rove\u0148 prip\u00e1jame k celoslovenskej duchovnej pr\u00edprave. Modlime sa a prin\u00e1\u0161ajme duchovn\u00e9 dary vo forme dobr\u00fdch skutkov a obiet na \u00famysel za n\u00e1v\u0161tevu Sv\u00e4t\u00e9ho Otca v na\u0161ej krajine a konkr\u00e9tne aj v Pre\u0161ove. <\/strong><\/span><\/p>\n<p>&nbsp;<\/p>\n<p style=\"text-align: justify;\"><span style=\"color: #000000;\">Bratia a sestry,<\/span><\/p>\n<p style=\"text-align: justify;\"><span style=\"color: #000000;\">Z ko\u0161ick\u00fdch farnost\u00ed <strong>s\u00fa objednan\u00e9 autobusy,<\/strong> na ktor\u00e9 sa m\u00f4\u017eete prihl\u00e1si\u0165 v sakristii \u010d\u00edm sk\u00f4r. <\/span><span style=\"color: #000000;\">Autobusy bud\u00fa vypraven\u00e9 z jednotliv\u00fdch farnosti. Miesto a \u010das odchodu v\u00e1m bud\u00fa ozn\u00e1men\u00e9 po zaplaten\u00ed cestovn\u00e9ho v sakrestii od 1. &#8211; 11. septembra 2021. Cestovn\u00e9 s\u00fa 4 eur\u00e1 (deti do 12. rokov zadarmo).<\/span><\/p>\n<p style=\"text-align: justify;\"><span style=\"color: #000000;\"><strong>PRIHL\u00c1SI\u0164 SA NA AUTOBUS M\u00d4\u017dETE DO 29. AUGUSTA 2021 (vr\u00e1tane)<\/strong> v sakristii, nako\u013eko po tomto d\u00e1tume rezervovan\u00e9 autobusy prepust\u00edme \u010fal\u0161\u00edm farnostiam.<\/span><\/p>\n<p style=\"text-align: justify;\"><span style=\"color: #000000;\">Pod\u013ea aktu\u00e1lnych inform\u00e1cii, \u00fa\u010dastn\u00edci stretnutia bud\u00fa rozdelen\u00ed do sektorov pod\u013ea pr\u00edchodu a\u017e na mieste, teda t\u00ed z autobusu bud\u00fa v sektore spolu.<\/span><\/p>\n<p>&nbsp;<\/p>\n","protected":false},"excerpt":{"rendered":"<p>Bratia a sestry, srde\u010dne v\u00e1s v\u0161etk\u00fdch poz\u00fdvame na stretnutie so Sv\u00e4t\u00fdm Otcom Franti\u0161kom v Pre\u0161ove v utorok 14. septembra 2021 dopoludnia, na sviatok Pov\u00fd\u0161enia sv\u00e4t\u00e9ho Kr\u00ed\u017ea. Od piatku 13. augusta je u\u017e spusten\u00e1 ofici\u00e1lna elektronick\u00e1 registr\u00e1cia \u00fa\u010dastn\u00edkov na jednotliv\u00e9 stretnutia, teda aj na stretnutie v Pre\u0161ove. Sv\u00e4t\u00fd Otec Franti\u0161ek bude predseda\u0165 sl\u00e1veniu sv\u00e4tej liturgie a [&hellip;]<\/p>\n","protected":false},"author":2,"featured_media":0,"comment_status":"closed","ping_status":"closed","sticky":false,"template":"","format":"standard","meta":{"_coblocks_attr":"","_coblocks_dimensions":"","_coblocks_responsive_height":"","_coblocks_accordion_ie_support":"","footnotes":""},"categories":[16],"tags":[],"class_list":["post-3470","post","type-post","status-publish","format-standard","hentry","category-svaty-otec-u-nas"],"yoast_head":"<!-- This site is optimized with the Yoast SEO plugin v27.4 - https:\/\/yoast.com\/product\/yoast-seo-wordpress\/ -->\n<title>Sv\u00e4t\u00fd Otec v Pre\u0161ove \u2013 info k 15. 08. 2021 - GR\u00c9CKOKATOL\u00cdCKA CIRKEV FARNOS\u0164 KO\u0160ICE - STAR\u00c9 MESTO<\/title>\n<meta name=\"robots\" content=\"index, follow, max-snippet:-1, max-image-preview:large, max-video-preview:-1\" \/>\n<link rel=\"canonical\" href=\"https:\/\/kestaremesto.grkatke.sk\/?p=3470\" \/>\n<meta property=\"og:locale\" content=\"sk_SK\" \/>\n<meta property=\"og:type\" content=\"article\" \/>\n<meta property=\"og:title\" content=\"Sv\u00e4t\u00fd Otec v Pre\u0161ove \u2013 info k 15. 08. 2021 - GR\u00c9CKOKATOL\u00cdCKA CIRKEV FARNOS\u0164 KO\u0160ICE - STAR\u00c9 MESTO\" \/>\n<meta property=\"og:description\" content=\"Bratia a sestry, srde\u010dne v\u00e1s v\u0161etk\u00fdch poz\u00fdvame na stretnutie so Sv\u00e4t\u00fdm Otcom Franti\u0161kom v Pre\u0161ove v utorok 14. septembra 2021 dopoludnia, na sviatok Pov\u00fd\u0161enia sv\u00e4t\u00e9ho Kr\u00ed\u017ea. Od piatku 13. augusta je u\u017e spusten\u00e1 ofici\u00e1lna elektronick\u00e1 registr\u00e1cia \u00fa\u010dastn\u00edkov na jednotliv\u00e9 stretnutia, teda aj na stretnutie v Pre\u0161ove. Sv\u00e4t\u00fd Otec Franti\u0161ek bude predseda\u0165 sl\u00e1veniu sv\u00e4tej liturgie a [&hellip;]\" \/>\n<meta property=\"og:url\" content=\"https:\/\/kestaremesto.grkatke.sk\/?p=3470\" \/>\n<meta property=\"og:site_name\" content=\"GR\u00c9CKOKATOL\u00cdCKA CIRKEV FARNOS\u0164 KO\u0160ICE - STAR\u00c9 MESTO\" \/>\n<meta property=\"article:publisher\" content=\"https:\/\/www.facebook.com\/Na%c5%a1a-Katedr%c3%a1la-231637610336060\/\" \/>\n<meta property=\"article:published_time\" content=\"2021-08-15T11:09:01+00:00\" \/>\n<meta property=\"article:modified_time\" content=\"2021-08-15T22:51:36+00:00\" \/>\n<meta name=\"author\" content=\"administr\u00e1tor\" \/>\n<meta name=\"twitter:card\" content=\"summary_large_image\" \/>\n<meta name=\"twitter:label1\" content=\"Autor\" \/>\n\t<meta name=\"twitter:data1\" content=\"administr\u00e1tor\" \/>\n\t<meta name=\"twitter:label2\" content=\"Predpokladan\u00fd \u010das \u010d\u00edtania\" \/>\n\t<meta name=\"twitter:data2\" content=\"3 min\u00faty\" \/>\n<script type=\"application\/ld+json\" class=\"yoast-schema-graph\">{\"@context\":\"https:\\\/\\\/schema.org\",\"@graph\":[{\"@type\":\"Article\",\"@id\":\"https:\\\/\\\/kestaremesto.grkatke.sk\\\/?p=3470#article\",\"isPartOf\":{\"@id\":\"https:\\\/\\\/kestaremesto.grkatke.sk\\\/?p=3470\"},\"author\":{\"name\":\"administr\u00e1tor\",\"@id\":\"https:\\\/\\\/kestaremesto.grkatke.sk\\\/#\\\/schema\\\/person\\\/86c8e7e5841259082af5c5b227e0d69b\"},\"headline\":\"Sv\u00e4t\u00fd Otec v Pre\u0161ove \u2013 info k 15. 08. 2021\",\"datePublished\":\"2021-08-15T11:09:01+00:00\",\"dateModified\":\"2021-08-15T22:51:36+00:00\",\"mainEntityOfPage\":{\"@id\":\"https:\\\/\\\/kestaremesto.grkatke.sk\\\/?p=3470\"},\"wordCount\":731,\"articleSection\":[\"Sv\u00e4t\u00fd Otec u n\u00e1s\"],\"inLanguage\":\"sk-SK\"},{\"@type\":\"WebPage\",\"@id\":\"https:\\\/\\\/kestaremesto.grkatke.sk\\\/?p=3470\",\"url\":\"https:\\\/\\\/kestaremesto.grkatke.sk\\\/?p=3470\",\"name\":\"Sv\u00e4t\u00fd Otec v Pre\u0161ove \u2013 info k 15. 08. 2021 - GR\u00c9CKOKATOL\u00cdCKA CIRKEV FARNOS\u0164 KO\u0160ICE - STAR\u00c9 MESTO\",\"isPartOf\":{\"@id\":\"https:\\\/\\\/kestaremesto.grkatke.sk\\\/#website\"},\"datePublished\":\"2021-08-15T11:09:01+00:00\",\"dateModified\":\"2021-08-15T22:51:36+00:00\",\"author\":{\"@id\":\"https:\\\/\\\/kestaremesto.grkatke.sk\\\/#\\\/schema\\\/person\\\/86c8e7e5841259082af5c5b227e0d69b\"},\"breadcrumb\":{\"@id\":\"https:\\\/\\\/kestaremesto.grkatke.sk\\\/?p=3470#breadcrumb\"},\"inLanguage\":\"sk-SK\",\"potentialAction\":[{\"@type\":\"ReadAction\",\"target\":[\"https:\\\/\\\/kestaremesto.grkatke.sk\\\/?p=3470\"]}]},{\"@type\":\"BreadcrumbList\",\"@id\":\"https:\\\/\\\/kestaremesto.grkatke.sk\\\/?p=3470#breadcrumb\",\"itemListElement\":[{\"@type\":\"ListItem\",\"position\":1,\"name\":\"Domovsk\u00e1 str\u00e1nka\",\"item\":\"https:\\\/\\\/kestaremesto.grkatke.sk\\\/\"},{\"@type\":\"ListItem\",\"position\":2,\"name\":\"Sv\u00e4t\u00fd Otec v Pre\u0161ove \u2013 info k 15. 08. 2021\"}]},{\"@type\":\"WebSite\",\"@id\":\"https:\\\/\\\/kestaremesto.grkatke.sk\\\/#website\",\"url\":\"https:\\\/\\\/kestaremesto.grkatke.sk\\\/\",\"name\":\"GR\u00c9CKOKATOL\u00cdCKA CIRKEV FARNOS\u0164 KO\u0160ICE - STAR\u00c9 MESTO\",\"description\":\"\",\"potentialAction\":[{\"@type\":\"SearchAction\",\"target\":{\"@type\":\"EntryPoint\",\"urlTemplate\":\"https:\\\/\\\/kestaremesto.grkatke.sk\\\/?s={search_term_string}\"},\"query-input\":{\"@type\":\"PropertyValueSpecification\",\"valueRequired\":true,\"valueName\":\"search_term_string\"}}],\"inLanguage\":\"sk-SK\"},{\"@type\":\"Person\",\"@id\":\"https:\\\/\\\/kestaremesto.grkatke.sk\\\/#\\\/schema\\\/person\\\/86c8e7e5841259082af5c5b227e0d69b\",\"name\":\"administr\u00e1tor\",\"url\":\"https:\\\/\\\/kestaremesto.grkatke.sk\\\/?author=2\"}]}<\/script>\n<!-- \/ Yoast SEO plugin. -->","yoast_head_json":{"title":"Sv\u00e4t\u00fd Otec v Pre\u0161ove \u2013 info k 15. 08. 2021 - GR\u00c9CKOKATOL\u00cdCKA CIRKEV FARNOS\u0164 KO\u0160ICE - STAR\u00c9 MESTO","robots":{"index":"index","follow":"follow","max-snippet":"max-snippet:-1","max-image-preview":"max-image-preview:large","max-video-preview":"max-video-preview:-1"},"canonical":"https:\/\/kestaremesto.grkatke.sk\/?p=3470","og_locale":"sk_SK","og_type":"article","og_title":"Sv\u00e4t\u00fd Otec v Pre\u0161ove \u2013 info k 15. 08. 2021 - GR\u00c9CKOKATOL\u00cdCKA CIRKEV FARNOS\u0164 KO\u0160ICE - STAR\u00c9 MESTO","og_description":"Bratia a sestry, srde\u010dne v\u00e1s v\u0161etk\u00fdch poz\u00fdvame na stretnutie so Sv\u00e4t\u00fdm Otcom Franti\u0161kom v Pre\u0161ove v utorok 14. septembra 2021 dopoludnia, na sviatok Pov\u00fd\u0161enia sv\u00e4t\u00e9ho Kr\u00ed\u017ea. Od piatku 13. augusta je u\u017e spusten\u00e1 ofici\u00e1lna elektronick\u00e1 registr\u00e1cia \u00fa\u010dastn\u00edkov na jednotliv\u00e9 stretnutia, teda aj na stretnutie v Pre\u0161ove. Sv\u00e4t\u00fd Otec Franti\u0161ek bude predseda\u0165 sl\u00e1veniu sv\u00e4tej liturgie a [&hellip;]","og_url":"https:\/\/kestaremesto.grkatke.sk\/?p=3470","og_site_name":"GR\u00c9CKOKATOL\u00cdCKA CIRKEV FARNOS\u0164 KO\u0160ICE - STAR\u00c9 MESTO","article_publisher":"https:\/\/www.facebook.com\/Na%c5%a1a-Katedr%c3%a1la-231637610336060\/","article_published_time":"2021-08-15T11:09:01+00:00","article_modified_time":"2021-08-15T22:51:36+00:00","author":"administr\u00e1tor","twitter_card":"summary_large_image","twitter_misc":{"Autor":"administr\u00e1tor","Predpokladan\u00fd \u010das \u010d\u00edtania":"3 min\u00faty"},"schema":{"@context":"https:\/\/schema.org","@graph":[{"@type":"Article","@id":"https:\/\/kestaremesto.grkatke.sk\/?p=3470#article","isPartOf":{"@id":"https:\/\/kestaremesto.grkatke.sk\/?p=3470"},"author":{"name":"administr\u00e1tor","@id":"https:\/\/kestaremesto.grkatke.sk\/#\/schema\/person\/86c8e7e5841259082af5c5b227e0d69b"},"headline":"Sv\u00e4t\u00fd Otec v Pre\u0161ove \u2013 info k 15. 08. 2021","datePublished":"2021-08-15T11:09:01+00:00","dateModified":"2021-08-15T22:51:36+00:00","mainEntityOfPage":{"@id":"https:\/\/kestaremesto.grkatke.sk\/?p=3470"},"wordCount":731,"articleSection":["Sv\u00e4t\u00fd Otec u n\u00e1s"],"inLanguage":"sk-SK"},{"@type":"WebPage","@id":"https:\/\/kestaremesto.grkatke.sk\/?p=3470","url":"https:\/\/kestaremesto.grkatke.sk\/?p=3470","name":"Sv\u00e4t\u00fd Otec v Pre\u0161ove \u2013 info k 15. 08. 2021 - GR\u00c9CKOKATOL\u00cdCKA CIRKEV FARNOS\u0164 KO\u0160ICE - STAR\u00c9 MESTO","isPartOf":{"@id":"https:\/\/kestaremesto.grkatke.sk\/#website"},"datePublished":"2021-08-15T11:09:01+00:00","dateModified":"2021-08-15T22:51:36+00:00","author":{"@id":"https:\/\/kestaremesto.grkatke.sk\/#\/schema\/person\/86c8e7e5841259082af5c5b227e0d69b"},"breadcrumb":{"@id":"https:\/\/kestaremesto.grkatke.sk\/?p=3470#breadcrumb"},"inLanguage":"sk-SK","potentialAction":[{"@type":"ReadAction","target":["https:\/\/kestaremesto.grkatke.sk\/?p=3470"]}]},{"@type":"BreadcrumbList","@id":"https:\/\/kestaremesto.grkatke.sk\/?p=3470#breadcrumb","itemListElement":[{"@type":"ListItem","position":1,"name":"Domovsk\u00e1 str\u00e1nka","item":"https:\/\/kestaremesto.grkatke.sk\/"},{"@type":"ListItem","position":2,"name":"Sv\u00e4t\u00fd Otec v Pre\u0161ove \u2013 info k 15. 08. 2021"}]},{"@type":"WebSite","@id":"https:\/\/kestaremesto.grkatke.sk\/#website","url":"https:\/\/kestaremesto.grkatke.sk\/","name":"GR\u00c9CKOKATOL\u00cdCKA CIRKEV FARNOS\u0164 KO\u0160ICE - STAR\u00c9 MESTO","description":"","potentialAction":[{"@type":"SearchAction","target":{"@type":"EntryPoint","urlTemplate":"https:\/\/kestaremesto.grkatke.sk\/?s={search_term_string}"},"query-input":{"@type":"PropertyValueSpecification","valueRequired":true,"valueName":"search_term_string"}}],"inLanguage":"sk-SK"},{"@type":"Person","@id":"https:\/\/kestaremesto.grkatke.sk\/#\/schema\/person\/86c8e7e5841259082af5c5b227e0d69b","name":"administr\u00e1tor","url":"https:\/\/kestaremesto.grkatke.sk\/?author=2"}]}},"_links":{"self":[{"href":"https:\/\/kestaremesto.grkatke.sk\/index.php?rest_route=\/wp\/v2\/posts\/3470","targetHints":{"allow":["GET"]}}],"collection":[{"href":"https:\/\/kestaremesto.grkatke.sk\/index.php?rest_route=\/wp\/v2\/posts"}],"about":[{"href":"https:\/\/kestaremesto.grkatke.sk\/index.php?rest_route=\/wp\/v2\/types\/post"}],"author":[{"embeddable":true,"href":"https:\/\/kestaremesto.grkatke.sk\/index.php?rest_route=\/wp\/v2\/users\/2"}],"replies":[{"embeddable":true,"href":"https:\/\/kestaremesto.grkatke.sk\/index.php?rest_route=%2Fwp%2Fv2%2Fcomments&post=3470"}],"version-history":[{"count":4,"href":"https:\/\/kestaremesto.grkatke.sk\/index.php?rest_route=\/wp\/v2\/posts\/3470\/revisions"}],"predecessor-version":[{"id":3478,"href":"https:\/\/kestaremesto.grkatke.sk\/index.php?rest_route=\/wp\/v2\/posts\/3470\/revisions\/3478"}],"wp:attachment":[{"href":"https:\/\/kestaremesto.grkatke.sk\/index.php?rest_route=%2Fwp%2Fv2%2Fmedia&parent=3470"}],"wp:term":[{"taxonomy":"category","embeddable":true,"href":"https:\/\/kestaremesto.grkatke.sk\/index.php?rest_route=%2Fwp%2Fv2%2Fcategories&post=3470"},{"taxonomy":"post_tag","embeddable":true,"href":"https:\/\/kestaremesto.grkatke.sk\/index.php?rest_route=%2Fwp%2Fv2%2Ftags&post=3470"}],"curies":[{"name":"wp","href":"https:\/\/api.w.org\/{rel}","templated":true}]}}