{"id":3481,"date":"2021-08-24T15:12:26","date_gmt":"2021-08-24T13:12:26","guid":{"rendered":"https:\/\/kestaremesto.grkatke.sk\/?p=3481"},"modified":"2021-08-24T15:14:36","modified_gmt":"2021-08-24T13:14:36","slug":"svaty-otec-v-presove-info-k-22-08-2021","status":"publish","type":"post","link":"https:\/\/kestaremesto.grkatke.sk\/?p=3481","title":{"rendered":"Sv\u00e4t\u00fd Otec v Pre\u0161ove \u2013 info k 22. 08. 2021"},"content":{"rendered":"<p><span style=\"font-weight: 400; color: #000000;\">Bratia a\u00a0sestry,<\/span><\/p>\n<p>&nbsp;<\/p>\n<p style=\"text-align: justify;\"><span style=\"color: #000000;\"><span style=\"font-weight: 400;\">bl\u00ed\u017ei sa \u010das apo\u0161tolskej n\u00e1v\u0161tevy Sv\u00e4t\u00e9ho Otca Franti\u0161ka v\u00a0na\u0161ej krajine. U\u017e viac ako t\u00fd\u017ede\u0148 je <\/span><b>spusten\u00e1 ofici\u00e1lna elektronick\u00e1 registr\u00e1cia \u00fa\u010dastn\u00edkov na jednotliv\u00e9 stretnutia, teda aj na sl\u00e1venie sv\u00e4tej liturgie so Sv\u00e4t\u00fdm Otcom v\u00a0Pre\u0161ove na priestranstve pred mestskou \u0161portovou halou 14. septembra 2021.<\/b> <b>Na jej sl\u00e1venie ste v\u0161etci srde\u010dne pozvan\u00ed \u2013 gr\u00e9ckokatol\u00edcki veriaci, ale aj r\u00edmskokatol\u00edcki veriaci, ako aj veriaci in\u00fdch cirkv\u00ed, Pre\u0161ov\u010dania a\u00a0v\u0161etci \u013eudia dobrej v\u00f4le r\u00f4znych vekov\u00fdch kateg\u00f3ri\u00ed. Mnoh\u00ed z\u00a0v\u00e1s ste sa u\u017e prihl\u00e1sili zaregistrovan\u00edm, ostatn\u00fdch pros\u00edme, aby ste registr\u00e1ciu neodkladali.\u00a0<\/b><\/span><\/p>\n<p style=\"text-align: justify;\"><span style=\"color: #000000;\"><b>Pred sl\u00e1ven\u00edm liturgie Sv\u00e4t\u00fd Otec pozdrav\u00ed p\u00fatnikov v\u00a0sektoroch z\u00a0papamobilu. Pred jeho pr\u00edchodom je priamo na mieste stretnutia pripraven\u00fd bohat\u00fd duchovno-kult\u00farny program, ktor\u00e9ho s\u00fa\u010das\u0165ou bud\u00fa modlitby, spevy, katech\u00e9zy, film, ale aj vyst\u00fapenia viacer\u00fdch zn\u00e1mych umelcov.\u00a0<\/b><\/span><\/p>\n<p style=\"text-align: justify;\"><span style=\"color: #000000;\"><b>Vstup do are\u00e1lu bude otvoren\u00fd od 2:00 hod. a uzatvoren\u00fd o 8:00 hod., teda dve hodiny pred pl\u00e1novan\u00fdm pr\u00edchodom p\u00e1pe\u017ea.<\/b><span style=\"font-weight: 400;\"> Zaregistrova\u0165 sa na stretnutie so Sv\u00e4t\u00fdm Otcom v\u00a0Pre\u0161ove m\u00f4\u017eete na ofici\u00e1lnej webovej str\u00e1nke <\/span><a style=\"color: #000000;\" href=\"http:\/\/www.navstevapapeza.sk\" target=\"_blank\" rel=\"noopener\"><span style=\"font-weight: 400;\"><span style=\"color: #0000ff;\">www.navstevapapeza.sk<\/span><\/span><\/a><span style=\"font-weight: 400;\">. Alebo sa d\u00e1 prihl\u00e1si\u0165 aj z\u00a0archieparchi\u00e1lnej ofici\u00e1lnej str\u00e1nky <\/span><span style=\"color: #0000ff;\"><a style=\"color: #0000ff;\" href=\"http:\/\/www.grkatpo.sk\" target=\"_blank\" rel=\"noopener\"><span style=\"font-weight: 400;\">www.grkatpo.sk<\/span><\/a><\/span><span style=\"font-weight: 400;\"> alebo z\u00a0eparchi\u00e1lnych <\/span><span style=\"color: #0000ff;\"><a style=\"color: #0000ff;\" href=\"http:\/\/www.grkatke.sk\" target=\"_blank\" rel=\"noopener\"><span style=\"font-weight: 400;\">www.grkatke.sk<\/span><\/a><\/span><span style=\"font-weight: 400;\"> a\u00a0<\/span><span style=\"color: #0000ff;\"><a style=\"color: #0000ff;\" href=\"http:\/\/www.grkatba.sk\" target=\"_blank\" rel=\"noopener\"><span style=\"font-weight: 400;\">www.grkatba.sk<\/span><\/a><\/span><span style=\"font-weight: 400;\">, ktor\u00e9 s\u00fa v\u0161etky prepojen\u00e9. <\/span><b>Registr\u00e1cia naozaj nie je n\u00e1ro\u010dn\u00e1 a\u00a0trv\u00e1 chv\u00ed\u013eu. Po nejakom \u010dase od registr\u00e1cie V\u00e1m pr\u00edde k\u00f3d a\u00a0vytla\u010d\u00edte si vstupenku. Ak by predsa niekto potreboval pomoc s\u00a0registr\u00e1ciou, zaiste v\u00e1m pom\u00f4\u017eu Va\u0161e deti, vn\u00fa\u010dat\u00e1, pr\u00edpadne k\u0148az vo va\u0161ej farnosti.\u00a0<\/b><\/span><\/p>\n<p style=\"text-align: justify;\"><span style=\"color: #000000;\"><b>\u00da\u010dastn\u00edci n\u00e1v\u0161tevy p\u00e1pe\u017ea Franti\u0161ka v\u00a0Pre\u0161ove dostan\u00fa zdarma bro\u017e\u00farku k\u00a0sl\u00e1veniu, spomienkov\u00fd \u0161\u00e1l (\u0161atku) a\u00a0mal\u00fa vlajku.<\/b><\/span><\/p>\n<p style=\"text-align: justify;\"><span style=\"color: #000000;\"><span style=\"font-weight: 400;\">Na ofici\u00e1lnych str\u00e1nkach sa dozviete aj bli\u017e\u0161ie inform\u00e1cie, ktor\u00e9 s\u00fa postupne aktualizovan\u00e9. <\/span><b>Op\u00e4\u0165 v\u00e1m odpor\u00fa\u010dame vyu\u017ei\u0165 hlavne autobusy, ktor\u00e9 objednali k\u0148azi vo farnostiach, posilnen\u00e9 a\u00a0\u0161peci\u00e1lne vlakov\u00e9 spoje, ku ktor\u00fdm bud\u00fa v\u010das zverejnen\u00e9 \u010dasy a\u00a0miesta odjazdov a\u00a0pr\u00edjazdov. <\/b><span style=\"font-weight: 400;\">Pr\u00edpadne pou\u017eijete osobn\u00e9 aut\u00e1, pre ktor\u00e9 bud\u00fa tie\u017e vyhraden\u00e9 odstavn\u00e9 parkovisk\u00e1. V\u0161etko sa nach\u00e1dza v\u00a0dopravnej mape, ktor\u00e1 bude v\u00a0najbli\u017e\u0161\u00edch d\u0148och zverejnen\u00e1 a\u00a0rie\u0161en\u00e1 naozaj maxim\u00e1lne \u00fastretovo k\u00a0p\u00fatnikom. <\/span><b>Kyvadlov\u00e1 doprava bude zdarma.<\/b><span style=\"font-weight: 400;\"> V\u0161etky konkr\u00e9tne ot\u00e1zky adresujte na zverejnen\u00e9 linky pre to-ktor\u00e9 podujatie, teda aj v Pre\u0161ove na str\u00e1nke <\/span><span style=\"color: #0000ff;\"><a style=\"color: #0000ff;\" href=\"http:\/\/www.navstevapapeza.sk\" target=\"_blank\" rel=\"noopener\"><span style=\"font-weight: 400;\">www.navstevapapeza.sk<\/span><\/a><\/span><span style=\"font-weight: 400;\">.\u00a0<\/span><\/span><\/p>\n<p>&nbsp;<\/p>\n<p style=\"text-align: justify;\"><span style=\"color: #000000;\"><b>Z\u00e1rove\u0148 na t\u00fdchto str\u00e1nkach na\u010falej prebieha aj prihlasovanie <span style=\"color: #ff9900;\">dobrovo\u013en\u00edkov<\/span>, aj dobrovo\u013en\u00edkov pre Pre\u0161ov, ktor\u00fdch e\u0161te st\u00e1le potrebujeme nieko\u013eko stoviek. K\u00a0tomuto \u010dasu je dobrovo\u013en\u00edkov pre Pre\u0161ov pribli\u017ene 500, teda polovica z\u00a0potrebn\u00e9ho po\u010dtu. <\/b><b>Roz\u0161irujeme pozvanie do slu\u017eby dobrovo\u013en\u00edka <span style=\"color: #ff9900;\">AJ PRE 16 a\u00a017 ro\u010dn\u00fdch mlad\u00fdch \u013eud\u00ed<\/span>, ktor\u00ed v\u0161ak musia ma\u0165 p\u00edsomn\u00fd s\u00fahlas rodi\u010da, z\u00e1konn\u00e9ho z\u00e1stupcu.<\/b><b> Tento s\u00fahlas je potrebn\u00e9 nahra\u0165 do registr\u00e1cie dobrovo\u013en\u00edka. N\u00e1jdete ho na na\u0161ich troch gr\u00e9ckokatol\u00edckych ofici\u00e1lnych str\u00e1nkach. <\/b><\/span><\/p>\n<p style=\"text-align: justify;\"><span style=\"color: #000000;\"><b>Vyhlasujeme aj s\u00fa\u0165a\u017e, v\u00a0ktorej m\u00f4\u017ee zatia\u013e jeden dobrovo\u013en\u00edk na z\u00e1klade svojho prihl\u00e1senia sa do tejto slu\u017eby vyhra\u0165 dve vstupenky pre svojich bl\u00edzkych do VIP sektoru.<\/b><span style=\"font-weight: 400;\"> Zlosovan\u00ed bud\u00fa samozrejme v\u0161etci, teda aj t\u00ed, ktor\u00ed sa u\u017e do slu\u017eby dobrovo\u013en\u00edka zaregistrovali. <\/span><b>Aby ste boli zaraden\u00ed do tejto s\u00fa\u0165a\u017ee, je potrebn\u00e9, aby ste sa prihl\u00e1sili do nedele 29. augusta vr\u00e1tane, do 15:00.<\/b><span style=\"font-weight: 400;\"> Za dobrovo\u013en\u00edkov sa m\u00f4\u017eete prihl\u00e1si\u0165 nielen mlad\u00ed \u013eudia, ale aj mlad\u00ed duchom, napr. stredn\u00e1 gener\u00e1cia, ba aj seniori, ktor\u00ed m\u00f4\u017eete zvl\u00e1da\u0165 ur\u010dit\u00fa n\u00e1ro\u010dnos\u0165 tejto vz\u00e1cnej a\u00a0ve\u013emi potrebnej slu\u017eby. Ka\u017ed\u00fd dobrovo\u013en\u00edk dostane bal\u00edk dobrovo\u013en\u00edka, v\u00a0ktorom okrem viacer\u00fdch in\u00fdch vec\u00ed bude vak, tri\u010dko, vesta, pr\u0161ipl\u00e1\u0161\u0165, \u0161iltovka a\u00a0in\u00e9.\u00a0\u00a0<\/span><\/span><\/p>\n<p>&nbsp;<\/p>\n<p style=\"text-align: justify;\"><span style=\"color: #000000;\"><b>\u010eal\u0161ia s\u00fa\u0165a\u017e o\u00a0dve vstupenky do VIP sektora prebieha e\u0161te dnes v\u00a0nede\u013eu 22. augusta do 15:00<\/b><span style=\"font-weight: 400;\"> aj na FB str\u00e1nke <\/span><i><span style=\"font-weight: 400;\">Stretni p\u00e1pe\u017ea v\u00a0Pre\u0161ove<\/span><\/i><span style=\"font-weight: 400;\">. Zapoji\u0165 sa m\u00f4\u017eete v\u0161etci splnen\u00edm tam uveden\u00fdch podmienok s\u00fa\u0165a\u017ee.\u00a0<\/span><\/span><\/p>\n<p>&nbsp;<\/p>\n<p style=\"text-align: justify;\"><span style=\"color: #000000;\"><b>Pre skupiny ako s\u00fa k\u0148azi (gr\u00e9ckokatol\u00edcki a\u00a0r\u00edmskokatol\u00edcki), zasv\u00e4ten\u00e9 osoby, VIP (pozvan\u00ed hostia) \u2013 bude samostatn\u00e1 registr\u00e1cia, vzh\u013eadom na ich osobitn\u00fa funkciu, \u010di slu\u017ebu na podujatiach, spusten\u00e1 v\u00a0najbli\u017e\u0161\u00edch d\u0148och.\u00a0<\/b><\/span><\/p>\n<p>&nbsp;<\/p>\n<p style=\"text-align: justify;\"><span style=\"color: #000000;\"><b>V\u00a0utorok 14. septembra bud\u00fa ma\u0165 minim\u00e1lne gr\u00e9ckokatol\u00edcke a\u00a0r\u00edmskokatol\u00edcke \u0161koly na \u00fazem\u00ed Pre\u0161ovskej archieparchie, Ko\u0161ickej eparchie a\u00a0Ko\u0161ick\u00e9ho arcibiskupstva, ale aj \u0161koly v\u00a0zria\u010fovate\u013eskej p\u00f4sobnosti mesta Pre\u0161ov, mesta Ko\u0161ice a\u00a0Pre\u0161ovsk\u00e9ho a\u00a0Ko\u0161ick\u00e9ho samospr\u00e1vneho kraja VO\u013dNO<\/b><span style=\"font-weight: 400;\">. Mo\u017eno niektor\u00e9 stredn\u00e9 \u0161koly bud\u00fa ma\u0165 vo\u013eno aj v\u00a0pondelok 13. septembra, o\u00a0\u010dom v\u00e1s budeme v\u010das informova\u0165.\u00a0<\/span><\/span><\/p>\n<p>&nbsp;<\/p>\n<p style=\"text-align: justify;\"><span style=\"font-weight: 400; color: #000000;\">Na\u010falej v\u00e1s, bratia a\u00a0sestry, <strong>poz\u00fdvame k\u00a0duchovnej pr\u00edprave<\/strong> v\u00a0osobnej, rodinnej a\u00a0farskej rovine a\u00a0k\u00a0modlitb\u00e1m na \u00famysel za n\u00e1v\u0161tevu Sv\u00e4t\u00e9ho Otca.<\/span><\/p>\n<p style=\"text-align: center;\"><span style=\"font-weight: 400; color: #000000;\">* * <\/span>* *\u00a0<span style=\"font-weight: 400; color: #000000;\">* * *<\/span><\/p>\n<p style=\"text-align: justify;\"><span style=\"font-weight: 400; color: #000000;\">Z ko\u0161ick\u00fdch farnosti s\u00fa objednan\u00e9 <strong>autobusy<\/strong>, na ktor\u00e9 sa m\u00f4\u017eete prihl\u00e1si\u0165\u00a0 v sakristii \u010d\u00edm sk\u00f4r. PRIHL\u00c1SI\u0164 SA NA AUTOBUS M\u00d4\u017dETE DO 29. AUGUSTA 2021 (vr\u00e1tane) v\u00a0sakristii, nako\u013eko po tomto d\u00e1tume rezervovan\u00e9 autobusy prepust\u00edme \u010fal\u0161\u00edm farnostiam.<\/span><\/p>\n<p style=\"text-align: justify;\"><span style=\"font-weight: 400; color: #000000;\">Autobusy bud\u00fa vypraven\u00e9 z jednotliv\u00fdch farnosti. Miesto a \u010das odchodu v\u00e1m bud\u00fa ozn\u00e1men\u00e9 po zaplaten\u00ed cestovn\u00e9ho v sakristii od 1. &#8211; 11. septembra 2021. Cestovn\u00e9 s\u00fa 4 eur\u00e1 (deti do 12. rokov zadarmo). <\/span><span style=\"font-weight: 400; color: #000000;\">Pod\u013ea aktu\u00e1lnych inform\u00e1cii, \u00fa\u010dastn\u00edci stretnutia bud\u00fa rozdelen\u00ed do sektorov pod\u013ea pr\u00edchodu a\u017e na mieste, teda t\u00ed z autobusu bud\u00fa v sektore spolu.<\/span><\/p>\n","protected":false},"excerpt":{"rendered":"<p>Bratia a\u00a0sestry, &nbsp; bl\u00ed\u017ei sa \u010das apo\u0161tolskej n\u00e1v\u0161tevy Sv\u00e4t\u00e9ho Otca Franti\u0161ka v\u00a0na\u0161ej krajine. U\u017e viac ako t\u00fd\u017ede\u0148 je spusten\u00e1 ofici\u00e1lna elektronick\u00e1 registr\u00e1cia \u00fa\u010dastn\u00edkov na jednotliv\u00e9 stretnutia, teda aj na sl\u00e1venie sv\u00e4tej liturgie so Sv\u00e4t\u00fdm Otcom v\u00a0Pre\u0161ove na priestranstve pred mestskou \u0161portovou halou 14. septembra 2021. Na jej sl\u00e1venie ste v\u0161etci srde\u010dne pozvan\u00ed \u2013 gr\u00e9ckokatol\u00edcki veriaci, [&hellip;]<\/p>\n","protected":false},"author":2,"featured_media":0,"comment_status":"closed","ping_status":"closed","sticky":false,"template":"","format":"standard","meta":{"_coblocks_attr":"","_coblocks_dimensions":"","_coblocks_responsive_height":"","_coblocks_accordion_ie_support":"","footnotes":""},"categories":[16],"tags":[],"class_list":["post-3481","post","type-post","status-publish","format-standard","hentry","category-svaty-otec-u-nas"],"yoast_head":"<!-- This site is optimized with the Yoast SEO plugin v27.4 - https:\/\/yoast.com\/product\/yoast-seo-wordpress\/ -->\n<title>Sv\u00e4t\u00fd Otec v Pre\u0161ove \u2013 info k 22. 08. 2021 - GR\u00c9CKOKATOL\u00cdCKA CIRKEV FARNOS\u0164 KO\u0160ICE - STAR\u00c9 MESTO<\/title>\n<meta name=\"robots\" content=\"index, follow, max-snippet:-1, max-image-preview:large, max-video-preview:-1\" \/>\n<link rel=\"canonical\" href=\"https:\/\/kestaremesto.grkatke.sk\/?p=3481\" \/>\n<meta property=\"og:locale\" content=\"sk_SK\" \/>\n<meta property=\"og:type\" content=\"article\" \/>\n<meta property=\"og:title\" content=\"Sv\u00e4t\u00fd Otec v Pre\u0161ove \u2013 info k 22. 08. 2021 - GR\u00c9CKOKATOL\u00cdCKA CIRKEV FARNOS\u0164 KO\u0160ICE - STAR\u00c9 MESTO\" \/>\n<meta property=\"og:description\" content=\"Bratia a\u00a0sestry, &nbsp; bl\u00ed\u017ei sa \u010das apo\u0161tolskej n\u00e1v\u0161tevy Sv\u00e4t\u00e9ho Otca Franti\u0161ka v\u00a0na\u0161ej krajine. U\u017e viac ako t\u00fd\u017ede\u0148 je spusten\u00e1 ofici\u00e1lna elektronick\u00e1 registr\u00e1cia \u00fa\u010dastn\u00edkov na jednotliv\u00e9 stretnutia, teda aj na sl\u00e1venie sv\u00e4tej liturgie so Sv\u00e4t\u00fdm Otcom v\u00a0Pre\u0161ove na priestranstve pred mestskou \u0161portovou halou 14. septembra 2021. Na jej sl\u00e1venie ste v\u0161etci srde\u010dne pozvan\u00ed \u2013 gr\u00e9ckokatol\u00edcki veriaci, [&hellip;]\" \/>\n<meta property=\"og:url\" content=\"https:\/\/kestaremesto.grkatke.sk\/?p=3481\" \/>\n<meta property=\"og:site_name\" content=\"GR\u00c9CKOKATOL\u00cdCKA CIRKEV FARNOS\u0164 KO\u0160ICE - STAR\u00c9 MESTO\" \/>\n<meta property=\"article:publisher\" content=\"https:\/\/www.facebook.com\/Na%c5%a1a-Katedr%c3%a1la-231637610336060\/\" \/>\n<meta property=\"article:published_time\" content=\"2021-08-24T13:12:26+00:00\" \/>\n<meta property=\"article:modified_time\" content=\"2021-08-24T13:14:36+00:00\" \/>\n<meta name=\"author\" content=\"administr\u00e1tor\" \/>\n<meta name=\"twitter:card\" content=\"summary_large_image\" \/>\n<meta name=\"twitter:label1\" content=\"Autor\" \/>\n\t<meta name=\"twitter:data1\" content=\"administr\u00e1tor\" \/>\n\t<meta name=\"twitter:label2\" content=\"Predpokladan\u00fd \u010das \u010d\u00edtania\" \/>\n\t<meta name=\"twitter:data2\" content=\"4 min\u00faty\" \/>\n<script type=\"application\/ld+json\" class=\"yoast-schema-graph\">{\"@context\":\"https:\\\/\\\/schema.org\",\"@graph\":[{\"@type\":\"Article\",\"@id\":\"https:\\\/\\\/kestaremesto.grkatke.sk\\\/?p=3481#article\",\"isPartOf\":{\"@id\":\"https:\\\/\\\/kestaremesto.grkatke.sk\\\/?p=3481\"},\"author\":{\"name\":\"administr\u00e1tor\",\"@id\":\"https:\\\/\\\/kestaremesto.grkatke.sk\\\/#\\\/schema\\\/person\\\/86c8e7e5841259082af5c5b227e0d69b\"},\"headline\":\"Sv\u00e4t\u00fd Otec v Pre\u0161ove \u2013 info k 22. 08. 2021\",\"datePublished\":\"2021-08-24T13:12:26+00:00\",\"dateModified\":\"2021-08-24T13:14:36+00:00\",\"mainEntityOfPage\":{\"@id\":\"https:\\\/\\\/kestaremesto.grkatke.sk\\\/?p=3481\"},\"wordCount\":1024,\"articleSection\":[\"Sv\u00e4t\u00fd Otec u n\u00e1s\"],\"inLanguage\":\"sk-SK\"},{\"@type\":\"WebPage\",\"@id\":\"https:\\\/\\\/kestaremesto.grkatke.sk\\\/?p=3481\",\"url\":\"https:\\\/\\\/kestaremesto.grkatke.sk\\\/?p=3481\",\"name\":\"Sv\u00e4t\u00fd Otec v Pre\u0161ove \u2013 info k 22. 08. 2021 - GR\u00c9CKOKATOL\u00cdCKA CIRKEV FARNOS\u0164 KO\u0160ICE - STAR\u00c9 MESTO\",\"isPartOf\":{\"@id\":\"https:\\\/\\\/kestaremesto.grkatke.sk\\\/#website\"},\"datePublished\":\"2021-08-24T13:12:26+00:00\",\"dateModified\":\"2021-08-24T13:14:36+00:00\",\"author\":{\"@id\":\"https:\\\/\\\/kestaremesto.grkatke.sk\\\/#\\\/schema\\\/person\\\/86c8e7e5841259082af5c5b227e0d69b\"},\"breadcrumb\":{\"@id\":\"https:\\\/\\\/kestaremesto.grkatke.sk\\\/?p=3481#breadcrumb\"},\"inLanguage\":\"sk-SK\",\"potentialAction\":[{\"@type\":\"ReadAction\",\"target\":[\"https:\\\/\\\/kestaremesto.grkatke.sk\\\/?p=3481\"]}]},{\"@type\":\"BreadcrumbList\",\"@id\":\"https:\\\/\\\/kestaremesto.grkatke.sk\\\/?p=3481#breadcrumb\",\"itemListElement\":[{\"@type\":\"ListItem\",\"position\":1,\"name\":\"Domovsk\u00e1 str\u00e1nka\",\"item\":\"https:\\\/\\\/kestaremesto.grkatke.sk\\\/\"},{\"@type\":\"ListItem\",\"position\":2,\"name\":\"Sv\u00e4t\u00fd Otec v Pre\u0161ove \u2013 info k 22. 08. 2021\"}]},{\"@type\":\"WebSite\",\"@id\":\"https:\\\/\\\/kestaremesto.grkatke.sk\\\/#website\",\"url\":\"https:\\\/\\\/kestaremesto.grkatke.sk\\\/\",\"name\":\"GR\u00c9CKOKATOL\u00cdCKA CIRKEV FARNOS\u0164 KO\u0160ICE - STAR\u00c9 MESTO\",\"description\":\"\",\"potentialAction\":[{\"@type\":\"SearchAction\",\"target\":{\"@type\":\"EntryPoint\",\"urlTemplate\":\"https:\\\/\\\/kestaremesto.grkatke.sk\\\/?s={search_term_string}\"},\"query-input\":{\"@type\":\"PropertyValueSpecification\",\"valueRequired\":true,\"valueName\":\"search_term_string\"}}],\"inLanguage\":\"sk-SK\"},{\"@type\":\"Person\",\"@id\":\"https:\\\/\\\/kestaremesto.grkatke.sk\\\/#\\\/schema\\\/person\\\/86c8e7e5841259082af5c5b227e0d69b\",\"name\":\"administr\u00e1tor\",\"url\":\"https:\\\/\\\/kestaremesto.grkatke.sk\\\/?author=2\"}]}<\/script>\n<!-- \/ Yoast SEO plugin. -->","yoast_head_json":{"title":"Sv\u00e4t\u00fd Otec v Pre\u0161ove \u2013 info k 22. 08. 2021 - GR\u00c9CKOKATOL\u00cdCKA CIRKEV FARNOS\u0164 KO\u0160ICE - STAR\u00c9 MESTO","robots":{"index":"index","follow":"follow","max-snippet":"max-snippet:-1","max-image-preview":"max-image-preview:large","max-video-preview":"max-video-preview:-1"},"canonical":"https:\/\/kestaremesto.grkatke.sk\/?p=3481","og_locale":"sk_SK","og_type":"article","og_title":"Sv\u00e4t\u00fd Otec v Pre\u0161ove \u2013 info k 22. 08. 2021 - GR\u00c9CKOKATOL\u00cdCKA CIRKEV FARNOS\u0164 KO\u0160ICE - STAR\u00c9 MESTO","og_description":"Bratia a\u00a0sestry, &nbsp; bl\u00ed\u017ei sa \u010das apo\u0161tolskej n\u00e1v\u0161tevy Sv\u00e4t\u00e9ho Otca Franti\u0161ka v\u00a0na\u0161ej krajine. U\u017e viac ako t\u00fd\u017ede\u0148 je spusten\u00e1 ofici\u00e1lna elektronick\u00e1 registr\u00e1cia \u00fa\u010dastn\u00edkov na jednotliv\u00e9 stretnutia, teda aj na sl\u00e1venie sv\u00e4tej liturgie so Sv\u00e4t\u00fdm Otcom v\u00a0Pre\u0161ove na priestranstve pred mestskou \u0161portovou halou 14. septembra 2021. Na jej sl\u00e1venie ste v\u0161etci srde\u010dne pozvan\u00ed \u2013 gr\u00e9ckokatol\u00edcki veriaci, [&hellip;]","og_url":"https:\/\/kestaremesto.grkatke.sk\/?p=3481","og_site_name":"GR\u00c9CKOKATOL\u00cdCKA CIRKEV FARNOS\u0164 KO\u0160ICE - STAR\u00c9 MESTO","article_publisher":"https:\/\/www.facebook.com\/Na%c5%a1a-Katedr%c3%a1la-231637610336060\/","article_published_time":"2021-08-24T13:12:26+00:00","article_modified_time":"2021-08-24T13:14:36+00:00","author":"administr\u00e1tor","twitter_card":"summary_large_image","twitter_misc":{"Autor":"administr\u00e1tor","Predpokladan\u00fd \u010das \u010d\u00edtania":"4 min\u00faty"},"schema":{"@context":"https:\/\/schema.org","@graph":[{"@type":"Article","@id":"https:\/\/kestaremesto.grkatke.sk\/?p=3481#article","isPartOf":{"@id":"https:\/\/kestaremesto.grkatke.sk\/?p=3481"},"author":{"name":"administr\u00e1tor","@id":"https:\/\/kestaremesto.grkatke.sk\/#\/schema\/person\/86c8e7e5841259082af5c5b227e0d69b"},"headline":"Sv\u00e4t\u00fd Otec v Pre\u0161ove \u2013 info k 22. 08. 2021","datePublished":"2021-08-24T13:12:26+00:00","dateModified":"2021-08-24T13:14:36+00:00","mainEntityOfPage":{"@id":"https:\/\/kestaremesto.grkatke.sk\/?p=3481"},"wordCount":1024,"articleSection":["Sv\u00e4t\u00fd Otec u n\u00e1s"],"inLanguage":"sk-SK"},{"@type":"WebPage","@id":"https:\/\/kestaremesto.grkatke.sk\/?p=3481","url":"https:\/\/kestaremesto.grkatke.sk\/?p=3481","name":"Sv\u00e4t\u00fd Otec v Pre\u0161ove \u2013 info k 22. 08. 2021 - GR\u00c9CKOKATOL\u00cdCKA CIRKEV FARNOS\u0164 KO\u0160ICE - STAR\u00c9 MESTO","isPartOf":{"@id":"https:\/\/kestaremesto.grkatke.sk\/#website"},"datePublished":"2021-08-24T13:12:26+00:00","dateModified":"2021-08-24T13:14:36+00:00","author":{"@id":"https:\/\/kestaremesto.grkatke.sk\/#\/schema\/person\/86c8e7e5841259082af5c5b227e0d69b"},"breadcrumb":{"@id":"https:\/\/kestaremesto.grkatke.sk\/?p=3481#breadcrumb"},"inLanguage":"sk-SK","potentialAction":[{"@type":"ReadAction","target":["https:\/\/kestaremesto.grkatke.sk\/?p=3481"]}]},{"@type":"BreadcrumbList","@id":"https:\/\/kestaremesto.grkatke.sk\/?p=3481#breadcrumb","itemListElement":[{"@type":"ListItem","position":1,"name":"Domovsk\u00e1 str\u00e1nka","item":"https:\/\/kestaremesto.grkatke.sk\/"},{"@type":"ListItem","position":2,"name":"Sv\u00e4t\u00fd Otec v Pre\u0161ove \u2013 info k 22. 08. 2021"}]},{"@type":"WebSite","@id":"https:\/\/kestaremesto.grkatke.sk\/#website","url":"https:\/\/kestaremesto.grkatke.sk\/","name":"GR\u00c9CKOKATOL\u00cdCKA CIRKEV FARNOS\u0164 KO\u0160ICE - STAR\u00c9 MESTO","description":"","potentialAction":[{"@type":"SearchAction","target":{"@type":"EntryPoint","urlTemplate":"https:\/\/kestaremesto.grkatke.sk\/?s={search_term_string}"},"query-input":{"@type":"PropertyValueSpecification","valueRequired":true,"valueName":"search_term_string"}}],"inLanguage":"sk-SK"},{"@type":"Person","@id":"https:\/\/kestaremesto.grkatke.sk\/#\/schema\/person\/86c8e7e5841259082af5c5b227e0d69b","name":"administr\u00e1tor","url":"https:\/\/kestaremesto.grkatke.sk\/?author=2"}]}},"_links":{"self":[{"href":"https:\/\/kestaremesto.grkatke.sk\/index.php?rest_route=\/wp\/v2\/posts\/3481","targetHints":{"allow":["GET"]}}],"collection":[{"href":"https:\/\/kestaremesto.grkatke.sk\/index.php?rest_route=\/wp\/v2\/posts"}],"about":[{"href":"https:\/\/kestaremesto.grkatke.sk\/index.php?rest_route=\/wp\/v2\/types\/post"}],"author":[{"embeddable":true,"href":"https:\/\/kestaremesto.grkatke.sk\/index.php?rest_route=\/wp\/v2\/users\/2"}],"replies":[{"embeddable":true,"href":"https:\/\/kestaremesto.grkatke.sk\/index.php?rest_route=%2Fwp%2Fv2%2Fcomments&post=3481"}],"version-history":[{"count":6,"href":"https:\/\/kestaremesto.grkatke.sk\/index.php?rest_route=\/wp\/v2\/posts\/3481\/revisions"}],"predecessor-version":[{"id":3487,"href":"https:\/\/kestaremesto.grkatke.sk\/index.php?rest_route=\/wp\/v2\/posts\/3481\/revisions\/3487"}],"wp:attachment":[{"href":"https:\/\/kestaremesto.grkatke.sk\/index.php?rest_route=%2Fwp%2Fv2%2Fmedia&parent=3481"}],"wp:term":[{"taxonomy":"category","embeddable":true,"href":"https:\/\/kestaremesto.grkatke.sk\/index.php?rest_route=%2Fwp%2Fv2%2Fcategories&post=3481"},{"taxonomy":"post_tag","embeddable":true,"href":"https:\/\/kestaremesto.grkatke.sk\/index.php?rest_route=%2Fwp%2Fv2%2Ftags&post=3481"}],"curies":[{"name":"wp","href":"https:\/\/api.w.org\/{rel}","templated":true}]}}