{"id":3492,"date":"2021-08-31T16:03:59","date_gmt":"2021-08-31T14:03:59","guid":{"rendered":"https:\/\/kestaremesto.grkatke.sk\/?p=3492"},"modified":"2021-08-31T16:04:36","modified_gmt":"2021-08-31T14:04:36","slug":"program-duchovnej-obnovy-30-08-05-09-2021","status":"publish","type":"post","link":"https:\/\/kestaremesto.grkatke.sk\/?p=3492","title":{"rendered":"Program duchovnej obnovy 30. 08. \u2013 05. 09. 2021"},"content":{"rendered":"<table class=\"table table-hover\">\n<tbody>\n<tr style=\"background-color: #add8e6;\">\n<td style=\"text-align: center;\"><strong>De\u0148\/D\u00e1tum<\/strong><\/td>\n<td style=\"text-align: center;\"><strong>Program<\/strong><\/td>\n<td style=\"text-align: center;\"><strong>T\u00e9ma<\/strong><\/td>\n<td style=\"text-align: center;\"><strong>Kazate\u013e<\/strong><\/td>\n<\/tr>\n<tr>\n<td>Pondelok<\/p>\n<p>30. 08. 2021<\/td>\n<td>16:30 \u2013 moleben k Presv\u00e4tej<br \/>\nBohorodi\u010dke17:00 \u2013 sv. liturgia<\/td>\n<td><span style=\"text-decoration: underline;\"><b>Cesta pokory<\/b><\/span><\/p>\n<p><b><i>D\u00f4le\u017eitos\u0165 pokory v\u00a0kres\u0165anskej rodine na ceste za Je\u017ei\u0161om.<\/i><\/b><\/td>\n<td><strong>o. Ivan Mol\u010d\u00e1nyi,<\/strong><\/p>\n<p><span style=\"font-weight: 400;\">far\u00e1r farnosti Ve\u013eaty<\/span><\/td>\n<\/tr>\n<tr style=\"background-color: #f0f8ff;\">\n<td>Utorok<\/p>\n<p>31. 08. 2021<\/td>\n<td><span style=\"font-weight: 400;\">16:30 \u2013 modlitba posv\u00e4tn\u00e9ho <\/span><span style=\"font-weight: 400;\">ru\u017eenca<\/span><\/p>\n<p><span style=\"font-weight: 400;\">17:00 \u2013 sv. liturgia (CS) <\/span><\/td>\n<td><span style=\"text-decoration: underline;\"><b>Cesta modlitby<\/b><b>\u00a0<\/b><\/span><\/p>\n<p><b><i>D\u00f4le\u017eitos\u0165 modlitby v\u00a0kres\u0165anskej rodine na ceste za Je\u017ei\u0161om.<\/i><\/b><\/td>\n<td><strong>o. Gabriel Kecsk\u00e9s,<\/strong><\/p>\n<p><span style=\"font-weight: 400;\">far\u00e1r farnosti Pr\u00edben\u00edk<\/span><\/td>\n<\/tr>\n<tr>\n<td>Streda<\/p>\n<p>01. 09. 2021<\/td>\n<td><span style=\"font-weight: 400;\">16:30 \u2013 akatist k Presv\u00e4tej <\/span><span style=\"font-weight: 400;\">Bohorodi\u010dke\u00a0<\/span><\/p>\n<p><span style=\"font-weight: 400;\">17:00 \u2013 sv. liturgia<\/span><\/td>\n<td><span style=\"text-decoration: underline;\"><b>Cesta svedomitej pr\u00e1ce<\/b><\/span><\/p>\n<p><b><i>D\u00f4le\u017eitos\u0165 svedomitej pr\u00e1ce v\u00a0kres\u0165anskej rodine na ceste za Je\u017ei\u0161om.<\/i><\/b><\/td>\n<td><strong>o. Peter Pac\u00e1k,<\/strong><\/p>\n<p><span style=\"font-weight: 400;\">adm. farnosti Rozhanovce<\/span><\/td>\n<\/tr>\n<tr style=\"background-color: #f0f8ff;\">\n<td>\u0160tvrtok<\/p>\n<p>02. 09. 2021<\/td>\n<td><span style=\"font-weight: 400;\">16:15 \u2013 parastas za<\/span><span style=\"font-weight: 400;\">\u00a0zosnul\u00fdch<\/span><\/p>\n<p><span style=\"font-weight: 400;\">17:00 \u2013 sv. liturgia<\/span><\/td>\n<td><span style=\"text-decoration: underline;\"><b><i>Cesta neochvejnej n\u00e1deje<\/i><\/b><\/span><\/p>\n<p><b><i>D\u00f4le\u017eitos\u0165 neochvejnej n\u00e1deje v\u00a0kres\u0165anskej rodine na ceste za Je\u017ei\u0161om. <\/i><\/b><\/td>\n<td><strong>o. Pavol Mihajlo,<\/strong><\/p>\n<p><span style=\"font-weight: 400;\">adm. farnosti Trhovi\u0161te<\/span><\/td>\n<\/tr>\n<tr>\n<td>Piatok<\/p>\n<p>03. 09. 2021<\/td>\n<td><span style=\"font-weight: 400;\">16:15 \u2013 akatist po\u017eehnania <\/span><span style=\"font-weight: 400;\">rod\u00edn<\/span><\/p>\n<p><span style=\"font-weight: 400;\">17:00 \u2013 sv. liturgia<\/span><\/p>\n<p><b>po\u017eehnanie \u0161kol\u00e1kov, \u0161tudentov a pedag\u00f3gov<\/b><\/td>\n<td><span style=\"text-decoration: underline;\"><b>Cesta na\u010d\u00favania Slovu<\/b><\/span><\/p>\n<p><b><i>Je\u017ei\u0161 v\u00a0kres\u0165anskej rodine.<\/i><\/b><\/td>\n<td><strong>o. Daniel Porubec,<\/strong><\/p>\n<p><span style=\"font-weight: 400;\">odborn\u00fd asistent na GTF PU<\/span><\/td>\n<\/tr>\n<\/tbody>\n<\/table>\n<table class=\"table table-hover\">\n<tbody>\n<tr style=\"background-color: #f0f8ff;\">\n<td>Sobota<\/p>\n<p>04. 09. 2021<\/td>\n<td>16:00 &#8211; modlitba posv\u00e4tn\u00e9ho ru\u017eenca<br \/>\n16:30 &#8211; ve\u013ek\u00e1 ve\u010diere\u0148 s l\u00edtiou<br \/>\n<strong>18:00 &#8211; archijerejsk\u00e1 sv\u00e4t\u00e1 liturgia<\/strong><br \/>\n19:30 &#8211; pr\u00edprava na n\u00e1v\u0161tevu p\u00e1pe\u017ea Franti\u0161ka na Slovensku (moderovan\u00e9 duchovn\u00e9 p\u00e1smo)<br \/>\n21:00 &#8211; akatist\u00a0 k sv\u00e4t\u00e9mu Jozefoi<br \/>\n21:45 &#8211; mal\u00e9 pove\u010derie<br \/>\n23:00 &#8211; eucharistick\u00e1 ador\u00e1cia<\/td>\n<\/tr>\n<tr>\n<td>Nede\u013ea<\/p>\n<p>05. 09. 2021<\/td>\n<td>06:30 &#8211; moleben k Presv\u00e4tej Bohorodi\u010dke<br \/>\n07:00 &#8211; sviato\u010dn\u00e1 utiere\u0148<br \/>\n08:00 &#8211; sv. liturgia (CS)<br \/>\n09:30 &#8211; tretia hodinka<br \/>\n<strong>10:00 &#8211;<\/strong> <strong>sl\u00e1vnostn\u00e1 archijerejsk\u00e1 sv\u00e4t\u00e1 liturgia &#8211; <span style=\"font-weight: 400;\">hom\u00edliu ohl\u00e1si: vladyka Mari\u00e1n Andrej Pac\u00e1k CSsR<\/span><\/strong><\/td>\n<\/tr>\n<\/tbody>\n<\/table>\n","protected":false},"excerpt":{"rendered":"<p>De\u0148\/D\u00e1tum Program T\u00e9ma Kazate\u013e Pondelok 30. 08. 2021 16:30 \u2013 moleben k Presv\u00e4tej Bohorodi\u010dke17:00 \u2013 sv. liturgia Cesta pokory D\u00f4le\u017eitos\u0165 pokory v\u00a0kres\u0165anskej rodine na ceste za Je\u017ei\u0161om. o. Ivan Mol\u010d\u00e1nyi, far\u00e1r farnosti Ve\u013eaty Utorok 31. 08. 2021 16:30 \u2013 modlitba posv\u00e4tn\u00e9ho ru\u017eenca 17:00 \u2013 sv. liturgia (CS) Cesta modlitby\u00a0 D\u00f4le\u017eitos\u0165 modlitby v\u00a0kres\u0165anskej rodine na ceste [&hellip;]<\/p>\n","protected":false},"author":2,"featured_media":0,"comment_status":"closed","ping_status":"closed","sticky":false,"template":"","format":"standard","meta":{"_coblocks_attr":"","_coblocks_dimensions":"","_coblocks_responsive_height":"","_coblocks_accordion_ie_support":"","footnotes":""},"categories":[9,1],"tags":[],"class_list":["post-3492","post","type-post","status-publish","format-standard","hentry","category-aktuality","category-nezaradene"],"yoast_head":"<!-- This site is optimized with the Yoast SEO plugin v27.4 - https:\/\/yoast.com\/product\/yoast-seo-wordpress\/ -->\n<title>Program duchovnej obnovy 30. 08. \u2013 05. 09. 2021 - GR\u00c9CKOKATOL\u00cdCKA CIRKEV FARNOS\u0164 KO\u0160ICE - STAR\u00c9 MESTO<\/title>\n<meta name=\"robots\" content=\"index, follow, max-snippet:-1, max-image-preview:large, max-video-preview:-1\" \/>\n<link rel=\"canonical\" href=\"https:\/\/kestaremesto.grkatke.sk\/?p=3492\" \/>\n<meta property=\"og:locale\" content=\"sk_SK\" \/>\n<meta property=\"og:type\" content=\"article\" \/>\n<meta property=\"og:title\" content=\"Program duchovnej obnovy 30. 08. \u2013 05. 09. 2021 - GR\u00c9CKOKATOL\u00cdCKA CIRKEV FARNOS\u0164 KO\u0160ICE - STAR\u00c9 MESTO\" \/>\n<meta property=\"og:description\" content=\"De\u0148\/D\u00e1tum Program T\u00e9ma Kazate\u013e Pondelok 30. 08. 2021 16:30 \u2013 moleben k Presv\u00e4tej Bohorodi\u010dke17:00 \u2013 sv. liturgia Cesta pokory D\u00f4le\u017eitos\u0165 pokory v\u00a0kres\u0165anskej rodine na ceste za Je\u017ei\u0161om. o. Ivan Mol\u010d\u00e1nyi, far\u00e1r farnosti Ve\u013eaty Utorok 31. 08. 2021 16:30 \u2013 modlitba posv\u00e4tn\u00e9ho ru\u017eenca 17:00 \u2013 sv. liturgia (CS) Cesta modlitby\u00a0 D\u00f4le\u017eitos\u0165 modlitby v\u00a0kres\u0165anskej rodine na ceste [&hellip;]\" \/>\n<meta property=\"og:url\" content=\"https:\/\/kestaremesto.grkatke.sk\/?p=3492\" \/>\n<meta property=\"og:site_name\" content=\"GR\u00c9CKOKATOL\u00cdCKA CIRKEV FARNOS\u0164 KO\u0160ICE - STAR\u00c9 MESTO\" \/>\n<meta property=\"article:publisher\" content=\"https:\/\/www.facebook.com\/Na%c5%a1a-Katedr%c3%a1la-231637610336060\/\" \/>\n<meta property=\"article:published_time\" content=\"2021-08-31T14:03:59+00:00\" \/>\n<meta property=\"article:modified_time\" content=\"2021-08-31T14:04:36+00:00\" \/>\n<meta name=\"author\" content=\"administr\u00e1tor\" \/>\n<meta name=\"twitter:card\" content=\"summary_large_image\" \/>\n<meta name=\"twitter:label1\" content=\"Autor\" \/>\n\t<meta name=\"twitter:data1\" content=\"administr\u00e1tor\" \/>\n\t<meta name=\"twitter:label2\" content=\"Predpokladan\u00fd \u010das \u010d\u00edtania\" \/>\n\t<meta name=\"twitter:data2\" content=\"1 min\u00fata\" \/>\n<script type=\"application\/ld+json\" class=\"yoast-schema-graph\">{\"@context\":\"https:\\\/\\\/schema.org\",\"@graph\":[{\"@type\":\"Article\",\"@id\":\"https:\\\/\\\/kestaremesto.grkatke.sk\\\/?p=3492#article\",\"isPartOf\":{\"@id\":\"https:\\\/\\\/kestaremesto.grkatke.sk\\\/?p=3492\"},\"author\":{\"name\":\"administr\u00e1tor\",\"@id\":\"https:\\\/\\\/kestaremesto.grkatke.sk\\\/#\\\/schema\\\/person\\\/86c8e7e5841259082af5c5b227e0d69b\"},\"headline\":\"Program duchovnej obnovy 30. 08. \u2013 05. 09. 2021\",\"datePublished\":\"2021-08-31T14:03:59+00:00\",\"dateModified\":\"2021-08-31T14:04:36+00:00\",\"mainEntityOfPage\":{\"@id\":\"https:\\\/\\\/kestaremesto.grkatke.sk\\\/?p=3492\"},\"wordCount\":277,\"articleSection\":[\"Aktuality\"],\"inLanguage\":\"sk-SK\"},{\"@type\":\"WebPage\",\"@id\":\"https:\\\/\\\/kestaremesto.grkatke.sk\\\/?p=3492\",\"url\":\"https:\\\/\\\/kestaremesto.grkatke.sk\\\/?p=3492\",\"name\":\"Program duchovnej obnovy 30. 08. \u2013 05. 09. 2021 - GR\u00c9CKOKATOL\u00cdCKA CIRKEV FARNOS\u0164 KO\u0160ICE - STAR\u00c9 MESTO\",\"isPartOf\":{\"@id\":\"https:\\\/\\\/kestaremesto.grkatke.sk\\\/#website\"},\"datePublished\":\"2021-08-31T14:03:59+00:00\",\"dateModified\":\"2021-08-31T14:04:36+00:00\",\"author\":{\"@id\":\"https:\\\/\\\/kestaremesto.grkatke.sk\\\/#\\\/schema\\\/person\\\/86c8e7e5841259082af5c5b227e0d69b\"},\"breadcrumb\":{\"@id\":\"https:\\\/\\\/kestaremesto.grkatke.sk\\\/?p=3492#breadcrumb\"},\"inLanguage\":\"sk-SK\",\"potentialAction\":[{\"@type\":\"ReadAction\",\"target\":[\"https:\\\/\\\/kestaremesto.grkatke.sk\\\/?p=3492\"]}]},{\"@type\":\"BreadcrumbList\",\"@id\":\"https:\\\/\\\/kestaremesto.grkatke.sk\\\/?p=3492#breadcrumb\",\"itemListElement\":[{\"@type\":\"ListItem\",\"position\":1,\"name\":\"Domovsk\u00e1 str\u00e1nka\",\"item\":\"https:\\\/\\\/kestaremesto.grkatke.sk\\\/\"},{\"@type\":\"ListItem\",\"position\":2,\"name\":\"Program duchovnej obnovy 30. 08. \u2013 05. 09. 2021\"}]},{\"@type\":\"WebSite\",\"@id\":\"https:\\\/\\\/kestaremesto.grkatke.sk\\\/#website\",\"url\":\"https:\\\/\\\/kestaremesto.grkatke.sk\\\/\",\"name\":\"GR\u00c9CKOKATOL\u00cdCKA CIRKEV FARNOS\u0164 KO\u0160ICE - STAR\u00c9 MESTO\",\"description\":\"\",\"potentialAction\":[{\"@type\":\"SearchAction\",\"target\":{\"@type\":\"EntryPoint\",\"urlTemplate\":\"https:\\\/\\\/kestaremesto.grkatke.sk\\\/?s={search_term_string}\"},\"query-input\":{\"@type\":\"PropertyValueSpecification\",\"valueRequired\":true,\"valueName\":\"search_term_string\"}}],\"inLanguage\":\"sk-SK\"},{\"@type\":\"Person\",\"@id\":\"https:\\\/\\\/kestaremesto.grkatke.sk\\\/#\\\/schema\\\/person\\\/86c8e7e5841259082af5c5b227e0d69b\",\"name\":\"administr\u00e1tor\",\"url\":\"https:\\\/\\\/kestaremesto.grkatke.sk\\\/?author=2\"}]}<\/script>\n<!-- \/ Yoast SEO plugin. -->","yoast_head_json":{"title":"Program duchovnej obnovy 30. 08. \u2013 05. 09. 2021 - GR\u00c9CKOKATOL\u00cdCKA CIRKEV FARNOS\u0164 KO\u0160ICE - STAR\u00c9 MESTO","robots":{"index":"index","follow":"follow","max-snippet":"max-snippet:-1","max-image-preview":"max-image-preview:large","max-video-preview":"max-video-preview:-1"},"canonical":"https:\/\/kestaremesto.grkatke.sk\/?p=3492","og_locale":"sk_SK","og_type":"article","og_title":"Program duchovnej obnovy 30. 08. \u2013 05. 09. 2021 - GR\u00c9CKOKATOL\u00cdCKA CIRKEV FARNOS\u0164 KO\u0160ICE - STAR\u00c9 MESTO","og_description":"De\u0148\/D\u00e1tum Program T\u00e9ma Kazate\u013e Pondelok 30. 08. 2021 16:30 \u2013 moleben k Presv\u00e4tej Bohorodi\u010dke17:00 \u2013 sv. liturgia Cesta pokory D\u00f4le\u017eitos\u0165 pokory v\u00a0kres\u0165anskej rodine na ceste za Je\u017ei\u0161om. o. Ivan Mol\u010d\u00e1nyi, far\u00e1r farnosti Ve\u013eaty Utorok 31. 08. 2021 16:30 \u2013 modlitba posv\u00e4tn\u00e9ho ru\u017eenca 17:00 \u2013 sv. liturgia (CS) Cesta modlitby\u00a0 D\u00f4le\u017eitos\u0165 modlitby v\u00a0kres\u0165anskej rodine na ceste [&hellip;]","og_url":"https:\/\/kestaremesto.grkatke.sk\/?p=3492","og_site_name":"GR\u00c9CKOKATOL\u00cdCKA CIRKEV FARNOS\u0164 KO\u0160ICE - STAR\u00c9 MESTO","article_publisher":"https:\/\/www.facebook.com\/Na%c5%a1a-Katedr%c3%a1la-231637610336060\/","article_published_time":"2021-08-31T14:03:59+00:00","article_modified_time":"2021-08-31T14:04:36+00:00","author":"administr\u00e1tor","twitter_card":"summary_large_image","twitter_misc":{"Autor":"administr\u00e1tor","Predpokladan\u00fd \u010das \u010d\u00edtania":"1 min\u00fata"},"schema":{"@context":"https:\/\/schema.org","@graph":[{"@type":"Article","@id":"https:\/\/kestaremesto.grkatke.sk\/?p=3492#article","isPartOf":{"@id":"https:\/\/kestaremesto.grkatke.sk\/?p=3492"},"author":{"name":"administr\u00e1tor","@id":"https:\/\/kestaremesto.grkatke.sk\/#\/schema\/person\/86c8e7e5841259082af5c5b227e0d69b"},"headline":"Program duchovnej obnovy 30. 08. \u2013 05. 09. 2021","datePublished":"2021-08-31T14:03:59+00:00","dateModified":"2021-08-31T14:04:36+00:00","mainEntityOfPage":{"@id":"https:\/\/kestaremesto.grkatke.sk\/?p=3492"},"wordCount":277,"articleSection":["Aktuality"],"inLanguage":"sk-SK"},{"@type":"WebPage","@id":"https:\/\/kestaremesto.grkatke.sk\/?p=3492","url":"https:\/\/kestaremesto.grkatke.sk\/?p=3492","name":"Program duchovnej obnovy 30. 08. \u2013 05. 09. 2021 - GR\u00c9CKOKATOL\u00cdCKA CIRKEV FARNOS\u0164 KO\u0160ICE - STAR\u00c9 MESTO","isPartOf":{"@id":"https:\/\/kestaremesto.grkatke.sk\/#website"},"datePublished":"2021-08-31T14:03:59+00:00","dateModified":"2021-08-31T14:04:36+00:00","author":{"@id":"https:\/\/kestaremesto.grkatke.sk\/#\/schema\/person\/86c8e7e5841259082af5c5b227e0d69b"},"breadcrumb":{"@id":"https:\/\/kestaremesto.grkatke.sk\/?p=3492#breadcrumb"},"inLanguage":"sk-SK","potentialAction":[{"@type":"ReadAction","target":["https:\/\/kestaremesto.grkatke.sk\/?p=3492"]}]},{"@type":"BreadcrumbList","@id":"https:\/\/kestaremesto.grkatke.sk\/?p=3492#breadcrumb","itemListElement":[{"@type":"ListItem","position":1,"name":"Domovsk\u00e1 str\u00e1nka","item":"https:\/\/kestaremesto.grkatke.sk\/"},{"@type":"ListItem","position":2,"name":"Program duchovnej obnovy 30. 08. \u2013 05. 09. 2021"}]},{"@type":"WebSite","@id":"https:\/\/kestaremesto.grkatke.sk\/#website","url":"https:\/\/kestaremesto.grkatke.sk\/","name":"GR\u00c9CKOKATOL\u00cdCKA CIRKEV FARNOS\u0164 KO\u0160ICE - STAR\u00c9 MESTO","description":"","potentialAction":[{"@type":"SearchAction","target":{"@type":"EntryPoint","urlTemplate":"https:\/\/kestaremesto.grkatke.sk\/?s={search_term_string}"},"query-input":{"@type":"PropertyValueSpecification","valueRequired":true,"valueName":"search_term_string"}}],"inLanguage":"sk-SK"},{"@type":"Person","@id":"https:\/\/kestaremesto.grkatke.sk\/#\/schema\/person\/86c8e7e5841259082af5c5b227e0d69b","name":"administr\u00e1tor","url":"https:\/\/kestaremesto.grkatke.sk\/?author=2"}]}},"_links":{"self":[{"href":"https:\/\/kestaremesto.grkatke.sk\/index.php?rest_route=\/wp\/v2\/posts\/3492","targetHints":{"allow":["GET"]}}],"collection":[{"href":"https:\/\/kestaremesto.grkatke.sk\/index.php?rest_route=\/wp\/v2\/posts"}],"about":[{"href":"https:\/\/kestaremesto.grkatke.sk\/index.php?rest_route=\/wp\/v2\/types\/post"}],"author":[{"embeddable":true,"href":"https:\/\/kestaremesto.grkatke.sk\/index.php?rest_route=\/wp\/v2\/users\/2"}],"replies":[{"embeddable":true,"href":"https:\/\/kestaremesto.grkatke.sk\/index.php?rest_route=%2Fwp%2Fv2%2Fcomments&post=3492"}],"version-history":[{"count":6,"href":"https:\/\/kestaremesto.grkatke.sk\/index.php?rest_route=\/wp\/v2\/posts\/3492\/revisions"}],"predecessor-version":[{"id":3498,"href":"https:\/\/kestaremesto.grkatke.sk\/index.php?rest_route=\/wp\/v2\/posts\/3492\/revisions\/3498"}],"wp:attachment":[{"href":"https:\/\/kestaremesto.grkatke.sk\/index.php?rest_route=%2Fwp%2Fv2%2Fmedia&parent=3492"}],"wp:term":[{"taxonomy":"category","embeddable":true,"href":"https:\/\/kestaremesto.grkatke.sk\/index.php?rest_route=%2Fwp%2Fv2%2Fcategories&post=3492"},{"taxonomy":"post_tag","embeddable":true,"href":"https:\/\/kestaremesto.grkatke.sk\/index.php?rest_route=%2Fwp%2Fv2%2Ftags&post=3492"}],"curies":[{"name":"wp","href":"https:\/\/api.w.org\/{rel}","templated":true}]}}