{"id":3509,"date":"2021-09-07T10:11:19","date_gmt":"2021-09-07T08:11:19","guid":{"rendered":"https:\/\/kestaremesto.grkatke.sk\/?p=3509"},"modified":"2021-09-07T10:16:59","modified_gmt":"2021-09-07T08:16:59","slug":"svaty-otec-v-presove-info-k-05-09-2021","status":"publish","type":"post","link":"https:\/\/kestaremesto.grkatke.sk\/?p=3509","title":{"rendered":"Sv\u00e4t\u00fd Otec v Pre\u0161ove \u2013 info k 05. 09. 2021"},"content":{"rendered":"<ul>\n<li style=\"text-align: justify;\"><span style=\"color: #000000;\"><span style=\"font-weight: 400;\">Od pondelka 06. 09. sa m\u00f4\u017eete na stretnutie so Sv\u00e4t\u00fdm Otcom Franti\u0161kom, teda aj na sl\u00e1venie sv\u00e4tej liturgie s n\u00edm v Pre\u0161ove, <strong>zaregistrova\u0165 aj otestovan\u00ed a t\u00ed, ktor\u00ed s\u00fa v lehote do 180 dn\u00ed od prekonania covidu.<\/strong> Nutn\u00e9 bude aj pre v\u00e1s zaregistrova\u0165 sa na str\u00e1nke <\/span><span style=\"color: #0000ff;\"><a style=\"color: #0000ff;\" href=\"http:\/\/www.navstevapapeza.sk\/\" target=\"_blank\" rel=\"noopener\"><span style=\"font-weight: 400;\">www.navstevapapeza.sk<\/span><\/a><\/span><span style=\"font-weight: 400;\">.\u00a0<\/span><b>ALE A\u017d OD PONDELKA 6. SEPTEMBRA, KEDY U\u017d BUDE SPUSTEN\u00c1 AJ T\u00c1TO REGISTR\u00c1CIA<\/b><span style=\"font-weight: 400;\">. Zatia\u013e je spusten\u00e1 iba registr\u00e1cia pre plne o\u010dkovan\u00fdch, ktor\u00e1 pokra\u010duje na\u010falej.<\/span><\/span><\/li>\n<li style=\"text-align: justify;\"><span style=\"color: #000000;\"><span style=\"font-weight: 400;\">Z na\u0161ich Ko\u0161ick\u00fdch farnosti <strong>vieme posla\u0165 2 autobusy pre OTP<\/strong> (o\u010dkovan\u00ed, testovan\u00ed, prekonan\u00ed). Z\u00e1ujemci o miesto v autobuse OTP sa m\u00f4\u017eu zap\u00edsa\u0165 na zoznam na stol\u00edku, alebo rovno zap\u00edsa\u0165 na rezerva\u010dn\u00fd formul\u00e1r: <\/span><span style=\"color: #0000ff;\"><a style=\"color: #0000ff;\" href=\"https:\/\/forms.gle\/RfA8CGCN4jag7ieeA\" target=\"_blank\" rel=\"noopener\"><span style=\"font-weight: 400;\">https:\/\/forms.gle\/RfA8CGCN4jag7ieeA<\/span><\/a><\/span><span style=\"font-weight: 400;\"><strong> najnesk\u00f4r do soboty 11. 09.<\/strong> Do tohto term\u00ednu je potrebn\u00e9 zaplati\u0165 aj cestovn\u00e9 4 \u20ac (deti do 12. rokov \u2013 gr\u00e1tis). Inform\u00e1cia o odchode autobusov OTP v\u00e1m bude ozn\u00e1men\u00e1 v nede\u013eu 12. 09.<\/span><\/span><\/li>\n<li style=\"text-align: justify;\"><span style=\"color: #000000;\"><span style=\"font-weight: 400;\">T\u00ed, <strong>ktor\u00ed s\u00fa plne o\u010dkovan\u00ed a si u\u017e rezervovali miesto v autobuse do Pre\u0161ova,<\/strong> nech potvrdia svoju rezerv\u00e1ciu zaplaten\u00edm cestovn\u00e9ho 4 \u20ac v sakristii \u010do najsk\u00f4r, <strong>najnesk\u00f4r<\/strong> <\/span><b>do piatku 10<span style=\"font-weight: 400;\"><strong>. 09.<\/strong><\/span><\/b><span style=\"font-weight: 400;\"> Po tomto term\u00edne rezervovan\u00e9 miesta bud\u00fa pridelen\u00e9 n\u00e1hradn\u00edkom, ktor\u00fdch je ve\u013ea. Pri zaplaten\u00ed cestovn\u00e9ho v sakristii, v\u00e1m bude ozn\u00e1men\u00fd aj \u010das a miesto odchodu autobusu. (Odchod autobusu 14. 09. 2021 o 5:20 z ul. Kostliv\u00e9ho).<\/span><\/span><\/li>\n<\/ul>\n","protected":false},"excerpt":{"rendered":"<p>Od pondelka 06. 09. sa m\u00f4\u017eete na stretnutie so Sv\u00e4t\u00fdm Otcom Franti\u0161kom, teda aj na sl\u00e1venie sv\u00e4tej liturgie s n\u00edm v Pre\u0161ove, zaregistrova\u0165 aj otestovan\u00ed a t\u00ed, ktor\u00ed s\u00fa v lehote do 180 dn\u00ed od prekonania covidu. Nutn\u00e9 bude aj pre v\u00e1s zaregistrova\u0165 sa na str\u00e1nke www.navstevapapeza.sk.\u00a0ALE A\u017d OD PONDELKA 6. SEPTEMBRA, KEDY U\u017d BUDE [&hellip;]<\/p>\n","protected":false},"author":2,"featured_media":0,"comment_status":"closed","ping_status":"closed","sticky":false,"template":"","format":"standard","meta":{"_coblocks_attr":"","_coblocks_dimensions":"","_coblocks_responsive_height":"","_coblocks_accordion_ie_support":"","footnotes":""},"categories":[16],"tags":[],"class_list":["post-3509","post","type-post","status-publish","format-standard","hentry","category-svaty-otec-u-nas"],"yoast_head":"<!-- This site is optimized with the Yoast SEO plugin v27.4 - https:\/\/yoast.com\/product\/yoast-seo-wordpress\/ -->\n<title>Sv\u00e4t\u00fd Otec v Pre\u0161ove \u2013 info k 05. 09. 2021 - GR\u00c9CKOKATOL\u00cdCKA CIRKEV FARNOS\u0164 KO\u0160ICE - STAR\u00c9 MESTO<\/title>\n<meta name=\"robots\" content=\"index, follow, max-snippet:-1, max-image-preview:large, max-video-preview:-1\" \/>\n<link rel=\"canonical\" href=\"https:\/\/kestaremesto.grkatke.sk\/?p=3509\" \/>\n<meta property=\"og:locale\" content=\"sk_SK\" \/>\n<meta property=\"og:type\" content=\"article\" \/>\n<meta property=\"og:title\" content=\"Sv\u00e4t\u00fd Otec v Pre\u0161ove \u2013 info k 05. 09. 2021 - GR\u00c9CKOKATOL\u00cdCKA CIRKEV FARNOS\u0164 KO\u0160ICE - STAR\u00c9 MESTO\" \/>\n<meta property=\"og:description\" content=\"Od pondelka 06. 09. sa m\u00f4\u017eete na stretnutie so Sv\u00e4t\u00fdm Otcom Franti\u0161kom, teda aj na sl\u00e1venie sv\u00e4tej liturgie s n\u00edm v Pre\u0161ove, zaregistrova\u0165 aj otestovan\u00ed a t\u00ed, ktor\u00ed s\u00fa v lehote do 180 dn\u00ed od prekonania covidu. Nutn\u00e9 bude aj pre v\u00e1s zaregistrova\u0165 sa na str\u00e1nke www.navstevapapeza.sk.\u00a0ALE A\u017d OD PONDELKA 6. SEPTEMBRA, KEDY U\u017d BUDE [&hellip;]\" \/>\n<meta property=\"og:url\" content=\"https:\/\/kestaremesto.grkatke.sk\/?p=3509\" \/>\n<meta property=\"og:site_name\" content=\"GR\u00c9CKOKATOL\u00cdCKA CIRKEV FARNOS\u0164 KO\u0160ICE - STAR\u00c9 MESTO\" \/>\n<meta property=\"article:publisher\" content=\"https:\/\/www.facebook.com\/Na%c5%a1a-Katedr%c3%a1la-231637610336060\/\" \/>\n<meta property=\"article:published_time\" content=\"2021-09-07T08:11:19+00:00\" \/>\n<meta property=\"article:modified_time\" content=\"2021-09-07T08:16:59+00:00\" \/>\n<meta name=\"author\" content=\"administr\u00e1tor\" \/>\n<meta name=\"twitter:card\" content=\"summary_large_image\" \/>\n<meta name=\"twitter:label1\" content=\"Autor\" \/>\n\t<meta name=\"twitter:data1\" content=\"administr\u00e1tor\" \/>\n\t<meta name=\"twitter:label2\" content=\"Predpokladan\u00fd \u010das \u010d\u00edtania\" \/>\n\t<meta name=\"twitter:data2\" content=\"1 min\u00fata\" \/>\n<script type=\"application\/ld+json\" class=\"yoast-schema-graph\">{\"@context\":\"https:\\\/\\\/schema.org\",\"@graph\":[{\"@type\":\"Article\",\"@id\":\"https:\\\/\\\/kestaremesto.grkatke.sk\\\/?p=3509#article\",\"isPartOf\":{\"@id\":\"https:\\\/\\\/kestaremesto.grkatke.sk\\\/?p=3509\"},\"author\":{\"name\":\"administr\u00e1tor\",\"@id\":\"https:\\\/\\\/kestaremesto.grkatke.sk\\\/#\\\/schema\\\/person\\\/86c8e7e5841259082af5c5b227e0d69b\"},\"headline\":\"Sv\u00e4t\u00fd Otec v Pre\u0161ove \u2013 info k 05. 09. 2021\",\"datePublished\":\"2021-09-07T08:11:19+00:00\",\"dateModified\":\"2021-09-07T08:16:59+00:00\",\"mainEntityOfPage\":{\"@id\":\"https:\\\/\\\/kestaremesto.grkatke.sk\\\/?p=3509\"},\"wordCount\":249,\"articleSection\":[\"Sv\u00e4t\u00fd Otec u n\u00e1s\"],\"inLanguage\":\"sk-SK\"},{\"@type\":\"WebPage\",\"@id\":\"https:\\\/\\\/kestaremesto.grkatke.sk\\\/?p=3509\",\"url\":\"https:\\\/\\\/kestaremesto.grkatke.sk\\\/?p=3509\",\"name\":\"Sv\u00e4t\u00fd Otec v Pre\u0161ove \u2013 info k 05. 09. 2021 - GR\u00c9CKOKATOL\u00cdCKA CIRKEV FARNOS\u0164 KO\u0160ICE - STAR\u00c9 MESTO\",\"isPartOf\":{\"@id\":\"https:\\\/\\\/kestaremesto.grkatke.sk\\\/#website\"},\"datePublished\":\"2021-09-07T08:11:19+00:00\",\"dateModified\":\"2021-09-07T08:16:59+00:00\",\"author\":{\"@id\":\"https:\\\/\\\/kestaremesto.grkatke.sk\\\/#\\\/schema\\\/person\\\/86c8e7e5841259082af5c5b227e0d69b\"},\"breadcrumb\":{\"@id\":\"https:\\\/\\\/kestaremesto.grkatke.sk\\\/?p=3509#breadcrumb\"},\"inLanguage\":\"sk-SK\",\"potentialAction\":[{\"@type\":\"ReadAction\",\"target\":[\"https:\\\/\\\/kestaremesto.grkatke.sk\\\/?p=3509\"]}]},{\"@type\":\"BreadcrumbList\",\"@id\":\"https:\\\/\\\/kestaremesto.grkatke.sk\\\/?p=3509#breadcrumb\",\"itemListElement\":[{\"@type\":\"ListItem\",\"position\":1,\"name\":\"Domovsk\u00e1 str\u00e1nka\",\"item\":\"https:\\\/\\\/kestaremesto.grkatke.sk\\\/\"},{\"@type\":\"ListItem\",\"position\":2,\"name\":\"Sv\u00e4t\u00fd Otec v Pre\u0161ove \u2013 info k 05. 09. 2021\"}]},{\"@type\":\"WebSite\",\"@id\":\"https:\\\/\\\/kestaremesto.grkatke.sk\\\/#website\",\"url\":\"https:\\\/\\\/kestaremesto.grkatke.sk\\\/\",\"name\":\"GR\u00c9CKOKATOL\u00cdCKA CIRKEV FARNOS\u0164 KO\u0160ICE - STAR\u00c9 MESTO\",\"description\":\"\",\"potentialAction\":[{\"@type\":\"SearchAction\",\"target\":{\"@type\":\"EntryPoint\",\"urlTemplate\":\"https:\\\/\\\/kestaremesto.grkatke.sk\\\/?s={search_term_string}\"},\"query-input\":{\"@type\":\"PropertyValueSpecification\",\"valueRequired\":true,\"valueName\":\"search_term_string\"}}],\"inLanguage\":\"sk-SK\"},{\"@type\":\"Person\",\"@id\":\"https:\\\/\\\/kestaremesto.grkatke.sk\\\/#\\\/schema\\\/person\\\/86c8e7e5841259082af5c5b227e0d69b\",\"name\":\"administr\u00e1tor\",\"url\":\"https:\\\/\\\/kestaremesto.grkatke.sk\\\/?author=2\"}]}<\/script>\n<!-- \/ Yoast SEO plugin. -->","yoast_head_json":{"title":"Sv\u00e4t\u00fd Otec v Pre\u0161ove \u2013 info k 05. 09. 2021 - GR\u00c9CKOKATOL\u00cdCKA CIRKEV FARNOS\u0164 KO\u0160ICE - STAR\u00c9 MESTO","robots":{"index":"index","follow":"follow","max-snippet":"max-snippet:-1","max-image-preview":"max-image-preview:large","max-video-preview":"max-video-preview:-1"},"canonical":"https:\/\/kestaremesto.grkatke.sk\/?p=3509","og_locale":"sk_SK","og_type":"article","og_title":"Sv\u00e4t\u00fd Otec v Pre\u0161ove \u2013 info k 05. 09. 2021 - GR\u00c9CKOKATOL\u00cdCKA CIRKEV FARNOS\u0164 KO\u0160ICE - STAR\u00c9 MESTO","og_description":"Od pondelka 06. 09. sa m\u00f4\u017eete na stretnutie so Sv\u00e4t\u00fdm Otcom Franti\u0161kom, teda aj na sl\u00e1venie sv\u00e4tej liturgie s n\u00edm v Pre\u0161ove, zaregistrova\u0165 aj otestovan\u00ed a t\u00ed, ktor\u00ed s\u00fa v lehote do 180 dn\u00ed od prekonania covidu. Nutn\u00e9 bude aj pre v\u00e1s zaregistrova\u0165 sa na str\u00e1nke www.navstevapapeza.sk.\u00a0ALE A\u017d OD PONDELKA 6. SEPTEMBRA, KEDY U\u017d BUDE [&hellip;]","og_url":"https:\/\/kestaremesto.grkatke.sk\/?p=3509","og_site_name":"GR\u00c9CKOKATOL\u00cdCKA CIRKEV FARNOS\u0164 KO\u0160ICE - STAR\u00c9 MESTO","article_publisher":"https:\/\/www.facebook.com\/Na%c5%a1a-Katedr%c3%a1la-231637610336060\/","article_published_time":"2021-09-07T08:11:19+00:00","article_modified_time":"2021-09-07T08:16:59+00:00","author":"administr\u00e1tor","twitter_card":"summary_large_image","twitter_misc":{"Autor":"administr\u00e1tor","Predpokladan\u00fd \u010das \u010d\u00edtania":"1 min\u00fata"},"schema":{"@context":"https:\/\/schema.org","@graph":[{"@type":"Article","@id":"https:\/\/kestaremesto.grkatke.sk\/?p=3509#article","isPartOf":{"@id":"https:\/\/kestaremesto.grkatke.sk\/?p=3509"},"author":{"name":"administr\u00e1tor","@id":"https:\/\/kestaremesto.grkatke.sk\/#\/schema\/person\/86c8e7e5841259082af5c5b227e0d69b"},"headline":"Sv\u00e4t\u00fd Otec v Pre\u0161ove \u2013 info k 05. 09. 2021","datePublished":"2021-09-07T08:11:19+00:00","dateModified":"2021-09-07T08:16:59+00:00","mainEntityOfPage":{"@id":"https:\/\/kestaremesto.grkatke.sk\/?p=3509"},"wordCount":249,"articleSection":["Sv\u00e4t\u00fd Otec u n\u00e1s"],"inLanguage":"sk-SK"},{"@type":"WebPage","@id":"https:\/\/kestaremesto.grkatke.sk\/?p=3509","url":"https:\/\/kestaremesto.grkatke.sk\/?p=3509","name":"Sv\u00e4t\u00fd Otec v Pre\u0161ove \u2013 info k 05. 09. 2021 - GR\u00c9CKOKATOL\u00cdCKA CIRKEV FARNOS\u0164 KO\u0160ICE - STAR\u00c9 MESTO","isPartOf":{"@id":"https:\/\/kestaremesto.grkatke.sk\/#website"},"datePublished":"2021-09-07T08:11:19+00:00","dateModified":"2021-09-07T08:16:59+00:00","author":{"@id":"https:\/\/kestaremesto.grkatke.sk\/#\/schema\/person\/86c8e7e5841259082af5c5b227e0d69b"},"breadcrumb":{"@id":"https:\/\/kestaremesto.grkatke.sk\/?p=3509#breadcrumb"},"inLanguage":"sk-SK","potentialAction":[{"@type":"ReadAction","target":["https:\/\/kestaremesto.grkatke.sk\/?p=3509"]}]},{"@type":"BreadcrumbList","@id":"https:\/\/kestaremesto.grkatke.sk\/?p=3509#breadcrumb","itemListElement":[{"@type":"ListItem","position":1,"name":"Domovsk\u00e1 str\u00e1nka","item":"https:\/\/kestaremesto.grkatke.sk\/"},{"@type":"ListItem","position":2,"name":"Sv\u00e4t\u00fd Otec v Pre\u0161ove \u2013 info k 05. 09. 2021"}]},{"@type":"WebSite","@id":"https:\/\/kestaremesto.grkatke.sk\/#website","url":"https:\/\/kestaremesto.grkatke.sk\/","name":"GR\u00c9CKOKATOL\u00cdCKA CIRKEV FARNOS\u0164 KO\u0160ICE - STAR\u00c9 MESTO","description":"","potentialAction":[{"@type":"SearchAction","target":{"@type":"EntryPoint","urlTemplate":"https:\/\/kestaremesto.grkatke.sk\/?s={search_term_string}"},"query-input":{"@type":"PropertyValueSpecification","valueRequired":true,"valueName":"search_term_string"}}],"inLanguage":"sk-SK"},{"@type":"Person","@id":"https:\/\/kestaremesto.grkatke.sk\/#\/schema\/person\/86c8e7e5841259082af5c5b227e0d69b","name":"administr\u00e1tor","url":"https:\/\/kestaremesto.grkatke.sk\/?author=2"}]}},"_links":{"self":[{"href":"https:\/\/kestaremesto.grkatke.sk\/index.php?rest_route=\/wp\/v2\/posts\/3509","targetHints":{"allow":["GET"]}}],"collection":[{"href":"https:\/\/kestaremesto.grkatke.sk\/index.php?rest_route=\/wp\/v2\/posts"}],"about":[{"href":"https:\/\/kestaremesto.grkatke.sk\/index.php?rest_route=\/wp\/v2\/types\/post"}],"author":[{"embeddable":true,"href":"https:\/\/kestaremesto.grkatke.sk\/index.php?rest_route=\/wp\/v2\/users\/2"}],"replies":[{"embeddable":true,"href":"https:\/\/kestaremesto.grkatke.sk\/index.php?rest_route=%2Fwp%2Fv2%2Fcomments&post=3509"}],"version-history":[{"count":5,"href":"https:\/\/kestaremesto.grkatke.sk\/index.php?rest_route=\/wp\/v2\/posts\/3509\/revisions"}],"predecessor-version":[{"id":3515,"href":"https:\/\/kestaremesto.grkatke.sk\/index.php?rest_route=\/wp\/v2\/posts\/3509\/revisions\/3515"}],"wp:attachment":[{"href":"https:\/\/kestaremesto.grkatke.sk\/index.php?rest_route=%2Fwp%2Fv2%2Fmedia&parent=3509"}],"wp:term":[{"taxonomy":"category","embeddable":true,"href":"https:\/\/kestaremesto.grkatke.sk\/index.php?rest_route=%2Fwp%2Fv2%2Fcategories&post=3509"},{"taxonomy":"post_tag","embeddable":true,"href":"https:\/\/kestaremesto.grkatke.sk\/index.php?rest_route=%2Fwp%2Fv2%2Ftags&post=3509"}],"curies":[{"name":"wp","href":"https:\/\/api.w.org\/{rel}","templated":true}]}}