{"id":401,"date":"2017-01-21T08:41:15","date_gmt":"2017-01-21T07:41:15","guid":{"rendered":"https:\/\/kestaremesto.grkatke.sk\/?p=401"},"modified":"2017-01-21T08:47:07","modified_gmt":"2017-01-21T07:47:07","slug":"posvacovat-sa-kristovi","status":"publish","type":"post","link":"https:\/\/kestaremesto.grkatke.sk\/?p=401","title":{"rendered":"Posv\u00e4cova\u0165 sa v Kristovi"},"content":{"rendered":"<p>V\u00a0pondelok 30. janu\u00e1ra osl\u00e1vime sviatok Troch sv\u00e4tite\u013eov. Patria medzi nich sv\u00e4t\u00ed Bazil Ve\u013ek\u00fd, Gregor Teol\u00f3g a\u00a0J\u00e1n Zlato\u00fasty.<\/p>\n<p>Sviatok Troch sv\u00e4tite\u013eov patr\u00ed medzi najnov\u0161ie sviatky v\u00fdchodnej Cirkvi v\u00a0na\u0161om obrade. Podnetom pre jeho sl\u00e1venie bol neut\u00edchaj\u00faci spor v druhej polovici 11. stor. o tom, ktor\u00fd z troch sv\u00e4t\u00fdch hierarchov je pre Cirkev v\u00fdznamnej\u0161\u00ed a pred Bohom najv\u00e4\u010d\u0161\u00ed. Jedni vyzdvihovali sv\u00e4t\u00e9ho Bazila Ve\u013ek\u00e9ho, druh\u00ed sv\u00e4t\u00e9ho Gregora Bohoslova, a in\u00ed zasa sv\u00e4t\u00e9ho J\u00e1na Zlato\u00fasteho.<\/p>\n<p>Spor sa vyrie\u0161il cez zjavenie cnostn\u00e9mu a m\u00fadremu biskupovi J\u00e1novi z mesta Euchaiti, v\u00a0ktorom mu Traja sv\u00e4titelia povedali: \u201eAko vid\u00ed\u0161, pred Bohom sme si rovn\u00ed a nie je medzi nami ni\u010d protire\u010diace, \u010di sporn\u00e9, a ka\u017ed\u00fd z n\u00e1s v svojej dobe \u2013 osobitne in\u0161pirovan\u00fd Bo\u017e\u00edm Duchom \u2013 u\u010dil, \u010do je potrebn\u00e9 pre sp\u00e1su \u013eud\u00ed. Preto medzi nami nik nie je prv\u00fd, \u010di druh\u00fd, ale ke\u010f spomenie\u0161 jedn\u00e9ho, prip\u00e1jaj\u00fa sa k nemu \u010fal\u0161\u00ed dvaja. Vsta\u0148, teda, a povedz t\u00fdm, ktor\u00ed sa pre n\u00e1s h\u00e1daj\u00fa, aby sa nerozde\u013eovali medzi sebou, lebo ako za \u017eivota, tak aj po smrti sa usilujeme vies\u0165 v\u0161etky kon\u010diny sveta k pokoju a jednote. Na d\u00f4kaz na\u0161ej rovnosti pred Bohom n\u00e1m ustanov\u00ed\u0161 v jeden de\u0148 spolo\u010dn\u00fd sviatok. My na svojich ctite\u013eov budeme pam\u00e4ta\u0165 v pr\u00edhovore pri Bo\u017eom tr\u00f3ne!\u201c<\/p>\n<p>Biskup J\u00e1n urobil, ako mu sv\u00e4titelia prik\u00e1zali. A ke\u010f\u017ee Cirkev u\u017e sl\u00e1vila v janu\u00e1ri pamiatku ka\u017ed\u00e9ho z nich zvl\u00e1\u0161\u0165, ur\u010dil v r. 1076 ich spolo\u010dn\u00fd sviatok na 30. janu\u00e1ra.<\/p>\n<p>Bohoslu\u017eobn\u00e9 texty sviatku ospevuj\u00fa a oslavuj\u00fa troch sv\u00e4tite\u013eov za ich hor\u00facu l\u00e1sku k Bohu a k bl\u00ed\u017enemu, pevn\u00fa vieru, v\u00fdznam pre Cirkev, ve\u013ek\u00e9 cnosti, Bo\u017eiu m\u00fadros\u0165 a pr\u00edhovor.\u00a0V\u00a0tento de\u0148 sa v\u00a0na\u0161ej Ko\u0161ickej eparchii venuje tie\u017e zvl\u00e1\u0161tna pozornos\u0165 u\u010dite\u013eom, pedag\u00f3gom a\u00a0pracovn\u00edkom cirkevn\u00fdch \u0161k\u00f4l. Na\u0161i pedag\u00f3govia sa stretn\u00fa s\u00a0vladykom Milanom vo sviatok 30. janu\u00e1ra 2017 na archijerejskej sv. liturgii o\u00a09,00 hod.<\/p>\n","protected":false},"excerpt":{"rendered":"<p>V\u00a0pondelok 30. janu\u00e1ra osl\u00e1vime sviatok Troch sv\u00e4tite\u013eov. Patria medzi nich sv\u00e4t\u00ed Bazil Ve\u013ek\u00fd, Gregor Teol\u00f3g a\u00a0J\u00e1n Zlato\u00fasty. Sviatok Troch sv\u00e4tite\u013eov patr\u00ed medzi najnov\u0161ie sviatky v\u00fdchodnej Cirkvi v\u00a0na\u0161om obrade. Podnetom pre jeho sl\u00e1venie bol neut\u00edchaj\u00faci spor v druhej polovici 11. stor. o tom, ktor\u00fd z troch sv\u00e4t\u00fdch hierarchov je pre Cirkev v\u00fdznamnej\u0161\u00ed a pred Bohom najv\u00e4\u010d\u0161\u00ed. [&hellip;]<\/p>\n","protected":false},"author":2,"featured_media":406,"comment_status":"closed","ping_status":"closed","sticky":false,"template":"","format":"standard","meta":{"_coblocks_attr":"","_coblocks_dimensions":"","_coblocks_responsive_height":"","_coblocks_accordion_ie_support":"","footnotes":""},"categories":[3],"tags":[],"class_list":["post-401","post","type-post","status-publish","format-standard","has-post-thumbnail","hentry","category-prihovor"],"yoast_head":"<!-- This site is optimized with the Yoast SEO plugin v27.4 - https:\/\/yoast.com\/product\/yoast-seo-wordpress\/ -->\n<title>Posv\u00e4cova\u0165 sa v Kristovi - GR\u00c9CKOKATOL\u00cdCKA CIRKEV FARNOS\u0164 KO\u0160ICE - STAR\u00c9 MESTO<\/title>\n<meta name=\"robots\" content=\"index, follow, max-snippet:-1, max-image-preview:large, max-video-preview:-1\" \/>\n<link rel=\"canonical\" href=\"https:\/\/kestaremesto.grkatke.sk\/?p=401\" \/>\n<meta property=\"og:locale\" content=\"sk_SK\" \/>\n<meta property=\"og:type\" content=\"article\" \/>\n<meta property=\"og:title\" content=\"Posv\u00e4cova\u0165 sa v Kristovi - GR\u00c9CKOKATOL\u00cdCKA CIRKEV FARNOS\u0164 KO\u0160ICE - STAR\u00c9 MESTO\" \/>\n<meta property=\"og:description\" content=\"V\u00a0pondelok 30. janu\u00e1ra osl\u00e1vime sviatok Troch sv\u00e4tite\u013eov. Patria medzi nich sv\u00e4t\u00ed Bazil Ve\u013ek\u00fd, Gregor Teol\u00f3g a\u00a0J\u00e1n Zlato\u00fasty. Sviatok Troch sv\u00e4tite\u013eov patr\u00ed medzi najnov\u0161ie sviatky v\u00fdchodnej Cirkvi v\u00a0na\u0161om obrade. Podnetom pre jeho sl\u00e1venie bol neut\u00edchaj\u00faci spor v druhej polovici 11. stor. o tom, ktor\u00fd z troch sv\u00e4t\u00fdch hierarchov je pre Cirkev v\u00fdznamnej\u0161\u00ed a pred Bohom najv\u00e4\u010d\u0161\u00ed. [&hellip;]\" \/>\n<meta property=\"og:url\" content=\"https:\/\/kestaremesto.grkatke.sk\/?p=401\" \/>\n<meta property=\"og:site_name\" content=\"GR\u00c9CKOKATOL\u00cdCKA CIRKEV FARNOS\u0164 KO\u0160ICE - STAR\u00c9 MESTO\" \/>\n<meta property=\"article:publisher\" content=\"https:\/\/www.facebook.com\/Na%c5%a1a-Katedr%c3%a1la-231637610336060\/\" \/>\n<meta property=\"article:published_time\" content=\"2017-01-21T07:41:15+00:00\" \/>\n<meta property=\"article:modified_time\" content=\"2017-01-21T07:47:07+00:00\" \/>\n<meta property=\"og:image\" content=\"https:\/\/kestaremesto.grkatke.sk\/wp-content\/uploads\/2017\/01\/three_hierarchs-2.jpg\" \/>\n\t<meta property=\"og:image:width\" content=\"585\" \/>\n\t<meta property=\"og:image:height\" content=\"390\" \/>\n\t<meta property=\"og:image:type\" content=\"image\/jpeg\" \/>\n<meta name=\"author\" content=\"administr\u00e1tor\" \/>\n<meta name=\"twitter:card\" content=\"summary_large_image\" \/>\n<meta name=\"twitter:label1\" content=\"Autor\" \/>\n\t<meta name=\"twitter:data1\" content=\"administr\u00e1tor\" \/>\n\t<meta name=\"twitter:label2\" content=\"Predpokladan\u00fd \u010das \u010d\u00edtania\" \/>\n\t<meta name=\"twitter:data2\" content=\"2 min\u00faty\" \/>\n<script type=\"application\/ld+json\" class=\"yoast-schema-graph\">{\"@context\":\"https:\\\/\\\/schema.org\",\"@graph\":[{\"@type\":\"Article\",\"@id\":\"https:\\\/\\\/kestaremesto.grkatke.sk\\\/?p=401#article\",\"isPartOf\":{\"@id\":\"https:\\\/\\\/kestaremesto.grkatke.sk\\\/?p=401\"},\"author\":{\"name\":\"administr\u00e1tor\",\"@id\":\"https:\\\/\\\/kestaremesto.grkatke.sk\\\/#\\\/schema\\\/person\\\/86c8e7e5841259082af5c5b227e0d69b\"},\"headline\":\"Posv\u00e4cova\u0165 sa v Kristovi\",\"datePublished\":\"2017-01-21T07:41:15+00:00\",\"dateModified\":\"2017-01-21T07:47:07+00:00\",\"mainEntityOfPage\":{\"@id\":\"https:\\\/\\\/kestaremesto.grkatke.sk\\\/?p=401\"},\"wordCount\":387,\"image\":{\"@id\":\"https:\\\/\\\/kestaremesto.grkatke.sk\\\/?p=401#primaryimage\"},\"thumbnailUrl\":\"https:\\\/\\\/kestaremesto.grkatke.sk\\\/wp-content\\\/uploads\\\/2017\\\/01\\\/three_hierarchs-2.jpg\",\"articleSection\":[\"Pr\u00edhovor\"],\"inLanguage\":\"sk-SK\"},{\"@type\":\"WebPage\",\"@id\":\"https:\\\/\\\/kestaremesto.grkatke.sk\\\/?p=401\",\"url\":\"https:\\\/\\\/kestaremesto.grkatke.sk\\\/?p=401\",\"name\":\"Posv\u00e4cova\u0165 sa v Kristovi - GR\u00c9CKOKATOL\u00cdCKA CIRKEV FARNOS\u0164 KO\u0160ICE - STAR\u00c9 MESTO\",\"isPartOf\":{\"@id\":\"https:\\\/\\\/kestaremesto.grkatke.sk\\\/#website\"},\"primaryImageOfPage\":{\"@id\":\"https:\\\/\\\/kestaremesto.grkatke.sk\\\/?p=401#primaryimage\"},\"image\":{\"@id\":\"https:\\\/\\\/kestaremesto.grkatke.sk\\\/?p=401#primaryimage\"},\"thumbnailUrl\":\"https:\\\/\\\/kestaremesto.grkatke.sk\\\/wp-content\\\/uploads\\\/2017\\\/01\\\/three_hierarchs-2.jpg\",\"datePublished\":\"2017-01-21T07:41:15+00:00\",\"dateModified\":\"2017-01-21T07:47:07+00:00\",\"author\":{\"@id\":\"https:\\\/\\\/kestaremesto.grkatke.sk\\\/#\\\/schema\\\/person\\\/86c8e7e5841259082af5c5b227e0d69b\"},\"breadcrumb\":{\"@id\":\"https:\\\/\\\/kestaremesto.grkatke.sk\\\/?p=401#breadcrumb\"},\"inLanguage\":\"sk-SK\",\"potentialAction\":[{\"@type\":\"ReadAction\",\"target\":[\"https:\\\/\\\/kestaremesto.grkatke.sk\\\/?p=401\"]}]},{\"@type\":\"ImageObject\",\"inLanguage\":\"sk-SK\",\"@id\":\"https:\\\/\\\/kestaremesto.grkatke.sk\\\/?p=401#primaryimage\",\"url\":\"https:\\\/\\\/kestaremesto.grkatke.sk\\\/wp-content\\\/uploads\\\/2017\\\/01\\\/three_hierarchs-2.jpg\",\"contentUrl\":\"https:\\\/\\\/kestaremesto.grkatke.sk\\\/wp-content\\\/uploads\\\/2017\\\/01\\\/three_hierarchs-2.jpg\",\"width\":585,\"height\":390},{\"@type\":\"BreadcrumbList\",\"@id\":\"https:\\\/\\\/kestaremesto.grkatke.sk\\\/?p=401#breadcrumb\",\"itemListElement\":[{\"@type\":\"ListItem\",\"position\":1,\"name\":\"Domovsk\u00e1 str\u00e1nka\",\"item\":\"https:\\\/\\\/kestaremesto.grkatke.sk\\\/\"},{\"@type\":\"ListItem\",\"position\":2,\"name\":\"Posv\u00e4cova\u0165 sa v Kristovi\"}]},{\"@type\":\"WebSite\",\"@id\":\"https:\\\/\\\/kestaremesto.grkatke.sk\\\/#website\",\"url\":\"https:\\\/\\\/kestaremesto.grkatke.sk\\\/\",\"name\":\"GR\u00c9CKOKATOL\u00cdCKA CIRKEV FARNOS\u0164 KO\u0160ICE - STAR\u00c9 MESTO\",\"description\":\"\",\"potentialAction\":[{\"@type\":\"SearchAction\",\"target\":{\"@type\":\"EntryPoint\",\"urlTemplate\":\"https:\\\/\\\/kestaremesto.grkatke.sk\\\/?s={search_term_string}\"},\"query-input\":{\"@type\":\"PropertyValueSpecification\",\"valueRequired\":true,\"valueName\":\"search_term_string\"}}],\"inLanguage\":\"sk-SK\"},{\"@type\":\"Person\",\"@id\":\"https:\\\/\\\/kestaremesto.grkatke.sk\\\/#\\\/schema\\\/person\\\/86c8e7e5841259082af5c5b227e0d69b\",\"name\":\"administr\u00e1tor\",\"url\":\"https:\\\/\\\/kestaremesto.grkatke.sk\\\/?author=2\"}]}<\/script>\n<!-- \/ Yoast SEO plugin. -->","yoast_head_json":{"title":"Posv\u00e4cova\u0165 sa v Kristovi - GR\u00c9CKOKATOL\u00cdCKA CIRKEV FARNOS\u0164 KO\u0160ICE - STAR\u00c9 MESTO","robots":{"index":"index","follow":"follow","max-snippet":"max-snippet:-1","max-image-preview":"max-image-preview:large","max-video-preview":"max-video-preview:-1"},"canonical":"https:\/\/kestaremesto.grkatke.sk\/?p=401","og_locale":"sk_SK","og_type":"article","og_title":"Posv\u00e4cova\u0165 sa v Kristovi - GR\u00c9CKOKATOL\u00cdCKA CIRKEV FARNOS\u0164 KO\u0160ICE - STAR\u00c9 MESTO","og_description":"V\u00a0pondelok 30. janu\u00e1ra osl\u00e1vime sviatok Troch sv\u00e4tite\u013eov. Patria medzi nich sv\u00e4t\u00ed Bazil Ve\u013ek\u00fd, Gregor Teol\u00f3g a\u00a0J\u00e1n Zlato\u00fasty. Sviatok Troch sv\u00e4tite\u013eov patr\u00ed medzi najnov\u0161ie sviatky v\u00fdchodnej Cirkvi v\u00a0na\u0161om obrade. Podnetom pre jeho sl\u00e1venie bol neut\u00edchaj\u00faci spor v druhej polovici 11. stor. o tom, ktor\u00fd z troch sv\u00e4t\u00fdch hierarchov je pre Cirkev v\u00fdznamnej\u0161\u00ed a pred Bohom najv\u00e4\u010d\u0161\u00ed. [&hellip;]","og_url":"https:\/\/kestaremesto.grkatke.sk\/?p=401","og_site_name":"GR\u00c9CKOKATOL\u00cdCKA CIRKEV FARNOS\u0164 KO\u0160ICE - STAR\u00c9 MESTO","article_publisher":"https:\/\/www.facebook.com\/Na%c5%a1a-Katedr%c3%a1la-231637610336060\/","article_published_time":"2017-01-21T07:41:15+00:00","article_modified_time":"2017-01-21T07:47:07+00:00","og_image":[{"width":585,"height":390,"url":"https:\/\/kestaremesto.grkatke.sk\/wp-content\/uploads\/2017\/01\/three_hierarchs-2.jpg","type":"image\/jpeg"}],"author":"administr\u00e1tor","twitter_card":"summary_large_image","twitter_misc":{"Autor":"administr\u00e1tor","Predpokladan\u00fd \u010das \u010d\u00edtania":"2 min\u00faty"},"schema":{"@context":"https:\/\/schema.org","@graph":[{"@type":"Article","@id":"https:\/\/kestaremesto.grkatke.sk\/?p=401#article","isPartOf":{"@id":"https:\/\/kestaremesto.grkatke.sk\/?p=401"},"author":{"name":"administr\u00e1tor","@id":"https:\/\/kestaremesto.grkatke.sk\/#\/schema\/person\/86c8e7e5841259082af5c5b227e0d69b"},"headline":"Posv\u00e4cova\u0165 sa v Kristovi","datePublished":"2017-01-21T07:41:15+00:00","dateModified":"2017-01-21T07:47:07+00:00","mainEntityOfPage":{"@id":"https:\/\/kestaremesto.grkatke.sk\/?p=401"},"wordCount":387,"image":{"@id":"https:\/\/kestaremesto.grkatke.sk\/?p=401#primaryimage"},"thumbnailUrl":"https:\/\/kestaremesto.grkatke.sk\/wp-content\/uploads\/2017\/01\/three_hierarchs-2.jpg","articleSection":["Pr\u00edhovor"],"inLanguage":"sk-SK"},{"@type":"WebPage","@id":"https:\/\/kestaremesto.grkatke.sk\/?p=401","url":"https:\/\/kestaremesto.grkatke.sk\/?p=401","name":"Posv\u00e4cova\u0165 sa v Kristovi - GR\u00c9CKOKATOL\u00cdCKA CIRKEV FARNOS\u0164 KO\u0160ICE - STAR\u00c9 MESTO","isPartOf":{"@id":"https:\/\/kestaremesto.grkatke.sk\/#website"},"primaryImageOfPage":{"@id":"https:\/\/kestaremesto.grkatke.sk\/?p=401#primaryimage"},"image":{"@id":"https:\/\/kestaremesto.grkatke.sk\/?p=401#primaryimage"},"thumbnailUrl":"https:\/\/kestaremesto.grkatke.sk\/wp-content\/uploads\/2017\/01\/three_hierarchs-2.jpg","datePublished":"2017-01-21T07:41:15+00:00","dateModified":"2017-01-21T07:47:07+00:00","author":{"@id":"https:\/\/kestaremesto.grkatke.sk\/#\/schema\/person\/86c8e7e5841259082af5c5b227e0d69b"},"breadcrumb":{"@id":"https:\/\/kestaremesto.grkatke.sk\/?p=401#breadcrumb"},"inLanguage":"sk-SK","potentialAction":[{"@type":"ReadAction","target":["https:\/\/kestaremesto.grkatke.sk\/?p=401"]}]},{"@type":"ImageObject","inLanguage":"sk-SK","@id":"https:\/\/kestaremesto.grkatke.sk\/?p=401#primaryimage","url":"https:\/\/kestaremesto.grkatke.sk\/wp-content\/uploads\/2017\/01\/three_hierarchs-2.jpg","contentUrl":"https:\/\/kestaremesto.grkatke.sk\/wp-content\/uploads\/2017\/01\/three_hierarchs-2.jpg","width":585,"height":390},{"@type":"BreadcrumbList","@id":"https:\/\/kestaremesto.grkatke.sk\/?p=401#breadcrumb","itemListElement":[{"@type":"ListItem","position":1,"name":"Domovsk\u00e1 str\u00e1nka","item":"https:\/\/kestaremesto.grkatke.sk\/"},{"@type":"ListItem","position":2,"name":"Posv\u00e4cova\u0165 sa v Kristovi"}]},{"@type":"WebSite","@id":"https:\/\/kestaremesto.grkatke.sk\/#website","url":"https:\/\/kestaremesto.grkatke.sk\/","name":"GR\u00c9CKOKATOL\u00cdCKA CIRKEV FARNOS\u0164 KO\u0160ICE - STAR\u00c9 MESTO","description":"","potentialAction":[{"@type":"SearchAction","target":{"@type":"EntryPoint","urlTemplate":"https:\/\/kestaremesto.grkatke.sk\/?s={search_term_string}"},"query-input":{"@type":"PropertyValueSpecification","valueRequired":true,"valueName":"search_term_string"}}],"inLanguage":"sk-SK"},{"@type":"Person","@id":"https:\/\/kestaremesto.grkatke.sk\/#\/schema\/person\/86c8e7e5841259082af5c5b227e0d69b","name":"administr\u00e1tor","url":"https:\/\/kestaremesto.grkatke.sk\/?author=2"}]}},"_links":{"self":[{"href":"https:\/\/kestaremesto.grkatke.sk\/index.php?rest_route=\/wp\/v2\/posts\/401","targetHints":{"allow":["GET"]}}],"collection":[{"href":"https:\/\/kestaremesto.grkatke.sk\/index.php?rest_route=\/wp\/v2\/posts"}],"about":[{"href":"https:\/\/kestaremesto.grkatke.sk\/index.php?rest_route=\/wp\/v2\/types\/post"}],"author":[{"embeddable":true,"href":"https:\/\/kestaremesto.grkatke.sk\/index.php?rest_route=\/wp\/v2\/users\/2"}],"replies":[{"embeddable":true,"href":"https:\/\/kestaremesto.grkatke.sk\/index.php?rest_route=%2Fwp%2Fv2%2Fcomments&post=401"}],"version-history":[{"count":1,"href":"https:\/\/kestaremesto.grkatke.sk\/index.php?rest_route=\/wp\/v2\/posts\/401\/revisions"}],"predecessor-version":[{"id":403,"href":"https:\/\/kestaremesto.grkatke.sk\/index.php?rest_route=\/wp\/v2\/posts\/401\/revisions\/403"}],"wp:featuredmedia":[{"embeddable":true,"href":"https:\/\/kestaremesto.grkatke.sk\/index.php?rest_route=\/wp\/v2\/media\/406"}],"wp:attachment":[{"href":"https:\/\/kestaremesto.grkatke.sk\/index.php?rest_route=%2Fwp%2Fv2%2Fmedia&parent=401"}],"wp:term":[{"taxonomy":"category","embeddable":true,"href":"https:\/\/kestaremesto.grkatke.sk\/index.php?rest_route=%2Fwp%2Fv2%2Fcategories&post=401"},{"taxonomy":"post_tag","embeddable":true,"href":"https:\/\/kestaremesto.grkatke.sk\/index.php?rest_route=%2Fwp%2Fv2%2Ftags&post=401"}],"curies":[{"name":"wp","href":"https:\/\/api.w.org\/{rel}","templated":true}]}}