{"id":4113,"date":"2023-09-04T04:54:00","date_gmt":"2023-09-04T02:54:00","guid":{"rendered":"https:\/\/kestaremesto.grkatke.sk\/?p=4113"},"modified":"2023-09-04T04:54:00","modified_gmt":"2023-09-04T02:54:00","slug":"program-duchovnej-obnovy-04-08-09-2023","status":"publish","type":"post","link":"https:\/\/kestaremesto.grkatke.sk\/?p=4113","title":{"rendered":"Program duchovnej obnovy 04. &#8211; 08. 09. 2023"},"content":{"rendered":"<p style=\"text-align: center;\"><span style=\"color: #008000; font-size: 24px;\"><strong>T\u00e9ma: <em>&#8222;Rodina si vz\u00e1cna a nenahradite\u013en\u00e1&#8220;<\/em><\/strong><\/span><\/p>\n<p>&nbsp;<\/p>\n<table class=\"table table-hover\">\n<tbody>\n<tr style=\"background-color: #add8e6;\">\n<td style=\"text-align: center;\"><strong>De\u0148\/D\u00e1tum<\/strong><\/td>\n<td style=\"text-align: center;\"><strong>Program<\/strong><\/td>\n<td style=\"text-align: center;\"><strong>T\u00e9ma<\/strong><\/td>\n<td style=\"text-align: center;\"><strong>Kazate\u013e<\/strong><\/td>\n<\/tr>\n<tr>\n<td>\n<p style=\"text-align: center;\"><strong>Pondelok<\/strong><\/p>\n<p style=\"text-align: center;\">04. 09.<\/p>\n<\/td>\n<td>16:30 \u2013 moleben k Presv\u00e4tej Bohorodi\u010dke<br \/>\n17:00 \u2013 sv. liturgia, po\u017eehnanie \u0161kol\u00e1kov, \u0161tudentov a pedag\u00f3gov<\/td>\n<td><strong>Ako sa modli\u0165 v\u00a0rodine?<\/strong><\/td>\n<td style=\"text-align: justify;\"><strong>o. Vojtech Boh\u00e1\u010d<\/strong>,<br \/>\nsynkel pre ma\u010farsk\u00fdch veriacich<\/td>\n<\/tr>\n<tr style=\"background-color: #f0f8ff;\">\n<td>\n<p style=\"text-align: center;\"><strong>Utorok<\/strong><\/p>\n<p style=\"text-align: center;\">05. 09.<\/p>\n<\/td>\n<td><span style=\"font-weight: 400;\">16:30 \u2013 modlitba posv\u00e4tn\u00e9ho <\/span><span style=\"font-weight: 400;\">ru\u017eenca<br \/>\n<\/span><span style=\"font-weight: 400;\">17:00 \u2013 sv. liturgia (CS) <\/span><\/td>\n<td><strong>Ako \u010d\u00edta\u0165 Sv\u00e4t\u00e9 P\u00edsmo v\u00a0rodine?<\/strong><\/td>\n<td style=\"text-align: justify;\"><strong>o. jerm. Kassi\u00e1n Drozd,<br \/>\n<\/strong><span style=\"font-weight: 400;\">synkel pre rus\u00ednskych veriacich<\/span><\/td>\n<\/tr>\n<tr>\n<td>\n<p style=\"text-align: center;\"><strong>Streda<\/strong><\/p>\n<p style=\"text-align: center;\">06. 09.<\/p>\n<\/td>\n<td><span style=\"font-weight: 400;\">16:30 \u2013 akatist k Presv\u00e4tej <\/span><span style=\"font-weight: 400;\">Bohorodi\u010dke<br \/>\n<\/span><span style=\"font-weight: 400;\">17:00 \u2013 sv. liturgia<\/span><\/td>\n<td><em><em><strong>Ako \u017ei\u0165 radosti v rodine?<br \/>\nAko pre\u017e\u00edva\u0165 sviato\u010dn\u00e9 dni v rodine?<\/strong><\/em><\/em><\/td>\n<td style=\"text-align: justify;\"><strong>o. Luk\u00e1\u0161 Voj\u010d\u00edk,<br \/>\n<\/strong>synkel pre ekonomiku<\/td>\n<\/tr>\n<tr style=\"background-color: #f0f8ff;\">\n<td>\n<p style=\"text-align: center;\"><strong>\u0160tvrtok<\/strong><\/p>\n<p style=\"text-align: center;\">07. 09.<\/p>\n<\/td>\n<td><span style=\"font-weight: 400;\">16:15 \u2013 parastas za zosnul\u00fdch<br \/>\n<\/span><span style=\"font-weight: 400;\">17:00 \u2013 sv. liturgia(CS)<\/span><\/td>\n<td><strong>Ako \u017ei\u0165 starosti v rodine?<\/strong><\/td>\n<td style=\"text-align: justify;\"><strong>o. Karol Knap,<br \/>\n<\/strong>synkel pre \u0161kolstvo<\/td>\n<\/tr>\n<tr>\n<td>\n<p style=\"text-align: center;\"><strong>Piatok<\/strong><\/p>\n<p style=\"text-align: center;\">08. 09.<\/p>\n<p>&nbsp;<\/td>\n<td><strong><em>Narodenie Presv\u00e4tej Bohorodi\u010dky<\/em><\/strong><\/p>\n<p><span style=\"font-weight: 400;\">16:15 \u2013 Akatist po\u017eehnania rod\u00edn<br \/>\n<\/span><span style=\"font-weight: 400;\">17:00 \u2013 sv. liturgia<\/span><\/td>\n<td><strong>S\u00fa sviatosti pre\u017eitkom v rodine?<\/strong><\/td>\n<td style=\"text-align: justify;\"><strong>o. archim. Jaroslav Laj\u010diak,<br \/>\n<\/strong>protosynkel<\/td>\n<\/tr>\n<\/tbody>\n<\/table>\n<p>&nbsp;<\/p>\n<p style=\"text-align: center;\"><span style=\"color: #008000;\"><span style=\"font-size: 24px;\"><b>Srde\u010dne V\u00e1s poz\u00fdvame!<\/b><\/span><\/span><\/p>\n","protected":false},"excerpt":{"rendered":"<p>T\u00e9ma: &#8222;Rodina si vz\u00e1cna a nenahradite\u013en\u00e1&#8220; &nbsp; De\u0148\/D\u00e1tum Program T\u00e9ma Kazate\u013e Pondelok 04. 09. 16:30 \u2013 moleben k Presv\u00e4tej Bohorodi\u010dke 17:00 \u2013 sv. liturgia, po\u017eehnanie \u0161kol\u00e1kov, \u0161tudentov a pedag\u00f3gov Ako sa modli\u0165 v\u00a0rodine? o. Vojtech Boh\u00e1\u010d, synkel pre ma\u010farsk\u00fdch veriacich Utorok 05. 09. 16:30 \u2013 modlitba posv\u00e4tn\u00e9ho ru\u017eenca 17:00 \u2013 sv. liturgia (CS) Ako \u010d\u00edta\u0165 [&hellip;]<\/p>\n","protected":false},"author":2,"featured_media":0,"comment_status":"closed","ping_status":"closed","sticky":false,"template":"","format":"standard","meta":{"_coblocks_attr":"","_coblocks_dimensions":"","_coblocks_responsive_height":"","_coblocks_accordion_ie_support":"","footnotes":""},"categories":[9],"tags":[],"class_list":["post-4113","post","type-post","status-publish","format-standard","hentry","category-aktuality"],"yoast_head":"<!-- This site is optimized with the Yoast SEO plugin v27.4 - https:\/\/yoast.com\/product\/yoast-seo-wordpress\/ -->\n<title>Program duchovnej obnovy 04. - 08. 09. 2023 - GR\u00c9CKOKATOL\u00cdCKA CIRKEV FARNOS\u0164 KO\u0160ICE - STAR\u00c9 MESTO<\/title>\n<meta name=\"robots\" content=\"index, follow, max-snippet:-1, max-image-preview:large, max-video-preview:-1\" \/>\n<link rel=\"canonical\" href=\"https:\/\/kestaremesto.grkatke.sk\/?p=4113\" \/>\n<meta property=\"og:locale\" content=\"sk_SK\" \/>\n<meta property=\"og:type\" content=\"article\" \/>\n<meta property=\"og:title\" content=\"Program duchovnej obnovy 04. - 08. 09. 2023 - GR\u00c9CKOKATOL\u00cdCKA CIRKEV FARNOS\u0164 KO\u0160ICE - STAR\u00c9 MESTO\" \/>\n<meta property=\"og:description\" content=\"T\u00e9ma: &#8222;Rodina si vz\u00e1cna a nenahradite\u013en\u00e1&#8220; &nbsp; De\u0148\/D\u00e1tum Program T\u00e9ma Kazate\u013e Pondelok 04. 09. 16:30 \u2013 moleben k Presv\u00e4tej Bohorodi\u010dke 17:00 \u2013 sv. liturgia, po\u017eehnanie \u0161kol\u00e1kov, \u0161tudentov a pedag\u00f3gov Ako sa modli\u0165 v\u00a0rodine? o. Vojtech Boh\u00e1\u010d, synkel pre ma\u010farsk\u00fdch veriacich Utorok 05. 09. 16:30 \u2013 modlitba posv\u00e4tn\u00e9ho ru\u017eenca 17:00 \u2013 sv. liturgia (CS) Ako \u010d\u00edta\u0165 [&hellip;]\" \/>\n<meta property=\"og:url\" content=\"https:\/\/kestaremesto.grkatke.sk\/?p=4113\" \/>\n<meta property=\"og:site_name\" content=\"GR\u00c9CKOKATOL\u00cdCKA CIRKEV FARNOS\u0164 KO\u0160ICE - STAR\u00c9 MESTO\" \/>\n<meta property=\"article:publisher\" content=\"https:\/\/www.facebook.com\/Na%c5%a1a-Katedr%c3%a1la-231637610336060\/\" \/>\n<meta property=\"article:published_time\" content=\"2023-09-04T02:54:00+00:00\" \/>\n<meta name=\"author\" content=\"administr\u00e1tor\" \/>\n<meta name=\"twitter:card\" content=\"summary_large_image\" \/>\n<meta name=\"twitter:label1\" content=\"Autor\" \/>\n\t<meta name=\"twitter:data1\" content=\"administr\u00e1tor\" \/>\n\t<meta name=\"twitter:label2\" content=\"Predpokladan\u00fd \u010das \u010d\u00edtania\" \/>\n\t<meta name=\"twitter:data2\" content=\"1 min\u00fata\" \/>\n<script type=\"application\/ld+json\" class=\"yoast-schema-graph\">{\"@context\":\"https:\\\/\\\/schema.org\",\"@graph\":[{\"@type\":\"Article\",\"@id\":\"https:\\\/\\\/kestaremesto.grkatke.sk\\\/?p=4113#article\",\"isPartOf\":{\"@id\":\"https:\\\/\\\/kestaremesto.grkatke.sk\\\/?p=4113\"},\"author\":{\"name\":\"administr\u00e1tor\",\"@id\":\"https:\\\/\\\/kestaremesto.grkatke.sk\\\/#\\\/schema\\\/person\\\/86c8e7e5841259082af5c5b227e0d69b\"},\"headline\":\"Program duchovnej obnovy 04. &#8211; 08. 09. 2023\",\"datePublished\":\"2023-09-04T02:54:00+00:00\",\"mainEntityOfPage\":{\"@id\":\"https:\\\/\\\/kestaremesto.grkatke.sk\\\/?p=4113\"},\"wordCount\":161,\"articleSection\":[\"Aktuality\"],\"inLanguage\":\"sk-SK\"},{\"@type\":\"WebPage\",\"@id\":\"https:\\\/\\\/kestaremesto.grkatke.sk\\\/?p=4113\",\"url\":\"https:\\\/\\\/kestaremesto.grkatke.sk\\\/?p=4113\",\"name\":\"Program duchovnej obnovy 04. - 08. 09. 2023 - GR\u00c9CKOKATOL\u00cdCKA CIRKEV FARNOS\u0164 KO\u0160ICE - STAR\u00c9 MESTO\",\"isPartOf\":{\"@id\":\"https:\\\/\\\/kestaremesto.grkatke.sk\\\/#website\"},\"datePublished\":\"2023-09-04T02:54:00+00:00\",\"author\":{\"@id\":\"https:\\\/\\\/kestaremesto.grkatke.sk\\\/#\\\/schema\\\/person\\\/86c8e7e5841259082af5c5b227e0d69b\"},\"breadcrumb\":{\"@id\":\"https:\\\/\\\/kestaremesto.grkatke.sk\\\/?p=4113#breadcrumb\"},\"inLanguage\":\"sk-SK\",\"potentialAction\":[{\"@type\":\"ReadAction\",\"target\":[\"https:\\\/\\\/kestaremesto.grkatke.sk\\\/?p=4113\"]}]},{\"@type\":\"BreadcrumbList\",\"@id\":\"https:\\\/\\\/kestaremesto.grkatke.sk\\\/?p=4113#breadcrumb\",\"itemListElement\":[{\"@type\":\"ListItem\",\"position\":1,\"name\":\"Domovsk\u00e1 str\u00e1nka\",\"item\":\"https:\\\/\\\/kestaremesto.grkatke.sk\\\/\"},{\"@type\":\"ListItem\",\"position\":2,\"name\":\"Program duchovnej obnovy 04. &#8211; 08. 09. 2023\"}]},{\"@type\":\"WebSite\",\"@id\":\"https:\\\/\\\/kestaremesto.grkatke.sk\\\/#website\",\"url\":\"https:\\\/\\\/kestaremesto.grkatke.sk\\\/\",\"name\":\"GR\u00c9CKOKATOL\u00cdCKA CIRKEV FARNOS\u0164 KO\u0160ICE - STAR\u00c9 MESTO\",\"description\":\"\",\"potentialAction\":[{\"@type\":\"SearchAction\",\"target\":{\"@type\":\"EntryPoint\",\"urlTemplate\":\"https:\\\/\\\/kestaremesto.grkatke.sk\\\/?s={search_term_string}\"},\"query-input\":{\"@type\":\"PropertyValueSpecification\",\"valueRequired\":true,\"valueName\":\"search_term_string\"}}],\"inLanguage\":\"sk-SK\"},{\"@type\":\"Person\",\"@id\":\"https:\\\/\\\/kestaremesto.grkatke.sk\\\/#\\\/schema\\\/person\\\/86c8e7e5841259082af5c5b227e0d69b\",\"name\":\"administr\u00e1tor\",\"url\":\"https:\\\/\\\/kestaremesto.grkatke.sk\\\/?author=2\"}]}<\/script>\n<!-- \/ Yoast SEO plugin. -->","yoast_head_json":{"title":"Program duchovnej obnovy 04. - 08. 09. 2023 - GR\u00c9CKOKATOL\u00cdCKA CIRKEV FARNOS\u0164 KO\u0160ICE - STAR\u00c9 MESTO","robots":{"index":"index","follow":"follow","max-snippet":"max-snippet:-1","max-image-preview":"max-image-preview:large","max-video-preview":"max-video-preview:-1"},"canonical":"https:\/\/kestaremesto.grkatke.sk\/?p=4113","og_locale":"sk_SK","og_type":"article","og_title":"Program duchovnej obnovy 04. - 08. 09. 2023 - GR\u00c9CKOKATOL\u00cdCKA CIRKEV FARNOS\u0164 KO\u0160ICE - STAR\u00c9 MESTO","og_description":"T\u00e9ma: &#8222;Rodina si vz\u00e1cna a nenahradite\u013en\u00e1&#8220; &nbsp; De\u0148\/D\u00e1tum Program T\u00e9ma Kazate\u013e Pondelok 04. 09. 16:30 \u2013 moleben k Presv\u00e4tej Bohorodi\u010dke 17:00 \u2013 sv. liturgia, po\u017eehnanie \u0161kol\u00e1kov, \u0161tudentov a pedag\u00f3gov Ako sa modli\u0165 v\u00a0rodine? o. Vojtech Boh\u00e1\u010d, synkel pre ma\u010farsk\u00fdch veriacich Utorok 05. 09. 16:30 \u2013 modlitba posv\u00e4tn\u00e9ho ru\u017eenca 17:00 \u2013 sv. liturgia (CS) Ako \u010d\u00edta\u0165 [&hellip;]","og_url":"https:\/\/kestaremesto.grkatke.sk\/?p=4113","og_site_name":"GR\u00c9CKOKATOL\u00cdCKA CIRKEV FARNOS\u0164 KO\u0160ICE - STAR\u00c9 MESTO","article_publisher":"https:\/\/www.facebook.com\/Na%c5%a1a-Katedr%c3%a1la-231637610336060\/","article_published_time":"2023-09-04T02:54:00+00:00","author":"administr\u00e1tor","twitter_card":"summary_large_image","twitter_misc":{"Autor":"administr\u00e1tor","Predpokladan\u00fd \u010das \u010d\u00edtania":"1 min\u00fata"},"schema":{"@context":"https:\/\/schema.org","@graph":[{"@type":"Article","@id":"https:\/\/kestaremesto.grkatke.sk\/?p=4113#article","isPartOf":{"@id":"https:\/\/kestaremesto.grkatke.sk\/?p=4113"},"author":{"name":"administr\u00e1tor","@id":"https:\/\/kestaremesto.grkatke.sk\/#\/schema\/person\/86c8e7e5841259082af5c5b227e0d69b"},"headline":"Program duchovnej obnovy 04. &#8211; 08. 09. 2023","datePublished":"2023-09-04T02:54:00+00:00","mainEntityOfPage":{"@id":"https:\/\/kestaremesto.grkatke.sk\/?p=4113"},"wordCount":161,"articleSection":["Aktuality"],"inLanguage":"sk-SK"},{"@type":"WebPage","@id":"https:\/\/kestaremesto.grkatke.sk\/?p=4113","url":"https:\/\/kestaremesto.grkatke.sk\/?p=4113","name":"Program duchovnej obnovy 04. - 08. 09. 2023 - GR\u00c9CKOKATOL\u00cdCKA CIRKEV FARNOS\u0164 KO\u0160ICE - STAR\u00c9 MESTO","isPartOf":{"@id":"https:\/\/kestaremesto.grkatke.sk\/#website"},"datePublished":"2023-09-04T02:54:00+00:00","author":{"@id":"https:\/\/kestaremesto.grkatke.sk\/#\/schema\/person\/86c8e7e5841259082af5c5b227e0d69b"},"breadcrumb":{"@id":"https:\/\/kestaremesto.grkatke.sk\/?p=4113#breadcrumb"},"inLanguage":"sk-SK","potentialAction":[{"@type":"ReadAction","target":["https:\/\/kestaremesto.grkatke.sk\/?p=4113"]}]},{"@type":"BreadcrumbList","@id":"https:\/\/kestaremesto.grkatke.sk\/?p=4113#breadcrumb","itemListElement":[{"@type":"ListItem","position":1,"name":"Domovsk\u00e1 str\u00e1nka","item":"https:\/\/kestaremesto.grkatke.sk\/"},{"@type":"ListItem","position":2,"name":"Program duchovnej obnovy 04. &#8211; 08. 09. 2023"}]},{"@type":"WebSite","@id":"https:\/\/kestaremesto.grkatke.sk\/#website","url":"https:\/\/kestaremesto.grkatke.sk\/","name":"GR\u00c9CKOKATOL\u00cdCKA CIRKEV FARNOS\u0164 KO\u0160ICE - STAR\u00c9 MESTO","description":"","potentialAction":[{"@type":"SearchAction","target":{"@type":"EntryPoint","urlTemplate":"https:\/\/kestaremesto.grkatke.sk\/?s={search_term_string}"},"query-input":{"@type":"PropertyValueSpecification","valueRequired":true,"valueName":"search_term_string"}}],"inLanguage":"sk-SK"},{"@type":"Person","@id":"https:\/\/kestaremesto.grkatke.sk\/#\/schema\/person\/86c8e7e5841259082af5c5b227e0d69b","name":"administr\u00e1tor","url":"https:\/\/kestaremesto.grkatke.sk\/?author=2"}]}},"_links":{"self":[{"href":"https:\/\/kestaremesto.grkatke.sk\/index.php?rest_route=\/wp\/v2\/posts\/4113","targetHints":{"allow":["GET"]}}],"collection":[{"href":"https:\/\/kestaremesto.grkatke.sk\/index.php?rest_route=\/wp\/v2\/posts"}],"about":[{"href":"https:\/\/kestaremesto.grkatke.sk\/index.php?rest_route=\/wp\/v2\/types\/post"}],"author":[{"embeddable":true,"href":"https:\/\/kestaremesto.grkatke.sk\/index.php?rest_route=\/wp\/v2\/users\/2"}],"replies":[{"embeddable":true,"href":"https:\/\/kestaremesto.grkatke.sk\/index.php?rest_route=%2Fwp%2Fv2%2Fcomments&post=4113"}],"version-history":[{"count":7,"href":"https:\/\/kestaremesto.grkatke.sk\/index.php?rest_route=\/wp\/v2\/posts\/4113\/revisions"}],"predecessor-version":[{"id":4122,"href":"https:\/\/kestaremesto.grkatke.sk\/index.php?rest_route=\/wp\/v2\/posts\/4113\/revisions\/4122"}],"wp:attachment":[{"href":"https:\/\/kestaremesto.grkatke.sk\/index.php?rest_route=%2Fwp%2Fv2%2Fmedia&parent=4113"}],"wp:term":[{"taxonomy":"category","embeddable":true,"href":"https:\/\/kestaremesto.grkatke.sk\/index.php?rest_route=%2Fwp%2Fv2%2Fcategories&post=4113"},{"taxonomy":"post_tag","embeddable":true,"href":"https:\/\/kestaremesto.grkatke.sk\/index.php?rest_route=%2Fwp%2Fv2%2Ftags&post=4113"}],"curies":[{"name":"wp","href":"https:\/\/api.w.org\/{rel}","templated":true}]}}