{"id":449,"date":"2017-02-04T10:33:03","date_gmt":"2017-02-04T09:33:03","guid":{"rendered":"https:\/\/kestaremesto.grkatke.sk\/?p=449"},"modified":"2017-02-04T10:33:03","modified_gmt":"2017-02-04T09:33:03","slug":"pokora-prinasa-spravne-riesenia","status":"publish","type":"post","link":"https:\/\/kestaremesto.grkatke.sk\/?p=449","title":{"rendered":"Pokora prin\u00e1\u0161a spr\u00e1vne rie\u0161enia"},"content":{"rendered":"<p>Dnes m\u00e1me <em>Nede\u013eu o\u00a0m\u00fdtnikovi a\u00a0farizejovi<\/em>. Je to nede\u013ea, ktorou vstupujeme do predp\u00f4stneho obdobia. Obdobia, ktor\u00e9 n\u00e1s pripravuje na Ve\u013ek\u00fd p\u00f4st. Na\u0161a pozornos\u0165 je upriamen\u00e1 na dvoch \u013eud\u00ed z\u00a0podobenstva, na m\u00fdtnika a\u00a0farizeja. Presnej\u0161ie, na pokoru jedn\u00e9ho a\u00a0p\u00fdchu druh\u00e9ho. Je\u017ei\u0161, ke\u010f ohlasoval evanjelium, \u010dasto pou\u017e\u00edval podobenstv\u00e1, teda rozpr\u00e1vania, ktor\u00e9 jasn\u00fdm a zrozumite\u013en\u00fdm sp\u00f4sobom vysvet\u013eovali posluch\u00e1\u010dom pravdy viery. Podobenstvo sa \u013eahko po\u010d\u00fava a \u013eahko sa zapam\u00e4t\u00e1 jeho obsah.<\/p>\n<p>Pre\u010do sa venuje tak\u00e1 pozornos\u0165 pokore a\u00a0p\u00fdche? Nie s\u00fa d\u00f4le\u017eitej\u0161ie skuto\u010dnosti, ktor\u00e9 si zasl\u00fa\u017eia v\u00e4\u010d\u0161iu pozornos\u0165? Na t\u00fato ot\u00e1zku by sa dalo hojne diskutova\u0165. V\u00a0P\u00edsme nach\u00e1dzame mnoho usmernen\u00ed oh\u013eadom p\u00fdchy a\u00a0pokory. Uve\u010fme jeden z\u00a0najzn\u00e1mej\u0161\u00edch cit\u00e1tov z\u00a0Prv\u00e9ho Petrovho listu: \u201eBoh py\u0161n\u00fdm odporuje, ale pokorn\u00fdm d\u00e1va milos\u0165\u201c (<em>1 Pt<\/em> 5, 5).<\/p>\n<p>Pravdou tak ost\u00e1va skuto\u010dnos\u0165, \u017ee bez pokory nieto naozajstn\u00e9ho obr\u00e1tenia, pok\u00e1nia ani p\u00f4stu. Preto Cirkev zd\u00f4raz\u0148uje, aby sme sa aj my, bl\u00ed\u017eiac sa k Ve\u013ek\u00e9mu p\u00f4stu, pripravovali s ve\u013ekou pokorou. Vedomie svojej vlastnej hrie\u0161nosti n\u00e1m pri poh\u013eade na Krista neu\u0161kod\u00ed, ale prospeje. Bez pokory neexistuje obr\u00e1tenie. A\u00a0p\u00f4st m\u00e1 by\u0165 \u010das obr\u00e1tenia k\u00a0Bohu a\u00a0bl\u00ed\u017enemu. Tak\u00e9to obr\u00e1tenie dok\u00e1\u017ee aj nemo\u017en\u00e9. Takto je mo\u017en\u00e9 zv\u00ed\u0165azi\u0165 s\u00a0Bo\u017eou pomocou nad vlastnou \u013eahostajnos\u0165ou, nad zl\u00fdmi vz\u0165ahmi, ale najm\u00e4 nad sebou.<\/p>\n<p>V\u00a0bohoslu\u017eobn\u00fdch textoch tejto nedele si zasl\u00fa\u017eia osobitn\u00fa pozornos\u0165 tri trop\u00e1re na utierni, ktor\u00e9 n\u00e1s upozor\u0148uj\u00fa na d\u00f4le\u017eitos\u0165 modlitby, pok\u00e1nia a pokory. Spievame ich pri nede\u013enej utierni po 50. \u017dalme, a to po\u010dn\u00fac od dne\u0161nej nedele a\u017e do piatej p\u00f4stnej nedele. Vyjadruj\u00fa to, \u010do m\u00e1 tvori\u0165 podstatu cel\u00e9ho obdobia Ve\u013ek\u00e9ho p\u00f4stu.<\/p>\n<p><em>\u201eDarca \u017eivota, otvor mi dvere pok\u00e1nia, lebo v duchu zalietam k tvojmu sv\u00e4t\u00e9mu chr\u00e1mu, ke\u010f\u017ee chr\u00e1m m\u00f4jho tela je hriechmi po\u0161kvrnen\u00fd. Vo svojej dobrote o\u010dis\u0165 ho svoj\u00edm milosrdenstvom. Bohorodi\u010dka, uve\u010f ma na cestu pok\u00e1nia, lebo som svoju du\u0161u po\u0161kvrnil hanebn\u00fdmi hriechmi. Cel\u00fd svoj \u017eivot som pre\u017eil v lenivosti. Svoj\u00edm pr\u00edhovorom zbav ma v\u0161etkej ne\u010distoty. \u00d3, ja ne\u0161\u0165astn\u00edk, ke\u010f pomysl\u00edm na mno\u017estvo svojich nepr\u00e1vost\u00ed, hroz\u00edm sa stra\u0161n\u00e9ho s\u00fadu. Ale v n\u00e1deji na tvoje ve\u013ek\u00e9 milosrdenstvo vol\u00e1m k tebe ako D\u00e1vid: Z\u013eutuj sa nado mnou, Bo\u017ee.\u201c<\/em><\/p>\n<p>Mo\u017eno sa nach\u00e1dzame v\u00a0zdanlivo nerie\u0161ite\u013enom \u017eivotnom probl\u00e9me. Vo viere sa pripodobnime m\u00fdtnikovi. Pestujme v\u00a0sebe pokoru. Nenam\u00fd\u0161\u013eajme si o\u00a0sebe, \u017ee sme viac ako Boh alebo n\u00e1\u0161 bl\u00ed\u017eny. Zah\u013ea\u010fme sa na seba a\u00a0svoje hriechy a\u00a0\u013eutujme ich. Budeme prekvapen\u00ed, \u010do v\u0161etko sa v\u00a0na\u0161om \u017eivote pohne k\u00a0lep\u0161iemu.<\/p>\n","protected":false},"excerpt":{"rendered":"<p>Dnes m\u00e1me Nede\u013eu o\u00a0m\u00fdtnikovi a\u00a0farizejovi. Je to nede\u013ea, ktorou vstupujeme do predp\u00f4stneho obdobia. Obdobia, ktor\u00e9 n\u00e1s pripravuje na Ve\u013ek\u00fd p\u00f4st. Na\u0161a pozornos\u0165 je upriamen\u00e1 na dvoch \u013eud\u00ed z\u00a0podobenstva, na m\u00fdtnika a\u00a0farizeja. Presnej\u0161ie, na pokoru jedn\u00e9ho a\u00a0p\u00fdchu druh\u00e9ho. Je\u017ei\u0161, ke\u010f ohlasoval evanjelium, \u010dasto pou\u017e\u00edval podobenstv\u00e1, teda rozpr\u00e1vania, ktor\u00e9 jasn\u00fdm a zrozumite\u013en\u00fdm sp\u00f4sobom vysvet\u013eovali posluch\u00e1\u010dom pravdy viery. [&hellip;]<\/p>\n","protected":false},"author":2,"featured_media":450,"comment_status":"closed","ping_status":"closed","sticky":false,"template":"","format":"standard","meta":{"_coblocks_attr":"","_coblocks_dimensions":"","_coblocks_responsive_height":"","_coblocks_accordion_ie_support":"","footnotes":""},"categories":[1],"tags":[],"class_list":["post-449","post","type-post","status-publish","format-standard","has-post-thumbnail","hentry","category-nezaradene"],"yoast_head":"<!-- This site is optimized with the Yoast SEO plugin v27.4 - https:\/\/yoast.com\/product\/yoast-seo-wordpress\/ -->\n<title>Pokora prin\u00e1\u0161a spr\u00e1vne rie\u0161enia - GR\u00c9CKOKATOL\u00cdCKA CIRKEV FARNOS\u0164 KO\u0160ICE - STAR\u00c9 MESTO<\/title>\n<meta name=\"robots\" content=\"index, follow, max-snippet:-1, max-image-preview:large, max-video-preview:-1\" \/>\n<link rel=\"canonical\" href=\"https:\/\/kestaremesto.grkatke.sk\/?p=449\" \/>\n<meta property=\"og:locale\" content=\"sk_SK\" \/>\n<meta property=\"og:type\" content=\"article\" \/>\n<meta property=\"og:title\" content=\"Pokora prin\u00e1\u0161a spr\u00e1vne rie\u0161enia - GR\u00c9CKOKATOL\u00cdCKA CIRKEV FARNOS\u0164 KO\u0160ICE - STAR\u00c9 MESTO\" \/>\n<meta property=\"og:description\" content=\"Dnes m\u00e1me Nede\u013eu o\u00a0m\u00fdtnikovi a\u00a0farizejovi. Je to nede\u013ea, ktorou vstupujeme do predp\u00f4stneho obdobia. Obdobia, ktor\u00e9 n\u00e1s pripravuje na Ve\u013ek\u00fd p\u00f4st. Na\u0161a pozornos\u0165 je upriamen\u00e1 na dvoch \u013eud\u00ed z\u00a0podobenstva, na m\u00fdtnika a\u00a0farizeja. Presnej\u0161ie, na pokoru jedn\u00e9ho a\u00a0p\u00fdchu druh\u00e9ho. Je\u017ei\u0161, ke\u010f ohlasoval evanjelium, \u010dasto pou\u017e\u00edval podobenstv\u00e1, teda rozpr\u00e1vania, ktor\u00e9 jasn\u00fdm a zrozumite\u013en\u00fdm sp\u00f4sobom vysvet\u013eovali posluch\u00e1\u010dom pravdy viery. [&hellip;]\" \/>\n<meta property=\"og:url\" content=\"https:\/\/kestaremesto.grkatke.sk\/?p=449\" \/>\n<meta property=\"og:site_name\" content=\"GR\u00c9CKOKATOL\u00cdCKA CIRKEV FARNOS\u0164 KO\u0160ICE - STAR\u00c9 MESTO\" \/>\n<meta property=\"article:publisher\" content=\"https:\/\/www.facebook.com\/Na%c5%a1a-Katedr%c3%a1la-231637610336060\/\" \/>\n<meta property=\"article:published_time\" content=\"2017-02-04T09:33:03+00:00\" \/>\n<meta property=\"og:image\" content=\"https:\/\/kestaremesto.grkatke.sk\/wp-content\/uploads\/2017\/02\/Icon-Publican-and-the-Pharisee-32.jpeg\" \/>\n\t<meta property=\"og:image:width\" content=\"960\" \/>\n\t<meta property=\"og:image:height\" content=\"691\" \/>\n\t<meta property=\"og:image:type\" content=\"image\/jpeg\" \/>\n<meta name=\"author\" content=\"administr\u00e1tor\" \/>\n<meta name=\"twitter:card\" content=\"summary_large_image\" \/>\n<meta name=\"twitter:label1\" content=\"Autor\" \/>\n\t<meta name=\"twitter:data1\" content=\"administr\u00e1tor\" \/>\n\t<meta name=\"twitter:label2\" content=\"Predpokladan\u00fd \u010das \u010d\u00edtania\" \/>\n\t<meta name=\"twitter:data2\" content=\"3 min\u00faty\" \/>\n<script type=\"application\/ld+json\" class=\"yoast-schema-graph\">{\"@context\":\"https:\\\/\\\/schema.org\",\"@graph\":[{\"@type\":\"Article\",\"@id\":\"https:\\\/\\\/kestaremesto.grkatke.sk\\\/?p=449#article\",\"isPartOf\":{\"@id\":\"https:\\\/\\\/kestaremesto.grkatke.sk\\\/?p=449\"},\"author\":{\"name\":\"administr\u00e1tor\",\"@id\":\"https:\\\/\\\/kestaremesto.grkatke.sk\\\/#\\\/schema\\\/person\\\/86c8e7e5841259082af5c5b227e0d69b\"},\"headline\":\"Pokora prin\u00e1\u0161a spr\u00e1vne rie\u0161enia\",\"datePublished\":\"2017-02-04T09:33:03+00:00\",\"mainEntityOfPage\":{\"@id\":\"https:\\\/\\\/kestaremesto.grkatke.sk\\\/?p=449\"},\"wordCount\":534,\"image\":{\"@id\":\"https:\\\/\\\/kestaremesto.grkatke.sk\\\/?p=449#primaryimage\"},\"thumbnailUrl\":\"https:\\\/\\\/kestaremesto.grkatke.sk\\\/wp-content\\\/uploads\\\/2017\\\/02\\\/Icon-Publican-and-the-Pharisee-32.jpeg\",\"inLanguage\":\"sk-SK\"},{\"@type\":\"WebPage\",\"@id\":\"https:\\\/\\\/kestaremesto.grkatke.sk\\\/?p=449\",\"url\":\"https:\\\/\\\/kestaremesto.grkatke.sk\\\/?p=449\",\"name\":\"Pokora prin\u00e1\u0161a spr\u00e1vne rie\u0161enia - GR\u00c9CKOKATOL\u00cdCKA CIRKEV FARNOS\u0164 KO\u0160ICE - STAR\u00c9 MESTO\",\"isPartOf\":{\"@id\":\"https:\\\/\\\/kestaremesto.grkatke.sk\\\/#website\"},\"primaryImageOfPage\":{\"@id\":\"https:\\\/\\\/kestaremesto.grkatke.sk\\\/?p=449#primaryimage\"},\"image\":{\"@id\":\"https:\\\/\\\/kestaremesto.grkatke.sk\\\/?p=449#primaryimage\"},\"thumbnailUrl\":\"https:\\\/\\\/kestaremesto.grkatke.sk\\\/wp-content\\\/uploads\\\/2017\\\/02\\\/Icon-Publican-and-the-Pharisee-32.jpeg\",\"datePublished\":\"2017-02-04T09:33:03+00:00\",\"author\":{\"@id\":\"https:\\\/\\\/kestaremesto.grkatke.sk\\\/#\\\/schema\\\/person\\\/86c8e7e5841259082af5c5b227e0d69b\"},\"breadcrumb\":{\"@id\":\"https:\\\/\\\/kestaremesto.grkatke.sk\\\/?p=449#breadcrumb\"},\"inLanguage\":\"sk-SK\",\"potentialAction\":[{\"@type\":\"ReadAction\",\"target\":[\"https:\\\/\\\/kestaremesto.grkatke.sk\\\/?p=449\"]}]},{\"@type\":\"ImageObject\",\"inLanguage\":\"sk-SK\",\"@id\":\"https:\\\/\\\/kestaremesto.grkatke.sk\\\/?p=449#primaryimage\",\"url\":\"https:\\\/\\\/kestaremesto.grkatke.sk\\\/wp-content\\\/uploads\\\/2017\\\/02\\\/Icon-Publican-and-the-Pharisee-32.jpeg\",\"contentUrl\":\"https:\\\/\\\/kestaremesto.grkatke.sk\\\/wp-content\\\/uploads\\\/2017\\\/02\\\/Icon-Publican-and-the-Pharisee-32.jpeg\",\"width\":960,\"height\":691},{\"@type\":\"BreadcrumbList\",\"@id\":\"https:\\\/\\\/kestaremesto.grkatke.sk\\\/?p=449#breadcrumb\",\"itemListElement\":[{\"@type\":\"ListItem\",\"position\":1,\"name\":\"Domovsk\u00e1 str\u00e1nka\",\"item\":\"https:\\\/\\\/kestaremesto.grkatke.sk\\\/\"},{\"@type\":\"ListItem\",\"position\":2,\"name\":\"Pokora prin\u00e1\u0161a spr\u00e1vne rie\u0161enia\"}]},{\"@type\":\"WebSite\",\"@id\":\"https:\\\/\\\/kestaremesto.grkatke.sk\\\/#website\",\"url\":\"https:\\\/\\\/kestaremesto.grkatke.sk\\\/\",\"name\":\"GR\u00c9CKOKATOL\u00cdCKA CIRKEV FARNOS\u0164 KO\u0160ICE - STAR\u00c9 MESTO\",\"description\":\"\",\"potentialAction\":[{\"@type\":\"SearchAction\",\"target\":{\"@type\":\"EntryPoint\",\"urlTemplate\":\"https:\\\/\\\/kestaremesto.grkatke.sk\\\/?s={search_term_string}\"},\"query-input\":{\"@type\":\"PropertyValueSpecification\",\"valueRequired\":true,\"valueName\":\"search_term_string\"}}],\"inLanguage\":\"sk-SK\"},{\"@type\":\"Person\",\"@id\":\"https:\\\/\\\/kestaremesto.grkatke.sk\\\/#\\\/schema\\\/person\\\/86c8e7e5841259082af5c5b227e0d69b\",\"name\":\"administr\u00e1tor\",\"url\":\"https:\\\/\\\/kestaremesto.grkatke.sk\\\/?author=2\"}]}<\/script>\n<!-- \/ Yoast SEO plugin. -->","yoast_head_json":{"title":"Pokora prin\u00e1\u0161a spr\u00e1vne rie\u0161enia - GR\u00c9CKOKATOL\u00cdCKA CIRKEV FARNOS\u0164 KO\u0160ICE - STAR\u00c9 MESTO","robots":{"index":"index","follow":"follow","max-snippet":"max-snippet:-1","max-image-preview":"max-image-preview:large","max-video-preview":"max-video-preview:-1"},"canonical":"https:\/\/kestaremesto.grkatke.sk\/?p=449","og_locale":"sk_SK","og_type":"article","og_title":"Pokora prin\u00e1\u0161a spr\u00e1vne rie\u0161enia - GR\u00c9CKOKATOL\u00cdCKA CIRKEV FARNOS\u0164 KO\u0160ICE - STAR\u00c9 MESTO","og_description":"Dnes m\u00e1me Nede\u013eu o\u00a0m\u00fdtnikovi a\u00a0farizejovi. Je to nede\u013ea, ktorou vstupujeme do predp\u00f4stneho obdobia. Obdobia, ktor\u00e9 n\u00e1s pripravuje na Ve\u013ek\u00fd p\u00f4st. Na\u0161a pozornos\u0165 je upriamen\u00e1 na dvoch \u013eud\u00ed z\u00a0podobenstva, na m\u00fdtnika a\u00a0farizeja. Presnej\u0161ie, na pokoru jedn\u00e9ho a\u00a0p\u00fdchu druh\u00e9ho. Je\u017ei\u0161, ke\u010f ohlasoval evanjelium, \u010dasto pou\u017e\u00edval podobenstv\u00e1, teda rozpr\u00e1vania, ktor\u00e9 jasn\u00fdm a zrozumite\u013en\u00fdm sp\u00f4sobom vysvet\u013eovali posluch\u00e1\u010dom pravdy viery. [&hellip;]","og_url":"https:\/\/kestaremesto.grkatke.sk\/?p=449","og_site_name":"GR\u00c9CKOKATOL\u00cdCKA CIRKEV FARNOS\u0164 KO\u0160ICE - STAR\u00c9 MESTO","article_publisher":"https:\/\/www.facebook.com\/Na%c5%a1a-Katedr%c3%a1la-231637610336060\/","article_published_time":"2017-02-04T09:33:03+00:00","og_image":[{"width":960,"height":691,"url":"https:\/\/kestaremesto.grkatke.sk\/wp-content\/uploads\/2017\/02\/Icon-Publican-and-the-Pharisee-32.jpeg","type":"image\/jpeg"}],"author":"administr\u00e1tor","twitter_card":"summary_large_image","twitter_misc":{"Autor":"administr\u00e1tor","Predpokladan\u00fd \u010das \u010d\u00edtania":"3 min\u00faty"},"schema":{"@context":"https:\/\/schema.org","@graph":[{"@type":"Article","@id":"https:\/\/kestaremesto.grkatke.sk\/?p=449#article","isPartOf":{"@id":"https:\/\/kestaremesto.grkatke.sk\/?p=449"},"author":{"name":"administr\u00e1tor","@id":"https:\/\/kestaremesto.grkatke.sk\/#\/schema\/person\/86c8e7e5841259082af5c5b227e0d69b"},"headline":"Pokora prin\u00e1\u0161a spr\u00e1vne rie\u0161enia","datePublished":"2017-02-04T09:33:03+00:00","mainEntityOfPage":{"@id":"https:\/\/kestaremesto.grkatke.sk\/?p=449"},"wordCount":534,"image":{"@id":"https:\/\/kestaremesto.grkatke.sk\/?p=449#primaryimage"},"thumbnailUrl":"https:\/\/kestaremesto.grkatke.sk\/wp-content\/uploads\/2017\/02\/Icon-Publican-and-the-Pharisee-32.jpeg","inLanguage":"sk-SK"},{"@type":"WebPage","@id":"https:\/\/kestaremesto.grkatke.sk\/?p=449","url":"https:\/\/kestaremesto.grkatke.sk\/?p=449","name":"Pokora prin\u00e1\u0161a spr\u00e1vne rie\u0161enia - GR\u00c9CKOKATOL\u00cdCKA CIRKEV FARNOS\u0164 KO\u0160ICE - STAR\u00c9 MESTO","isPartOf":{"@id":"https:\/\/kestaremesto.grkatke.sk\/#website"},"primaryImageOfPage":{"@id":"https:\/\/kestaremesto.grkatke.sk\/?p=449#primaryimage"},"image":{"@id":"https:\/\/kestaremesto.grkatke.sk\/?p=449#primaryimage"},"thumbnailUrl":"https:\/\/kestaremesto.grkatke.sk\/wp-content\/uploads\/2017\/02\/Icon-Publican-and-the-Pharisee-32.jpeg","datePublished":"2017-02-04T09:33:03+00:00","author":{"@id":"https:\/\/kestaremesto.grkatke.sk\/#\/schema\/person\/86c8e7e5841259082af5c5b227e0d69b"},"breadcrumb":{"@id":"https:\/\/kestaremesto.grkatke.sk\/?p=449#breadcrumb"},"inLanguage":"sk-SK","potentialAction":[{"@type":"ReadAction","target":["https:\/\/kestaremesto.grkatke.sk\/?p=449"]}]},{"@type":"ImageObject","inLanguage":"sk-SK","@id":"https:\/\/kestaremesto.grkatke.sk\/?p=449#primaryimage","url":"https:\/\/kestaremesto.grkatke.sk\/wp-content\/uploads\/2017\/02\/Icon-Publican-and-the-Pharisee-32.jpeg","contentUrl":"https:\/\/kestaremesto.grkatke.sk\/wp-content\/uploads\/2017\/02\/Icon-Publican-and-the-Pharisee-32.jpeg","width":960,"height":691},{"@type":"BreadcrumbList","@id":"https:\/\/kestaremesto.grkatke.sk\/?p=449#breadcrumb","itemListElement":[{"@type":"ListItem","position":1,"name":"Domovsk\u00e1 str\u00e1nka","item":"https:\/\/kestaremesto.grkatke.sk\/"},{"@type":"ListItem","position":2,"name":"Pokora prin\u00e1\u0161a spr\u00e1vne rie\u0161enia"}]},{"@type":"WebSite","@id":"https:\/\/kestaremesto.grkatke.sk\/#website","url":"https:\/\/kestaremesto.grkatke.sk\/","name":"GR\u00c9CKOKATOL\u00cdCKA CIRKEV FARNOS\u0164 KO\u0160ICE - STAR\u00c9 MESTO","description":"","potentialAction":[{"@type":"SearchAction","target":{"@type":"EntryPoint","urlTemplate":"https:\/\/kestaremesto.grkatke.sk\/?s={search_term_string}"},"query-input":{"@type":"PropertyValueSpecification","valueRequired":true,"valueName":"search_term_string"}}],"inLanguage":"sk-SK"},{"@type":"Person","@id":"https:\/\/kestaremesto.grkatke.sk\/#\/schema\/person\/86c8e7e5841259082af5c5b227e0d69b","name":"administr\u00e1tor","url":"https:\/\/kestaremesto.grkatke.sk\/?author=2"}]}},"_links":{"self":[{"href":"https:\/\/kestaremesto.grkatke.sk\/index.php?rest_route=\/wp\/v2\/posts\/449","targetHints":{"allow":["GET"]}}],"collection":[{"href":"https:\/\/kestaremesto.grkatke.sk\/index.php?rest_route=\/wp\/v2\/posts"}],"about":[{"href":"https:\/\/kestaremesto.grkatke.sk\/index.php?rest_route=\/wp\/v2\/types\/post"}],"author":[{"embeddable":true,"href":"https:\/\/kestaremesto.grkatke.sk\/index.php?rest_route=\/wp\/v2\/users\/2"}],"replies":[{"embeddable":true,"href":"https:\/\/kestaremesto.grkatke.sk\/index.php?rest_route=%2Fwp%2Fv2%2Fcomments&post=449"}],"version-history":[{"count":1,"href":"https:\/\/kestaremesto.grkatke.sk\/index.php?rest_route=\/wp\/v2\/posts\/449\/revisions"}],"predecessor-version":[{"id":451,"href":"https:\/\/kestaremesto.grkatke.sk\/index.php?rest_route=\/wp\/v2\/posts\/449\/revisions\/451"}],"wp:featuredmedia":[{"embeddable":true,"href":"https:\/\/kestaremesto.grkatke.sk\/index.php?rest_route=\/wp\/v2\/media\/450"}],"wp:attachment":[{"href":"https:\/\/kestaremesto.grkatke.sk\/index.php?rest_route=%2Fwp%2Fv2%2Fmedia&parent=449"}],"wp:term":[{"taxonomy":"category","embeddable":true,"href":"https:\/\/kestaremesto.grkatke.sk\/index.php?rest_route=%2Fwp%2Fv2%2Fcategories&post=449"},{"taxonomy":"post_tag","embeddable":true,"href":"https:\/\/kestaremesto.grkatke.sk\/index.php?rest_route=%2Fwp%2Fv2%2Ftags&post=449"}],"curies":[{"name":"wp","href":"https:\/\/api.w.org\/{rel}","templated":true}]}}