{"id":5005,"date":"2026-03-15T19:31:39","date_gmt":"2026-03-15T18:31:39","guid":{"rendered":"https:\/\/kestaremesto.grkatke.sk\/?p=5005"},"modified":"2026-03-15T19:38:18","modified_gmt":"2026-03-15T18:38:18","slug":"metropolitnu-put-na-velehrad","status":"publish","type":"post","link":"https:\/\/kestaremesto.grkatke.sk\/?p=5005","title":{"rendered":"Metropolitn\u00e1 p\u00fa\u0165 na Velehrad"},"content":{"rendered":"\n<p>&nbsp;Drah\u00ed bratia a sestry,<\/p>\n\n\n\n<p>Rada hierarchov Gr\u00e9ckokatol\u00edckej cirkvi na Slovensku spolu so Spolkom sv.&nbsp;Cyrila a Metoda v\u00e1s srde\u010dne poz\u00fdvaj\u00fa na spolo\u010dn\u00fa&nbsp;Metropolitn\u00fa p\u00fa\u0165 na moravsk\u00fd Velehrad, ktor\u00e1 sa uskuto\u010dn\u00ed v&nbsp;sobotu <strong>9. m\u00e1ja 2026<\/strong>.<\/p>\n\n\n\n<p>T\u00e1to p\u00fa\u0165 pod veden\u00edm na\u0161ich biskupov m\u00e1 pre na\u0161u cirkev hlbok\u00fd duchovn\u00fd aj historick\u00fd v\u00fdznam, nako\u013eko si po\u010das nej pripom\u00edname d\u00f4le\u017eit\u00e9 v\u00fdro\u010dia:<\/p>\n\n\n\n<ul class=\"wp-block-list\">\n<li>100 rokov&nbsp;od prvej p\u00fate gr\u00e9ckokatol\u00edkov Pre\u0161ovskej a Muka\u010devskej eparchie, ktor\u00fa viedol bl.&nbsp;Metod Dominik Tr\u010dka.<\/li>\n\n\n\n<li>80 rokov&nbsp;od prvej p\u00fate Jednoty sv. Cyrila a Metoda pod veden\u00edm bl.&nbsp;Pavla Petra Gojdi\u010da.<\/li>\n\n\n\n<li>20 rokov&nbsp;od p\u00fate Spolku sv.&nbsp;Cyrila a Metoda.<\/li>\n<\/ul>\n\n\n\n<p>Program p\u00fate v Bazilike Nanebovzatia Panny M\u00e1rie a sv. Cyrila a Metoda:<\/p>\n\n\n\n<ul class=\"wp-block-list\">\n<li>10:30&nbsp;\u2013 Cyrilometodsk\u00e1 akad\u00e9mia.<\/li>\n\n\n\n<li>11:15&nbsp;\u2013 Sl\u00e1vnostn\u00e1 archijerejsk\u00e1 sv\u00e4t\u00e1 liturgia v slovenskom jazyku.<\/li>\n\n\n\n<li>14:30&nbsp;\u2013 Moderovan\u00e1 prehliadka are\u00e1lu Velehradu.<\/li>\n<\/ul>\n\n\n\n<p><br>Pr\u00ed\u010fte spolo\u010dne s na\u0161imi biskupmi putova\u0165 na miesta spojen\u00e9 s na\u0161imi vierozvestcami a ucti\u0165 si pamiatku na\u0161ich blahoslaven\u00fdch mu\u010den\u00edkov, ktor\u00ed t\u00fato trad\u00edciu putovania na Velehrad za\u010dali.<\/p>\n\n\n\n<div class=\"wp-block-columns is-layout-flex wp-container-core-columns-is-layout-9d6595d7 wp-block-columns-is-layout-flex\">\n<div class=\"wp-block-column is-layout-flow wp-block-column-is-layout-flow\" style=\"flex-basis:50%\">\n<p class=\"has-text-align-right\">Linka na prihlasovanje v QR kode)<\/p>\n<\/div>\n\n\n\n<div class=\"wp-block-column is-layout-flow wp-block-column-is-layout-flow\"><div class=\"wp-block-image\">\n<figure class=\"alignleft size-full is-resized\"><img loading=\"lazy\" decoding=\"async\" width=\"230\" height=\"231\" src=\"https:\/\/kestaremesto.grkatke.sk\/wp-content\/uploads\/2026\/03\/QRMetropolitnaPutVelehrad.png\" alt=\"\" class=\"wp-image-5011\" style=\"aspect-ratio:0.995747329115237;width:88px;height:auto\" srcset=\"https:\/\/kestaremesto.grkatke.sk\/wp-content\/uploads\/2026\/03\/QRMetropolitnaPutVelehrad.png 230w, https:\/\/kestaremesto.grkatke.sk\/wp-content\/uploads\/2026\/03\/QRMetropolitnaPutVelehrad-150x150.png 150w, https:\/\/kestaremesto.grkatke.sk\/wp-content\/uploads\/2026\/03\/QRMetropolitnaPutVelehrad-60x60.png 60w\" sizes=\"auto, (max-width: 230px) 100vw, 230px\" \/><figcaption class=\"wp-element-caption\"><a href=\"https:\/\/forms.gle\/SpqJJTNj2bf5CuFK9\" target=\"_blank\" rel=\"noreferrer noopener\">https:\/\/forms.gle\/SpqJJTNj2bf5CuFK9<\/a><\/figcaption><\/figure>\n<\/div><\/div>\n<\/div>\n\n\n\n<figure class=\"wp-block-image size-large\"><img loading=\"lazy\" decoding=\"async\" width=\"724\" height=\"1024\" src=\"https:\/\/kestaremesto.grkatke.sk\/wp-content\/uploads\/2026\/03\/MetropolitnaPutVelehrad-724x1024.png\" alt=\"\" class=\"wp-image-5006\" srcset=\"https:\/\/kestaremesto.grkatke.sk\/wp-content\/uploads\/2026\/03\/MetropolitnaPutVelehrad-724x1024.png 724w, https:\/\/kestaremesto.grkatke.sk\/wp-content\/uploads\/2026\/03\/MetropolitnaPutVelehrad-212x300.png 212w, https:\/\/kestaremesto.grkatke.sk\/wp-content\/uploads\/2026\/03\/MetropolitnaPutVelehrad-768x1086.png 768w, https:\/\/kestaremesto.grkatke.sk\/wp-content\/uploads\/2026\/03\/MetropolitnaPutVelehrad-1086x1536.png 1086w, https:\/\/kestaremesto.grkatke.sk\/wp-content\/uploads\/2026\/03\/MetropolitnaPutVelehrad.png 1414w\" sizes=\"auto, (max-width: 724px) 100vw, 724px\" \/><\/figure>\n","protected":false},"excerpt":{"rendered":"<p>&nbsp;Drah\u00ed bratia a sestry, Rada hierarchov Gr\u00e9ckokatol\u00edckej cirkvi na Slovensku spolu so Spolkom sv.&nbsp;Cyrila a Metoda v\u00e1s srde\u010dne poz\u00fdvaj\u00fa na spolo\u010dn\u00fa&nbsp;Metropolitn\u00fa p\u00fa\u0165 na moravsk\u00fd Velehrad, ktor\u00e1 sa uskuto\u010dn\u00ed v&nbsp;sobotu 9. m\u00e1ja 2026. T\u00e1to p\u00fa\u0165 pod veden\u00edm na\u0161ich biskupov m\u00e1 pre na\u0161u cirkev hlbok\u00fd duchovn\u00fd aj historick\u00fd v\u00fdznam, nako\u013eko si po\u010das nej pripom\u00edname d\u00f4le\u017eit\u00e9 v\u00fdro\u010dia: Program [&hellip;]<\/p>\n","protected":false},"author":2,"featured_media":0,"comment_status":"closed","ping_status":"closed","sticky":false,"template":"","format":"standard","meta":{"_coblocks_attr":"","_coblocks_dimensions":"","_coblocks_responsive_height":"","_coblocks_accordion_ie_support":"","footnotes":""},"categories":[9],"tags":[],"class_list":["post-5005","post","type-post","status-publish","format-standard","hentry","category-aktuality"],"yoast_head":"<!-- This site is optimized with the Yoast SEO plugin v27.4 - https:\/\/yoast.com\/product\/yoast-seo-wordpress\/ -->\n<title>Metropolitn\u00e1 p\u00fa\u0165 na Velehrad - GR\u00c9CKOKATOL\u00cdCKA CIRKEV FARNOS\u0164 KO\u0160ICE - STAR\u00c9 MESTO<\/title>\n<meta name=\"robots\" content=\"index, follow, max-snippet:-1, max-image-preview:large, max-video-preview:-1\" \/>\n<link rel=\"canonical\" href=\"https:\/\/kestaremesto.grkatke.sk\/?p=5005\" \/>\n<meta property=\"og:locale\" content=\"sk_SK\" \/>\n<meta property=\"og:type\" content=\"article\" \/>\n<meta property=\"og:title\" content=\"Metropolitn\u00e1 p\u00fa\u0165 na Velehrad - GR\u00c9CKOKATOL\u00cdCKA CIRKEV FARNOS\u0164 KO\u0160ICE - STAR\u00c9 MESTO\" \/>\n<meta property=\"og:description\" content=\"&nbsp;Drah\u00ed bratia a sestry, Rada hierarchov Gr\u00e9ckokatol\u00edckej cirkvi na Slovensku spolu so Spolkom sv.&nbsp;Cyrila a Metoda v\u00e1s srde\u010dne poz\u00fdvaj\u00fa na spolo\u010dn\u00fa&nbsp;Metropolitn\u00fa p\u00fa\u0165 na moravsk\u00fd Velehrad, ktor\u00e1 sa uskuto\u010dn\u00ed v&nbsp;sobotu 9. m\u00e1ja 2026. T\u00e1to p\u00fa\u0165 pod veden\u00edm na\u0161ich biskupov m\u00e1 pre na\u0161u cirkev hlbok\u00fd duchovn\u00fd aj historick\u00fd v\u00fdznam, nako\u013eko si po\u010das nej pripom\u00edname d\u00f4le\u017eit\u00e9 v\u00fdro\u010dia: Program [&hellip;]\" \/>\n<meta property=\"og:url\" content=\"https:\/\/kestaremesto.grkatke.sk\/?p=5005\" \/>\n<meta property=\"og:site_name\" content=\"GR\u00c9CKOKATOL\u00cdCKA CIRKEV FARNOS\u0164 KO\u0160ICE - STAR\u00c9 MESTO\" \/>\n<meta property=\"article:publisher\" content=\"https:\/\/www.facebook.com\/Na%c5%a1a-Katedr%c3%a1la-231637610336060\/\" \/>\n<meta property=\"article:published_time\" content=\"2026-03-15T18:31:39+00:00\" \/>\n<meta property=\"article:modified_time\" content=\"2026-03-15T18:38:18+00:00\" \/>\n<meta property=\"og:image\" content=\"https:\/\/kestaremesto.grkatke.sk\/wp-content\/uploads\/2026\/03\/QRMetropolitnaPutVelehrad.png\" \/>\n\t<meta property=\"og:image:width\" content=\"230\" \/>\n\t<meta property=\"og:image:height\" content=\"231\" \/>\n\t<meta property=\"og:image:type\" content=\"image\/png\" \/>\n<meta name=\"author\" content=\"administr\u00e1tor\" \/>\n<meta name=\"twitter:card\" content=\"summary_large_image\" \/>\n<meta name=\"twitter:label1\" content=\"Autor\" \/>\n\t<meta name=\"twitter:data1\" content=\"administr\u00e1tor\" \/>\n\t<meta name=\"twitter:label2\" content=\"Predpokladan\u00fd \u010das \u010d\u00edtania\" \/>\n\t<meta name=\"twitter:data2\" content=\"2 min\u00faty\" \/>\n<script type=\"application\/ld+json\" class=\"yoast-schema-graph\">{\"@context\":\"https:\\\/\\\/schema.org\",\"@graph\":[{\"@type\":\"Article\",\"@id\":\"https:\\\/\\\/kestaremesto.grkatke.sk\\\/?p=5005#article\",\"isPartOf\":{\"@id\":\"https:\\\/\\\/kestaremesto.grkatke.sk\\\/?p=5005\"},\"author\":{\"name\":\"administr\u00e1tor\",\"@id\":\"https:\\\/\\\/kestaremesto.grkatke.sk\\\/#\\\/schema\\\/person\\\/86c8e7e5841259082af5c5b227e0d69b\"},\"headline\":\"Metropolitn\u00e1 p\u00fa\u0165 na Velehrad\",\"datePublished\":\"2026-03-15T18:31:39+00:00\",\"dateModified\":\"2026-03-15T18:38:18+00:00\",\"mainEntityOfPage\":{\"@id\":\"https:\\\/\\\/kestaremesto.grkatke.sk\\\/?p=5005\"},\"wordCount\":220,\"image\":{\"@id\":\"https:\\\/\\\/kestaremesto.grkatke.sk\\\/?p=5005#primaryimage\"},\"thumbnailUrl\":\"https:\\\/\\\/kestaremesto.grkatke.sk\\\/wp-content\\\/uploads\\\/2026\\\/03\\\/QRMetropolitnaPutVelehrad.png\",\"articleSection\":[\"Aktuality\"],\"inLanguage\":\"sk-SK\"},{\"@type\":\"WebPage\",\"@id\":\"https:\\\/\\\/kestaremesto.grkatke.sk\\\/?p=5005\",\"url\":\"https:\\\/\\\/kestaremesto.grkatke.sk\\\/?p=5005\",\"name\":\"Metropolitn\u00e1 p\u00fa\u0165 na Velehrad - GR\u00c9CKOKATOL\u00cdCKA CIRKEV FARNOS\u0164 KO\u0160ICE - STAR\u00c9 MESTO\",\"isPartOf\":{\"@id\":\"https:\\\/\\\/kestaremesto.grkatke.sk\\\/#website\"},\"primaryImageOfPage\":{\"@id\":\"https:\\\/\\\/kestaremesto.grkatke.sk\\\/?p=5005#primaryimage\"},\"image\":{\"@id\":\"https:\\\/\\\/kestaremesto.grkatke.sk\\\/?p=5005#primaryimage\"},\"thumbnailUrl\":\"https:\\\/\\\/kestaremesto.grkatke.sk\\\/wp-content\\\/uploads\\\/2026\\\/03\\\/QRMetropolitnaPutVelehrad.png\",\"datePublished\":\"2026-03-15T18:31:39+00:00\",\"dateModified\":\"2026-03-15T18:38:18+00:00\",\"author\":{\"@id\":\"https:\\\/\\\/kestaremesto.grkatke.sk\\\/#\\\/schema\\\/person\\\/86c8e7e5841259082af5c5b227e0d69b\"},\"breadcrumb\":{\"@id\":\"https:\\\/\\\/kestaremesto.grkatke.sk\\\/?p=5005#breadcrumb\"},\"inLanguage\":\"sk-SK\",\"potentialAction\":[{\"@type\":\"ReadAction\",\"target\":[\"https:\\\/\\\/kestaremesto.grkatke.sk\\\/?p=5005\"]}]},{\"@type\":\"ImageObject\",\"inLanguage\":\"sk-SK\",\"@id\":\"https:\\\/\\\/kestaremesto.grkatke.sk\\\/?p=5005#primaryimage\",\"url\":\"https:\\\/\\\/kestaremesto.grkatke.sk\\\/wp-content\\\/uploads\\\/2026\\\/03\\\/QRMetropolitnaPutVelehrad.png\",\"contentUrl\":\"https:\\\/\\\/kestaremesto.grkatke.sk\\\/wp-content\\\/uploads\\\/2026\\\/03\\\/QRMetropolitnaPutVelehrad.png\",\"width\":230,\"height\":231},{\"@type\":\"BreadcrumbList\",\"@id\":\"https:\\\/\\\/kestaremesto.grkatke.sk\\\/?p=5005#breadcrumb\",\"itemListElement\":[{\"@type\":\"ListItem\",\"position\":1,\"name\":\"Domovsk\u00e1 str\u00e1nka\",\"item\":\"https:\\\/\\\/kestaremesto.grkatke.sk\\\/\"},{\"@type\":\"ListItem\",\"position\":2,\"name\":\"Metropolitn\u00e1 p\u00fa\u0165 na Velehrad\"}]},{\"@type\":\"WebSite\",\"@id\":\"https:\\\/\\\/kestaremesto.grkatke.sk\\\/#website\",\"url\":\"https:\\\/\\\/kestaremesto.grkatke.sk\\\/\",\"name\":\"GR\u00c9CKOKATOL\u00cdCKA CIRKEV FARNOS\u0164 KO\u0160ICE - STAR\u00c9 MESTO\",\"description\":\"\",\"potentialAction\":[{\"@type\":\"SearchAction\",\"target\":{\"@type\":\"EntryPoint\",\"urlTemplate\":\"https:\\\/\\\/kestaremesto.grkatke.sk\\\/?s={search_term_string}\"},\"query-input\":{\"@type\":\"PropertyValueSpecification\",\"valueRequired\":true,\"valueName\":\"search_term_string\"}}],\"inLanguage\":\"sk-SK\"},{\"@type\":\"Person\",\"@id\":\"https:\\\/\\\/kestaremesto.grkatke.sk\\\/#\\\/schema\\\/person\\\/86c8e7e5841259082af5c5b227e0d69b\",\"name\":\"administr\u00e1tor\",\"url\":\"https:\\\/\\\/kestaremesto.grkatke.sk\\\/?author=2\"}]}<\/script>\n<!-- \/ Yoast SEO plugin. -->","yoast_head_json":{"title":"Metropolitn\u00e1 p\u00fa\u0165 na Velehrad - GR\u00c9CKOKATOL\u00cdCKA CIRKEV FARNOS\u0164 KO\u0160ICE - STAR\u00c9 MESTO","robots":{"index":"index","follow":"follow","max-snippet":"max-snippet:-1","max-image-preview":"max-image-preview:large","max-video-preview":"max-video-preview:-1"},"canonical":"https:\/\/kestaremesto.grkatke.sk\/?p=5005","og_locale":"sk_SK","og_type":"article","og_title":"Metropolitn\u00e1 p\u00fa\u0165 na Velehrad - GR\u00c9CKOKATOL\u00cdCKA CIRKEV FARNOS\u0164 KO\u0160ICE - STAR\u00c9 MESTO","og_description":"&nbsp;Drah\u00ed bratia a sestry, Rada hierarchov Gr\u00e9ckokatol\u00edckej cirkvi na Slovensku spolu so Spolkom sv.&nbsp;Cyrila a Metoda v\u00e1s srde\u010dne poz\u00fdvaj\u00fa na spolo\u010dn\u00fa&nbsp;Metropolitn\u00fa p\u00fa\u0165 na moravsk\u00fd Velehrad, ktor\u00e1 sa uskuto\u010dn\u00ed v&nbsp;sobotu 9. m\u00e1ja 2026. T\u00e1to p\u00fa\u0165 pod veden\u00edm na\u0161ich biskupov m\u00e1 pre na\u0161u cirkev hlbok\u00fd duchovn\u00fd aj historick\u00fd v\u00fdznam, nako\u013eko si po\u010das nej pripom\u00edname d\u00f4le\u017eit\u00e9 v\u00fdro\u010dia: Program [&hellip;]","og_url":"https:\/\/kestaremesto.grkatke.sk\/?p=5005","og_site_name":"GR\u00c9CKOKATOL\u00cdCKA CIRKEV FARNOS\u0164 KO\u0160ICE - STAR\u00c9 MESTO","article_publisher":"https:\/\/www.facebook.com\/Na%c5%a1a-Katedr%c3%a1la-231637610336060\/","article_published_time":"2026-03-15T18:31:39+00:00","article_modified_time":"2026-03-15T18:38:18+00:00","og_image":[{"width":230,"height":231,"url":"https:\/\/kestaremesto.grkatke.sk\/wp-content\/uploads\/2026\/03\/QRMetropolitnaPutVelehrad.png","type":"image\/png"}],"author":"administr\u00e1tor","twitter_card":"summary_large_image","twitter_misc":{"Autor":"administr\u00e1tor","Predpokladan\u00fd \u010das \u010d\u00edtania":"2 min\u00faty"},"schema":{"@context":"https:\/\/schema.org","@graph":[{"@type":"Article","@id":"https:\/\/kestaremesto.grkatke.sk\/?p=5005#article","isPartOf":{"@id":"https:\/\/kestaremesto.grkatke.sk\/?p=5005"},"author":{"name":"administr\u00e1tor","@id":"https:\/\/kestaremesto.grkatke.sk\/#\/schema\/person\/86c8e7e5841259082af5c5b227e0d69b"},"headline":"Metropolitn\u00e1 p\u00fa\u0165 na Velehrad","datePublished":"2026-03-15T18:31:39+00:00","dateModified":"2026-03-15T18:38:18+00:00","mainEntityOfPage":{"@id":"https:\/\/kestaremesto.grkatke.sk\/?p=5005"},"wordCount":220,"image":{"@id":"https:\/\/kestaremesto.grkatke.sk\/?p=5005#primaryimage"},"thumbnailUrl":"https:\/\/kestaremesto.grkatke.sk\/wp-content\/uploads\/2026\/03\/QRMetropolitnaPutVelehrad.png","articleSection":["Aktuality"],"inLanguage":"sk-SK"},{"@type":"WebPage","@id":"https:\/\/kestaremesto.grkatke.sk\/?p=5005","url":"https:\/\/kestaremesto.grkatke.sk\/?p=5005","name":"Metropolitn\u00e1 p\u00fa\u0165 na Velehrad - GR\u00c9CKOKATOL\u00cdCKA CIRKEV FARNOS\u0164 KO\u0160ICE - STAR\u00c9 MESTO","isPartOf":{"@id":"https:\/\/kestaremesto.grkatke.sk\/#website"},"primaryImageOfPage":{"@id":"https:\/\/kestaremesto.grkatke.sk\/?p=5005#primaryimage"},"image":{"@id":"https:\/\/kestaremesto.grkatke.sk\/?p=5005#primaryimage"},"thumbnailUrl":"https:\/\/kestaremesto.grkatke.sk\/wp-content\/uploads\/2026\/03\/QRMetropolitnaPutVelehrad.png","datePublished":"2026-03-15T18:31:39+00:00","dateModified":"2026-03-15T18:38:18+00:00","author":{"@id":"https:\/\/kestaremesto.grkatke.sk\/#\/schema\/person\/86c8e7e5841259082af5c5b227e0d69b"},"breadcrumb":{"@id":"https:\/\/kestaremesto.grkatke.sk\/?p=5005#breadcrumb"},"inLanguage":"sk-SK","potentialAction":[{"@type":"ReadAction","target":["https:\/\/kestaremesto.grkatke.sk\/?p=5005"]}]},{"@type":"ImageObject","inLanguage":"sk-SK","@id":"https:\/\/kestaremesto.grkatke.sk\/?p=5005#primaryimage","url":"https:\/\/kestaremesto.grkatke.sk\/wp-content\/uploads\/2026\/03\/QRMetropolitnaPutVelehrad.png","contentUrl":"https:\/\/kestaremesto.grkatke.sk\/wp-content\/uploads\/2026\/03\/QRMetropolitnaPutVelehrad.png","width":230,"height":231},{"@type":"BreadcrumbList","@id":"https:\/\/kestaremesto.grkatke.sk\/?p=5005#breadcrumb","itemListElement":[{"@type":"ListItem","position":1,"name":"Domovsk\u00e1 str\u00e1nka","item":"https:\/\/kestaremesto.grkatke.sk\/"},{"@type":"ListItem","position":2,"name":"Metropolitn\u00e1 p\u00fa\u0165 na Velehrad"}]},{"@type":"WebSite","@id":"https:\/\/kestaremesto.grkatke.sk\/#website","url":"https:\/\/kestaremesto.grkatke.sk\/","name":"GR\u00c9CKOKATOL\u00cdCKA CIRKEV FARNOS\u0164 KO\u0160ICE - STAR\u00c9 MESTO","description":"","potentialAction":[{"@type":"SearchAction","target":{"@type":"EntryPoint","urlTemplate":"https:\/\/kestaremesto.grkatke.sk\/?s={search_term_string}"},"query-input":{"@type":"PropertyValueSpecification","valueRequired":true,"valueName":"search_term_string"}}],"inLanguage":"sk-SK"},{"@type":"Person","@id":"https:\/\/kestaremesto.grkatke.sk\/#\/schema\/person\/86c8e7e5841259082af5c5b227e0d69b","name":"administr\u00e1tor","url":"https:\/\/kestaremesto.grkatke.sk\/?author=2"}]}},"_links":{"self":[{"href":"https:\/\/kestaremesto.grkatke.sk\/index.php?rest_route=\/wp\/v2\/posts\/5005","targetHints":{"allow":["GET"]}}],"collection":[{"href":"https:\/\/kestaremesto.grkatke.sk\/index.php?rest_route=\/wp\/v2\/posts"}],"about":[{"href":"https:\/\/kestaremesto.grkatke.sk\/index.php?rest_route=\/wp\/v2\/types\/post"}],"author":[{"embeddable":true,"href":"https:\/\/kestaremesto.grkatke.sk\/index.php?rest_route=\/wp\/v2\/users\/2"}],"replies":[{"embeddable":true,"href":"https:\/\/kestaremesto.grkatke.sk\/index.php?rest_route=%2Fwp%2Fv2%2Fcomments&post=5005"}],"version-history":[{"count":6,"href":"https:\/\/kestaremesto.grkatke.sk\/index.php?rest_route=\/wp\/v2\/posts\/5005\/revisions"}],"predecessor-version":[{"id":5020,"href":"https:\/\/kestaremesto.grkatke.sk\/index.php?rest_route=\/wp\/v2\/posts\/5005\/revisions\/5020"}],"wp:attachment":[{"href":"https:\/\/kestaremesto.grkatke.sk\/index.php?rest_route=%2Fwp%2Fv2%2Fmedia&parent=5005"}],"wp:term":[{"taxonomy":"category","embeddable":true,"href":"https:\/\/kestaremesto.grkatke.sk\/index.php?rest_route=%2Fwp%2Fv2%2Fcategories&post=5005"},{"taxonomy":"post_tag","embeddable":true,"href":"https:\/\/kestaremesto.grkatke.sk\/index.php?rest_route=%2Fwp%2Fv2%2Ftags&post=5005"}],"curies":[{"name":"wp","href":"https:\/\/api.w.org\/{rel}","templated":true}]}}