{"id":551,"date":"2017-02-18T10:23:04","date_gmt":"2017-02-18T09:23:04","guid":{"rendered":"https:\/\/kestaremesto.grkatke.sk\/?p=551"},"modified":"2017-02-18T10:23:25","modified_gmt":"2017-02-18T09:23:25","slug":"budme-vdacni-za-dary","status":"publish","type":"post","link":"https:\/\/kestaremesto.grkatke.sk\/?p=551","title":{"rendered":"Bu\u010fme v\u010fa\u010dn\u00ed za dary"},"content":{"rendered":"<p>V\u00a0nasleduj\u00faci nede\u013eu 26. febru\u00e1ra 2017 osl\u00e1vime spolo\u010dne ako miestna cirkev viacero v\u00fdznamn\u00fdch skuto\u010dnost\u00ed, ktor\u00fdch preh\u013eadn\u00fd zoznam sme priniesli v\u00a0minul\u00fdch \u010d\u00edslach dvojt\u00fd\u017edenn\u00edka. Medzi najd\u00f4le\u017eitej\u0161ie patr\u00ed 20. v\u00fdro\u010die od vzniku nov\u00e9ho samostatn\u00e9ho cirkevn\u00e9ho subjektu pre gr\u00e9ckokatol\u00edkov na \u00fazem\u00ed Ko\u0161ick\u00e9ho samospr\u00e1vneho kraja (dnes na\u0161a Ko\u0161ick\u00e1 eparchia) a\u00a0v\u00fdznamn\u00e9 jubile\u00e1 n\u00e1\u0161ho preosvieten\u00e9ho vladyku Milana. Treba v\u0161ak pripomen\u00fa\u0165, \u017ee je to jubileum v\u0161etk\u00fdch n\u00e1s, preto\u017ee Ko\u0161ick\u00fa eparchiu tvor\u00edme spolo\u010dne.<\/p>\n<p>Iste, \u017eivot by i\u0161iel \u010falej aj bez Ko\u0161ickej eparchie, ale bol by in\u00fd. Viac neosobn\u00fd, mo\u017eno aj vla\u017enej\u0161\u00ed. Preto ustanovil sv. J\u00e1n Pavol II. 27. febru\u00e1ra 1997 bulou Ecclesiales communitates najprv Ko\u0161ick\u00fd apo\u0161tolsk\u00fd exarch\u00e1t, ktor\u00fd bol nesk\u00f4r pov\u00fd\u0161en\u00fd\u00a0na eparchiu.<\/p>\n<p>Mnoho sme dostali. Sme si navz\u00e1jom bli\u017e\u0161ie. N\u00e1\u0161 biskup k\u00a0n\u00e1m a my k\u00a0nemu. V\u0161etko to m\u00e1 zmysel v\u00a0prvom rade pri poh\u013eade na na\u0161u sp\u00e1su. Ko\u0161ick\u00e1 eparchia na ceste do neba. Na ceste, kde sp\u00f4sob putovania je na z\u00e1klade cyrilo-metodsk\u00e9ho dedi\u010dstva, ktor\u00e9ho sme nosite\u013emi. Aj preto vzniklo viacero nov\u00fdch farnost\u00ed. Duchovn\u00e9 aktivity cirkvi a mnohorak\u00e9 stretnutia sa tie\u017e daj\u00fa \u0165a\u017eko spo\u010d\u00edta\u0165. Sme v\u00a0Cirkvi a\u00a0to je na\u0161a v\u00fdhra.<\/p>\n<p>Je treba za to v\u0161etko po\u010fakova\u0165 a\u00a0\u00eds\u0165 \u010falej. Kde? Tak, ako sme poznamenali vy\u0161\u0161ie, do n\u00e1\u0161ho vyt\u00fa\u017een\u00e9ho cie\u013ea, ktor\u00fdm je nebo a\u00a0kde by sme sa mali v\u0161etci vospolok stretn\u00fa\u0165 v\u00a0centre s\u00a0P\u00e1nom. Ako vladyka v\u00a0pr\u00edhovore, ktor\u00e9 sme zverejnili v\u00a0minulom \u010d\u00edsle, pripomenul: \u201eAk k v\u010fa\u010dnosti za v\u0161etky konkr\u00e9tne dobrodenia pripoj\u00edme aj osobn\u00e9, \u00faprimn\u00e9 odhodlanie \u017ei\u0165\u00a0a pracova\u0165 pod\u013ea slov n\u00e1\u0161ho P\u00e1na, ak nebudeme z\u013eah\u010dova\u0165 a riedi\u0165 usmernenia P\u00edsma a Cirkvi, ak naozaj zatiahneme na hlbinu, bud\u00faci rok sa stane aj nov\u00fdm m\u00ed\u013enikom v na\u0161ich dejin\u00e1ch.\u201d<\/p>\n","protected":false},"excerpt":{"rendered":"<p>V\u00a0nasleduj\u00faci nede\u013eu 26. febru\u00e1ra 2017 osl\u00e1vime spolo\u010dne ako miestna cirkev viacero v\u00fdznamn\u00fdch skuto\u010dnost\u00ed, ktor\u00fdch preh\u013eadn\u00fd zoznam sme priniesli v\u00a0minul\u00fdch \u010d\u00edslach dvojt\u00fd\u017edenn\u00edka. Medzi najd\u00f4le\u017eitej\u0161ie patr\u00ed 20. v\u00fdro\u010die od vzniku nov\u00e9ho samostatn\u00e9ho cirkevn\u00e9ho subjektu pre gr\u00e9ckokatol\u00edkov na \u00fazem\u00ed Ko\u0161ick\u00e9ho samospr\u00e1vneho kraja (dnes na\u0161a Ko\u0161ick\u00e1 eparchia) a\u00a0v\u00fdznamn\u00e9 jubile\u00e1 n\u00e1\u0161ho preosvieten\u00e9ho vladyku Milana. Treba v\u0161ak pripomen\u00fa\u0165, \u017ee je to [&hellip;]<\/p>\n","protected":false},"author":2,"featured_media":552,"comment_status":"closed","ping_status":"closed","sticky":false,"template":"","format":"standard","meta":{"_coblocks_attr":"","_coblocks_dimensions":"","_coblocks_responsive_height":"","_coblocks_accordion_ie_support":"","footnotes":""},"categories":[3],"tags":[],"class_list":["post-551","post","type-post","status-publish","format-standard","has-post-thumbnail","hentry","category-prihovor"],"yoast_head":"<!-- This site is optimized with the Yoast SEO plugin v27.4 - https:\/\/yoast.com\/product\/yoast-seo-wordpress\/ -->\n<title>Bu\u010fme v\u010fa\u010dn\u00ed za dary - GR\u00c9CKOKATOL\u00cdCKA CIRKEV FARNOS\u0164 KO\u0160ICE - STAR\u00c9 MESTO<\/title>\n<meta name=\"robots\" content=\"index, follow, max-snippet:-1, max-image-preview:large, max-video-preview:-1\" \/>\n<link rel=\"canonical\" href=\"https:\/\/kestaremesto.grkatke.sk\/?p=551\" \/>\n<meta property=\"og:locale\" content=\"sk_SK\" \/>\n<meta property=\"og:type\" content=\"article\" \/>\n<meta property=\"og:title\" content=\"Bu\u010fme v\u010fa\u010dn\u00ed za dary - GR\u00c9CKOKATOL\u00cdCKA CIRKEV FARNOS\u0164 KO\u0160ICE - STAR\u00c9 MESTO\" \/>\n<meta property=\"og:description\" content=\"V\u00a0nasleduj\u00faci nede\u013eu 26. febru\u00e1ra 2017 osl\u00e1vime spolo\u010dne ako miestna cirkev viacero v\u00fdznamn\u00fdch skuto\u010dnost\u00ed, ktor\u00fdch preh\u013eadn\u00fd zoznam sme priniesli v\u00a0minul\u00fdch \u010d\u00edslach dvojt\u00fd\u017edenn\u00edka. Medzi najd\u00f4le\u017eitej\u0161ie patr\u00ed 20. v\u00fdro\u010die od vzniku nov\u00e9ho samostatn\u00e9ho cirkevn\u00e9ho subjektu pre gr\u00e9ckokatol\u00edkov na \u00fazem\u00ed Ko\u0161ick\u00e9ho samospr\u00e1vneho kraja (dnes na\u0161a Ko\u0161ick\u00e1 eparchia) a\u00a0v\u00fdznamn\u00e9 jubile\u00e1 n\u00e1\u0161ho preosvieten\u00e9ho vladyku Milana. Treba v\u0161ak pripomen\u00fa\u0165, \u017ee je to [&hellip;]\" \/>\n<meta property=\"og:url\" content=\"https:\/\/kestaremesto.grkatke.sk\/?p=551\" \/>\n<meta property=\"og:site_name\" content=\"GR\u00c9CKOKATOL\u00cdCKA CIRKEV FARNOS\u0164 KO\u0160ICE - STAR\u00c9 MESTO\" \/>\n<meta property=\"article:publisher\" content=\"https:\/\/www.facebook.com\/Na%c5%a1a-Katedr%c3%a1la-231637610336060\/\" \/>\n<meta property=\"article:published_time\" content=\"2017-02-18T09:23:04+00:00\" \/>\n<meta property=\"article:modified_time\" content=\"2017-02-18T09:23:25+00:00\" \/>\n<meta property=\"og:image\" content=\"https:\/\/kestaremesto.grkatke.sk\/wp-content\/uploads\/2017\/02\/OK-Eparchia-vyrocia-baner-2017-60x80.jpg\" \/>\n\t<meta property=\"og:image:width\" content=\"960\" \/>\n\t<meta property=\"og:image:height\" content=\"1280\" \/>\n\t<meta property=\"og:image:type\" content=\"image\/jpeg\" \/>\n<meta name=\"author\" content=\"administr\u00e1tor\" \/>\n<meta name=\"twitter:card\" content=\"summary_large_image\" \/>\n<meta name=\"twitter:label1\" content=\"Autor\" \/>\n\t<meta name=\"twitter:data1\" content=\"administr\u00e1tor\" \/>\n\t<meta name=\"twitter:label2\" content=\"Predpokladan\u00fd \u010das \u010d\u00edtania\" \/>\n\t<meta name=\"twitter:data2\" content=\"2 min\u00faty\" \/>\n<script type=\"application\/ld+json\" class=\"yoast-schema-graph\">{\"@context\":\"https:\\\/\\\/schema.org\",\"@graph\":[{\"@type\":\"Article\",\"@id\":\"https:\\\/\\\/kestaremesto.grkatke.sk\\\/?p=551#article\",\"isPartOf\":{\"@id\":\"https:\\\/\\\/kestaremesto.grkatke.sk\\\/?p=551\"},\"author\":{\"name\":\"administr\u00e1tor\",\"@id\":\"https:\\\/\\\/kestaremesto.grkatke.sk\\\/#\\\/schema\\\/person\\\/86c8e7e5841259082af5c5b227e0d69b\"},\"headline\":\"Bu\u010fme v\u010fa\u010dn\u00ed za dary\",\"datePublished\":\"2017-02-18T09:23:04+00:00\",\"dateModified\":\"2017-02-18T09:23:25+00:00\",\"mainEntityOfPage\":{\"@id\":\"https:\\\/\\\/kestaremesto.grkatke.sk\\\/?p=551\"},\"wordCount\":364,\"image\":{\"@id\":\"https:\\\/\\\/kestaremesto.grkatke.sk\\\/?p=551#primaryimage\"},\"thumbnailUrl\":\"https:\\\/\\\/kestaremesto.grkatke.sk\\\/wp-content\\\/uploads\\\/2017\\\/02\\\/OK-Eparchia-vyrocia-baner-2017-60x80.jpg\",\"articleSection\":[\"Pr\u00edhovor\"],\"inLanguage\":\"sk-SK\"},{\"@type\":\"WebPage\",\"@id\":\"https:\\\/\\\/kestaremesto.grkatke.sk\\\/?p=551\",\"url\":\"https:\\\/\\\/kestaremesto.grkatke.sk\\\/?p=551\",\"name\":\"Bu\u010fme v\u010fa\u010dn\u00ed za dary - GR\u00c9CKOKATOL\u00cdCKA CIRKEV FARNOS\u0164 KO\u0160ICE - STAR\u00c9 MESTO\",\"isPartOf\":{\"@id\":\"https:\\\/\\\/kestaremesto.grkatke.sk\\\/#website\"},\"primaryImageOfPage\":{\"@id\":\"https:\\\/\\\/kestaremesto.grkatke.sk\\\/?p=551#primaryimage\"},\"image\":{\"@id\":\"https:\\\/\\\/kestaremesto.grkatke.sk\\\/?p=551#primaryimage\"},\"thumbnailUrl\":\"https:\\\/\\\/kestaremesto.grkatke.sk\\\/wp-content\\\/uploads\\\/2017\\\/02\\\/OK-Eparchia-vyrocia-baner-2017-60x80.jpg\",\"datePublished\":\"2017-02-18T09:23:04+00:00\",\"dateModified\":\"2017-02-18T09:23:25+00:00\",\"author\":{\"@id\":\"https:\\\/\\\/kestaremesto.grkatke.sk\\\/#\\\/schema\\\/person\\\/86c8e7e5841259082af5c5b227e0d69b\"},\"breadcrumb\":{\"@id\":\"https:\\\/\\\/kestaremesto.grkatke.sk\\\/?p=551#breadcrumb\"},\"inLanguage\":\"sk-SK\",\"potentialAction\":[{\"@type\":\"ReadAction\",\"target\":[\"https:\\\/\\\/kestaremesto.grkatke.sk\\\/?p=551\"]}]},{\"@type\":\"ImageObject\",\"inLanguage\":\"sk-SK\",\"@id\":\"https:\\\/\\\/kestaremesto.grkatke.sk\\\/?p=551#primaryimage\",\"url\":\"https:\\\/\\\/kestaremesto.grkatke.sk\\\/wp-content\\\/uploads\\\/2017\\\/02\\\/OK-Eparchia-vyrocia-baner-2017-60x80.jpg\",\"contentUrl\":\"https:\\\/\\\/kestaremesto.grkatke.sk\\\/wp-content\\\/uploads\\\/2017\\\/02\\\/OK-Eparchia-vyrocia-baner-2017-60x80.jpg\",\"width\":960,\"height\":1280},{\"@type\":\"BreadcrumbList\",\"@id\":\"https:\\\/\\\/kestaremesto.grkatke.sk\\\/?p=551#breadcrumb\",\"itemListElement\":[{\"@type\":\"ListItem\",\"position\":1,\"name\":\"Domovsk\u00e1 str\u00e1nka\",\"item\":\"https:\\\/\\\/kestaremesto.grkatke.sk\\\/\"},{\"@type\":\"ListItem\",\"position\":2,\"name\":\"Bu\u010fme v\u010fa\u010dn\u00ed za dary\"}]},{\"@type\":\"WebSite\",\"@id\":\"https:\\\/\\\/kestaremesto.grkatke.sk\\\/#website\",\"url\":\"https:\\\/\\\/kestaremesto.grkatke.sk\\\/\",\"name\":\"GR\u00c9CKOKATOL\u00cdCKA CIRKEV FARNOS\u0164 KO\u0160ICE - STAR\u00c9 MESTO\",\"description\":\"\",\"potentialAction\":[{\"@type\":\"SearchAction\",\"target\":{\"@type\":\"EntryPoint\",\"urlTemplate\":\"https:\\\/\\\/kestaremesto.grkatke.sk\\\/?s={search_term_string}\"},\"query-input\":{\"@type\":\"PropertyValueSpecification\",\"valueRequired\":true,\"valueName\":\"search_term_string\"}}],\"inLanguage\":\"sk-SK\"},{\"@type\":\"Person\",\"@id\":\"https:\\\/\\\/kestaremesto.grkatke.sk\\\/#\\\/schema\\\/person\\\/86c8e7e5841259082af5c5b227e0d69b\",\"name\":\"administr\u00e1tor\",\"url\":\"https:\\\/\\\/kestaremesto.grkatke.sk\\\/?author=2\"}]}<\/script>\n<!-- \/ Yoast SEO plugin. -->","yoast_head_json":{"title":"Bu\u010fme v\u010fa\u010dn\u00ed za dary - GR\u00c9CKOKATOL\u00cdCKA CIRKEV FARNOS\u0164 KO\u0160ICE - STAR\u00c9 MESTO","robots":{"index":"index","follow":"follow","max-snippet":"max-snippet:-1","max-image-preview":"max-image-preview:large","max-video-preview":"max-video-preview:-1"},"canonical":"https:\/\/kestaremesto.grkatke.sk\/?p=551","og_locale":"sk_SK","og_type":"article","og_title":"Bu\u010fme v\u010fa\u010dn\u00ed za dary - GR\u00c9CKOKATOL\u00cdCKA CIRKEV FARNOS\u0164 KO\u0160ICE - STAR\u00c9 MESTO","og_description":"V\u00a0nasleduj\u00faci nede\u013eu 26. febru\u00e1ra 2017 osl\u00e1vime spolo\u010dne ako miestna cirkev viacero v\u00fdznamn\u00fdch skuto\u010dnost\u00ed, ktor\u00fdch preh\u013eadn\u00fd zoznam sme priniesli v\u00a0minul\u00fdch \u010d\u00edslach dvojt\u00fd\u017edenn\u00edka. Medzi najd\u00f4le\u017eitej\u0161ie patr\u00ed 20. v\u00fdro\u010die od vzniku nov\u00e9ho samostatn\u00e9ho cirkevn\u00e9ho subjektu pre gr\u00e9ckokatol\u00edkov na \u00fazem\u00ed Ko\u0161ick\u00e9ho samospr\u00e1vneho kraja (dnes na\u0161a Ko\u0161ick\u00e1 eparchia) a\u00a0v\u00fdznamn\u00e9 jubile\u00e1 n\u00e1\u0161ho preosvieten\u00e9ho vladyku Milana. Treba v\u0161ak pripomen\u00fa\u0165, \u017ee je to [&hellip;]","og_url":"https:\/\/kestaremesto.grkatke.sk\/?p=551","og_site_name":"GR\u00c9CKOKATOL\u00cdCKA CIRKEV FARNOS\u0164 KO\u0160ICE - STAR\u00c9 MESTO","article_publisher":"https:\/\/www.facebook.com\/Na%c5%a1a-Katedr%c3%a1la-231637610336060\/","article_published_time":"2017-02-18T09:23:04+00:00","article_modified_time":"2017-02-18T09:23:25+00:00","og_image":[{"width":960,"height":1280,"url":"https:\/\/kestaremesto.grkatke.sk\/wp-content\/uploads\/2017\/02\/OK-Eparchia-vyrocia-baner-2017-60x80.jpg","type":"image\/jpeg"}],"author":"administr\u00e1tor","twitter_card":"summary_large_image","twitter_misc":{"Autor":"administr\u00e1tor","Predpokladan\u00fd \u010das \u010d\u00edtania":"2 min\u00faty"},"schema":{"@context":"https:\/\/schema.org","@graph":[{"@type":"Article","@id":"https:\/\/kestaremesto.grkatke.sk\/?p=551#article","isPartOf":{"@id":"https:\/\/kestaremesto.grkatke.sk\/?p=551"},"author":{"name":"administr\u00e1tor","@id":"https:\/\/kestaremesto.grkatke.sk\/#\/schema\/person\/86c8e7e5841259082af5c5b227e0d69b"},"headline":"Bu\u010fme v\u010fa\u010dn\u00ed za dary","datePublished":"2017-02-18T09:23:04+00:00","dateModified":"2017-02-18T09:23:25+00:00","mainEntityOfPage":{"@id":"https:\/\/kestaremesto.grkatke.sk\/?p=551"},"wordCount":364,"image":{"@id":"https:\/\/kestaremesto.grkatke.sk\/?p=551#primaryimage"},"thumbnailUrl":"https:\/\/kestaremesto.grkatke.sk\/wp-content\/uploads\/2017\/02\/OK-Eparchia-vyrocia-baner-2017-60x80.jpg","articleSection":["Pr\u00edhovor"],"inLanguage":"sk-SK"},{"@type":"WebPage","@id":"https:\/\/kestaremesto.grkatke.sk\/?p=551","url":"https:\/\/kestaremesto.grkatke.sk\/?p=551","name":"Bu\u010fme v\u010fa\u010dn\u00ed za dary - GR\u00c9CKOKATOL\u00cdCKA CIRKEV FARNOS\u0164 KO\u0160ICE - STAR\u00c9 MESTO","isPartOf":{"@id":"https:\/\/kestaremesto.grkatke.sk\/#website"},"primaryImageOfPage":{"@id":"https:\/\/kestaremesto.grkatke.sk\/?p=551#primaryimage"},"image":{"@id":"https:\/\/kestaremesto.grkatke.sk\/?p=551#primaryimage"},"thumbnailUrl":"https:\/\/kestaremesto.grkatke.sk\/wp-content\/uploads\/2017\/02\/OK-Eparchia-vyrocia-baner-2017-60x80.jpg","datePublished":"2017-02-18T09:23:04+00:00","dateModified":"2017-02-18T09:23:25+00:00","author":{"@id":"https:\/\/kestaremesto.grkatke.sk\/#\/schema\/person\/86c8e7e5841259082af5c5b227e0d69b"},"breadcrumb":{"@id":"https:\/\/kestaremesto.grkatke.sk\/?p=551#breadcrumb"},"inLanguage":"sk-SK","potentialAction":[{"@type":"ReadAction","target":["https:\/\/kestaremesto.grkatke.sk\/?p=551"]}]},{"@type":"ImageObject","inLanguage":"sk-SK","@id":"https:\/\/kestaremesto.grkatke.sk\/?p=551#primaryimage","url":"https:\/\/kestaremesto.grkatke.sk\/wp-content\/uploads\/2017\/02\/OK-Eparchia-vyrocia-baner-2017-60x80.jpg","contentUrl":"https:\/\/kestaremesto.grkatke.sk\/wp-content\/uploads\/2017\/02\/OK-Eparchia-vyrocia-baner-2017-60x80.jpg","width":960,"height":1280},{"@type":"BreadcrumbList","@id":"https:\/\/kestaremesto.grkatke.sk\/?p=551#breadcrumb","itemListElement":[{"@type":"ListItem","position":1,"name":"Domovsk\u00e1 str\u00e1nka","item":"https:\/\/kestaremesto.grkatke.sk\/"},{"@type":"ListItem","position":2,"name":"Bu\u010fme v\u010fa\u010dn\u00ed za dary"}]},{"@type":"WebSite","@id":"https:\/\/kestaremesto.grkatke.sk\/#website","url":"https:\/\/kestaremesto.grkatke.sk\/","name":"GR\u00c9CKOKATOL\u00cdCKA CIRKEV FARNOS\u0164 KO\u0160ICE - STAR\u00c9 MESTO","description":"","potentialAction":[{"@type":"SearchAction","target":{"@type":"EntryPoint","urlTemplate":"https:\/\/kestaremesto.grkatke.sk\/?s={search_term_string}"},"query-input":{"@type":"PropertyValueSpecification","valueRequired":true,"valueName":"search_term_string"}}],"inLanguage":"sk-SK"},{"@type":"Person","@id":"https:\/\/kestaremesto.grkatke.sk\/#\/schema\/person\/86c8e7e5841259082af5c5b227e0d69b","name":"administr\u00e1tor","url":"https:\/\/kestaremesto.grkatke.sk\/?author=2"}]}},"_links":{"self":[{"href":"https:\/\/kestaremesto.grkatke.sk\/index.php?rest_route=\/wp\/v2\/posts\/551","targetHints":{"allow":["GET"]}}],"collection":[{"href":"https:\/\/kestaremesto.grkatke.sk\/index.php?rest_route=\/wp\/v2\/posts"}],"about":[{"href":"https:\/\/kestaremesto.grkatke.sk\/index.php?rest_route=\/wp\/v2\/types\/post"}],"author":[{"embeddable":true,"href":"https:\/\/kestaremesto.grkatke.sk\/index.php?rest_route=\/wp\/v2\/users\/2"}],"replies":[{"embeddable":true,"href":"https:\/\/kestaremesto.grkatke.sk\/index.php?rest_route=%2Fwp%2Fv2%2Fcomments&post=551"}],"version-history":[{"count":2,"href":"https:\/\/kestaremesto.grkatke.sk\/index.php?rest_route=\/wp\/v2\/posts\/551\/revisions"}],"predecessor-version":[{"id":554,"href":"https:\/\/kestaremesto.grkatke.sk\/index.php?rest_route=\/wp\/v2\/posts\/551\/revisions\/554"}],"wp:featuredmedia":[{"embeddable":true,"href":"https:\/\/kestaremesto.grkatke.sk\/index.php?rest_route=\/wp\/v2\/media\/552"}],"wp:attachment":[{"href":"https:\/\/kestaremesto.grkatke.sk\/index.php?rest_route=%2Fwp%2Fv2%2Fmedia&parent=551"}],"wp:term":[{"taxonomy":"category","embeddable":true,"href":"https:\/\/kestaremesto.grkatke.sk\/index.php?rest_route=%2Fwp%2Fv2%2Fcategories&post=551"},{"taxonomy":"post_tag","embeddable":true,"href":"https:\/\/kestaremesto.grkatke.sk\/index.php?rest_route=%2Fwp%2Fv2%2Ftags&post=551"}],"curies":[{"name":"wp","href":"https:\/\/api.w.org\/{rel}","templated":true}]}}