{"id":587,"date":"2017-03-04T12:41:49","date_gmt":"2017-03-04T11:41:49","guid":{"rendered":"https:\/\/kestaremesto.grkatke.sk\/?p=587"},"modified":"2017-03-04T12:41:49","modified_gmt":"2017-03-04T11:41:49","slug":"vstupili-do-velkeho-postu","status":"publish","type":"post","link":"https:\/\/kestaremesto.grkatke.sk\/?p=587","title":{"rendered":"Vst\u00fapili sme do Ve\u013ek\u00e9ho p\u00f4stu"},"content":{"rendered":"<p>Minul\u00fa nede\u013eu sme mali v\u00a0katedr\u00e1le v\u00a0r\u00e1mci v\u00fdro\u010d\u00ed Ko\u0161ickej eparchie sl\u00e1vnostn\u00fa archijerejsk\u00fa sv. liturgiu, na ktorej sme si okrem in\u00e9ho pripomenuli a\u00a0po\u010fakovali za 20 rokov od vzniku n\u00e1\u0161ho Ko\u0161ick\u00e9ho exarch\u00e1tu predchodcu teraj\u0161ej eparchie. Pripomenuli sme si tie\u017e jubile\u00e1 n\u00e1\u0161ho preosvieten\u00e9ho vladyku Milana.<\/p>\n<p>Teraz sa v\u0161ak na\u0161a pozornos\u0165 obracia na Ve\u013ek\u00fd p\u00f4st, ktor\u00e9ho prv\u00fd t\u00fd\u017ede\u0148 je takmer na konci. Toto d\u00f4le\u017eit\u00e9 obdobie po\u010das roka m\u00e1 svoj ve\u013ek\u00fd v\u00fdznam. Ve\u013ek\u00fd p\u00f4st, in\u00fdm slovom Sv\u00e4t\u00e1 \u0161tyridsiatnica, sa za\u010d\u00edna od pondelka po Syrop\u00f4stnej nedeli a trv\u00e1 do piatku pred Laz\u00e1rovou sobotou. Do \u0161tyridsiatich dn\u00ed p\u00f4stu po\u010d\u00edtame aj soboty a nedele. P\u00f4st je obdob\u00edm, ke\u010f sa m\u00e1me usilova\u0165 o obr\u00e1tenie, zmenu zm\u00fd\u0161\u013eania, m\u00e1me rozj\u00edma\u0165 nad svoj\u00edm \u017eivotom a plaka\u0165 nad svojimi hriechmi. Na rozj\u00edmanie\u00a0a spr\u00edtomnenie Kristovho sp\u00e1sonosn\u00e9ho utrpenia je vyhraden\u00fd predov\u0161etk\u00fdm Ve\u013ek\u00fd t\u00fd\u017ede\u0148. Tieto skuto\u010dnosti sa odr\u00e1\u017eaj\u00fa aj v bohoslu\u017eobnom \u017eivote byzantskej cirkvi &#8211; v stredy a piatky sa sl\u00fa\u017ei liturgia vopred posv\u00e4ten\u00fdch darov. Pri nej sa veriacim rozde\u013euj\u00fa vopred posv\u00e4ten\u00e9 eucharistick\u00e9 dary; bohoslu\u017eba nem\u00e1 anaforu (eucharistick\u00fd k\u00e1non), ani premenenie sv\u00e4t\u00fdch darov. Je to bohoslu\u017eba s najsilnej\u0161ie vyjadrenou eucharistickou \u00factou v byzantskom obrade. Z\u00e1rove\u0148, na rozdiel od liturgie sv. J\u00e1na Zlato\u00fasteho \u010di sv. Bazila Ve\u013ek\u00e9ho, obsahuje mnoho kaj\u00facich prvkov &#8211; najm\u00e4 hlbok\u00fdch pokl\u00f4n.<\/p>\n<p>Zamyslime sa e\u0161te nad niektor\u00fdmi my\u0161lienkami z Posolstva p\u00e1pe\u017ea Franti\u0161ka na P\u00f4stne obdobie 2017: \u201eP\u00f4stne obdobie je nov\u00fdm za\u010diatkom; cestou, ktor\u00e1 vedie k ist\u00e9mu cie\u013eu: Ve\u013ekej noci vzkriesenia, Kristovmu v\u00ed\u0165azstvu nad smr\u0165ou. T\u00e1to doba n\u00e1m adresuje d\u00f4razn\u00fa v\u00fdzvu na obr\u00e1tenie: kres\u0165an sa m\u00e1 obr\u00e1ti\u0165 k Bohu \u201ecel\u00fdm svoj\u00edm srdcom\u201c (Joel 2, 12), nesmie sa uspokoji\u0165 len s priemern\u00fdm \u017eivotom, ale m\u00e1 r\u00e1s\u0165 v priate\u013estve s P\u00e1nom. Je\u017ei\u0161 je vern\u00fdm priate\u013eom, ktor\u00fd n\u00e1s nikdy neopust\u00ed, lebo i ke\u010f hre\u0161\u00edme, trpezlivo \u010dak\u00e1 na n\u00e1\u0161 n\u00e1vrat k nemu, a t\u00fdmto \u010dakan\u00edm prejavuje svoju v\u00f4\u013eu odpusti\u0165.\u201c<\/p>\n<p>Nev\u00e1hajme prich\u00e1dza\u0165 do katedr\u00e1ly na p\u00f4stne liturgie, \u010di in\u00e9 p\u00f4stne pobo\u017enosti, a\u00a0vyu\u017eime ka\u017ed\u00fd de\u0148 sv\u00e4top\u00f4stnej doby k\u00a0modlitbe, p\u00f4stu a\u00a0almu\u017ene.<\/p>\n","protected":false},"excerpt":{"rendered":"<p>Minul\u00fa nede\u013eu sme mali v\u00a0katedr\u00e1le v\u00a0r\u00e1mci v\u00fdro\u010d\u00ed Ko\u0161ickej eparchie sl\u00e1vnostn\u00fa archijerejsk\u00fa sv. liturgiu, na ktorej sme si okrem in\u00e9ho pripomenuli a\u00a0po\u010fakovali za 20 rokov od vzniku n\u00e1\u0161ho Ko\u0161ick\u00e9ho exarch\u00e1tu predchodcu teraj\u0161ej eparchie. Pripomenuli sme si tie\u017e jubile\u00e1 n\u00e1\u0161ho preosvieten\u00e9ho vladyku Milana. Teraz sa v\u0161ak na\u0161a pozornos\u0165 obracia na Ve\u013ek\u00fd p\u00f4st, ktor\u00e9ho prv\u00fd t\u00fd\u017ede\u0148 je takmer [&hellip;]<\/p>\n","protected":false},"author":2,"featured_media":588,"comment_status":"closed","ping_status":"closed","sticky":false,"template":"","format":"standard","meta":{"_coblocks_attr":"","_coblocks_dimensions":"","_coblocks_responsive_height":"","_coblocks_accordion_ie_support":"","footnotes":""},"categories":[1],"tags":[],"class_list":["post-587","post","type-post","status-publish","format-standard","has-post-thumbnail","hentry","category-nezaradene"],"yoast_head":"<!-- This site is optimized with the Yoast SEO plugin v27.4 - https:\/\/yoast.com\/product\/yoast-seo-wordpress\/ -->\n<title>Vst\u00fapili sme do Ve\u013ek\u00e9ho p\u00f4stu - GR\u00c9CKOKATOL\u00cdCKA CIRKEV FARNOS\u0164 KO\u0160ICE - STAR\u00c9 MESTO<\/title>\n<meta name=\"robots\" content=\"index, follow, max-snippet:-1, max-image-preview:large, max-video-preview:-1\" \/>\n<link rel=\"canonical\" href=\"https:\/\/kestaremesto.grkatke.sk\/?p=587\" \/>\n<meta property=\"og:locale\" content=\"sk_SK\" \/>\n<meta property=\"og:type\" content=\"article\" \/>\n<meta property=\"og:title\" content=\"Vst\u00fapili sme do Ve\u013ek\u00e9ho p\u00f4stu - GR\u00c9CKOKATOL\u00cdCKA CIRKEV FARNOS\u0164 KO\u0160ICE - STAR\u00c9 MESTO\" \/>\n<meta property=\"og:description\" content=\"Minul\u00fa nede\u013eu sme mali v\u00a0katedr\u00e1le v\u00a0r\u00e1mci v\u00fdro\u010d\u00ed Ko\u0161ickej eparchie sl\u00e1vnostn\u00fa archijerejsk\u00fa sv. liturgiu, na ktorej sme si okrem in\u00e9ho pripomenuli a\u00a0po\u010fakovali za 20 rokov od vzniku n\u00e1\u0161ho Ko\u0161ick\u00e9ho exarch\u00e1tu predchodcu teraj\u0161ej eparchie. Pripomenuli sme si tie\u017e jubile\u00e1 n\u00e1\u0161ho preosvieten\u00e9ho vladyku Milana. Teraz sa v\u0161ak na\u0161a pozornos\u0165 obracia na Ve\u013ek\u00fd p\u00f4st, ktor\u00e9ho prv\u00fd t\u00fd\u017ede\u0148 je takmer [&hellip;]\" \/>\n<meta property=\"og:url\" content=\"https:\/\/kestaremesto.grkatke.sk\/?p=587\" \/>\n<meta property=\"og:site_name\" content=\"GR\u00c9CKOKATOL\u00cdCKA CIRKEV FARNOS\u0164 KO\u0160ICE - STAR\u00c9 MESTO\" \/>\n<meta property=\"article:publisher\" content=\"https:\/\/www.facebook.com\/Na%c5%a1a-Katedr%c3%a1la-231637610336060\/\" \/>\n<meta property=\"article:published_time\" content=\"2017-03-04T11:41:49+00:00\" \/>\n<meta property=\"og:image\" content=\"https:\/\/kestaremesto.grkatke.sk\/wp-content\/uploads\/2017\/03\/175322feac1cfccdacfef96db18657e3-1024x680.jpg\" \/>\n\t<meta property=\"og:image:width\" content=\"1024\" \/>\n\t<meta property=\"og:image:height\" content=\"680\" \/>\n\t<meta property=\"og:image:type\" content=\"image\/jpeg\" \/>\n<meta name=\"author\" content=\"administr\u00e1tor\" \/>\n<meta name=\"twitter:card\" content=\"summary_large_image\" \/>\n<meta name=\"twitter:label1\" content=\"Autor\" \/>\n\t<meta name=\"twitter:data1\" content=\"administr\u00e1tor\" \/>\n\t<meta name=\"twitter:label2\" content=\"Predpokladan\u00fd \u010das \u010d\u00edtania\" \/>\n\t<meta name=\"twitter:data2\" content=\"2 min\u00faty\" \/>\n<script type=\"application\/ld+json\" class=\"yoast-schema-graph\">{\"@context\":\"https:\\\/\\\/schema.org\",\"@graph\":[{\"@type\":\"Article\",\"@id\":\"https:\\\/\\\/kestaremesto.grkatke.sk\\\/?p=587#article\",\"isPartOf\":{\"@id\":\"https:\\\/\\\/kestaremesto.grkatke.sk\\\/?p=587\"},\"author\":{\"name\":\"administr\u00e1tor\",\"@id\":\"https:\\\/\\\/kestaremesto.grkatke.sk\\\/#\\\/schema\\\/person\\\/86c8e7e5841259082af5c5b227e0d69b\"},\"headline\":\"Vst\u00fapili sme do Ve\u013ek\u00e9ho p\u00f4stu\",\"datePublished\":\"2017-03-04T11:41:49+00:00\",\"mainEntityOfPage\":{\"@id\":\"https:\\\/\\\/kestaremesto.grkatke.sk\\\/?p=587\"},\"wordCount\":442,\"image\":{\"@id\":\"https:\\\/\\\/kestaremesto.grkatke.sk\\\/?p=587#primaryimage\"},\"thumbnailUrl\":\"https:\\\/\\\/kestaremesto.grkatke.sk\\\/wp-content\\\/uploads\\\/2017\\\/03\\\/175322feac1cfccdacfef96db18657e3.jpg\",\"inLanguage\":\"sk-SK\"},{\"@type\":\"WebPage\",\"@id\":\"https:\\\/\\\/kestaremesto.grkatke.sk\\\/?p=587\",\"url\":\"https:\\\/\\\/kestaremesto.grkatke.sk\\\/?p=587\",\"name\":\"Vst\u00fapili sme do Ve\u013ek\u00e9ho p\u00f4stu - GR\u00c9CKOKATOL\u00cdCKA CIRKEV FARNOS\u0164 KO\u0160ICE - STAR\u00c9 MESTO\",\"isPartOf\":{\"@id\":\"https:\\\/\\\/kestaremesto.grkatke.sk\\\/#website\"},\"primaryImageOfPage\":{\"@id\":\"https:\\\/\\\/kestaremesto.grkatke.sk\\\/?p=587#primaryimage\"},\"image\":{\"@id\":\"https:\\\/\\\/kestaremesto.grkatke.sk\\\/?p=587#primaryimage\"},\"thumbnailUrl\":\"https:\\\/\\\/kestaremesto.grkatke.sk\\\/wp-content\\\/uploads\\\/2017\\\/03\\\/175322feac1cfccdacfef96db18657e3.jpg\",\"datePublished\":\"2017-03-04T11:41:49+00:00\",\"author\":{\"@id\":\"https:\\\/\\\/kestaremesto.grkatke.sk\\\/#\\\/schema\\\/person\\\/86c8e7e5841259082af5c5b227e0d69b\"},\"breadcrumb\":{\"@id\":\"https:\\\/\\\/kestaremesto.grkatke.sk\\\/?p=587#breadcrumb\"},\"inLanguage\":\"sk-SK\",\"potentialAction\":[{\"@type\":\"ReadAction\",\"target\":[\"https:\\\/\\\/kestaremesto.grkatke.sk\\\/?p=587\"]}]},{\"@type\":\"ImageObject\",\"inLanguage\":\"sk-SK\",\"@id\":\"https:\\\/\\\/kestaremesto.grkatke.sk\\\/?p=587#primaryimage\",\"url\":\"https:\\\/\\\/kestaremesto.grkatke.sk\\\/wp-content\\\/uploads\\\/2017\\\/03\\\/175322feac1cfccdacfef96db18657e3.jpg\",\"contentUrl\":\"https:\\\/\\\/kestaremesto.grkatke.sk\\\/wp-content\\\/uploads\\\/2017\\\/03\\\/175322feac1cfccdacfef96db18657e3.jpg\",\"width\":4288,\"height\":2848},{\"@type\":\"BreadcrumbList\",\"@id\":\"https:\\\/\\\/kestaremesto.grkatke.sk\\\/?p=587#breadcrumb\",\"itemListElement\":[{\"@type\":\"ListItem\",\"position\":1,\"name\":\"Domovsk\u00e1 str\u00e1nka\",\"item\":\"https:\\\/\\\/kestaremesto.grkatke.sk\\\/\"},{\"@type\":\"ListItem\",\"position\":2,\"name\":\"Vst\u00fapili sme do Ve\u013ek\u00e9ho p\u00f4stu\"}]},{\"@type\":\"WebSite\",\"@id\":\"https:\\\/\\\/kestaremesto.grkatke.sk\\\/#website\",\"url\":\"https:\\\/\\\/kestaremesto.grkatke.sk\\\/\",\"name\":\"GR\u00c9CKOKATOL\u00cdCKA CIRKEV FARNOS\u0164 KO\u0160ICE - STAR\u00c9 MESTO\",\"description\":\"\",\"potentialAction\":[{\"@type\":\"SearchAction\",\"target\":{\"@type\":\"EntryPoint\",\"urlTemplate\":\"https:\\\/\\\/kestaremesto.grkatke.sk\\\/?s={search_term_string}\"},\"query-input\":{\"@type\":\"PropertyValueSpecification\",\"valueRequired\":true,\"valueName\":\"search_term_string\"}}],\"inLanguage\":\"sk-SK\"},{\"@type\":\"Person\",\"@id\":\"https:\\\/\\\/kestaremesto.grkatke.sk\\\/#\\\/schema\\\/person\\\/86c8e7e5841259082af5c5b227e0d69b\",\"name\":\"administr\u00e1tor\",\"url\":\"https:\\\/\\\/kestaremesto.grkatke.sk\\\/?author=2\"}]}<\/script>\n<!-- \/ Yoast SEO plugin. -->","yoast_head_json":{"title":"Vst\u00fapili sme do Ve\u013ek\u00e9ho p\u00f4stu - GR\u00c9CKOKATOL\u00cdCKA CIRKEV FARNOS\u0164 KO\u0160ICE - STAR\u00c9 MESTO","robots":{"index":"index","follow":"follow","max-snippet":"max-snippet:-1","max-image-preview":"max-image-preview:large","max-video-preview":"max-video-preview:-1"},"canonical":"https:\/\/kestaremesto.grkatke.sk\/?p=587","og_locale":"sk_SK","og_type":"article","og_title":"Vst\u00fapili sme do Ve\u013ek\u00e9ho p\u00f4stu - GR\u00c9CKOKATOL\u00cdCKA CIRKEV FARNOS\u0164 KO\u0160ICE - STAR\u00c9 MESTO","og_description":"Minul\u00fa nede\u013eu sme mali v\u00a0katedr\u00e1le v\u00a0r\u00e1mci v\u00fdro\u010d\u00ed Ko\u0161ickej eparchie sl\u00e1vnostn\u00fa archijerejsk\u00fa sv. liturgiu, na ktorej sme si okrem in\u00e9ho pripomenuli a\u00a0po\u010fakovali za 20 rokov od vzniku n\u00e1\u0161ho Ko\u0161ick\u00e9ho exarch\u00e1tu predchodcu teraj\u0161ej eparchie. Pripomenuli sme si tie\u017e jubile\u00e1 n\u00e1\u0161ho preosvieten\u00e9ho vladyku Milana. Teraz sa v\u0161ak na\u0161a pozornos\u0165 obracia na Ve\u013ek\u00fd p\u00f4st, ktor\u00e9ho prv\u00fd t\u00fd\u017ede\u0148 je takmer [&hellip;]","og_url":"https:\/\/kestaremesto.grkatke.sk\/?p=587","og_site_name":"GR\u00c9CKOKATOL\u00cdCKA CIRKEV FARNOS\u0164 KO\u0160ICE - STAR\u00c9 MESTO","article_publisher":"https:\/\/www.facebook.com\/Na%c5%a1a-Katedr%c3%a1la-231637610336060\/","article_published_time":"2017-03-04T11:41:49+00:00","og_image":[{"width":1024,"height":680,"url":"https:\/\/kestaremesto.grkatke.sk\/wp-content\/uploads\/2017\/03\/175322feac1cfccdacfef96db18657e3-1024x680.jpg","type":"image\/jpeg"}],"author":"administr\u00e1tor","twitter_card":"summary_large_image","twitter_misc":{"Autor":"administr\u00e1tor","Predpokladan\u00fd \u010das \u010d\u00edtania":"2 min\u00faty"},"schema":{"@context":"https:\/\/schema.org","@graph":[{"@type":"Article","@id":"https:\/\/kestaremesto.grkatke.sk\/?p=587#article","isPartOf":{"@id":"https:\/\/kestaremesto.grkatke.sk\/?p=587"},"author":{"name":"administr\u00e1tor","@id":"https:\/\/kestaremesto.grkatke.sk\/#\/schema\/person\/86c8e7e5841259082af5c5b227e0d69b"},"headline":"Vst\u00fapili sme do Ve\u013ek\u00e9ho p\u00f4stu","datePublished":"2017-03-04T11:41:49+00:00","mainEntityOfPage":{"@id":"https:\/\/kestaremesto.grkatke.sk\/?p=587"},"wordCount":442,"image":{"@id":"https:\/\/kestaremesto.grkatke.sk\/?p=587#primaryimage"},"thumbnailUrl":"https:\/\/kestaremesto.grkatke.sk\/wp-content\/uploads\/2017\/03\/175322feac1cfccdacfef96db18657e3.jpg","inLanguage":"sk-SK"},{"@type":"WebPage","@id":"https:\/\/kestaremesto.grkatke.sk\/?p=587","url":"https:\/\/kestaremesto.grkatke.sk\/?p=587","name":"Vst\u00fapili sme do Ve\u013ek\u00e9ho p\u00f4stu - GR\u00c9CKOKATOL\u00cdCKA CIRKEV FARNOS\u0164 KO\u0160ICE - STAR\u00c9 MESTO","isPartOf":{"@id":"https:\/\/kestaremesto.grkatke.sk\/#website"},"primaryImageOfPage":{"@id":"https:\/\/kestaremesto.grkatke.sk\/?p=587#primaryimage"},"image":{"@id":"https:\/\/kestaremesto.grkatke.sk\/?p=587#primaryimage"},"thumbnailUrl":"https:\/\/kestaremesto.grkatke.sk\/wp-content\/uploads\/2017\/03\/175322feac1cfccdacfef96db18657e3.jpg","datePublished":"2017-03-04T11:41:49+00:00","author":{"@id":"https:\/\/kestaremesto.grkatke.sk\/#\/schema\/person\/86c8e7e5841259082af5c5b227e0d69b"},"breadcrumb":{"@id":"https:\/\/kestaremesto.grkatke.sk\/?p=587#breadcrumb"},"inLanguage":"sk-SK","potentialAction":[{"@type":"ReadAction","target":["https:\/\/kestaremesto.grkatke.sk\/?p=587"]}]},{"@type":"ImageObject","inLanguage":"sk-SK","@id":"https:\/\/kestaremesto.grkatke.sk\/?p=587#primaryimage","url":"https:\/\/kestaremesto.grkatke.sk\/wp-content\/uploads\/2017\/03\/175322feac1cfccdacfef96db18657e3.jpg","contentUrl":"https:\/\/kestaremesto.grkatke.sk\/wp-content\/uploads\/2017\/03\/175322feac1cfccdacfef96db18657e3.jpg","width":4288,"height":2848},{"@type":"BreadcrumbList","@id":"https:\/\/kestaremesto.grkatke.sk\/?p=587#breadcrumb","itemListElement":[{"@type":"ListItem","position":1,"name":"Domovsk\u00e1 str\u00e1nka","item":"https:\/\/kestaremesto.grkatke.sk\/"},{"@type":"ListItem","position":2,"name":"Vst\u00fapili sme do Ve\u013ek\u00e9ho p\u00f4stu"}]},{"@type":"WebSite","@id":"https:\/\/kestaremesto.grkatke.sk\/#website","url":"https:\/\/kestaremesto.grkatke.sk\/","name":"GR\u00c9CKOKATOL\u00cdCKA CIRKEV FARNOS\u0164 KO\u0160ICE - STAR\u00c9 MESTO","description":"","potentialAction":[{"@type":"SearchAction","target":{"@type":"EntryPoint","urlTemplate":"https:\/\/kestaremesto.grkatke.sk\/?s={search_term_string}"},"query-input":{"@type":"PropertyValueSpecification","valueRequired":true,"valueName":"search_term_string"}}],"inLanguage":"sk-SK"},{"@type":"Person","@id":"https:\/\/kestaremesto.grkatke.sk\/#\/schema\/person\/86c8e7e5841259082af5c5b227e0d69b","name":"administr\u00e1tor","url":"https:\/\/kestaremesto.grkatke.sk\/?author=2"}]}},"_links":{"self":[{"href":"https:\/\/kestaremesto.grkatke.sk\/index.php?rest_route=\/wp\/v2\/posts\/587","targetHints":{"allow":["GET"]}}],"collection":[{"href":"https:\/\/kestaremesto.grkatke.sk\/index.php?rest_route=\/wp\/v2\/posts"}],"about":[{"href":"https:\/\/kestaremesto.grkatke.sk\/index.php?rest_route=\/wp\/v2\/types\/post"}],"author":[{"embeddable":true,"href":"https:\/\/kestaremesto.grkatke.sk\/index.php?rest_route=\/wp\/v2\/users\/2"}],"replies":[{"embeddable":true,"href":"https:\/\/kestaremesto.grkatke.sk\/index.php?rest_route=%2Fwp%2Fv2%2Fcomments&post=587"}],"version-history":[{"count":1,"href":"https:\/\/kestaremesto.grkatke.sk\/index.php?rest_route=\/wp\/v2\/posts\/587\/revisions"}],"predecessor-version":[{"id":589,"href":"https:\/\/kestaremesto.grkatke.sk\/index.php?rest_route=\/wp\/v2\/posts\/587\/revisions\/589"}],"wp:featuredmedia":[{"embeddable":true,"href":"https:\/\/kestaremesto.grkatke.sk\/index.php?rest_route=\/wp\/v2\/media\/588"}],"wp:attachment":[{"href":"https:\/\/kestaremesto.grkatke.sk\/index.php?rest_route=%2Fwp%2Fv2%2Fmedia&parent=587"}],"wp:term":[{"taxonomy":"category","embeddable":true,"href":"https:\/\/kestaremesto.grkatke.sk\/index.php?rest_route=%2Fwp%2Fv2%2Fcategories&post=587"},{"taxonomy":"post_tag","embeddable":true,"href":"https:\/\/kestaremesto.grkatke.sk\/index.php?rest_route=%2Fwp%2Fv2%2Ftags&post=587"}],"curies":[{"name":"wp","href":"https:\/\/api.w.org\/{rel}","templated":true}]}}