{"id":770,"date":"2017-06-03T10:36:03","date_gmt":"2017-06-03T08:36:03","guid":{"rendered":"https:\/\/kestaremesto.grkatke.sk\/?p=770"},"modified":"2017-06-03T10:36:49","modified_gmt":"2017-06-03T08:36:49","slug":"tak-potrebny-ale-zabudnuty","status":"publish","type":"post","link":"https:\/\/kestaremesto.grkatke.sk\/?p=770","title":{"rendered":"Tak potrebn\u00fd Sv\u00e4t\u00fd Duch"},"content":{"rendered":"<p>Sl\u00e1vime sviatok <em>Zost\u00fapenie Sv\u00e4t\u00e9ho Ducha<\/em> alebo <em>Sv\u00e4t\u00fa P\u00e4\u0165desiatnicu<\/em>. Pripome\u0148me si podstatu tohto Sviatku.<\/p>\n<p>P\u00e4\u0165desiat dn\u00ed po svojom zm\u0155tvychvstan\u00ed zoslal P\u00e1n z neba na svojich u\u010den\u00edkov Ducha Sv\u00e4t\u00e9ho. T\u00fdm sa za\u010dalo obdobie Cirkvi [ porov. KKC 731 &#8211; 733 ].<\/p>\n<p>P\u00e4\u0165desiatnica nie je odl\u00fa\u010den\u00e1 od sviatku <em>Paschy<\/em> a\u00a0<em>Nanebovst\u00fapenia<\/em>. V\u0161etky tieto sp\u00e1sne udalosti, pri ktor\u00fdch sa zrodila Cirkev, spolu s\u00favisia a\u00a0Cirkev je aj dnes tou istou ako na po\u010diatku, hoci ju Duch neust\u00e1le pretv\u00e1ra. D\u00e1 sa teda poveda\u0165, \u017ee <em>Sv\u00e4t\u00e1 P\u00e4\u0165desiatnica <\/em>je zavr\u0161en\u00edm pasch\u00e1lneho tajomstva. <em>Zost\u00fapenie Sv\u00e4t\u00e9ho Ducha<\/em> je teda vrcholom a spe\u010daten\u00edm cel\u00e9ho diela\u00a0sp\u00e1sy \u013eudsk\u00e9ho rodu, ktor\u00e9 uskuto\u010dnil Bo\u017e\u00ed Syn. Na p\u00e4\u0165desiaty de\u0148 od <em>Vzkriesenia<\/em> Sv\u00e4t\u00fd Duch pomazal apo\u0161tolov a urobil z nich ohlasovate\u013eov Kristovho Evanjelia. V de\u0148 <em>Zost\u00fapenia Sv\u00e4t\u00e9ho Ducha<\/em> sa rod\u00ed a za\u010d\u00edna p\u00f4sobi\u0165 Kristova Cirkev. Sv\u00e4t\u00fd Duch ju vedie, posv\u00e4cuje, osvecuje a udr\u017eiava na ceste pravdy.<\/p>\n<p>Sv\u00e4t\u00fd Duch nepri\u0161iel svoj\u00edm zost\u00fapen\u00edm u\u010dini\u0165 nejak\u00e9ho individu\u00e1lneho super\u010dloveka. Jeho p\u00f4sobenie bolo st\u00e1le vn\u00edman\u00e9 v\u00a0prvom rade v\u00a0s\u00favislosti so spolo\u010denstvom Cirkvi ne\u017e\u00a0s\u00a0indiv\u00edduom. Jeho p\u00f4sobenie je pri zrode Cirkvi, v\u00a0ktorej neust\u00e1le vanie. Sv\u00e4t\u00fd Duch teda buduje a vedie Cirkev. Pripom\u00edna jej, ak\u00e9 m\u00e1 poslanie. Povol\u00e1va \u013eud\u00ed do slu\u017eby Cirkvi a obdarov\u00e1va ich potrebn\u00fdmi darmi. Uv\u00e1dza n\u00e1s st\u00e1le hlb\u0161ie do spolo\u010denstva s trojjedin\u00fdm Bohom. Pom\u00e1ha n\u00e1m \u017ei\u0165 bohumilo, \u017ei\u0165 pod\u013ea Je\u017ei\u0161ovho vzoru.<\/p>\n<p>Prosme Sv\u00e4t\u00e9ho Ducha, aby sa v\u00a0n\u00e1s prejavil tak, ako o\u00a0tom p\u00ed\u0161e sv. apo\u0161tol Pavol. Ovocie Sv\u00e4t\u00e9ho Ducha s\u00fa: \u201eL\u00e1ska, rados\u0165, pokoj, zhovievavos\u0165, l\u00e1skavos\u0165, dobrota, vernos\u0165, miernos\u0165, zdr\u017eanlivos\u0165\u201c (Gal 5, 22).<\/p>\n","protected":false},"excerpt":{"rendered":"<p>Sl\u00e1vime sviatok Zost\u00fapenie Sv\u00e4t\u00e9ho Ducha alebo Sv\u00e4t\u00fa P\u00e4\u0165desiatnicu. Pripome\u0148me si podstatu tohto Sviatku. P\u00e4\u0165desiat dn\u00ed po svojom zm\u0155tvychvstan\u00ed zoslal P\u00e1n z neba na svojich u\u010den\u00edkov Ducha Sv\u00e4t\u00e9ho. T\u00fdm sa za\u010dalo obdobie Cirkvi [ porov. KKC 731 &#8211; 733 ]. P\u00e4\u0165desiatnica nie je odl\u00fa\u010den\u00e1 od sviatku Paschy a\u00a0Nanebovst\u00fapenia. V\u0161etky tieto sp\u00e1sne udalosti, pri ktor\u00fdch sa zrodila [&hellip;]<\/p>\n","protected":false},"author":2,"featured_media":771,"comment_status":"closed","ping_status":"closed","sticky":false,"template":"","format":"standard","meta":{"_coblocks_attr":"","_coblocks_dimensions":"","_coblocks_responsive_height":"","_coblocks_accordion_ie_support":"","footnotes":""},"categories":[1],"tags":[],"class_list":["post-770","post","type-post","status-publish","format-standard","has-post-thumbnail","hentry","category-nezaradene"],"yoast_head":"<!-- This site is optimized with the Yoast SEO plugin v27.4 - https:\/\/yoast.com\/product\/yoast-seo-wordpress\/ -->\n<title>Tak potrebn\u00fd Sv\u00e4t\u00fd Duch - GR\u00c9CKOKATOL\u00cdCKA CIRKEV FARNOS\u0164 KO\u0160ICE - STAR\u00c9 MESTO<\/title>\n<meta name=\"robots\" content=\"index, follow, max-snippet:-1, max-image-preview:large, max-video-preview:-1\" \/>\n<link rel=\"canonical\" href=\"https:\/\/kestaremesto.grkatke.sk\/?p=770\" \/>\n<meta property=\"og:locale\" content=\"sk_SK\" \/>\n<meta property=\"og:type\" content=\"article\" \/>\n<meta property=\"og:title\" content=\"Tak potrebn\u00fd Sv\u00e4t\u00fd Duch - GR\u00c9CKOKATOL\u00cdCKA CIRKEV FARNOS\u0164 KO\u0160ICE - STAR\u00c9 MESTO\" \/>\n<meta property=\"og:description\" content=\"Sl\u00e1vime sviatok Zost\u00fapenie Sv\u00e4t\u00e9ho Ducha alebo Sv\u00e4t\u00fa P\u00e4\u0165desiatnicu. Pripome\u0148me si podstatu tohto Sviatku. P\u00e4\u0165desiat dn\u00ed po svojom zm\u0155tvychvstan\u00ed zoslal P\u00e1n z neba na svojich u\u010den\u00edkov Ducha Sv\u00e4t\u00e9ho. T\u00fdm sa za\u010dalo obdobie Cirkvi [ porov. KKC 731 &#8211; 733 ]. P\u00e4\u0165desiatnica nie je odl\u00fa\u010den\u00e1 od sviatku Paschy a\u00a0Nanebovst\u00fapenia. V\u0161etky tieto sp\u00e1sne udalosti, pri ktor\u00fdch sa zrodila [&hellip;]\" \/>\n<meta property=\"og:url\" content=\"https:\/\/kestaremesto.grkatke.sk\/?p=770\" \/>\n<meta property=\"og:site_name\" content=\"GR\u00c9CKOKATOL\u00cdCKA CIRKEV FARNOS\u0164 KO\u0160ICE - STAR\u00c9 MESTO\" \/>\n<meta property=\"article:publisher\" content=\"https:\/\/www.facebook.com\/Na%c5%a1a-Katedr%c3%a1la-231637610336060\/\" \/>\n<meta property=\"article:published_time\" content=\"2017-06-03T08:36:03+00:00\" \/>\n<meta property=\"article:modified_time\" content=\"2017-06-03T08:36:49+00:00\" \/>\n<meta property=\"og:image\" content=\"https:\/\/kestaremesto.grkatke.sk\/wp-content\/uploads\/2017\/06\/5713011900_c6209844d0_b.jpg\" \/>\n\t<meta property=\"og:image:width\" content=\"960\" \/>\n\t<meta property=\"og:image:height\" content=\"1024\" \/>\n\t<meta property=\"og:image:type\" content=\"image\/jpeg\" \/>\n<meta name=\"author\" content=\"administr\u00e1tor\" \/>\n<meta name=\"twitter:card\" content=\"summary_large_image\" \/>\n<meta name=\"twitter:label1\" content=\"Autor\" \/>\n\t<meta name=\"twitter:data1\" content=\"administr\u00e1tor\" \/>\n\t<meta name=\"twitter:label2\" content=\"Predpokladan\u00fd \u010das \u010d\u00edtania\" \/>\n\t<meta name=\"twitter:data2\" content=\"2 min\u00faty\" \/>\n<script type=\"application\/ld+json\" class=\"yoast-schema-graph\">{\"@context\":\"https:\\\/\\\/schema.org\",\"@graph\":[{\"@type\":\"Article\",\"@id\":\"https:\\\/\\\/kestaremesto.grkatke.sk\\\/?p=770#article\",\"isPartOf\":{\"@id\":\"https:\\\/\\\/kestaremesto.grkatke.sk\\\/?p=770\"},\"author\":{\"name\":\"administr\u00e1tor\",\"@id\":\"https:\\\/\\\/kestaremesto.grkatke.sk\\\/#\\\/schema\\\/person\\\/86c8e7e5841259082af5c5b227e0d69b\"},\"headline\":\"Tak potrebn\u00fd Sv\u00e4t\u00fd Duch\",\"datePublished\":\"2017-06-03T08:36:03+00:00\",\"dateModified\":\"2017-06-03T08:36:49+00:00\",\"mainEntityOfPage\":{\"@id\":\"https:\\\/\\\/kestaremesto.grkatke.sk\\\/?p=770\"},\"wordCount\":342,\"image\":{\"@id\":\"https:\\\/\\\/kestaremesto.grkatke.sk\\\/?p=770#primaryimage\"},\"thumbnailUrl\":\"https:\\\/\\\/kestaremesto.grkatke.sk\\\/wp-content\\\/uploads\\\/2017\\\/06\\\/5713011900_c6209844d0_b.jpg\",\"inLanguage\":\"sk-SK\"},{\"@type\":\"WebPage\",\"@id\":\"https:\\\/\\\/kestaremesto.grkatke.sk\\\/?p=770\",\"url\":\"https:\\\/\\\/kestaremesto.grkatke.sk\\\/?p=770\",\"name\":\"Tak potrebn\u00fd Sv\u00e4t\u00fd Duch - GR\u00c9CKOKATOL\u00cdCKA CIRKEV FARNOS\u0164 KO\u0160ICE - STAR\u00c9 MESTO\",\"isPartOf\":{\"@id\":\"https:\\\/\\\/kestaremesto.grkatke.sk\\\/#website\"},\"primaryImageOfPage\":{\"@id\":\"https:\\\/\\\/kestaremesto.grkatke.sk\\\/?p=770#primaryimage\"},\"image\":{\"@id\":\"https:\\\/\\\/kestaremesto.grkatke.sk\\\/?p=770#primaryimage\"},\"thumbnailUrl\":\"https:\\\/\\\/kestaremesto.grkatke.sk\\\/wp-content\\\/uploads\\\/2017\\\/06\\\/5713011900_c6209844d0_b.jpg\",\"datePublished\":\"2017-06-03T08:36:03+00:00\",\"dateModified\":\"2017-06-03T08:36:49+00:00\",\"author\":{\"@id\":\"https:\\\/\\\/kestaremesto.grkatke.sk\\\/#\\\/schema\\\/person\\\/86c8e7e5841259082af5c5b227e0d69b\"},\"breadcrumb\":{\"@id\":\"https:\\\/\\\/kestaremesto.grkatke.sk\\\/?p=770#breadcrumb\"},\"inLanguage\":\"sk-SK\",\"potentialAction\":[{\"@type\":\"ReadAction\",\"target\":[\"https:\\\/\\\/kestaremesto.grkatke.sk\\\/?p=770\"]}]},{\"@type\":\"ImageObject\",\"inLanguage\":\"sk-SK\",\"@id\":\"https:\\\/\\\/kestaremesto.grkatke.sk\\\/?p=770#primaryimage\",\"url\":\"https:\\\/\\\/kestaremesto.grkatke.sk\\\/wp-content\\\/uploads\\\/2017\\\/06\\\/5713011900_c6209844d0_b.jpg\",\"contentUrl\":\"https:\\\/\\\/kestaremesto.grkatke.sk\\\/wp-content\\\/uploads\\\/2017\\\/06\\\/5713011900_c6209844d0_b.jpg\",\"width\":960,\"height\":1024},{\"@type\":\"BreadcrumbList\",\"@id\":\"https:\\\/\\\/kestaremesto.grkatke.sk\\\/?p=770#breadcrumb\",\"itemListElement\":[{\"@type\":\"ListItem\",\"position\":1,\"name\":\"Domovsk\u00e1 str\u00e1nka\",\"item\":\"https:\\\/\\\/kestaremesto.grkatke.sk\\\/\"},{\"@type\":\"ListItem\",\"position\":2,\"name\":\"Tak potrebn\u00fd Sv\u00e4t\u00fd Duch\"}]},{\"@type\":\"WebSite\",\"@id\":\"https:\\\/\\\/kestaremesto.grkatke.sk\\\/#website\",\"url\":\"https:\\\/\\\/kestaremesto.grkatke.sk\\\/\",\"name\":\"GR\u00c9CKOKATOL\u00cdCKA CIRKEV FARNOS\u0164 KO\u0160ICE - STAR\u00c9 MESTO\",\"description\":\"\",\"potentialAction\":[{\"@type\":\"SearchAction\",\"target\":{\"@type\":\"EntryPoint\",\"urlTemplate\":\"https:\\\/\\\/kestaremesto.grkatke.sk\\\/?s={search_term_string}\"},\"query-input\":{\"@type\":\"PropertyValueSpecification\",\"valueRequired\":true,\"valueName\":\"search_term_string\"}}],\"inLanguage\":\"sk-SK\"},{\"@type\":\"Person\",\"@id\":\"https:\\\/\\\/kestaremesto.grkatke.sk\\\/#\\\/schema\\\/person\\\/86c8e7e5841259082af5c5b227e0d69b\",\"name\":\"administr\u00e1tor\",\"url\":\"https:\\\/\\\/kestaremesto.grkatke.sk\\\/?author=2\"}]}<\/script>\n<!-- \/ Yoast SEO plugin. -->","yoast_head_json":{"title":"Tak potrebn\u00fd Sv\u00e4t\u00fd Duch - GR\u00c9CKOKATOL\u00cdCKA CIRKEV FARNOS\u0164 KO\u0160ICE - STAR\u00c9 MESTO","robots":{"index":"index","follow":"follow","max-snippet":"max-snippet:-1","max-image-preview":"max-image-preview:large","max-video-preview":"max-video-preview:-1"},"canonical":"https:\/\/kestaremesto.grkatke.sk\/?p=770","og_locale":"sk_SK","og_type":"article","og_title":"Tak potrebn\u00fd Sv\u00e4t\u00fd Duch - GR\u00c9CKOKATOL\u00cdCKA CIRKEV FARNOS\u0164 KO\u0160ICE - STAR\u00c9 MESTO","og_description":"Sl\u00e1vime sviatok Zost\u00fapenie Sv\u00e4t\u00e9ho Ducha alebo Sv\u00e4t\u00fa P\u00e4\u0165desiatnicu. Pripome\u0148me si podstatu tohto Sviatku. P\u00e4\u0165desiat dn\u00ed po svojom zm\u0155tvychvstan\u00ed zoslal P\u00e1n z neba na svojich u\u010den\u00edkov Ducha Sv\u00e4t\u00e9ho. T\u00fdm sa za\u010dalo obdobie Cirkvi [ porov. KKC 731 &#8211; 733 ]. P\u00e4\u0165desiatnica nie je odl\u00fa\u010den\u00e1 od sviatku Paschy a\u00a0Nanebovst\u00fapenia. V\u0161etky tieto sp\u00e1sne udalosti, pri ktor\u00fdch sa zrodila [&hellip;]","og_url":"https:\/\/kestaremesto.grkatke.sk\/?p=770","og_site_name":"GR\u00c9CKOKATOL\u00cdCKA CIRKEV FARNOS\u0164 KO\u0160ICE - STAR\u00c9 MESTO","article_publisher":"https:\/\/www.facebook.com\/Na%c5%a1a-Katedr%c3%a1la-231637610336060\/","article_published_time":"2017-06-03T08:36:03+00:00","article_modified_time":"2017-06-03T08:36:49+00:00","og_image":[{"width":960,"height":1024,"url":"https:\/\/kestaremesto.grkatke.sk\/wp-content\/uploads\/2017\/06\/5713011900_c6209844d0_b.jpg","type":"image\/jpeg"}],"author":"administr\u00e1tor","twitter_card":"summary_large_image","twitter_misc":{"Autor":"administr\u00e1tor","Predpokladan\u00fd \u010das \u010d\u00edtania":"2 min\u00faty"},"schema":{"@context":"https:\/\/schema.org","@graph":[{"@type":"Article","@id":"https:\/\/kestaremesto.grkatke.sk\/?p=770#article","isPartOf":{"@id":"https:\/\/kestaremesto.grkatke.sk\/?p=770"},"author":{"name":"administr\u00e1tor","@id":"https:\/\/kestaremesto.grkatke.sk\/#\/schema\/person\/86c8e7e5841259082af5c5b227e0d69b"},"headline":"Tak potrebn\u00fd Sv\u00e4t\u00fd Duch","datePublished":"2017-06-03T08:36:03+00:00","dateModified":"2017-06-03T08:36:49+00:00","mainEntityOfPage":{"@id":"https:\/\/kestaremesto.grkatke.sk\/?p=770"},"wordCount":342,"image":{"@id":"https:\/\/kestaremesto.grkatke.sk\/?p=770#primaryimage"},"thumbnailUrl":"https:\/\/kestaremesto.grkatke.sk\/wp-content\/uploads\/2017\/06\/5713011900_c6209844d0_b.jpg","inLanguage":"sk-SK"},{"@type":"WebPage","@id":"https:\/\/kestaremesto.grkatke.sk\/?p=770","url":"https:\/\/kestaremesto.grkatke.sk\/?p=770","name":"Tak potrebn\u00fd Sv\u00e4t\u00fd Duch - GR\u00c9CKOKATOL\u00cdCKA CIRKEV FARNOS\u0164 KO\u0160ICE - STAR\u00c9 MESTO","isPartOf":{"@id":"https:\/\/kestaremesto.grkatke.sk\/#website"},"primaryImageOfPage":{"@id":"https:\/\/kestaremesto.grkatke.sk\/?p=770#primaryimage"},"image":{"@id":"https:\/\/kestaremesto.grkatke.sk\/?p=770#primaryimage"},"thumbnailUrl":"https:\/\/kestaremesto.grkatke.sk\/wp-content\/uploads\/2017\/06\/5713011900_c6209844d0_b.jpg","datePublished":"2017-06-03T08:36:03+00:00","dateModified":"2017-06-03T08:36:49+00:00","author":{"@id":"https:\/\/kestaremesto.grkatke.sk\/#\/schema\/person\/86c8e7e5841259082af5c5b227e0d69b"},"breadcrumb":{"@id":"https:\/\/kestaremesto.grkatke.sk\/?p=770#breadcrumb"},"inLanguage":"sk-SK","potentialAction":[{"@type":"ReadAction","target":["https:\/\/kestaremesto.grkatke.sk\/?p=770"]}]},{"@type":"ImageObject","inLanguage":"sk-SK","@id":"https:\/\/kestaremesto.grkatke.sk\/?p=770#primaryimage","url":"https:\/\/kestaremesto.grkatke.sk\/wp-content\/uploads\/2017\/06\/5713011900_c6209844d0_b.jpg","contentUrl":"https:\/\/kestaremesto.grkatke.sk\/wp-content\/uploads\/2017\/06\/5713011900_c6209844d0_b.jpg","width":960,"height":1024},{"@type":"BreadcrumbList","@id":"https:\/\/kestaremesto.grkatke.sk\/?p=770#breadcrumb","itemListElement":[{"@type":"ListItem","position":1,"name":"Domovsk\u00e1 str\u00e1nka","item":"https:\/\/kestaremesto.grkatke.sk\/"},{"@type":"ListItem","position":2,"name":"Tak potrebn\u00fd Sv\u00e4t\u00fd Duch"}]},{"@type":"WebSite","@id":"https:\/\/kestaremesto.grkatke.sk\/#website","url":"https:\/\/kestaremesto.grkatke.sk\/","name":"GR\u00c9CKOKATOL\u00cdCKA CIRKEV FARNOS\u0164 KO\u0160ICE - STAR\u00c9 MESTO","description":"","potentialAction":[{"@type":"SearchAction","target":{"@type":"EntryPoint","urlTemplate":"https:\/\/kestaremesto.grkatke.sk\/?s={search_term_string}"},"query-input":{"@type":"PropertyValueSpecification","valueRequired":true,"valueName":"search_term_string"}}],"inLanguage":"sk-SK"},{"@type":"Person","@id":"https:\/\/kestaremesto.grkatke.sk\/#\/schema\/person\/86c8e7e5841259082af5c5b227e0d69b","name":"administr\u00e1tor","url":"https:\/\/kestaremesto.grkatke.sk\/?author=2"}]}},"_links":{"self":[{"href":"https:\/\/kestaremesto.grkatke.sk\/index.php?rest_route=\/wp\/v2\/posts\/770","targetHints":{"allow":["GET"]}}],"collection":[{"href":"https:\/\/kestaremesto.grkatke.sk\/index.php?rest_route=\/wp\/v2\/posts"}],"about":[{"href":"https:\/\/kestaremesto.grkatke.sk\/index.php?rest_route=\/wp\/v2\/types\/post"}],"author":[{"embeddable":true,"href":"https:\/\/kestaremesto.grkatke.sk\/index.php?rest_route=\/wp\/v2\/users\/2"}],"replies":[{"embeddable":true,"href":"https:\/\/kestaremesto.grkatke.sk\/index.php?rest_route=%2Fwp%2Fv2%2Fcomments&post=770"}],"version-history":[{"count":3,"href":"https:\/\/kestaremesto.grkatke.sk\/index.php?rest_route=\/wp\/v2\/posts\/770\/revisions"}],"predecessor-version":[{"id":781,"href":"https:\/\/kestaremesto.grkatke.sk\/index.php?rest_route=\/wp\/v2\/posts\/770\/revisions\/781"}],"wp:featuredmedia":[{"embeddable":true,"href":"https:\/\/kestaremesto.grkatke.sk\/index.php?rest_route=\/wp\/v2\/media\/771"}],"wp:attachment":[{"href":"https:\/\/kestaremesto.grkatke.sk\/index.php?rest_route=%2Fwp%2Fv2%2Fmedia&parent=770"}],"wp:term":[{"taxonomy":"category","embeddable":true,"href":"https:\/\/kestaremesto.grkatke.sk\/index.php?rest_route=%2Fwp%2Fv2%2Fcategories&post=770"},{"taxonomy":"post_tag","embeddable":true,"href":"https:\/\/kestaremesto.grkatke.sk\/index.php?rest_route=%2Fwp%2Fv2%2Ftags&post=770"}],"curies":[{"name":"wp","href":"https:\/\/api.w.org\/{rel}","templated":true}]}}