{"id":799,"date":"2017-06-24T09:06:50","date_gmt":"2017-06-24T07:06:50","guid":{"rendered":"https:\/\/kestaremesto.grkatke.sk\/?p=799"},"modified":"2017-06-24T09:06:50","modified_gmt":"2017-06-24T07:06:50","slug":"najvyssi-apostoli","status":"publish","type":"post","link":"https:\/\/kestaremesto.grkatke.sk\/?p=799","title":{"rendered":"Najvy\u0161\u0161\u00ed apo\u0161toli"},"content":{"rendered":"<p>Na bud\u00faci t\u00fd\u017ede\u0148 sl\u00e1vime sviatok sv. Petra a\u00a0Pavla. Pripome\u0148me si pri tejto pr\u00edle\u017eitosti d\u00f4le\u017eit\u00e9 skuto\u010dnosti ich \u017eivota.<\/p>\n<p>Sv. apo\u0161toli Peter a Pavol ohlasovali evanjelium Je\u017ei\u0161a Krista po celom vtedy zn\u00e1mom svete. <strong>Sv\u00e4t\u00fd Peter<\/strong> \u2013 p\u00f4vodn\u00fdm menom \u0160imon \u2013 sa narodil v Palest\u00edne, v meste\u010dku Betsaida na severnom brehu Genezaretsk\u00e9ho jazera. V dospelom veku b\u00fdval v meste Kafarnaume. Bol bratom apo\u0161tola Andreja. Ke\u010f ho Je\u017ei\u0161 povolal za apo\u0161tola, zmenil mu meno na Peter, tj. Skala, na ktorej zalo\u017eil svoju Cirkev a Petrovi dal \u201ek\u013e\u00fa\u010de od nebesk\u00e9ho kr\u00e1\u013eovstva\u201c. Peter najprv hl\u00e1sal evanjelium v Palest\u00edne, potom v Antiochii, v Korinte a napokon v R\u00edme, kde bol aj ukri\u017eovan\u00fd dolu hlavou v roku 64 alebo v roku 67.<\/p>\n<p><strong>Sv\u00e4t\u00fd Pavo<\/strong>l sa narodil okolo roku 10 v Tarze, ktor\u00fd bol d\u00f4le\u017eit\u00fdm kult\u00farnym a obchodn\u00fdm strediskom v Malej \u00c1zii. P\u00f4vodne sa menoval \u0160avol. \u0160tudoval v Jeruzaleme a stal sa tu ve\u013ek\u00fdm prenasledovate\u013eom kres\u0165anov. Na ceste do Damasku okolo roku 33-35 sa mu zjavil Je\u017ei\u0161 Kristus. Pavol sa stal kres\u0165anom a ve\u013ek\u00fdm mision\u00e1rom medzi pohanmi. P\u00f4sobil na Cypre, v Malej \u00c1zii, v Maced\u00f3nii, v Gr\u00e9cku aj v R\u00edme. Pavol bol s\u0165at\u00fd v R\u00edme v roku 67 za cis\u00e1ra Nera. Pochovan\u00fd je v bazilike sv. Pavla v R\u00edme postavenej v 4. storo\u010d\u00ed.<\/p>\n<p>O \u017eivote a \u010dinnosti sv. Petra a Pavla sa zachovali pomerne ob\u0161\u00edrne historick\u00e9 \u00fadaje (v evanjeli\u00e1ch, v Skutkoch apo\u0161tolov a v spisoch cirkevn\u00fdch Otcov a apolog\u00e9tov). Obaja t\u00edto apo\u0161toli boli umu\u010den\u00ed v R\u00edme za cis\u00e1ra Nera. Peter bol ukri\u017eovan\u00fd dole hlavou na Vatik\u00e1nskom v\u0155\u0161ku, Pavol \u2013 ako r\u00edmsky ob\u010dan \u2013 bol s\u0165at\u00fd pri Ostijskej br\u00e1ne. Ich pozostatky sa hne\u010f stali predmetom osobitnej \u00facty. V roku 258 ich kres\u0165ania ukryli v katakomb\u00e1ch sv. Sebasti\u00e1na, odtia\u013e ich v 4. storo\u010d\u00ed sl\u00e1vnostne preniesli do baziliky, ktor\u00fa dal na mieste Petrovho umu\u010denia postavi\u0165 cis\u00e1r Kon\u0161tant\u00edn.<\/p>\n<p>Nech bud\u00fa pre n\u00e1s t\u00edto dvaja najvy\u0161\u0161\u00ed apo\u0161toli vzorom v\u00a0nasledovn\u00ed Krista.<\/p>\n","protected":false},"excerpt":{"rendered":"<p>Na bud\u00faci t\u00fd\u017ede\u0148 sl\u00e1vime sviatok sv. Petra a\u00a0Pavla. Pripome\u0148me si pri tejto pr\u00edle\u017eitosti d\u00f4le\u017eit\u00e9 skuto\u010dnosti ich \u017eivota. Sv. apo\u0161toli Peter a Pavol ohlasovali evanjelium Je\u017ei\u0161a Krista po celom vtedy zn\u00e1mom svete. Sv\u00e4t\u00fd Peter \u2013 p\u00f4vodn\u00fdm menom \u0160imon \u2013 sa narodil v Palest\u00edne, v meste\u010dku Betsaida na severnom brehu Genezaretsk\u00e9ho jazera. V dospelom veku b\u00fdval v [&hellip;]<\/p>\n","protected":false},"author":2,"featured_media":800,"comment_status":"closed","ping_status":"closed","sticky":false,"template":"","format":"standard","meta":{"_coblocks_attr":"","_coblocks_dimensions":"","_coblocks_responsive_height":"","_coblocks_accordion_ie_support":"","footnotes":""},"categories":[1],"tags":[],"class_list":["post-799","post","type-post","status-publish","format-standard","has-post-thumbnail","hentry","category-nezaradene"],"yoast_head":"<!-- This site is optimized with the Yoast SEO plugin v27.4 - https:\/\/yoast.com\/product\/yoast-seo-wordpress\/ -->\n<title>Najvy\u0161\u0161\u00ed apo\u0161toli - GR\u00c9CKOKATOL\u00cdCKA CIRKEV FARNOS\u0164 KO\u0160ICE - STAR\u00c9 MESTO<\/title>\n<meta name=\"robots\" content=\"index, follow, max-snippet:-1, max-image-preview:large, max-video-preview:-1\" \/>\n<link rel=\"canonical\" href=\"https:\/\/kestaremesto.grkatke.sk\/?p=799\" \/>\n<meta property=\"og:locale\" content=\"sk_SK\" \/>\n<meta property=\"og:type\" content=\"article\" \/>\n<meta property=\"og:title\" content=\"Najvy\u0161\u0161\u00ed apo\u0161toli - GR\u00c9CKOKATOL\u00cdCKA CIRKEV FARNOS\u0164 KO\u0160ICE - STAR\u00c9 MESTO\" \/>\n<meta property=\"og:description\" content=\"Na bud\u00faci t\u00fd\u017ede\u0148 sl\u00e1vime sviatok sv. Petra a\u00a0Pavla. Pripome\u0148me si pri tejto pr\u00edle\u017eitosti d\u00f4le\u017eit\u00e9 skuto\u010dnosti ich \u017eivota. Sv. apo\u0161toli Peter a Pavol ohlasovali evanjelium Je\u017ei\u0161a Krista po celom vtedy zn\u00e1mom svete. Sv\u00e4t\u00fd Peter \u2013 p\u00f4vodn\u00fdm menom \u0160imon \u2013 sa narodil v Palest\u00edne, v meste\u010dku Betsaida na severnom brehu Genezaretsk\u00e9ho jazera. V dospelom veku b\u00fdval v [&hellip;]\" \/>\n<meta property=\"og:url\" content=\"https:\/\/kestaremesto.grkatke.sk\/?p=799\" \/>\n<meta property=\"og:site_name\" content=\"GR\u00c9CKOKATOL\u00cdCKA CIRKEV FARNOS\u0164 KO\u0160ICE - STAR\u00c9 MESTO\" \/>\n<meta property=\"article:publisher\" content=\"https:\/\/www.facebook.com\/Na%c5%a1a-Katedr%c3%a1la-231637610336060\/\" \/>\n<meta property=\"article:published_time\" content=\"2017-06-24T07:06:50+00:00\" \/>\n<meta property=\"og:image\" content=\"https:\/\/kestaremesto.grkatke.sk\/wp-content\/uploads\/2017\/06\/sv._Peter_a_Pavol.jpg\" \/>\n\t<meta property=\"og:image:width\" content=\"1080\" \/>\n\t<meta property=\"og:image:height\" content=\"1205\" \/>\n\t<meta property=\"og:image:type\" content=\"image\/jpeg\" \/>\n<meta name=\"author\" content=\"administr\u00e1tor\" \/>\n<meta name=\"twitter:card\" content=\"summary_large_image\" \/>\n<meta name=\"twitter:label1\" content=\"Autor\" \/>\n\t<meta name=\"twitter:data1\" content=\"administr\u00e1tor\" \/>\n\t<meta name=\"twitter:label2\" content=\"Predpokladan\u00fd \u010das \u010d\u00edtania\" \/>\n\t<meta name=\"twitter:data2\" content=\"2 min\u00faty\" \/>\n<script type=\"application\/ld+json\" class=\"yoast-schema-graph\">{\"@context\":\"https:\\\/\\\/schema.org\",\"@graph\":[{\"@type\":\"Article\",\"@id\":\"https:\\\/\\\/kestaremesto.grkatke.sk\\\/?p=799#article\",\"isPartOf\":{\"@id\":\"https:\\\/\\\/kestaremesto.grkatke.sk\\\/?p=799\"},\"author\":{\"name\":\"administr\u00e1tor\",\"@id\":\"https:\\\/\\\/kestaremesto.grkatke.sk\\\/#\\\/schema\\\/person\\\/86c8e7e5841259082af5c5b227e0d69b\"},\"headline\":\"Najvy\u0161\u0161\u00ed apo\u0161toli\",\"datePublished\":\"2017-06-24T07:06:50+00:00\",\"mainEntityOfPage\":{\"@id\":\"https:\\\/\\\/kestaremesto.grkatke.sk\\\/?p=799\"},\"wordCount\":383,\"image\":{\"@id\":\"https:\\\/\\\/kestaremesto.grkatke.sk\\\/?p=799#primaryimage\"},\"thumbnailUrl\":\"https:\\\/\\\/kestaremesto.grkatke.sk\\\/wp-content\\\/uploads\\\/2017\\\/06\\\/sv._Peter_a_Pavol.jpg\",\"inLanguage\":\"sk-SK\"},{\"@type\":\"WebPage\",\"@id\":\"https:\\\/\\\/kestaremesto.grkatke.sk\\\/?p=799\",\"url\":\"https:\\\/\\\/kestaremesto.grkatke.sk\\\/?p=799\",\"name\":\"Najvy\u0161\u0161\u00ed apo\u0161toli - GR\u00c9CKOKATOL\u00cdCKA CIRKEV FARNOS\u0164 KO\u0160ICE - STAR\u00c9 MESTO\",\"isPartOf\":{\"@id\":\"https:\\\/\\\/kestaremesto.grkatke.sk\\\/#website\"},\"primaryImageOfPage\":{\"@id\":\"https:\\\/\\\/kestaremesto.grkatke.sk\\\/?p=799#primaryimage\"},\"image\":{\"@id\":\"https:\\\/\\\/kestaremesto.grkatke.sk\\\/?p=799#primaryimage\"},\"thumbnailUrl\":\"https:\\\/\\\/kestaremesto.grkatke.sk\\\/wp-content\\\/uploads\\\/2017\\\/06\\\/sv._Peter_a_Pavol.jpg\",\"datePublished\":\"2017-06-24T07:06:50+00:00\",\"author\":{\"@id\":\"https:\\\/\\\/kestaremesto.grkatke.sk\\\/#\\\/schema\\\/person\\\/86c8e7e5841259082af5c5b227e0d69b\"},\"breadcrumb\":{\"@id\":\"https:\\\/\\\/kestaremesto.grkatke.sk\\\/?p=799#breadcrumb\"},\"inLanguage\":\"sk-SK\",\"potentialAction\":[{\"@type\":\"ReadAction\",\"target\":[\"https:\\\/\\\/kestaremesto.grkatke.sk\\\/?p=799\"]}]},{\"@type\":\"ImageObject\",\"inLanguage\":\"sk-SK\",\"@id\":\"https:\\\/\\\/kestaremesto.grkatke.sk\\\/?p=799#primaryimage\",\"url\":\"https:\\\/\\\/kestaremesto.grkatke.sk\\\/wp-content\\\/uploads\\\/2017\\\/06\\\/sv._Peter_a_Pavol.jpg\",\"contentUrl\":\"https:\\\/\\\/kestaremesto.grkatke.sk\\\/wp-content\\\/uploads\\\/2017\\\/06\\\/sv._Peter_a_Pavol.jpg\",\"width\":1080,\"height\":1205},{\"@type\":\"BreadcrumbList\",\"@id\":\"https:\\\/\\\/kestaremesto.grkatke.sk\\\/?p=799#breadcrumb\",\"itemListElement\":[{\"@type\":\"ListItem\",\"position\":1,\"name\":\"Domovsk\u00e1 str\u00e1nka\",\"item\":\"https:\\\/\\\/kestaremesto.grkatke.sk\\\/\"},{\"@type\":\"ListItem\",\"position\":2,\"name\":\"Najvy\u0161\u0161\u00ed apo\u0161toli\"}]},{\"@type\":\"WebSite\",\"@id\":\"https:\\\/\\\/kestaremesto.grkatke.sk\\\/#website\",\"url\":\"https:\\\/\\\/kestaremesto.grkatke.sk\\\/\",\"name\":\"GR\u00c9CKOKATOL\u00cdCKA CIRKEV FARNOS\u0164 KO\u0160ICE - STAR\u00c9 MESTO\",\"description\":\"\",\"potentialAction\":[{\"@type\":\"SearchAction\",\"target\":{\"@type\":\"EntryPoint\",\"urlTemplate\":\"https:\\\/\\\/kestaremesto.grkatke.sk\\\/?s={search_term_string}\"},\"query-input\":{\"@type\":\"PropertyValueSpecification\",\"valueRequired\":true,\"valueName\":\"search_term_string\"}}],\"inLanguage\":\"sk-SK\"},{\"@type\":\"Person\",\"@id\":\"https:\\\/\\\/kestaremesto.grkatke.sk\\\/#\\\/schema\\\/person\\\/86c8e7e5841259082af5c5b227e0d69b\",\"name\":\"administr\u00e1tor\",\"url\":\"https:\\\/\\\/kestaremesto.grkatke.sk\\\/?author=2\"}]}<\/script>\n<!-- \/ Yoast SEO plugin. -->","yoast_head_json":{"title":"Najvy\u0161\u0161\u00ed apo\u0161toli - GR\u00c9CKOKATOL\u00cdCKA CIRKEV FARNOS\u0164 KO\u0160ICE - STAR\u00c9 MESTO","robots":{"index":"index","follow":"follow","max-snippet":"max-snippet:-1","max-image-preview":"max-image-preview:large","max-video-preview":"max-video-preview:-1"},"canonical":"https:\/\/kestaremesto.grkatke.sk\/?p=799","og_locale":"sk_SK","og_type":"article","og_title":"Najvy\u0161\u0161\u00ed apo\u0161toli - GR\u00c9CKOKATOL\u00cdCKA CIRKEV FARNOS\u0164 KO\u0160ICE - STAR\u00c9 MESTO","og_description":"Na bud\u00faci t\u00fd\u017ede\u0148 sl\u00e1vime sviatok sv. Petra a\u00a0Pavla. Pripome\u0148me si pri tejto pr\u00edle\u017eitosti d\u00f4le\u017eit\u00e9 skuto\u010dnosti ich \u017eivota. Sv. apo\u0161toli Peter a Pavol ohlasovali evanjelium Je\u017ei\u0161a Krista po celom vtedy zn\u00e1mom svete. Sv\u00e4t\u00fd Peter \u2013 p\u00f4vodn\u00fdm menom \u0160imon \u2013 sa narodil v Palest\u00edne, v meste\u010dku Betsaida na severnom brehu Genezaretsk\u00e9ho jazera. V dospelom veku b\u00fdval v [&hellip;]","og_url":"https:\/\/kestaremesto.grkatke.sk\/?p=799","og_site_name":"GR\u00c9CKOKATOL\u00cdCKA CIRKEV FARNOS\u0164 KO\u0160ICE - STAR\u00c9 MESTO","article_publisher":"https:\/\/www.facebook.com\/Na%c5%a1a-Katedr%c3%a1la-231637610336060\/","article_published_time":"2017-06-24T07:06:50+00:00","og_image":[{"width":1080,"height":1205,"url":"https:\/\/kestaremesto.grkatke.sk\/wp-content\/uploads\/2017\/06\/sv._Peter_a_Pavol.jpg","type":"image\/jpeg"}],"author":"administr\u00e1tor","twitter_card":"summary_large_image","twitter_misc":{"Autor":"administr\u00e1tor","Predpokladan\u00fd \u010das \u010d\u00edtania":"2 min\u00faty"},"schema":{"@context":"https:\/\/schema.org","@graph":[{"@type":"Article","@id":"https:\/\/kestaremesto.grkatke.sk\/?p=799#article","isPartOf":{"@id":"https:\/\/kestaremesto.grkatke.sk\/?p=799"},"author":{"name":"administr\u00e1tor","@id":"https:\/\/kestaremesto.grkatke.sk\/#\/schema\/person\/86c8e7e5841259082af5c5b227e0d69b"},"headline":"Najvy\u0161\u0161\u00ed apo\u0161toli","datePublished":"2017-06-24T07:06:50+00:00","mainEntityOfPage":{"@id":"https:\/\/kestaremesto.grkatke.sk\/?p=799"},"wordCount":383,"image":{"@id":"https:\/\/kestaremesto.grkatke.sk\/?p=799#primaryimage"},"thumbnailUrl":"https:\/\/kestaremesto.grkatke.sk\/wp-content\/uploads\/2017\/06\/sv._Peter_a_Pavol.jpg","inLanguage":"sk-SK"},{"@type":"WebPage","@id":"https:\/\/kestaremesto.grkatke.sk\/?p=799","url":"https:\/\/kestaremesto.grkatke.sk\/?p=799","name":"Najvy\u0161\u0161\u00ed apo\u0161toli - GR\u00c9CKOKATOL\u00cdCKA CIRKEV FARNOS\u0164 KO\u0160ICE - STAR\u00c9 MESTO","isPartOf":{"@id":"https:\/\/kestaremesto.grkatke.sk\/#website"},"primaryImageOfPage":{"@id":"https:\/\/kestaremesto.grkatke.sk\/?p=799#primaryimage"},"image":{"@id":"https:\/\/kestaremesto.grkatke.sk\/?p=799#primaryimage"},"thumbnailUrl":"https:\/\/kestaremesto.grkatke.sk\/wp-content\/uploads\/2017\/06\/sv._Peter_a_Pavol.jpg","datePublished":"2017-06-24T07:06:50+00:00","author":{"@id":"https:\/\/kestaremesto.grkatke.sk\/#\/schema\/person\/86c8e7e5841259082af5c5b227e0d69b"},"breadcrumb":{"@id":"https:\/\/kestaremesto.grkatke.sk\/?p=799#breadcrumb"},"inLanguage":"sk-SK","potentialAction":[{"@type":"ReadAction","target":["https:\/\/kestaremesto.grkatke.sk\/?p=799"]}]},{"@type":"ImageObject","inLanguage":"sk-SK","@id":"https:\/\/kestaremesto.grkatke.sk\/?p=799#primaryimage","url":"https:\/\/kestaremesto.grkatke.sk\/wp-content\/uploads\/2017\/06\/sv._Peter_a_Pavol.jpg","contentUrl":"https:\/\/kestaremesto.grkatke.sk\/wp-content\/uploads\/2017\/06\/sv._Peter_a_Pavol.jpg","width":1080,"height":1205},{"@type":"BreadcrumbList","@id":"https:\/\/kestaremesto.grkatke.sk\/?p=799#breadcrumb","itemListElement":[{"@type":"ListItem","position":1,"name":"Domovsk\u00e1 str\u00e1nka","item":"https:\/\/kestaremesto.grkatke.sk\/"},{"@type":"ListItem","position":2,"name":"Najvy\u0161\u0161\u00ed apo\u0161toli"}]},{"@type":"WebSite","@id":"https:\/\/kestaremesto.grkatke.sk\/#website","url":"https:\/\/kestaremesto.grkatke.sk\/","name":"GR\u00c9CKOKATOL\u00cdCKA CIRKEV FARNOS\u0164 KO\u0160ICE - STAR\u00c9 MESTO","description":"","potentialAction":[{"@type":"SearchAction","target":{"@type":"EntryPoint","urlTemplate":"https:\/\/kestaremesto.grkatke.sk\/?s={search_term_string}"},"query-input":{"@type":"PropertyValueSpecification","valueRequired":true,"valueName":"search_term_string"}}],"inLanguage":"sk-SK"},{"@type":"Person","@id":"https:\/\/kestaremesto.grkatke.sk\/#\/schema\/person\/86c8e7e5841259082af5c5b227e0d69b","name":"administr\u00e1tor","url":"https:\/\/kestaremesto.grkatke.sk\/?author=2"}]}},"_links":{"self":[{"href":"https:\/\/kestaremesto.grkatke.sk\/index.php?rest_route=\/wp\/v2\/posts\/799","targetHints":{"allow":["GET"]}}],"collection":[{"href":"https:\/\/kestaremesto.grkatke.sk\/index.php?rest_route=\/wp\/v2\/posts"}],"about":[{"href":"https:\/\/kestaremesto.grkatke.sk\/index.php?rest_route=\/wp\/v2\/types\/post"}],"author":[{"embeddable":true,"href":"https:\/\/kestaremesto.grkatke.sk\/index.php?rest_route=\/wp\/v2\/users\/2"}],"replies":[{"embeddable":true,"href":"https:\/\/kestaremesto.grkatke.sk\/index.php?rest_route=%2Fwp%2Fv2%2Fcomments&post=799"}],"version-history":[{"count":1,"href":"https:\/\/kestaremesto.grkatke.sk\/index.php?rest_route=\/wp\/v2\/posts\/799\/revisions"}],"predecessor-version":[{"id":801,"href":"https:\/\/kestaremesto.grkatke.sk\/index.php?rest_route=\/wp\/v2\/posts\/799\/revisions\/801"}],"wp:featuredmedia":[{"embeddable":true,"href":"https:\/\/kestaremesto.grkatke.sk\/index.php?rest_route=\/wp\/v2\/media\/800"}],"wp:attachment":[{"href":"https:\/\/kestaremesto.grkatke.sk\/index.php?rest_route=%2Fwp%2Fv2%2Fmedia&parent=799"}],"wp:term":[{"taxonomy":"category","embeddable":true,"href":"https:\/\/kestaremesto.grkatke.sk\/index.php?rest_route=%2Fwp%2Fv2%2Fcategories&post=799"},{"taxonomy":"post_tag","embeddable":true,"href":"https:\/\/kestaremesto.grkatke.sk\/index.php?rest_route=%2Fwp%2Fv2%2Ftags&post=799"}],"curies":[{"name":"wp","href":"https:\/\/api.w.org\/{rel}","templated":true}]}}