{"id":835,"date":"2017-08-25T08:29:23","date_gmt":"2017-08-25T06:29:23","guid":{"rendered":"https:\/\/kestaremesto.grkatke.sk\/?p=835"},"modified":"2017-08-25T08:29:23","modified_gmt":"2017-08-25T06:29:23","slug":"eparchialna-odpustova-slavnost-v-katedrale-v-kosiciach","status":"publish","type":"post","link":"https:\/\/kestaremesto.grkatke.sk\/?p=835","title":{"rendered":"Eparchi\u00e1lna odpustov\u00e1 sl\u00e1vnos\u0165 v Katedr\u00e1le v Ko\u0161iciach"},"content":{"rendered":"<p><strong>Eparchi\u00e1lna odpustov\u00e1 sl\u00e1vnos\u0165 Ko\u0161ickej eparchie Narodenia Presv\u00e4tej Bohorodi\u010dky v\u00a0Katedr\u00e1lnom chr\u00e1me v\u00a0Ko\u0161iciach<\/strong><\/p>\n<p><strong>Program:<\/strong><\/p>\n<p><strong>Sobota \u2013 9. september 2017<\/strong><\/p>\n<p>15:00 \u2013 Deviata hodinka<br \/>\n15:15 \u2013 Mal\u00e9 sv\u00e4tenie vody<br \/>\n16:00 \u2013 Modlitba posv\u00e4tn\u00e9ho ru\u017eenca<br \/>\n16:30 \u2013 Ve\u013ek\u00e1 ve\u010diere\u0148 s\u00a0l\u00edtiou<br \/>\n18:00 \u2013 Archijerejsk\u00e1 sv\u00e4t\u00e1 liturgia<br \/>\n19:30 \u2013 Beseda s\u00a0vladykom Milanom Chauturom: \u201ePod\u00e1vanie sviatosti eucharistie de\u0165om\u201c<br \/>\n20:45 \u2013 Agap\u00e9 na farskom dvore<br \/>\n21:30 \u2013 Akad\u00e9mia k\u00a0125. v\u00fdro\u010diu zalo\u017eenia Kogreg\u00e1cie SSNPM<br \/>\nMoleben k\u00a0bl. Jozafate Horda\u0161evskej<br \/>\n22:30 \u2013 Mal\u00e9 pove\u010derie<br \/>\n23:15 \u2013 Eucharistick\u00e1 pobo\u017enos\u0165<\/p>\n<p>&nbsp;<\/p>\n<p><strong>Nede\u013ea \u2013 10. september 2017<\/strong><\/p>\n<p>06:30 \u2013 Akatist k\u00a0Presv\u00e4tej Bohorodi\u010dke<br \/>\n07:00 \u2013 Utiere\u0148<br \/>\n08:00 \u2013 Sv\u00e4t\u00e1 liturgia (CS)<br \/>\n09:30 \u2013 Tretia hodinka<br \/>\n10:00 \u2013 Sl\u00e1vnostn\u00e1 archijerejsk\u00e1 sv\u00e4t\u00e1 liturgia<br \/>\nSl\u00e1vnostn\u00fd kazate\u013e: vladyka Peter Rusn\u00e1k, bratislavsk\u00fd eparcha<\/p>\n","protected":false},"excerpt":{"rendered":"<p>Eparchi\u00e1lna odpustov\u00e1 sl\u00e1vnos\u0165 Ko\u0161ickej eparchie Narodenia Presv\u00e4tej Bohorodi\u010dky v\u00a0Katedr\u00e1lnom chr\u00e1me v\u00a0Ko\u0161iciach Program: Sobota \u2013 9. september 2017 15:00 \u2013 Deviata hodinka 15:15 \u2013 Mal\u00e9 sv\u00e4tenie vody 16:00 \u2013 Modlitba posv\u00e4tn\u00e9ho ru\u017eenca 16:30 \u2013 Ve\u013ek\u00e1 ve\u010diere\u0148 s\u00a0l\u00edtiou 18:00 \u2013 Archijerejsk\u00e1 sv\u00e4t\u00e1 liturgia 19:30 \u2013 Beseda s\u00a0vladykom Milanom Chauturom: \u201ePod\u00e1vanie sviatosti eucharistie de\u0165om\u201c 20:45 \u2013 Agap\u00e9 na [&hellip;]<\/p>\n","protected":false},"author":2,"featured_media":836,"comment_status":"closed","ping_status":"closed","sticky":false,"template":"","format":"standard","meta":{"_coblocks_attr":"","_coblocks_dimensions":"","_coblocks_responsive_height":"","_coblocks_accordion_ie_support":"","footnotes":""},"categories":[1],"tags":[],"class_list":["post-835","post","type-post","status-publish","format-standard","has-post-thumbnail","hentry","category-nezaradene"],"yoast_head":"<!-- This site is optimized with the Yoast SEO plugin v27.4 - https:\/\/yoast.com\/product\/yoast-seo-wordpress\/ -->\n<title>Eparchi\u00e1lna odpustov\u00e1 sl\u00e1vnos\u0165 v Katedr\u00e1le v Ko\u0161iciach - GR\u00c9CKOKATOL\u00cdCKA CIRKEV FARNOS\u0164 KO\u0160ICE - STAR\u00c9 MESTO<\/title>\n<meta name=\"robots\" content=\"index, follow, max-snippet:-1, max-image-preview:large, max-video-preview:-1\" \/>\n<link rel=\"canonical\" href=\"https:\/\/kestaremesto.grkatke.sk\/?p=835\" \/>\n<meta property=\"og:locale\" content=\"sk_SK\" \/>\n<meta property=\"og:type\" content=\"article\" \/>\n<meta property=\"og:title\" content=\"Eparchi\u00e1lna odpustov\u00e1 sl\u00e1vnos\u0165 v Katedr\u00e1le v Ko\u0161iciach - GR\u00c9CKOKATOL\u00cdCKA CIRKEV FARNOS\u0164 KO\u0160ICE - STAR\u00c9 MESTO\" \/>\n<meta property=\"og:description\" content=\"Eparchi\u00e1lna odpustov\u00e1 sl\u00e1vnos\u0165 Ko\u0161ickej eparchie Narodenia Presv\u00e4tej Bohorodi\u010dky v\u00a0Katedr\u00e1lnom chr\u00e1me v\u00a0Ko\u0161iciach Program: Sobota \u2013 9. september 2017 15:00 \u2013 Deviata hodinka 15:15 \u2013 Mal\u00e9 sv\u00e4tenie vody 16:00 \u2013 Modlitba posv\u00e4tn\u00e9ho ru\u017eenca 16:30 \u2013 Ve\u013ek\u00e1 ve\u010diere\u0148 s\u00a0l\u00edtiou 18:00 \u2013 Archijerejsk\u00e1 sv\u00e4t\u00e1 liturgia 19:30 \u2013 Beseda s\u00a0vladykom Milanom Chauturom: \u201ePod\u00e1vanie sviatosti eucharistie de\u0165om\u201c 20:45 \u2013 Agap\u00e9 na [&hellip;]\" \/>\n<meta property=\"og:url\" content=\"https:\/\/kestaremesto.grkatke.sk\/?p=835\" \/>\n<meta property=\"og:site_name\" content=\"GR\u00c9CKOKATOL\u00cdCKA CIRKEV FARNOS\u0164 KO\u0160ICE - STAR\u00c9 MESTO\" \/>\n<meta property=\"article:publisher\" content=\"https:\/\/www.facebook.com\/Na%c5%a1a-Katedr%c3%a1la-231637610336060\/\" \/>\n<meta property=\"article:published_time\" content=\"2017-08-25T06:29:23+00:00\" \/>\n<meta property=\"og:image\" content=\"https:\/\/kestaremesto.grkatke.sk\/wp-content\/uploads\/2017\/08\/baner01.png\" \/>\n\t<meta property=\"og:image:width\" content=\"1080\" \/>\n\t<meta property=\"og:image:height\" content=\"432\" \/>\n\t<meta property=\"og:image:type\" content=\"image\/png\" \/>\n<meta name=\"author\" content=\"administr\u00e1tor\" \/>\n<meta name=\"twitter:card\" content=\"summary_large_image\" \/>\n<meta name=\"twitter:label1\" content=\"Autor\" \/>\n\t<meta name=\"twitter:data1\" content=\"administr\u00e1tor\" \/>\n\t<meta name=\"twitter:label2\" content=\"Predpokladan\u00fd \u010das \u010d\u00edtania\" \/>\n\t<meta name=\"twitter:data2\" content=\"1 min\u00fata\" \/>\n<script type=\"application\/ld+json\" class=\"yoast-schema-graph\">{\"@context\":\"https:\\\/\\\/schema.org\",\"@graph\":[{\"@type\":\"Article\",\"@id\":\"https:\\\/\\\/kestaremesto.grkatke.sk\\\/?p=835#article\",\"isPartOf\":{\"@id\":\"https:\\\/\\\/kestaremesto.grkatke.sk\\\/?p=835\"},\"author\":{\"name\":\"administr\u00e1tor\",\"@id\":\"https:\\\/\\\/kestaremesto.grkatke.sk\\\/#\\\/schema\\\/person\\\/86c8e7e5841259082af5c5b227e0d69b\"},\"headline\":\"Eparchi\u00e1lna odpustov\u00e1 sl\u00e1vnos\u0165 v Katedr\u00e1le v Ko\u0161iciach\",\"datePublished\":\"2017-08-25T06:29:23+00:00\",\"mainEntityOfPage\":{\"@id\":\"https:\\\/\\\/kestaremesto.grkatke.sk\\\/?p=835\"},\"wordCount\":128,\"image\":{\"@id\":\"https:\\\/\\\/kestaremesto.grkatke.sk\\\/?p=835#primaryimage\"},\"thumbnailUrl\":\"https:\\\/\\\/kestaremesto.grkatke.sk\\\/wp-content\\\/uploads\\\/2017\\\/08\\\/baner01.png\",\"inLanguage\":\"sk-SK\"},{\"@type\":\"WebPage\",\"@id\":\"https:\\\/\\\/kestaremesto.grkatke.sk\\\/?p=835\",\"url\":\"https:\\\/\\\/kestaremesto.grkatke.sk\\\/?p=835\",\"name\":\"Eparchi\u00e1lna odpustov\u00e1 sl\u00e1vnos\u0165 v Katedr\u00e1le v Ko\u0161iciach - GR\u00c9CKOKATOL\u00cdCKA CIRKEV FARNOS\u0164 KO\u0160ICE - STAR\u00c9 MESTO\",\"isPartOf\":{\"@id\":\"https:\\\/\\\/kestaremesto.grkatke.sk\\\/#website\"},\"primaryImageOfPage\":{\"@id\":\"https:\\\/\\\/kestaremesto.grkatke.sk\\\/?p=835#primaryimage\"},\"image\":{\"@id\":\"https:\\\/\\\/kestaremesto.grkatke.sk\\\/?p=835#primaryimage\"},\"thumbnailUrl\":\"https:\\\/\\\/kestaremesto.grkatke.sk\\\/wp-content\\\/uploads\\\/2017\\\/08\\\/baner01.png\",\"datePublished\":\"2017-08-25T06:29:23+00:00\",\"author\":{\"@id\":\"https:\\\/\\\/kestaremesto.grkatke.sk\\\/#\\\/schema\\\/person\\\/86c8e7e5841259082af5c5b227e0d69b\"},\"breadcrumb\":{\"@id\":\"https:\\\/\\\/kestaremesto.grkatke.sk\\\/?p=835#breadcrumb\"},\"inLanguage\":\"sk-SK\",\"potentialAction\":[{\"@type\":\"ReadAction\",\"target\":[\"https:\\\/\\\/kestaremesto.grkatke.sk\\\/?p=835\"]}]},{\"@type\":\"ImageObject\",\"inLanguage\":\"sk-SK\",\"@id\":\"https:\\\/\\\/kestaremesto.grkatke.sk\\\/?p=835#primaryimage\",\"url\":\"https:\\\/\\\/kestaremesto.grkatke.sk\\\/wp-content\\\/uploads\\\/2017\\\/08\\\/baner01.png\",\"contentUrl\":\"https:\\\/\\\/kestaremesto.grkatke.sk\\\/wp-content\\\/uploads\\\/2017\\\/08\\\/baner01.png\",\"width\":1080,\"height\":432},{\"@type\":\"BreadcrumbList\",\"@id\":\"https:\\\/\\\/kestaremesto.grkatke.sk\\\/?p=835#breadcrumb\",\"itemListElement\":[{\"@type\":\"ListItem\",\"position\":1,\"name\":\"Domovsk\u00e1 str\u00e1nka\",\"item\":\"https:\\\/\\\/kestaremesto.grkatke.sk\\\/\"},{\"@type\":\"ListItem\",\"position\":2,\"name\":\"Eparchi\u00e1lna odpustov\u00e1 sl\u00e1vnos\u0165 v Katedr\u00e1le v Ko\u0161iciach\"}]},{\"@type\":\"WebSite\",\"@id\":\"https:\\\/\\\/kestaremesto.grkatke.sk\\\/#website\",\"url\":\"https:\\\/\\\/kestaremesto.grkatke.sk\\\/\",\"name\":\"GR\u00c9CKOKATOL\u00cdCKA CIRKEV FARNOS\u0164 KO\u0160ICE - STAR\u00c9 MESTO\",\"description\":\"\",\"potentialAction\":[{\"@type\":\"SearchAction\",\"target\":{\"@type\":\"EntryPoint\",\"urlTemplate\":\"https:\\\/\\\/kestaremesto.grkatke.sk\\\/?s={search_term_string}\"},\"query-input\":{\"@type\":\"PropertyValueSpecification\",\"valueRequired\":true,\"valueName\":\"search_term_string\"}}],\"inLanguage\":\"sk-SK\"},{\"@type\":\"Person\",\"@id\":\"https:\\\/\\\/kestaremesto.grkatke.sk\\\/#\\\/schema\\\/person\\\/86c8e7e5841259082af5c5b227e0d69b\",\"name\":\"administr\u00e1tor\",\"url\":\"https:\\\/\\\/kestaremesto.grkatke.sk\\\/?author=2\"}]}<\/script>\n<!-- \/ Yoast SEO plugin. -->","yoast_head_json":{"title":"Eparchi\u00e1lna odpustov\u00e1 sl\u00e1vnos\u0165 v Katedr\u00e1le v Ko\u0161iciach - GR\u00c9CKOKATOL\u00cdCKA CIRKEV FARNOS\u0164 KO\u0160ICE - STAR\u00c9 MESTO","robots":{"index":"index","follow":"follow","max-snippet":"max-snippet:-1","max-image-preview":"max-image-preview:large","max-video-preview":"max-video-preview:-1"},"canonical":"https:\/\/kestaremesto.grkatke.sk\/?p=835","og_locale":"sk_SK","og_type":"article","og_title":"Eparchi\u00e1lna odpustov\u00e1 sl\u00e1vnos\u0165 v Katedr\u00e1le v Ko\u0161iciach - GR\u00c9CKOKATOL\u00cdCKA CIRKEV FARNOS\u0164 KO\u0160ICE - STAR\u00c9 MESTO","og_description":"Eparchi\u00e1lna odpustov\u00e1 sl\u00e1vnos\u0165 Ko\u0161ickej eparchie Narodenia Presv\u00e4tej Bohorodi\u010dky v\u00a0Katedr\u00e1lnom chr\u00e1me v\u00a0Ko\u0161iciach Program: Sobota \u2013 9. september 2017 15:00 \u2013 Deviata hodinka 15:15 \u2013 Mal\u00e9 sv\u00e4tenie vody 16:00 \u2013 Modlitba posv\u00e4tn\u00e9ho ru\u017eenca 16:30 \u2013 Ve\u013ek\u00e1 ve\u010diere\u0148 s\u00a0l\u00edtiou 18:00 \u2013 Archijerejsk\u00e1 sv\u00e4t\u00e1 liturgia 19:30 \u2013 Beseda s\u00a0vladykom Milanom Chauturom: \u201ePod\u00e1vanie sviatosti eucharistie de\u0165om\u201c 20:45 \u2013 Agap\u00e9 na [&hellip;]","og_url":"https:\/\/kestaremesto.grkatke.sk\/?p=835","og_site_name":"GR\u00c9CKOKATOL\u00cdCKA CIRKEV FARNOS\u0164 KO\u0160ICE - STAR\u00c9 MESTO","article_publisher":"https:\/\/www.facebook.com\/Na%c5%a1a-Katedr%c3%a1la-231637610336060\/","article_published_time":"2017-08-25T06:29:23+00:00","og_image":[{"width":1080,"height":432,"url":"https:\/\/kestaremesto.grkatke.sk\/wp-content\/uploads\/2017\/08\/baner01.png","type":"image\/png"}],"author":"administr\u00e1tor","twitter_card":"summary_large_image","twitter_misc":{"Autor":"administr\u00e1tor","Predpokladan\u00fd \u010das \u010d\u00edtania":"1 min\u00fata"},"schema":{"@context":"https:\/\/schema.org","@graph":[{"@type":"Article","@id":"https:\/\/kestaremesto.grkatke.sk\/?p=835#article","isPartOf":{"@id":"https:\/\/kestaremesto.grkatke.sk\/?p=835"},"author":{"name":"administr\u00e1tor","@id":"https:\/\/kestaremesto.grkatke.sk\/#\/schema\/person\/86c8e7e5841259082af5c5b227e0d69b"},"headline":"Eparchi\u00e1lna odpustov\u00e1 sl\u00e1vnos\u0165 v Katedr\u00e1le v Ko\u0161iciach","datePublished":"2017-08-25T06:29:23+00:00","mainEntityOfPage":{"@id":"https:\/\/kestaremesto.grkatke.sk\/?p=835"},"wordCount":128,"image":{"@id":"https:\/\/kestaremesto.grkatke.sk\/?p=835#primaryimage"},"thumbnailUrl":"https:\/\/kestaremesto.grkatke.sk\/wp-content\/uploads\/2017\/08\/baner01.png","inLanguage":"sk-SK"},{"@type":"WebPage","@id":"https:\/\/kestaremesto.grkatke.sk\/?p=835","url":"https:\/\/kestaremesto.grkatke.sk\/?p=835","name":"Eparchi\u00e1lna odpustov\u00e1 sl\u00e1vnos\u0165 v Katedr\u00e1le v Ko\u0161iciach - GR\u00c9CKOKATOL\u00cdCKA CIRKEV FARNOS\u0164 KO\u0160ICE - STAR\u00c9 MESTO","isPartOf":{"@id":"https:\/\/kestaremesto.grkatke.sk\/#website"},"primaryImageOfPage":{"@id":"https:\/\/kestaremesto.grkatke.sk\/?p=835#primaryimage"},"image":{"@id":"https:\/\/kestaremesto.grkatke.sk\/?p=835#primaryimage"},"thumbnailUrl":"https:\/\/kestaremesto.grkatke.sk\/wp-content\/uploads\/2017\/08\/baner01.png","datePublished":"2017-08-25T06:29:23+00:00","author":{"@id":"https:\/\/kestaremesto.grkatke.sk\/#\/schema\/person\/86c8e7e5841259082af5c5b227e0d69b"},"breadcrumb":{"@id":"https:\/\/kestaremesto.grkatke.sk\/?p=835#breadcrumb"},"inLanguage":"sk-SK","potentialAction":[{"@type":"ReadAction","target":["https:\/\/kestaremesto.grkatke.sk\/?p=835"]}]},{"@type":"ImageObject","inLanguage":"sk-SK","@id":"https:\/\/kestaremesto.grkatke.sk\/?p=835#primaryimage","url":"https:\/\/kestaremesto.grkatke.sk\/wp-content\/uploads\/2017\/08\/baner01.png","contentUrl":"https:\/\/kestaremesto.grkatke.sk\/wp-content\/uploads\/2017\/08\/baner01.png","width":1080,"height":432},{"@type":"BreadcrumbList","@id":"https:\/\/kestaremesto.grkatke.sk\/?p=835#breadcrumb","itemListElement":[{"@type":"ListItem","position":1,"name":"Domovsk\u00e1 str\u00e1nka","item":"https:\/\/kestaremesto.grkatke.sk\/"},{"@type":"ListItem","position":2,"name":"Eparchi\u00e1lna odpustov\u00e1 sl\u00e1vnos\u0165 v Katedr\u00e1le v Ko\u0161iciach"}]},{"@type":"WebSite","@id":"https:\/\/kestaremesto.grkatke.sk\/#website","url":"https:\/\/kestaremesto.grkatke.sk\/","name":"GR\u00c9CKOKATOL\u00cdCKA CIRKEV FARNOS\u0164 KO\u0160ICE - STAR\u00c9 MESTO","description":"","potentialAction":[{"@type":"SearchAction","target":{"@type":"EntryPoint","urlTemplate":"https:\/\/kestaremesto.grkatke.sk\/?s={search_term_string}"},"query-input":{"@type":"PropertyValueSpecification","valueRequired":true,"valueName":"search_term_string"}}],"inLanguage":"sk-SK"},{"@type":"Person","@id":"https:\/\/kestaremesto.grkatke.sk\/#\/schema\/person\/86c8e7e5841259082af5c5b227e0d69b","name":"administr\u00e1tor","url":"https:\/\/kestaremesto.grkatke.sk\/?author=2"}]}},"_links":{"self":[{"href":"https:\/\/kestaremesto.grkatke.sk\/index.php?rest_route=\/wp\/v2\/posts\/835","targetHints":{"allow":["GET"]}}],"collection":[{"href":"https:\/\/kestaremesto.grkatke.sk\/index.php?rest_route=\/wp\/v2\/posts"}],"about":[{"href":"https:\/\/kestaremesto.grkatke.sk\/index.php?rest_route=\/wp\/v2\/types\/post"}],"author":[{"embeddable":true,"href":"https:\/\/kestaremesto.grkatke.sk\/index.php?rest_route=\/wp\/v2\/users\/2"}],"replies":[{"embeddable":true,"href":"https:\/\/kestaremesto.grkatke.sk\/index.php?rest_route=%2Fwp%2Fv2%2Fcomments&post=835"}],"version-history":[{"count":1,"href":"https:\/\/kestaremesto.grkatke.sk\/index.php?rest_route=\/wp\/v2\/posts\/835\/revisions"}],"predecessor-version":[{"id":837,"href":"https:\/\/kestaremesto.grkatke.sk\/index.php?rest_route=\/wp\/v2\/posts\/835\/revisions\/837"}],"wp:featuredmedia":[{"embeddable":true,"href":"https:\/\/kestaremesto.grkatke.sk\/index.php?rest_route=\/wp\/v2\/media\/836"}],"wp:attachment":[{"href":"https:\/\/kestaremesto.grkatke.sk\/index.php?rest_route=%2Fwp%2Fv2%2Fmedia&parent=835"}],"wp:term":[{"taxonomy":"category","embeddable":true,"href":"https:\/\/kestaremesto.grkatke.sk\/index.php?rest_route=%2Fwp%2Fv2%2Fcategories&post=835"},{"taxonomy":"post_tag","embeddable":true,"href":"https:\/\/kestaremesto.grkatke.sk\/index.php?rest_route=%2Fwp%2Fv2%2Ftags&post=835"}],"curies":[{"name":"wp","href":"https:\/\/api.w.org\/{rel}","templated":true}]}}