{"id":865,"date":"2017-09-04T07:05:19","date_gmt":"2017-09-04T05:05:19","guid":{"rendered":"https:\/\/kestaremesto.grkatke.sk\/?p=865"},"modified":"2018-01-22T06:56:30","modified_gmt":"2018-01-22T05:56:30","slug":"zacnime-pocuvanim","status":"publish","type":"post","link":"https:\/\/kestaremesto.grkatke.sk\/?p=865","title":{"rendered":"Za\u010dnime po\u010d\u00favan\u00edm"},"content":{"rendered":"<p>Za\u010dali sme nov\u00fd cirkevn\u00fd rok a\u00a0pred nami je na\u0161a eparchi\u00e1lna odpustov\u00e1 sl\u00e1vnos\u0165. Tieto prv\u00e9 septembrov\u00e9 dni s\u00fa trocha pozna\u010den\u00e9 zhonom, ve\u010f do \u0161koly nastupuj\u00fa \u0161kol\u00e1ci a\u00a0\u0161tudenti. Ke\u010f k\u00a0tomu pripo\u010d\u00edtame uz\u00e1very na mestsk\u00fdch komunik\u00e1ci\u00e1ch, tak \u201ez\u00e1bava\u201c je e\u0161te v\u00e4\u010d\u0161ia.<\/p>\n<p>No septembrov\u00fd \u010das je aj \u010dasom po\u010d\u00favania, \u010dasom, ke\u010f sa m\u00e1me mo\u017enos\u0165 z\u00fa\u010dastni\u0165 programu duchovnej obnovy a\u00a0programu odpustovej sl\u00e1vnosti. Sadn\u00fa\u0165 si P\u00e1novi k\u00a0noh\u00e1m ako M\u00e1ria z\u00a0evanjelia (porov. Lk 10, 39). V\u00a0o\u010diach mnoh\u00fdch dne\u0161n\u00fdch \u013eud\u00ed je to straten\u00fd \u010das. Ak by to tak bolo v\u00a0o\u010diach veriacich \u013eud\u00ed, bolo by to zl\u00e9, preto\u017ee by odmietli lep\u0161\u00ed podiel, ktor\u00fd pripomenul Je\u017ei\u0161 pri rozhovore s\u00a0Martou.<\/p>\n<p>Av\u0161ak nie je to celkom tak, preto\u017ee dne\u0161n\u00fd \u010dlovek po\u010d\u00fava ve\u013ea. Od rann\u00e9ho precitnutia mnoh\u00fdm hr\u00e1 telev\u00edzia \u010di r\u00e1dio, ktor\u00e9 po\u010d\u00favaj\u00fa, lep\u0161ie povedan\u00e9 \u201evstreb\u00e1vaj\u00fa\u201c do svojho \u017eivota. A\u00a0\u010dlovek dne\u0161ka sa dostal a\u017e tak \u010faleko, \u017ee ani pr\u00edli\u0161 nerozm\u00fd\u0161\u013ea nad t\u00fdm, \u010do po\u010d\u00fava, alebo na \u010do pozer\u00e1. Rozm\u00fd\u0161\u013eaj\u00fa in\u00ed.<\/p>\n<p>V\u00a0Cirkvi m\u00e1me mo\u017enos\u0165 po\u010d\u00fava\u0165 inak. Respekt\u00edve m\u00e1me mo\u017enos\u0165 po\u010d\u00fava\u0165 tak, ako po\u010d\u00favala M\u00e1ria, po\u010d\u00fava\u0165 Kristov hlas uprostred Cirkvi. V\u00a0Cirkvi po\u010du\u0165 Bo\u017e\u00ed hlas, Bo\u017eie Slovo. Nie je \u013eudskou ustanoviz\u0148ou, preto\u017ee ju ustanovil Kristus. Kamko\u013evek Je\u017ei\u0161 pri\u0161iel, nebo sa dot\u00fdkalo zeme: za\u010dalo sa Bo\u017eie kr\u00e1\u013eovstvo, kr\u00e1\u013eovstvo pokoja a spravodlivosti. Cirkev sl\u00fa\u017ei tomuto kr\u00e1\u013eovstvu. Nie je samo\u00fa\u010deln\u00e1. Pokra\u010duje v diele, ktor\u00e9 za\u010dal Je\u017ei\u0161. Cirkev db\u00e1 na to, aby Bo\u017eie kr\u00e1\u013eovstvo, ktor\u00e9 sa u\u017e za\u010dalo v Je\u017ei\u0161ovi, vzkl\u00ed\u010dilo a r\u00e1stlo vo v\u0161etk\u00fdch n\u00e1rodoch sveta [porov. KKC 763 &#8211; 769, 774 &#8211; 776, 780]. Na\u010falej vykon\u00e1va Je\u017ei\u0161ove posv\u00e4tn\u00e9 znamenia sviatosti a \u0161\u00edri Je\u017ei\u0161ove slov\u00e1. A preto je Cirkev &#8211; napriek v\u0161etk\u00fdm svojim slabostiam &#8211; mocnou \u010das\u0165ou neba na zemi. Preto po\u010d\u00fava\u0165 v\u00a0Cirkvi znamen\u00e1 uchopi\u0165 Bo\u017eie kr\u00e1\u013eovstvo.<\/p>\n<p>Pr\u00ed\u010fme po\u010d\u00fava\u0165 a\u00a0formova\u0165 sa Bo\u017e\u00edm slovom v\u00a0Cirkvi. Budeme ma\u0165 na to pr\u00edle\u017eitos\u0165 po\u010das duchovnej obnovy, aj odpustovej sl\u00e1vnosti.<\/p>\n","protected":false},"excerpt":{"rendered":"<p>Za\u010dali sme nov\u00fd cirkevn\u00fd rok a\u00a0pred nami je na\u0161a eparchi\u00e1lna odpustov\u00e1 sl\u00e1vnos\u0165. Tieto prv\u00e9 septembrov\u00e9 dni s\u00fa trocha pozna\u010den\u00e9 zhonom, ve\u010f do \u0161koly nastupuj\u00fa \u0161kol\u00e1ci a\u00a0\u0161tudenti. Ke\u010f k\u00a0tomu pripo\u010d\u00edtame uz\u00e1very na mestsk\u00fdch komunik\u00e1ci\u00e1ch, tak \u201ez\u00e1bava\u201c je e\u0161te v\u00e4\u010d\u0161ia. No septembrov\u00fd \u010das je aj \u010dasom po\u010d\u00favania, \u010dasom, ke\u010f sa m\u00e1me mo\u017enos\u0165 z\u00fa\u010dastni\u0165 programu duchovnej obnovy a\u00a0programu [&hellip;]<\/p>\n","protected":false},"author":2,"featured_media":868,"comment_status":"closed","ping_status":"closed","sticky":false,"template":"","format":"standard","meta":{"_coblocks_attr":"","_coblocks_dimensions":"","_coblocks_responsive_height":"","_coblocks_accordion_ie_support":"","footnotes":""},"categories":[3],"tags":[],"class_list":["post-865","post","type-post","status-publish","format-standard","has-post-thumbnail","hentry","category-prihovor"],"yoast_head":"<!-- This site is optimized with the Yoast SEO plugin v27.4 - https:\/\/yoast.com\/product\/yoast-seo-wordpress\/ -->\n<title>Za\u010dnime po\u010d\u00favan\u00edm - GR\u00c9CKOKATOL\u00cdCKA CIRKEV FARNOS\u0164 KO\u0160ICE - STAR\u00c9 MESTO<\/title>\n<meta name=\"robots\" content=\"index, follow, max-snippet:-1, max-image-preview:large, max-video-preview:-1\" \/>\n<link rel=\"canonical\" href=\"https:\/\/kestaremesto.grkatke.sk\/?p=865\" \/>\n<meta property=\"og:locale\" content=\"sk_SK\" \/>\n<meta property=\"og:type\" content=\"article\" \/>\n<meta property=\"og:title\" content=\"Za\u010dnime po\u010d\u00favan\u00edm - GR\u00c9CKOKATOL\u00cdCKA CIRKEV FARNOS\u0164 KO\u0160ICE - STAR\u00c9 MESTO\" \/>\n<meta property=\"og:description\" content=\"Za\u010dali sme nov\u00fd cirkevn\u00fd rok a\u00a0pred nami je na\u0161a eparchi\u00e1lna odpustov\u00e1 sl\u00e1vnos\u0165. Tieto prv\u00e9 septembrov\u00e9 dni s\u00fa trocha pozna\u010den\u00e9 zhonom, ve\u010f do \u0161koly nastupuj\u00fa \u0161kol\u00e1ci a\u00a0\u0161tudenti. Ke\u010f k\u00a0tomu pripo\u010d\u00edtame uz\u00e1very na mestsk\u00fdch komunik\u00e1ci\u00e1ch, tak \u201ez\u00e1bava\u201c je e\u0161te v\u00e4\u010d\u0161ia. No septembrov\u00fd \u010das je aj \u010dasom po\u010d\u00favania, \u010dasom, ke\u010f sa m\u00e1me mo\u017enos\u0165 z\u00fa\u010dastni\u0165 programu duchovnej obnovy a\u00a0programu [&hellip;]\" \/>\n<meta property=\"og:url\" content=\"https:\/\/kestaremesto.grkatke.sk\/?p=865\" \/>\n<meta property=\"og:site_name\" content=\"GR\u00c9CKOKATOL\u00cdCKA CIRKEV FARNOS\u0164 KO\u0160ICE - STAR\u00c9 MESTO\" \/>\n<meta property=\"article:publisher\" content=\"https:\/\/www.facebook.com\/Na%c5%a1a-Katedr%c3%a1la-231637610336060\/\" \/>\n<meta property=\"article:published_time\" content=\"2017-09-04T05:05:19+00:00\" \/>\n<meta property=\"article:modified_time\" content=\"2018-01-22T05:56:30+00:00\" \/>\n<meta property=\"og:image\" content=\"https:\/\/kestaremesto.grkatke.sk\/wp-content\/uploads\/2017\/09\/3518eca2f24a24760f0845546a1c8c97-1.jpg\" \/>\n\t<meta property=\"og:image:width\" content=\"644\" \/>\n\t<meta property=\"og:image:height\" content=\"668\" \/>\n\t<meta property=\"og:image:type\" content=\"image\/jpeg\" \/>\n<meta name=\"author\" content=\"administr\u00e1tor\" \/>\n<meta name=\"twitter:card\" content=\"summary_large_image\" \/>\n<meta name=\"twitter:label1\" content=\"Autor\" \/>\n\t<meta name=\"twitter:data1\" content=\"administr\u00e1tor\" \/>\n\t<meta name=\"twitter:label2\" content=\"Predpokladan\u00fd \u010das \u010d\u00edtania\" \/>\n\t<meta name=\"twitter:data2\" content=\"2 min\u00faty\" \/>\n<script type=\"application\/ld+json\" class=\"yoast-schema-graph\">{\"@context\":\"https:\\\/\\\/schema.org\",\"@graph\":[{\"@type\":\"Article\",\"@id\":\"https:\\\/\\\/kestaremesto.grkatke.sk\\\/?p=865#article\",\"isPartOf\":{\"@id\":\"https:\\\/\\\/kestaremesto.grkatke.sk\\\/?p=865\"},\"author\":{\"name\":\"administr\u00e1tor\",\"@id\":\"https:\\\/\\\/kestaremesto.grkatke.sk\\\/#\\\/schema\\\/person\\\/86c8e7e5841259082af5c5b227e0d69b\"},\"headline\":\"Za\u010dnime po\u010d\u00favan\u00edm\",\"datePublished\":\"2017-09-04T05:05:19+00:00\",\"dateModified\":\"2018-01-22T05:56:30+00:00\",\"mainEntityOfPage\":{\"@id\":\"https:\\\/\\\/kestaremesto.grkatke.sk\\\/?p=865\"},\"wordCount\":404,\"image\":{\"@id\":\"https:\\\/\\\/kestaremesto.grkatke.sk\\\/?p=865#primaryimage\"},\"thumbnailUrl\":\"https:\\\/\\\/kestaremesto.grkatke.sk\\\/wp-content\\\/uploads\\\/2017\\\/09\\\/3518eca2f24a24760f0845546a1c8c97-1.jpg\",\"articleSection\":[\"Pr\u00edhovor\"],\"inLanguage\":\"sk-SK\"},{\"@type\":\"WebPage\",\"@id\":\"https:\\\/\\\/kestaremesto.grkatke.sk\\\/?p=865\",\"url\":\"https:\\\/\\\/kestaremesto.grkatke.sk\\\/?p=865\",\"name\":\"Za\u010dnime po\u010d\u00favan\u00edm - GR\u00c9CKOKATOL\u00cdCKA CIRKEV FARNOS\u0164 KO\u0160ICE - STAR\u00c9 MESTO\",\"isPartOf\":{\"@id\":\"https:\\\/\\\/kestaremesto.grkatke.sk\\\/#website\"},\"primaryImageOfPage\":{\"@id\":\"https:\\\/\\\/kestaremesto.grkatke.sk\\\/?p=865#primaryimage\"},\"image\":{\"@id\":\"https:\\\/\\\/kestaremesto.grkatke.sk\\\/?p=865#primaryimage\"},\"thumbnailUrl\":\"https:\\\/\\\/kestaremesto.grkatke.sk\\\/wp-content\\\/uploads\\\/2017\\\/09\\\/3518eca2f24a24760f0845546a1c8c97-1.jpg\",\"datePublished\":\"2017-09-04T05:05:19+00:00\",\"dateModified\":\"2018-01-22T05:56:30+00:00\",\"author\":{\"@id\":\"https:\\\/\\\/kestaremesto.grkatke.sk\\\/#\\\/schema\\\/person\\\/86c8e7e5841259082af5c5b227e0d69b\"},\"breadcrumb\":{\"@id\":\"https:\\\/\\\/kestaremesto.grkatke.sk\\\/?p=865#breadcrumb\"},\"inLanguage\":\"sk-SK\",\"potentialAction\":[{\"@type\":\"ReadAction\",\"target\":[\"https:\\\/\\\/kestaremesto.grkatke.sk\\\/?p=865\"]}]},{\"@type\":\"ImageObject\",\"inLanguage\":\"sk-SK\",\"@id\":\"https:\\\/\\\/kestaremesto.grkatke.sk\\\/?p=865#primaryimage\",\"url\":\"https:\\\/\\\/kestaremesto.grkatke.sk\\\/wp-content\\\/uploads\\\/2017\\\/09\\\/3518eca2f24a24760f0845546a1c8c97-1.jpg\",\"contentUrl\":\"https:\\\/\\\/kestaremesto.grkatke.sk\\\/wp-content\\\/uploads\\\/2017\\\/09\\\/3518eca2f24a24760f0845546a1c8c97-1.jpg\",\"width\":644,\"height\":668},{\"@type\":\"BreadcrumbList\",\"@id\":\"https:\\\/\\\/kestaremesto.grkatke.sk\\\/?p=865#breadcrumb\",\"itemListElement\":[{\"@type\":\"ListItem\",\"position\":1,\"name\":\"Domovsk\u00e1 str\u00e1nka\",\"item\":\"https:\\\/\\\/kestaremesto.grkatke.sk\\\/\"},{\"@type\":\"ListItem\",\"position\":2,\"name\":\"Za\u010dnime po\u010d\u00favan\u00edm\"}]},{\"@type\":\"WebSite\",\"@id\":\"https:\\\/\\\/kestaremesto.grkatke.sk\\\/#website\",\"url\":\"https:\\\/\\\/kestaremesto.grkatke.sk\\\/\",\"name\":\"GR\u00c9CKOKATOL\u00cdCKA CIRKEV FARNOS\u0164 KO\u0160ICE - STAR\u00c9 MESTO\",\"description\":\"\",\"potentialAction\":[{\"@type\":\"SearchAction\",\"target\":{\"@type\":\"EntryPoint\",\"urlTemplate\":\"https:\\\/\\\/kestaremesto.grkatke.sk\\\/?s={search_term_string}\"},\"query-input\":{\"@type\":\"PropertyValueSpecification\",\"valueRequired\":true,\"valueName\":\"search_term_string\"}}],\"inLanguage\":\"sk-SK\"},{\"@type\":\"Person\",\"@id\":\"https:\\\/\\\/kestaremesto.grkatke.sk\\\/#\\\/schema\\\/person\\\/86c8e7e5841259082af5c5b227e0d69b\",\"name\":\"administr\u00e1tor\",\"url\":\"https:\\\/\\\/kestaremesto.grkatke.sk\\\/?author=2\"}]}<\/script>\n<!-- \/ Yoast SEO plugin. -->","yoast_head_json":{"title":"Za\u010dnime po\u010d\u00favan\u00edm - GR\u00c9CKOKATOL\u00cdCKA CIRKEV FARNOS\u0164 KO\u0160ICE - STAR\u00c9 MESTO","robots":{"index":"index","follow":"follow","max-snippet":"max-snippet:-1","max-image-preview":"max-image-preview:large","max-video-preview":"max-video-preview:-1"},"canonical":"https:\/\/kestaremesto.grkatke.sk\/?p=865","og_locale":"sk_SK","og_type":"article","og_title":"Za\u010dnime po\u010d\u00favan\u00edm - GR\u00c9CKOKATOL\u00cdCKA CIRKEV FARNOS\u0164 KO\u0160ICE - STAR\u00c9 MESTO","og_description":"Za\u010dali sme nov\u00fd cirkevn\u00fd rok a\u00a0pred nami je na\u0161a eparchi\u00e1lna odpustov\u00e1 sl\u00e1vnos\u0165. Tieto prv\u00e9 septembrov\u00e9 dni s\u00fa trocha pozna\u010den\u00e9 zhonom, ve\u010f do \u0161koly nastupuj\u00fa \u0161kol\u00e1ci a\u00a0\u0161tudenti. Ke\u010f k\u00a0tomu pripo\u010d\u00edtame uz\u00e1very na mestsk\u00fdch komunik\u00e1ci\u00e1ch, tak \u201ez\u00e1bava\u201c je e\u0161te v\u00e4\u010d\u0161ia. No septembrov\u00fd \u010das je aj \u010dasom po\u010d\u00favania, \u010dasom, ke\u010f sa m\u00e1me mo\u017enos\u0165 z\u00fa\u010dastni\u0165 programu duchovnej obnovy a\u00a0programu [&hellip;]","og_url":"https:\/\/kestaremesto.grkatke.sk\/?p=865","og_site_name":"GR\u00c9CKOKATOL\u00cdCKA CIRKEV FARNOS\u0164 KO\u0160ICE - STAR\u00c9 MESTO","article_publisher":"https:\/\/www.facebook.com\/Na%c5%a1a-Katedr%c3%a1la-231637610336060\/","article_published_time":"2017-09-04T05:05:19+00:00","article_modified_time":"2018-01-22T05:56:30+00:00","og_image":[{"width":644,"height":668,"url":"https:\/\/kestaremesto.grkatke.sk\/wp-content\/uploads\/2017\/09\/3518eca2f24a24760f0845546a1c8c97-1.jpg","type":"image\/jpeg"}],"author":"administr\u00e1tor","twitter_card":"summary_large_image","twitter_misc":{"Autor":"administr\u00e1tor","Predpokladan\u00fd \u010das \u010d\u00edtania":"2 min\u00faty"},"schema":{"@context":"https:\/\/schema.org","@graph":[{"@type":"Article","@id":"https:\/\/kestaremesto.grkatke.sk\/?p=865#article","isPartOf":{"@id":"https:\/\/kestaremesto.grkatke.sk\/?p=865"},"author":{"name":"administr\u00e1tor","@id":"https:\/\/kestaremesto.grkatke.sk\/#\/schema\/person\/86c8e7e5841259082af5c5b227e0d69b"},"headline":"Za\u010dnime po\u010d\u00favan\u00edm","datePublished":"2017-09-04T05:05:19+00:00","dateModified":"2018-01-22T05:56:30+00:00","mainEntityOfPage":{"@id":"https:\/\/kestaremesto.grkatke.sk\/?p=865"},"wordCount":404,"image":{"@id":"https:\/\/kestaremesto.grkatke.sk\/?p=865#primaryimage"},"thumbnailUrl":"https:\/\/kestaremesto.grkatke.sk\/wp-content\/uploads\/2017\/09\/3518eca2f24a24760f0845546a1c8c97-1.jpg","articleSection":["Pr\u00edhovor"],"inLanguage":"sk-SK"},{"@type":"WebPage","@id":"https:\/\/kestaremesto.grkatke.sk\/?p=865","url":"https:\/\/kestaremesto.grkatke.sk\/?p=865","name":"Za\u010dnime po\u010d\u00favan\u00edm - GR\u00c9CKOKATOL\u00cdCKA CIRKEV FARNOS\u0164 KO\u0160ICE - STAR\u00c9 MESTO","isPartOf":{"@id":"https:\/\/kestaremesto.grkatke.sk\/#website"},"primaryImageOfPage":{"@id":"https:\/\/kestaremesto.grkatke.sk\/?p=865#primaryimage"},"image":{"@id":"https:\/\/kestaremesto.grkatke.sk\/?p=865#primaryimage"},"thumbnailUrl":"https:\/\/kestaremesto.grkatke.sk\/wp-content\/uploads\/2017\/09\/3518eca2f24a24760f0845546a1c8c97-1.jpg","datePublished":"2017-09-04T05:05:19+00:00","dateModified":"2018-01-22T05:56:30+00:00","author":{"@id":"https:\/\/kestaremesto.grkatke.sk\/#\/schema\/person\/86c8e7e5841259082af5c5b227e0d69b"},"breadcrumb":{"@id":"https:\/\/kestaremesto.grkatke.sk\/?p=865#breadcrumb"},"inLanguage":"sk-SK","potentialAction":[{"@type":"ReadAction","target":["https:\/\/kestaremesto.grkatke.sk\/?p=865"]}]},{"@type":"ImageObject","inLanguage":"sk-SK","@id":"https:\/\/kestaremesto.grkatke.sk\/?p=865#primaryimage","url":"https:\/\/kestaremesto.grkatke.sk\/wp-content\/uploads\/2017\/09\/3518eca2f24a24760f0845546a1c8c97-1.jpg","contentUrl":"https:\/\/kestaremesto.grkatke.sk\/wp-content\/uploads\/2017\/09\/3518eca2f24a24760f0845546a1c8c97-1.jpg","width":644,"height":668},{"@type":"BreadcrumbList","@id":"https:\/\/kestaremesto.grkatke.sk\/?p=865#breadcrumb","itemListElement":[{"@type":"ListItem","position":1,"name":"Domovsk\u00e1 str\u00e1nka","item":"https:\/\/kestaremesto.grkatke.sk\/"},{"@type":"ListItem","position":2,"name":"Za\u010dnime po\u010d\u00favan\u00edm"}]},{"@type":"WebSite","@id":"https:\/\/kestaremesto.grkatke.sk\/#website","url":"https:\/\/kestaremesto.grkatke.sk\/","name":"GR\u00c9CKOKATOL\u00cdCKA CIRKEV FARNOS\u0164 KO\u0160ICE - STAR\u00c9 MESTO","description":"","potentialAction":[{"@type":"SearchAction","target":{"@type":"EntryPoint","urlTemplate":"https:\/\/kestaremesto.grkatke.sk\/?s={search_term_string}"},"query-input":{"@type":"PropertyValueSpecification","valueRequired":true,"valueName":"search_term_string"}}],"inLanguage":"sk-SK"},{"@type":"Person","@id":"https:\/\/kestaremesto.grkatke.sk\/#\/schema\/person\/86c8e7e5841259082af5c5b227e0d69b","name":"administr\u00e1tor","url":"https:\/\/kestaremesto.grkatke.sk\/?author=2"}]}},"_links":{"self":[{"href":"https:\/\/kestaremesto.grkatke.sk\/index.php?rest_route=\/wp\/v2\/posts\/865","targetHints":{"allow":["GET"]}}],"collection":[{"href":"https:\/\/kestaremesto.grkatke.sk\/index.php?rest_route=\/wp\/v2\/posts"}],"about":[{"href":"https:\/\/kestaremesto.grkatke.sk\/index.php?rest_route=\/wp\/v2\/types\/post"}],"author":[{"embeddable":true,"href":"https:\/\/kestaremesto.grkatke.sk\/index.php?rest_route=\/wp\/v2\/users\/2"}],"replies":[{"embeddable":true,"href":"https:\/\/kestaremesto.grkatke.sk\/index.php?rest_route=%2Fwp%2Fv2%2Fcomments&post=865"}],"version-history":[{"count":1,"href":"https:\/\/kestaremesto.grkatke.sk\/index.php?rest_route=\/wp\/v2\/posts\/865\/revisions"}],"predecessor-version":[{"id":866,"href":"https:\/\/kestaremesto.grkatke.sk\/index.php?rest_route=\/wp\/v2\/posts\/865\/revisions\/866"}],"wp:featuredmedia":[{"embeddable":true,"href":"https:\/\/kestaremesto.grkatke.sk\/index.php?rest_route=\/wp\/v2\/media\/868"}],"wp:attachment":[{"href":"https:\/\/kestaremesto.grkatke.sk\/index.php?rest_route=%2Fwp%2Fv2%2Fmedia&parent=865"}],"wp:term":[{"taxonomy":"category","embeddable":true,"href":"https:\/\/kestaremesto.grkatke.sk\/index.php?rest_route=%2Fwp%2Fv2%2Fcategories&post=865"},{"taxonomy":"post_tag","embeddable":true,"href":"https:\/\/kestaremesto.grkatke.sk\/index.php?rest_route=%2Fwp%2Fv2%2Ftags&post=865"}],"curies":[{"name":"wp","href":"https:\/\/api.w.org\/{rel}","templated":true}]}}