{"id":880,"date":"2017-09-17T06:55:48","date_gmt":"2017-09-17T04:55:48","guid":{"rendered":"https:\/\/kestaremesto.grkatke.sk\/?p=880"},"modified":"2017-09-17T06:55:48","modified_gmt":"2017-09-17T04:55:48","slug":"vyvysujme-sv-kriz-v-nasich-zivotoch","status":"publish","type":"post","link":"https:\/\/kestaremesto.grkatke.sk\/?p=880","title":{"rendered":"Vyvy\u0161ujme sv. Kr\u00ed\u017e v\u00a0na\u0161ich \u017eivotoch"},"content":{"rendered":"<p>Sme v\u00a0obdob\u00ed poprazdenstva sviatku <em>Pov\u00fd\u0161enia sv. Kr\u00ed\u017ea<\/em> <em>nad cel\u00fdm svetom<\/em>. H\u013ead\u00edme na kr\u00ed\u017e, s\u00a0\u00factou k\u00a0nemu pristupujeme a uctievame si ho bozkom. Rob\u00edme to vo vedom\u00ed, \u017ee z\u00a0Kristovho kr\u00ed\u017ea vych\u00e1dza moc.<\/p>\n<p>V\u00a0tomto vedom\u00ed \u017eili aj mnoh\u00ed na\u0161i predkovia, ktor\u00ed d\u00e1vali mnoh\u00e9 kr\u00ed\u017ee aj na vyv\u00fd\u0161en\u00e9 miesta, vrcholy h\u00f4r, aby \u201erozptyl\u201c moci Kristovho kr\u00ed\u017ea bol \u010do najv\u00e4\u010d\u0161\u00ed. Podobne by sme mali kona\u0165 aj my. Kristov kr\u00ed\u017e z\u00a0n\u00e1\u0161ho \u017eivota neodstra\u0148ova\u0165, ale d\u00e1va\u0165 ho v\u017edy na \u010destn\u00e9 miesto v\u00a0na\u0161om \u017eivote. Ak by sme toti\u017e odstr\u00e1nili kr\u00ed\u017e z\u00a0n\u00e1\u0161ho \u017eivota, ve\u013emi \u013eahko by sa mohlo sta\u0165, \u017ee aj ovocie Kristovho kr\u00ed\u017ea by sa mohlo strati\u0165. A\u00a0to iste nechceme.<\/p>\n<p>Sviatok Pov\u00fd\u0161enia sv. Kr\u00ed\u017ea sa via\u017ee k\u00a0n\u00e1jdeniu sv. Kr\u00ed\u017ea sv. Helenou. Ale v na\u0161om liturgickom kalend\u00e1ri sa v s\u00favislosti so sv\u00e4t\u00fdm Kr\u00ed\u017eom sl\u00e1vi tie\u017e 1. august ako Spomienka na Vynesenie \u00factyhodn\u00fdch driev \u00factyhodn\u00e9ho\u00a0a \u017eivotodarn\u00e9ho Kr\u00ed\u017ea. Je to pamiatka na prenesenie relikvi\u00ed sv\u00e4t\u00e9ho dreva, ktor\u00e9 v ten de\u0148 v procesii pren\u00e1\u0161ali z cis\u00e1rskeho pal\u00e1ca v Carihrade do Chr\u00e1mu sv. Sofie. Vtedy sa konala aj osobitn\u00e1 poklona sv\u00e4t\u00e9mu Kr\u00ed\u017eu, podobne ako na Kr\u00ed\u017eupoklonn\u00fa nede\u013eu. Dva t\u00fd\u017edne po\u010dn\u00fac od 1. augusta sa konali procesie s drevom sv\u00e4t\u00e9ho Kr\u00ed\u017ea po meste, aby takto posv\u00e4tili mesto a zahnali ka\u017ed\u00fd neduh. Tento sviatok bol ustanoven\u00fd v Carihrade v 9. stor.<\/p>\n<p>Poprazdenstvo sviatku Pov\u00fd\u0161enia trv\u00e1 a\u017e do nasleduj\u00faceho \u0161tvrtku. N\u00e1jdime si v\u00a0tieto dni \u010das pr\u00eds\u0165 do chr\u00e1mu, ucti\u0165 si sv\u00e4t\u00fd Kr\u00ed\u017e, porozj\u00edma\u0165 pri Kr\u00ed\u017ei, aby sa jeho moc silne prejavila v\u00a0na\u0161om osobnom, rodinnom i \u00a0spolo\u010denskom \u017eivote.<\/p>\n","protected":false},"excerpt":{"rendered":"<p>Sme v\u00a0obdob\u00ed poprazdenstva sviatku Pov\u00fd\u0161enia sv. Kr\u00ed\u017ea nad cel\u00fdm svetom. H\u013ead\u00edme na kr\u00ed\u017e, s\u00a0\u00factou k\u00a0nemu pristupujeme a uctievame si ho bozkom. Rob\u00edme to vo vedom\u00ed, \u017ee z\u00a0Kristovho kr\u00ed\u017ea vych\u00e1dza moc. V\u00a0tomto vedom\u00ed \u017eili aj mnoh\u00ed na\u0161i predkovia, ktor\u00ed d\u00e1vali mnoh\u00e9 kr\u00ed\u017ee aj na vyv\u00fd\u0161en\u00e9 miesta, vrcholy h\u00f4r, aby \u201erozptyl\u201c moci Kristovho kr\u00ed\u017ea bol \u010do najv\u00e4\u010d\u0161\u00ed. [&hellip;]<\/p>\n","protected":false},"author":2,"featured_media":881,"comment_status":"closed","ping_status":"closed","sticky":false,"template":"","format":"standard","meta":{"_coblocks_attr":"","_coblocks_dimensions":"","_coblocks_responsive_height":"","_coblocks_accordion_ie_support":"","footnotes":""},"categories":[3],"tags":[],"class_list":["post-880","post","type-post","status-publish","format-standard","has-post-thumbnail","hentry","category-prihovor"],"yoast_head":"<!-- This site is optimized with the Yoast SEO plugin v27.4 - https:\/\/yoast.com\/product\/yoast-seo-wordpress\/ -->\n<title>Vyvy\u0161ujme sv. Kr\u00ed\u017e v\u00a0na\u0161ich \u017eivotoch - GR\u00c9CKOKATOL\u00cdCKA CIRKEV FARNOS\u0164 KO\u0160ICE - STAR\u00c9 MESTO<\/title>\n<meta name=\"robots\" content=\"index, follow, max-snippet:-1, max-image-preview:large, max-video-preview:-1\" \/>\n<link rel=\"canonical\" href=\"https:\/\/kestaremesto.grkatke.sk\/?p=880\" \/>\n<meta property=\"og:locale\" content=\"sk_SK\" \/>\n<meta property=\"og:type\" content=\"article\" \/>\n<meta property=\"og:title\" content=\"Vyvy\u0161ujme sv. Kr\u00ed\u017e v\u00a0na\u0161ich \u017eivotoch - GR\u00c9CKOKATOL\u00cdCKA CIRKEV FARNOS\u0164 KO\u0160ICE - STAR\u00c9 MESTO\" \/>\n<meta property=\"og:description\" content=\"Sme v\u00a0obdob\u00ed poprazdenstva sviatku Pov\u00fd\u0161enia sv. Kr\u00ed\u017ea nad cel\u00fdm svetom. H\u013ead\u00edme na kr\u00ed\u017e, s\u00a0\u00factou k\u00a0nemu pristupujeme a uctievame si ho bozkom. Rob\u00edme to vo vedom\u00ed, \u017ee z\u00a0Kristovho kr\u00ed\u017ea vych\u00e1dza moc. V\u00a0tomto vedom\u00ed \u017eili aj mnoh\u00ed na\u0161i predkovia, ktor\u00ed d\u00e1vali mnoh\u00e9 kr\u00ed\u017ee aj na vyv\u00fd\u0161en\u00e9 miesta, vrcholy h\u00f4r, aby \u201erozptyl\u201c moci Kristovho kr\u00ed\u017ea bol \u010do najv\u00e4\u010d\u0161\u00ed. [&hellip;]\" \/>\n<meta property=\"og:url\" content=\"https:\/\/kestaremesto.grkatke.sk\/?p=880\" \/>\n<meta property=\"og:site_name\" content=\"GR\u00c9CKOKATOL\u00cdCKA CIRKEV FARNOS\u0164 KO\u0160ICE - STAR\u00c9 MESTO\" \/>\n<meta property=\"article:publisher\" content=\"https:\/\/www.facebook.com\/Na%c5%a1a-Katedr%c3%a1la-231637610336060\/\" \/>\n<meta property=\"article:published_time\" content=\"2017-09-17T04:55:48+00:00\" \/>\n<meta property=\"og:image\" content=\"https:\/\/kestaremesto.grkatke.sk\/wp-content\/uploads\/2017\/09\/cross-header.jpg\" \/>\n\t<meta property=\"og:image:width\" content=\"1080\" \/>\n\t<meta property=\"og:image:height\" content=\"608\" \/>\n\t<meta property=\"og:image:type\" content=\"image\/jpeg\" \/>\n<meta name=\"author\" content=\"administr\u00e1tor\" \/>\n<meta name=\"twitter:card\" content=\"summary_large_image\" \/>\n<meta name=\"twitter:label1\" content=\"Autor\" \/>\n\t<meta name=\"twitter:data1\" content=\"administr\u00e1tor\" \/>\n\t<meta name=\"twitter:label2\" content=\"Predpokladan\u00fd \u010das \u010d\u00edtania\" \/>\n\t<meta name=\"twitter:data2\" content=\"2 min\u00faty\" \/>\n<script type=\"application\/ld+json\" class=\"yoast-schema-graph\">{\"@context\":\"https:\\\/\\\/schema.org\",\"@graph\":[{\"@type\":\"Article\",\"@id\":\"https:\\\/\\\/kestaremesto.grkatke.sk\\\/?p=880#article\",\"isPartOf\":{\"@id\":\"https:\\\/\\\/kestaremesto.grkatke.sk\\\/?p=880\"},\"author\":{\"name\":\"administr\u00e1tor\",\"@id\":\"https:\\\/\\\/kestaremesto.grkatke.sk\\\/#\\\/schema\\\/person\\\/86c8e7e5841259082af5c5b227e0d69b\"},\"headline\":\"Vyvy\u0161ujme sv. Kr\u00ed\u017e v\u00a0na\u0161ich \u017eivotoch\",\"datePublished\":\"2017-09-17T04:55:48+00:00\",\"mainEntityOfPage\":{\"@id\":\"https:\\\/\\\/kestaremesto.grkatke.sk\\\/?p=880\"},\"wordCount\":327,\"image\":{\"@id\":\"https:\\\/\\\/kestaremesto.grkatke.sk\\\/?p=880#primaryimage\"},\"thumbnailUrl\":\"https:\\\/\\\/kestaremesto.grkatke.sk\\\/wp-content\\\/uploads\\\/2017\\\/09\\\/cross-header.jpg\",\"articleSection\":[\"Pr\u00edhovor\"],\"inLanguage\":\"sk-SK\"},{\"@type\":\"WebPage\",\"@id\":\"https:\\\/\\\/kestaremesto.grkatke.sk\\\/?p=880\",\"url\":\"https:\\\/\\\/kestaremesto.grkatke.sk\\\/?p=880\",\"name\":\"Vyvy\u0161ujme sv. Kr\u00ed\u017e v\u00a0na\u0161ich \u017eivotoch - GR\u00c9CKOKATOL\u00cdCKA CIRKEV FARNOS\u0164 KO\u0160ICE - STAR\u00c9 MESTO\",\"isPartOf\":{\"@id\":\"https:\\\/\\\/kestaremesto.grkatke.sk\\\/#website\"},\"primaryImageOfPage\":{\"@id\":\"https:\\\/\\\/kestaremesto.grkatke.sk\\\/?p=880#primaryimage\"},\"image\":{\"@id\":\"https:\\\/\\\/kestaremesto.grkatke.sk\\\/?p=880#primaryimage\"},\"thumbnailUrl\":\"https:\\\/\\\/kestaremesto.grkatke.sk\\\/wp-content\\\/uploads\\\/2017\\\/09\\\/cross-header.jpg\",\"datePublished\":\"2017-09-17T04:55:48+00:00\",\"author\":{\"@id\":\"https:\\\/\\\/kestaremesto.grkatke.sk\\\/#\\\/schema\\\/person\\\/86c8e7e5841259082af5c5b227e0d69b\"},\"breadcrumb\":{\"@id\":\"https:\\\/\\\/kestaremesto.grkatke.sk\\\/?p=880#breadcrumb\"},\"inLanguage\":\"sk-SK\",\"potentialAction\":[{\"@type\":\"ReadAction\",\"target\":[\"https:\\\/\\\/kestaremesto.grkatke.sk\\\/?p=880\"]}]},{\"@type\":\"ImageObject\",\"inLanguage\":\"sk-SK\",\"@id\":\"https:\\\/\\\/kestaremesto.grkatke.sk\\\/?p=880#primaryimage\",\"url\":\"https:\\\/\\\/kestaremesto.grkatke.sk\\\/wp-content\\\/uploads\\\/2017\\\/09\\\/cross-header.jpg\",\"contentUrl\":\"https:\\\/\\\/kestaremesto.grkatke.sk\\\/wp-content\\\/uploads\\\/2017\\\/09\\\/cross-header.jpg\",\"width\":1080,\"height\":608},{\"@type\":\"BreadcrumbList\",\"@id\":\"https:\\\/\\\/kestaremesto.grkatke.sk\\\/?p=880#breadcrumb\",\"itemListElement\":[{\"@type\":\"ListItem\",\"position\":1,\"name\":\"Domovsk\u00e1 str\u00e1nka\",\"item\":\"https:\\\/\\\/kestaremesto.grkatke.sk\\\/\"},{\"@type\":\"ListItem\",\"position\":2,\"name\":\"Vyvy\u0161ujme sv. Kr\u00ed\u017e v\u00a0na\u0161ich \u017eivotoch\"}]},{\"@type\":\"WebSite\",\"@id\":\"https:\\\/\\\/kestaremesto.grkatke.sk\\\/#website\",\"url\":\"https:\\\/\\\/kestaremesto.grkatke.sk\\\/\",\"name\":\"GR\u00c9CKOKATOL\u00cdCKA CIRKEV FARNOS\u0164 KO\u0160ICE - STAR\u00c9 MESTO\",\"description\":\"\",\"potentialAction\":[{\"@type\":\"SearchAction\",\"target\":{\"@type\":\"EntryPoint\",\"urlTemplate\":\"https:\\\/\\\/kestaremesto.grkatke.sk\\\/?s={search_term_string}\"},\"query-input\":{\"@type\":\"PropertyValueSpecification\",\"valueRequired\":true,\"valueName\":\"search_term_string\"}}],\"inLanguage\":\"sk-SK\"},{\"@type\":\"Person\",\"@id\":\"https:\\\/\\\/kestaremesto.grkatke.sk\\\/#\\\/schema\\\/person\\\/86c8e7e5841259082af5c5b227e0d69b\",\"name\":\"administr\u00e1tor\",\"url\":\"https:\\\/\\\/kestaremesto.grkatke.sk\\\/?author=2\"}]}<\/script>\n<!-- \/ Yoast SEO plugin. -->","yoast_head_json":{"title":"Vyvy\u0161ujme sv. Kr\u00ed\u017e v\u00a0na\u0161ich \u017eivotoch - GR\u00c9CKOKATOL\u00cdCKA CIRKEV FARNOS\u0164 KO\u0160ICE - STAR\u00c9 MESTO","robots":{"index":"index","follow":"follow","max-snippet":"max-snippet:-1","max-image-preview":"max-image-preview:large","max-video-preview":"max-video-preview:-1"},"canonical":"https:\/\/kestaremesto.grkatke.sk\/?p=880","og_locale":"sk_SK","og_type":"article","og_title":"Vyvy\u0161ujme sv. Kr\u00ed\u017e v\u00a0na\u0161ich \u017eivotoch - GR\u00c9CKOKATOL\u00cdCKA CIRKEV FARNOS\u0164 KO\u0160ICE - STAR\u00c9 MESTO","og_description":"Sme v\u00a0obdob\u00ed poprazdenstva sviatku Pov\u00fd\u0161enia sv. Kr\u00ed\u017ea nad cel\u00fdm svetom. H\u013ead\u00edme na kr\u00ed\u017e, s\u00a0\u00factou k\u00a0nemu pristupujeme a uctievame si ho bozkom. Rob\u00edme to vo vedom\u00ed, \u017ee z\u00a0Kristovho kr\u00ed\u017ea vych\u00e1dza moc. V\u00a0tomto vedom\u00ed \u017eili aj mnoh\u00ed na\u0161i predkovia, ktor\u00ed d\u00e1vali mnoh\u00e9 kr\u00ed\u017ee aj na vyv\u00fd\u0161en\u00e9 miesta, vrcholy h\u00f4r, aby \u201erozptyl\u201c moci Kristovho kr\u00ed\u017ea bol \u010do najv\u00e4\u010d\u0161\u00ed. [&hellip;]","og_url":"https:\/\/kestaremesto.grkatke.sk\/?p=880","og_site_name":"GR\u00c9CKOKATOL\u00cdCKA CIRKEV FARNOS\u0164 KO\u0160ICE - STAR\u00c9 MESTO","article_publisher":"https:\/\/www.facebook.com\/Na%c5%a1a-Katedr%c3%a1la-231637610336060\/","article_published_time":"2017-09-17T04:55:48+00:00","og_image":[{"width":1080,"height":608,"url":"https:\/\/kestaremesto.grkatke.sk\/wp-content\/uploads\/2017\/09\/cross-header.jpg","type":"image\/jpeg"}],"author":"administr\u00e1tor","twitter_card":"summary_large_image","twitter_misc":{"Autor":"administr\u00e1tor","Predpokladan\u00fd \u010das \u010d\u00edtania":"2 min\u00faty"},"schema":{"@context":"https:\/\/schema.org","@graph":[{"@type":"Article","@id":"https:\/\/kestaremesto.grkatke.sk\/?p=880#article","isPartOf":{"@id":"https:\/\/kestaremesto.grkatke.sk\/?p=880"},"author":{"name":"administr\u00e1tor","@id":"https:\/\/kestaremesto.grkatke.sk\/#\/schema\/person\/86c8e7e5841259082af5c5b227e0d69b"},"headline":"Vyvy\u0161ujme sv. Kr\u00ed\u017e v\u00a0na\u0161ich \u017eivotoch","datePublished":"2017-09-17T04:55:48+00:00","mainEntityOfPage":{"@id":"https:\/\/kestaremesto.grkatke.sk\/?p=880"},"wordCount":327,"image":{"@id":"https:\/\/kestaremesto.grkatke.sk\/?p=880#primaryimage"},"thumbnailUrl":"https:\/\/kestaremesto.grkatke.sk\/wp-content\/uploads\/2017\/09\/cross-header.jpg","articleSection":["Pr\u00edhovor"],"inLanguage":"sk-SK"},{"@type":"WebPage","@id":"https:\/\/kestaremesto.grkatke.sk\/?p=880","url":"https:\/\/kestaremesto.grkatke.sk\/?p=880","name":"Vyvy\u0161ujme sv. Kr\u00ed\u017e v\u00a0na\u0161ich \u017eivotoch - GR\u00c9CKOKATOL\u00cdCKA CIRKEV FARNOS\u0164 KO\u0160ICE - STAR\u00c9 MESTO","isPartOf":{"@id":"https:\/\/kestaremesto.grkatke.sk\/#website"},"primaryImageOfPage":{"@id":"https:\/\/kestaremesto.grkatke.sk\/?p=880#primaryimage"},"image":{"@id":"https:\/\/kestaremesto.grkatke.sk\/?p=880#primaryimage"},"thumbnailUrl":"https:\/\/kestaremesto.grkatke.sk\/wp-content\/uploads\/2017\/09\/cross-header.jpg","datePublished":"2017-09-17T04:55:48+00:00","author":{"@id":"https:\/\/kestaremesto.grkatke.sk\/#\/schema\/person\/86c8e7e5841259082af5c5b227e0d69b"},"breadcrumb":{"@id":"https:\/\/kestaremesto.grkatke.sk\/?p=880#breadcrumb"},"inLanguage":"sk-SK","potentialAction":[{"@type":"ReadAction","target":["https:\/\/kestaremesto.grkatke.sk\/?p=880"]}]},{"@type":"ImageObject","inLanguage":"sk-SK","@id":"https:\/\/kestaremesto.grkatke.sk\/?p=880#primaryimage","url":"https:\/\/kestaremesto.grkatke.sk\/wp-content\/uploads\/2017\/09\/cross-header.jpg","contentUrl":"https:\/\/kestaremesto.grkatke.sk\/wp-content\/uploads\/2017\/09\/cross-header.jpg","width":1080,"height":608},{"@type":"BreadcrumbList","@id":"https:\/\/kestaremesto.grkatke.sk\/?p=880#breadcrumb","itemListElement":[{"@type":"ListItem","position":1,"name":"Domovsk\u00e1 str\u00e1nka","item":"https:\/\/kestaremesto.grkatke.sk\/"},{"@type":"ListItem","position":2,"name":"Vyvy\u0161ujme sv. Kr\u00ed\u017e v\u00a0na\u0161ich \u017eivotoch"}]},{"@type":"WebSite","@id":"https:\/\/kestaremesto.grkatke.sk\/#website","url":"https:\/\/kestaremesto.grkatke.sk\/","name":"GR\u00c9CKOKATOL\u00cdCKA CIRKEV FARNOS\u0164 KO\u0160ICE - STAR\u00c9 MESTO","description":"","potentialAction":[{"@type":"SearchAction","target":{"@type":"EntryPoint","urlTemplate":"https:\/\/kestaremesto.grkatke.sk\/?s={search_term_string}"},"query-input":{"@type":"PropertyValueSpecification","valueRequired":true,"valueName":"search_term_string"}}],"inLanguage":"sk-SK"},{"@type":"Person","@id":"https:\/\/kestaremesto.grkatke.sk\/#\/schema\/person\/86c8e7e5841259082af5c5b227e0d69b","name":"administr\u00e1tor","url":"https:\/\/kestaremesto.grkatke.sk\/?author=2"}]}},"_links":{"self":[{"href":"https:\/\/kestaremesto.grkatke.sk\/index.php?rest_route=\/wp\/v2\/posts\/880","targetHints":{"allow":["GET"]}}],"collection":[{"href":"https:\/\/kestaremesto.grkatke.sk\/index.php?rest_route=\/wp\/v2\/posts"}],"about":[{"href":"https:\/\/kestaremesto.grkatke.sk\/index.php?rest_route=\/wp\/v2\/types\/post"}],"author":[{"embeddable":true,"href":"https:\/\/kestaremesto.grkatke.sk\/index.php?rest_route=\/wp\/v2\/users\/2"}],"replies":[{"embeddable":true,"href":"https:\/\/kestaremesto.grkatke.sk\/index.php?rest_route=%2Fwp%2Fv2%2Fcomments&post=880"}],"version-history":[{"count":1,"href":"https:\/\/kestaremesto.grkatke.sk\/index.php?rest_route=\/wp\/v2\/posts\/880\/revisions"}],"predecessor-version":[{"id":882,"href":"https:\/\/kestaremesto.grkatke.sk\/index.php?rest_route=\/wp\/v2\/posts\/880\/revisions\/882"}],"wp:featuredmedia":[{"embeddable":true,"href":"https:\/\/kestaremesto.grkatke.sk\/index.php?rest_route=\/wp\/v2\/media\/881"}],"wp:attachment":[{"href":"https:\/\/kestaremesto.grkatke.sk\/index.php?rest_route=%2Fwp%2Fv2%2Fmedia&parent=880"}],"wp:term":[{"taxonomy":"category","embeddable":true,"href":"https:\/\/kestaremesto.grkatke.sk\/index.php?rest_route=%2Fwp%2Fv2%2Fcategories&post=880"},{"taxonomy":"post_tag","embeddable":true,"href":"https:\/\/kestaremesto.grkatke.sk\/index.php?rest_route=%2Fwp%2Fv2%2Ftags&post=880"}],"curies":[{"name":"wp","href":"https:\/\/api.w.org\/{rel}","templated":true}]}}