{"id":987,"date":"2017-11-26T07:18:00","date_gmt":"2017-11-26T06:18:00","guid":{"rendered":"https:\/\/kestaremesto.grkatke.sk\/?p=987"},"modified":"2018-01-22T06:56:03","modified_gmt":"2018-01-22T05:56:03","slug":"prid-kralovstvo-tvoje","status":"publish","type":"post","link":"https:\/\/kestaremesto.grkatke.sk\/?p=987","title":{"rendered":"Pr\u00ed\u010f kr\u00e1\u013eovstvo tvoje&#8230;"},"content":{"rendered":"<p>Dnes je Nede\u013ea Krista Kr\u00e1\u013ea. \u00a0Je to jeden z\u00a0najmlad\u0161\u00edch sviatkov. V\u00a0r\u00e1mci celej Cirkvi zaviedol jeho sl\u00e1venie p\u00e1pe\u017e Pius XI. v roku 1929. Bolo to v\u00a0obdob\u00ed, pre ktor\u00e9ho sprievodn\u00fdm znakom bolo b\u00faranie hodn\u00f4t, ktor\u00e9 boli istotou \u013eud\u00ed minul\u00fdch storo\u010d\u00ed. Relativizovalo sa v\u0161etko, relativizoval sa Boh aj d\u00f4le\u017eitos\u0165 viery. Je\u017ei\u0161 je Kr\u00e1\u013e. V\u00fdsti\u017en\u00fd dial\u00f3g o\u00a0tom nach\u00e1dzame vo sv\u00e4tom evanjeliu: <em>\u201e<\/em>Pil\u00e1t op\u00e4\u0165 vo\u0161iel do vl\u00e1dnej budovy. Predvolal si Je\u017ei\u0161a a sp\u00fdtal sa ho: &#8222;Si \u017eidovsk\u00fd kr\u00e1\u013e?&#8220; Je\u017ei\u0161 povedal: &#8222;Moje kr\u00e1\u013eovstvo nie je z tohto sveta. Keby moje kr\u00e1\u013eovstvo bolo z tohto sveta, moji slu\u017eobn\u00edci by sa bili, aby som nebol vydan\u00fd \u017didom. Len\u017ee moje kr\u00e1\u013eovstvo nie je stadia\u013eto.&#8220; Pil\u00e1t mu povedal: &#8222;Tak predsa si kr\u00e1\u013e?&#8220; Je\u017ei\u0161 odpovedal: &#8222;S\u00e1m hovor\u00ed\u0161, \u017ee som kr\u00e1\u013e. Ja som sa na to narodil a na to som pri\u0161iel na svet, aby som vydal svedectvo pravde. Ka\u017ed\u00fd, kto je z pravdy, po\u010d\u00fava m\u00f4j hlas.&#8220; Je v\u0161ak u v\u00e1s zvykom, \u017ee v\u00e1m na Ve\u013ek\u00fa noc prep\u00fa\u0161\u0165am jedn\u00e9ho v\u00e4z\u0148a. Chcete teda, aby som v\u00e1m prepustil \u017eidovsk\u00e9ho kr\u00e1\u013ea?&#8220; (Jn 18,33-39).<\/p>\n<p>Kristovo kr\u00e1\u013eovstvo nie je z tohto sveta. Preto Je\u017ei\u0161 rie\u0161i z\u00e1kladn\u00fd probl\u00e9m sveta a to je hriech a\u00a0ovocie hriechu. Oslobodzuje n\u00e1s od ovocia hriechu cez prijatie Je\u017ei\u0161a na tr\u00f3n n\u00e1\u0161ho srdca. Boh n\u00e1s aj v tomto svete chce vychova\u0165, pre kr\u00e1\u013eovstvo svojho milovan\u00e9ho Syna. Bo\u017eie Kr\u00e1\u013eovstvo sa objavuje tam, kde sa \u010dlovek za\u010d\u00edna riadi\u0165 Bo\u017e\u00edm Slovom. Origenes pou\u010duje o sp\u00f4sobe Bo\u017eej vl\u00e1dy takto: \u201ePod\u013ea slova n\u00e1\u0161ho P\u00e1na a Spasite\u013ea \u201eBo\u017eie kr\u00e1\u013eovstvo neprich\u00e1dza tak, \u017ee by sa to dalo spozorova\u0165. Ani nepovedia: Aha, tu je! Alebo: Aha, tamto je! Ale Bo\u017eie kr\u00e1\u013eovstvo je medzi nami\u201c, \u201elebo Slovo je celkom bl\u00edzko, je v na\u0161ich \u00fastach, je v na\u0161om srdci\u201c. Preto ten, kto pros\u00ed, aby pri\u0161lo Bo\u017eie kr\u00e1\u013eovstvo, celkom iste sa spr\u00e1vne modl\u00ed za to Bo\u017eie kr\u00e1\u013eovstvo, ktor\u00e9 m\u00e1 v sebe, aby vzi\u0161lo, prin\u00e1\u0161alo ovocie a dozrelo. Lebo v ka\u017edom zo sv\u00e4t\u00fdch kra\u013euje Boh a ka\u017ed\u00fd sv\u00e4tec posl\u00facha duchovn\u00e9 z\u00e1kony Boha, ktor\u00fd v \u0148om b\u00fdva ako v usporiadanom meste. Otec je v \u0148om pr\u00edtomn\u00fd a Kristus v takej dokonalej du\u0161i kra\u013euje spolu s Otcom pod\u013ea slov: \u201ePr\u00eddeme k nemu a urob\u00edme si u\u0148ho pr\u00edbytok.\u201c<\/p>\n<p>\u017dime bohumilo, \u017eime duchovne. Vtedy Bo\u017eie kr\u00e1\u013eovstvo, ktor\u00e9 je v n\u00e1s, dosiahne svoj vrchol. Bo\u017eie kr\u00e1\u013eovstvo u\u017e pri\u0161lo s\u00a0Je\u017ei\u0161om a\u00a0je v\u00a0Je\u017ei\u0161ovi. Je to \u017eivot Cirkvi, ktor\u00e1 neust\u00e1le vol\u00e1 k\u00a0Otcovi, ktor\u00fd je na nebesiach: \u201ePosv\u00e4\u0165 sa tvoje meno, pr\u00ed\u010f tvoje kr\u00e1\u013eovstvo.<\/p>\n<p><strong><em>\u00a0<\/em><\/strong><strong><em>Pr\u00ed\u010f, Je\u017ei\u0161u, Spasite\u013eu n\u00e1\u0161, zost\u00fap k\u00a0n\u00e1m a\u00a0spas n\u00e1s<\/em><\/strong><em>!<\/em><\/p>\n","protected":false},"excerpt":{"rendered":"<p>Dnes je Nede\u013ea Krista Kr\u00e1\u013ea. \u00a0Je to jeden z\u00a0najmlad\u0161\u00edch sviatkov. V\u00a0r\u00e1mci celej Cirkvi zaviedol jeho sl\u00e1venie p\u00e1pe\u017e Pius XI. v roku 1929. Bolo to v\u00a0obdob\u00ed, pre ktor\u00e9ho sprievodn\u00fdm znakom bolo b\u00faranie hodn\u00f4t, ktor\u00e9 boli istotou \u013eud\u00ed minul\u00fdch storo\u010d\u00ed. Relativizovalo sa v\u0161etko, relativizoval sa Boh aj d\u00f4le\u017eitos\u0165 viery. Je\u017ei\u0161 je Kr\u00e1\u013e. V\u00fdsti\u017en\u00fd dial\u00f3g o\u00a0tom nach\u00e1dzame vo [&hellip;]<\/p>\n","protected":false},"author":2,"featured_media":988,"comment_status":"closed","ping_status":"closed","sticky":false,"template":"","format":"standard","meta":{"_coblocks_attr":"","_coblocks_dimensions":"","_coblocks_responsive_height":"","_coblocks_accordion_ie_support":"","footnotes":""},"categories":[3],"tags":[],"class_list":["post-987","post","type-post","status-publish","format-standard","has-post-thumbnail","hentry","category-prihovor"],"yoast_head":"<!-- This site is optimized with the Yoast SEO plugin v27.4 - https:\/\/yoast.com\/product\/yoast-seo-wordpress\/ -->\n<title>Pr\u00ed\u010f kr\u00e1\u013eovstvo tvoje... - GR\u00c9CKOKATOL\u00cdCKA CIRKEV FARNOS\u0164 KO\u0160ICE - STAR\u00c9 MESTO<\/title>\n<meta name=\"robots\" content=\"index, follow, max-snippet:-1, max-image-preview:large, max-video-preview:-1\" \/>\n<link rel=\"canonical\" href=\"https:\/\/kestaremesto.grkatke.sk\/?p=987\" \/>\n<meta property=\"og:locale\" content=\"sk_SK\" \/>\n<meta property=\"og:type\" content=\"article\" \/>\n<meta property=\"og:title\" content=\"Pr\u00ed\u010f kr\u00e1\u013eovstvo tvoje... - GR\u00c9CKOKATOL\u00cdCKA CIRKEV FARNOS\u0164 KO\u0160ICE - STAR\u00c9 MESTO\" \/>\n<meta property=\"og:description\" content=\"Dnes je Nede\u013ea Krista Kr\u00e1\u013ea. \u00a0Je to jeden z\u00a0najmlad\u0161\u00edch sviatkov. V\u00a0r\u00e1mci celej Cirkvi zaviedol jeho sl\u00e1venie p\u00e1pe\u017e Pius XI. v roku 1929. Bolo to v\u00a0obdob\u00ed, pre ktor\u00e9ho sprievodn\u00fdm znakom bolo b\u00faranie hodn\u00f4t, ktor\u00e9 boli istotou \u013eud\u00ed minul\u00fdch storo\u010d\u00ed. Relativizovalo sa v\u0161etko, relativizoval sa Boh aj d\u00f4le\u017eitos\u0165 viery. Je\u017ei\u0161 je Kr\u00e1\u013e. V\u00fdsti\u017en\u00fd dial\u00f3g o\u00a0tom nach\u00e1dzame vo [&hellip;]\" \/>\n<meta property=\"og:url\" content=\"https:\/\/kestaremesto.grkatke.sk\/?p=987\" \/>\n<meta property=\"og:site_name\" content=\"GR\u00c9CKOKATOL\u00cdCKA CIRKEV FARNOS\u0164 KO\u0160ICE - STAR\u00c9 MESTO\" \/>\n<meta property=\"article:publisher\" content=\"https:\/\/www.facebook.com\/Na%c5%a1a-Katedr%c3%a1la-231637610336060\/\" \/>\n<meta property=\"article:published_time\" content=\"2017-11-26T06:18:00+00:00\" \/>\n<meta property=\"article:modified_time\" content=\"2018-01-22T05:56:03+00:00\" \/>\n<meta property=\"og:image\" content=\"https:\/\/kestaremesto.grkatke.sk\/wp-content\/uploads\/2017\/11\/9af27f6aafc38652f41d915fcfe7d8ef.jpg\" \/>\n\t<meta property=\"og:image:width\" content=\"450\" \/>\n\t<meta property=\"og:image:height\" content=\"450\" \/>\n\t<meta property=\"og:image:type\" content=\"image\/jpeg\" \/>\n<meta name=\"author\" content=\"administr\u00e1tor\" \/>\n<meta name=\"twitter:card\" content=\"summary_large_image\" \/>\n<meta name=\"twitter:label1\" content=\"Autor\" \/>\n\t<meta name=\"twitter:data1\" content=\"administr\u00e1tor\" \/>\n\t<meta name=\"twitter:label2\" content=\"Predpokladan\u00fd \u010das \u010d\u00edtania\" \/>\n\t<meta name=\"twitter:data2\" content=\"3 min\u00faty\" \/>\n<script type=\"application\/ld+json\" class=\"yoast-schema-graph\">{\"@context\":\"https:\\\/\\\/schema.org\",\"@graph\":[{\"@type\":\"Article\",\"@id\":\"https:\\\/\\\/kestaremesto.grkatke.sk\\\/?p=987#article\",\"isPartOf\":{\"@id\":\"https:\\\/\\\/kestaremesto.grkatke.sk\\\/?p=987\"},\"author\":{\"name\":\"administr\u00e1tor\",\"@id\":\"https:\\\/\\\/kestaremesto.grkatke.sk\\\/#\\\/schema\\\/person\\\/86c8e7e5841259082af5c5b227e0d69b\"},\"headline\":\"Pr\u00ed\u010f kr\u00e1\u013eovstvo tvoje&#8230;\",\"datePublished\":\"2017-11-26T06:18:00+00:00\",\"dateModified\":\"2018-01-22T05:56:03+00:00\",\"mainEntityOfPage\":{\"@id\":\"https:\\\/\\\/kestaremesto.grkatke.sk\\\/?p=987\"},\"wordCount\":539,\"image\":{\"@id\":\"https:\\\/\\\/kestaremesto.grkatke.sk\\\/?p=987#primaryimage\"},\"thumbnailUrl\":\"https:\\\/\\\/kestaremesto.grkatke.sk\\\/wp-content\\\/uploads\\\/2017\\\/11\\\/9af27f6aafc38652f41d915fcfe7d8ef.jpg\",\"articleSection\":[\"Pr\u00edhovor\"],\"inLanguage\":\"sk-SK\"},{\"@type\":\"WebPage\",\"@id\":\"https:\\\/\\\/kestaremesto.grkatke.sk\\\/?p=987\",\"url\":\"https:\\\/\\\/kestaremesto.grkatke.sk\\\/?p=987\",\"name\":\"Pr\u00ed\u010f kr\u00e1\u013eovstvo tvoje... - GR\u00c9CKOKATOL\u00cdCKA CIRKEV FARNOS\u0164 KO\u0160ICE - STAR\u00c9 MESTO\",\"isPartOf\":{\"@id\":\"https:\\\/\\\/kestaremesto.grkatke.sk\\\/#website\"},\"primaryImageOfPage\":{\"@id\":\"https:\\\/\\\/kestaremesto.grkatke.sk\\\/?p=987#primaryimage\"},\"image\":{\"@id\":\"https:\\\/\\\/kestaremesto.grkatke.sk\\\/?p=987#primaryimage\"},\"thumbnailUrl\":\"https:\\\/\\\/kestaremesto.grkatke.sk\\\/wp-content\\\/uploads\\\/2017\\\/11\\\/9af27f6aafc38652f41d915fcfe7d8ef.jpg\",\"datePublished\":\"2017-11-26T06:18:00+00:00\",\"dateModified\":\"2018-01-22T05:56:03+00:00\",\"author\":{\"@id\":\"https:\\\/\\\/kestaremesto.grkatke.sk\\\/#\\\/schema\\\/person\\\/86c8e7e5841259082af5c5b227e0d69b\"},\"breadcrumb\":{\"@id\":\"https:\\\/\\\/kestaremesto.grkatke.sk\\\/?p=987#breadcrumb\"},\"inLanguage\":\"sk-SK\",\"potentialAction\":[{\"@type\":\"ReadAction\",\"target\":[\"https:\\\/\\\/kestaremesto.grkatke.sk\\\/?p=987\"]}]},{\"@type\":\"ImageObject\",\"inLanguage\":\"sk-SK\",\"@id\":\"https:\\\/\\\/kestaremesto.grkatke.sk\\\/?p=987#primaryimage\",\"url\":\"https:\\\/\\\/kestaremesto.grkatke.sk\\\/wp-content\\\/uploads\\\/2017\\\/11\\\/9af27f6aafc38652f41d915fcfe7d8ef.jpg\",\"contentUrl\":\"https:\\\/\\\/kestaremesto.grkatke.sk\\\/wp-content\\\/uploads\\\/2017\\\/11\\\/9af27f6aafc38652f41d915fcfe7d8ef.jpg\",\"width\":450,\"height\":450},{\"@type\":\"BreadcrumbList\",\"@id\":\"https:\\\/\\\/kestaremesto.grkatke.sk\\\/?p=987#breadcrumb\",\"itemListElement\":[{\"@type\":\"ListItem\",\"position\":1,\"name\":\"Domovsk\u00e1 str\u00e1nka\",\"item\":\"https:\\\/\\\/kestaremesto.grkatke.sk\\\/\"},{\"@type\":\"ListItem\",\"position\":2,\"name\":\"Pr\u00ed\u010f kr\u00e1\u013eovstvo tvoje&#8230;\"}]},{\"@type\":\"WebSite\",\"@id\":\"https:\\\/\\\/kestaremesto.grkatke.sk\\\/#website\",\"url\":\"https:\\\/\\\/kestaremesto.grkatke.sk\\\/\",\"name\":\"GR\u00c9CKOKATOL\u00cdCKA CIRKEV FARNOS\u0164 KO\u0160ICE - STAR\u00c9 MESTO\",\"description\":\"\",\"potentialAction\":[{\"@type\":\"SearchAction\",\"target\":{\"@type\":\"EntryPoint\",\"urlTemplate\":\"https:\\\/\\\/kestaremesto.grkatke.sk\\\/?s={search_term_string}\"},\"query-input\":{\"@type\":\"PropertyValueSpecification\",\"valueRequired\":true,\"valueName\":\"search_term_string\"}}],\"inLanguage\":\"sk-SK\"},{\"@type\":\"Person\",\"@id\":\"https:\\\/\\\/kestaremesto.grkatke.sk\\\/#\\\/schema\\\/person\\\/86c8e7e5841259082af5c5b227e0d69b\",\"name\":\"administr\u00e1tor\",\"url\":\"https:\\\/\\\/kestaremesto.grkatke.sk\\\/?author=2\"}]}<\/script>\n<!-- \/ Yoast SEO plugin. -->","yoast_head_json":{"title":"Pr\u00ed\u010f kr\u00e1\u013eovstvo tvoje... - GR\u00c9CKOKATOL\u00cdCKA CIRKEV FARNOS\u0164 KO\u0160ICE - STAR\u00c9 MESTO","robots":{"index":"index","follow":"follow","max-snippet":"max-snippet:-1","max-image-preview":"max-image-preview:large","max-video-preview":"max-video-preview:-1"},"canonical":"https:\/\/kestaremesto.grkatke.sk\/?p=987","og_locale":"sk_SK","og_type":"article","og_title":"Pr\u00ed\u010f kr\u00e1\u013eovstvo tvoje... - GR\u00c9CKOKATOL\u00cdCKA CIRKEV FARNOS\u0164 KO\u0160ICE - STAR\u00c9 MESTO","og_description":"Dnes je Nede\u013ea Krista Kr\u00e1\u013ea. \u00a0Je to jeden z\u00a0najmlad\u0161\u00edch sviatkov. V\u00a0r\u00e1mci celej Cirkvi zaviedol jeho sl\u00e1venie p\u00e1pe\u017e Pius XI. v roku 1929. Bolo to v\u00a0obdob\u00ed, pre ktor\u00e9ho sprievodn\u00fdm znakom bolo b\u00faranie hodn\u00f4t, ktor\u00e9 boli istotou \u013eud\u00ed minul\u00fdch storo\u010d\u00ed. Relativizovalo sa v\u0161etko, relativizoval sa Boh aj d\u00f4le\u017eitos\u0165 viery. Je\u017ei\u0161 je Kr\u00e1\u013e. V\u00fdsti\u017en\u00fd dial\u00f3g o\u00a0tom nach\u00e1dzame vo [&hellip;]","og_url":"https:\/\/kestaremesto.grkatke.sk\/?p=987","og_site_name":"GR\u00c9CKOKATOL\u00cdCKA CIRKEV FARNOS\u0164 KO\u0160ICE - STAR\u00c9 MESTO","article_publisher":"https:\/\/www.facebook.com\/Na%c5%a1a-Katedr%c3%a1la-231637610336060\/","article_published_time":"2017-11-26T06:18:00+00:00","article_modified_time":"2018-01-22T05:56:03+00:00","og_image":[{"width":450,"height":450,"url":"https:\/\/kestaremesto.grkatke.sk\/wp-content\/uploads\/2017\/11\/9af27f6aafc38652f41d915fcfe7d8ef.jpg","type":"image\/jpeg"}],"author":"administr\u00e1tor","twitter_card":"summary_large_image","twitter_misc":{"Autor":"administr\u00e1tor","Predpokladan\u00fd \u010das \u010d\u00edtania":"3 min\u00faty"},"schema":{"@context":"https:\/\/schema.org","@graph":[{"@type":"Article","@id":"https:\/\/kestaremesto.grkatke.sk\/?p=987#article","isPartOf":{"@id":"https:\/\/kestaremesto.grkatke.sk\/?p=987"},"author":{"name":"administr\u00e1tor","@id":"https:\/\/kestaremesto.grkatke.sk\/#\/schema\/person\/86c8e7e5841259082af5c5b227e0d69b"},"headline":"Pr\u00ed\u010f kr\u00e1\u013eovstvo tvoje&#8230;","datePublished":"2017-11-26T06:18:00+00:00","dateModified":"2018-01-22T05:56:03+00:00","mainEntityOfPage":{"@id":"https:\/\/kestaremesto.grkatke.sk\/?p=987"},"wordCount":539,"image":{"@id":"https:\/\/kestaremesto.grkatke.sk\/?p=987#primaryimage"},"thumbnailUrl":"https:\/\/kestaremesto.grkatke.sk\/wp-content\/uploads\/2017\/11\/9af27f6aafc38652f41d915fcfe7d8ef.jpg","articleSection":["Pr\u00edhovor"],"inLanguage":"sk-SK"},{"@type":"WebPage","@id":"https:\/\/kestaremesto.grkatke.sk\/?p=987","url":"https:\/\/kestaremesto.grkatke.sk\/?p=987","name":"Pr\u00ed\u010f kr\u00e1\u013eovstvo tvoje... - GR\u00c9CKOKATOL\u00cdCKA CIRKEV FARNOS\u0164 KO\u0160ICE - STAR\u00c9 MESTO","isPartOf":{"@id":"https:\/\/kestaremesto.grkatke.sk\/#website"},"primaryImageOfPage":{"@id":"https:\/\/kestaremesto.grkatke.sk\/?p=987#primaryimage"},"image":{"@id":"https:\/\/kestaremesto.grkatke.sk\/?p=987#primaryimage"},"thumbnailUrl":"https:\/\/kestaremesto.grkatke.sk\/wp-content\/uploads\/2017\/11\/9af27f6aafc38652f41d915fcfe7d8ef.jpg","datePublished":"2017-11-26T06:18:00+00:00","dateModified":"2018-01-22T05:56:03+00:00","author":{"@id":"https:\/\/kestaremesto.grkatke.sk\/#\/schema\/person\/86c8e7e5841259082af5c5b227e0d69b"},"breadcrumb":{"@id":"https:\/\/kestaremesto.grkatke.sk\/?p=987#breadcrumb"},"inLanguage":"sk-SK","potentialAction":[{"@type":"ReadAction","target":["https:\/\/kestaremesto.grkatke.sk\/?p=987"]}]},{"@type":"ImageObject","inLanguage":"sk-SK","@id":"https:\/\/kestaremesto.grkatke.sk\/?p=987#primaryimage","url":"https:\/\/kestaremesto.grkatke.sk\/wp-content\/uploads\/2017\/11\/9af27f6aafc38652f41d915fcfe7d8ef.jpg","contentUrl":"https:\/\/kestaremesto.grkatke.sk\/wp-content\/uploads\/2017\/11\/9af27f6aafc38652f41d915fcfe7d8ef.jpg","width":450,"height":450},{"@type":"BreadcrumbList","@id":"https:\/\/kestaremesto.grkatke.sk\/?p=987#breadcrumb","itemListElement":[{"@type":"ListItem","position":1,"name":"Domovsk\u00e1 str\u00e1nka","item":"https:\/\/kestaremesto.grkatke.sk\/"},{"@type":"ListItem","position":2,"name":"Pr\u00ed\u010f kr\u00e1\u013eovstvo tvoje&#8230;"}]},{"@type":"WebSite","@id":"https:\/\/kestaremesto.grkatke.sk\/#website","url":"https:\/\/kestaremesto.grkatke.sk\/","name":"GR\u00c9CKOKATOL\u00cdCKA CIRKEV FARNOS\u0164 KO\u0160ICE - STAR\u00c9 MESTO","description":"","potentialAction":[{"@type":"SearchAction","target":{"@type":"EntryPoint","urlTemplate":"https:\/\/kestaremesto.grkatke.sk\/?s={search_term_string}"},"query-input":{"@type":"PropertyValueSpecification","valueRequired":true,"valueName":"search_term_string"}}],"inLanguage":"sk-SK"},{"@type":"Person","@id":"https:\/\/kestaremesto.grkatke.sk\/#\/schema\/person\/86c8e7e5841259082af5c5b227e0d69b","name":"administr\u00e1tor","url":"https:\/\/kestaremesto.grkatke.sk\/?author=2"}]}},"_links":{"self":[{"href":"https:\/\/kestaremesto.grkatke.sk\/index.php?rest_route=\/wp\/v2\/posts\/987","targetHints":{"allow":["GET"]}}],"collection":[{"href":"https:\/\/kestaremesto.grkatke.sk\/index.php?rest_route=\/wp\/v2\/posts"}],"about":[{"href":"https:\/\/kestaremesto.grkatke.sk\/index.php?rest_route=\/wp\/v2\/types\/post"}],"author":[{"embeddable":true,"href":"https:\/\/kestaremesto.grkatke.sk\/index.php?rest_route=\/wp\/v2\/users\/2"}],"replies":[{"embeddable":true,"href":"https:\/\/kestaremesto.grkatke.sk\/index.php?rest_route=%2Fwp%2Fv2%2Fcomments&post=987"}],"version-history":[{"count":1,"href":"https:\/\/kestaremesto.grkatke.sk\/index.php?rest_route=\/wp\/v2\/posts\/987\/revisions"}],"predecessor-version":[{"id":989,"href":"https:\/\/kestaremesto.grkatke.sk\/index.php?rest_route=\/wp\/v2\/posts\/987\/revisions\/989"}],"wp:featuredmedia":[{"embeddable":true,"href":"https:\/\/kestaremesto.grkatke.sk\/index.php?rest_route=\/wp\/v2\/media\/988"}],"wp:attachment":[{"href":"https:\/\/kestaremesto.grkatke.sk\/index.php?rest_route=%2Fwp%2Fv2%2Fmedia&parent=987"}],"wp:term":[{"taxonomy":"category","embeddable":true,"href":"https:\/\/kestaremesto.grkatke.sk\/index.php?rest_route=%2Fwp%2Fv2%2Fcategories&post=987"},{"taxonomy":"post_tag","embeddable":true,"href":"https:\/\/kestaremesto.grkatke.sk\/index.php?rest_route=%2Fwp%2Fv2%2Ftags&post=987"}],"curies":[{"name":"wp","href":"https:\/\/api.w.org\/{rel}","templated":true}]}}